{"id":4114,"date":"2017-05-04T07:28:46","date_gmt":"2017-05-04T05:28:46","guid":{"rendered":"http:\/\/uscatletica.ch\/wp\/?p=4114"},"modified":"2017-05-07T15:54:10","modified_gmt":"2017-05-07T13:54:10","slug":"2-giorni-alla-tesserete-gola-di-lago-ricorsi-storici-ultimo-giorno-preiscrizioni","status":"publish","type":"post","link":"https:\/\/uscatletica.ch\/wp\/?p=4114","title":{"rendered":"2 Giorni alla Tesserete Gola di Lago  Ricorsi storici"},"content":{"rendered":"<p>Mancano due giorni alla Tesserete Gola che si correr\u00e0 il 6 maggio nel 63 anniversario nel primo miglio corso sotto i 4&#8242; nella storia dell&#8217;atletica il muro abbattuto da <a href=\"https:\/\/en.wikipedia.org\/wiki\/Roger_Bannister\" target=\"_blank\" rel=\"noopener noreferrer\">Roger Bannister<\/a>. Nel fine settimana all&#8217;autodromo di Monza ci sar\u00e0 un tentativo per correre in meno di due ore i 42.195 km della maratona. Tra le lepri, che si alterneranno lungo i 2.4 km \u00a0dell&#8217;autodromo, pure lo svizzero Julien Wanders \u00a0<a href=\"http:\/\/www.letsrun.com\/news\/2017\/05\/breaking2-preview-sorry-eliud-experts-explain-sub-200-marathon-weekend-impossible\/\" target=\"_blank\" rel=\"noopener noreferrer\">Il commento su Letsrun<\/a><\/p>\n<p><span class=\"embed-youtube\" style=\"text-align:center; display: block;\"><iframe loading=\"lazy\" class=\"youtube-player\" width=\"640\" height=\"360\" src=\"https:\/\/www.youtube.com\/embed\/wTXoTnp_5sI?version=3&#038;rel=1&#038;showsearch=0&#038;showinfo=1&#038;iv_load_policy=1&#038;fs=1&#038;hl=it-IT&#038;autohide=2&#038;wmode=transparent\" allowfullscreen=\"true\" style=\"border:0;\" sandbox=\"allow-scripts allow-same-origin allow-popups allow-presentation allow-popups-to-escape-sandbox\"><\/iframe><\/span><\/p>\n<h1><a href=\"https:\/\/uscatletica.ch\/wp\/?page_id=1186\" target=\"_blank\" rel=\"noopener noreferrer\">PREISCRIZIONE ALLA 37 Tesserete Gola di Lago<\/a><\/h1>\n<p>Il brusio della folla sul piazzale della stazione gli atleti scalpitano in attesa del via. La voce del presidente da il via libera, le trascinati dal gruppo si affronta la prima curva e si comincia a salire verso il municipio una gomito a destra poi a sinistra e di nuovo a destra nel centro di Tesserete. Si spunta al ponte e girando a sinistra si risale verso la rotonda lentamente il gruppo si allunga le prime fatiche appaiono. Alla rotonda un ultimo strappetto poi una leggera discesa e si pu\u00f2 tirare il fiato lungo il Capriasca si raggiunge il primo Km.<\/p>\n<p>Si prosegue dolcemente lungo il Capriasca con il serpentone del gruppo che lentamente si allunga, si arriva al tiro di Pezzolo dove il tifo si riscalda per la prima volta dalla terrazza gli avventori del ristorante incitano gli atleti che di slancio superano lo strappo che li conduce al nucleo di Pezzolo. Al uscita del Paese dopo una curva sulla sinistra si coglie in lontananza il ponte di Odogno dove si finisce un lungo e veloce falsopiano e le cose cominciano a farsi serie. Una curva sulla sinistra e si giunge al secondo Km ancora nel pieno delle forze.<\/p>\n<p>All&#8217;orizzonte sbucano i primi tornanti che equivalgono ad un adeguamento della falcata alla pendenza che comincia ad impennarsi prima si costeggiano e si aggirano le nuove villette poi si transita nel nucleo prima di affrontare una serpentina incitati dal pubblico raccolto al bivio di Bettagno si svolta in direzione di Lelgio entrati in paese il rifornimento ed il terzo km<br \/>\nUscendo dal paese un&#8217;ulteriore scalino poi si affronta il lungo falso piano e sulla sinistra si scorge il fianco della montagna che si attaccher\u00e0. Ci si inoltra nella selva castanile con la strada che danza tra i rilievi si raccolgono le ultime forze perch\u00e8 passato il ponte la strada non perdoner\u00e0 .<\/p>\n<p>Oltre il ponte la musica attende ed il percorso si colora di numerosi incitamenti e cartelli che aiutano a superare i primi tornanti sulle ali dell&#8217;entusiasmo un&#8217;ultima spinta da parte dei calorosi addetti al riforminento e ci si inoltra sulle pendici della montagna affrontando il lungo tornante che porta a due km dal traguardo .<\/p>\n<p>Le gambe urlano,<br \/>\nil cuore canta un assolo acuto,<br \/>\ni polmoni cercano di seguire la sinfonia,,<br \/>\nattorno il bosco dirada,<br \/>\nall&#8217;orizzonte sorgono le prime case<br \/>\necheggiamp voci d&#8217;incitamento<br \/>\nemerge prepotente la solitudine del podista<br \/>\nil quieto villaggio scorre nello sguardo affaticato<br \/>\nci aggrappa ai compagni d&#8217;avventura<br \/>\npronti ad affrontare l&#8217;ultimo km<\/p>\n<p><a href=\"http:\/\/www.swisswalking.org\/data\/pdf\/calendrier\/2017\/20170506_tesserete_goladilago.pdf\" target=\"_blank\" rel=\"noopener noreferrer\">Locandina della 2 giorni di Marcia Capriaschese<\/a><\/p>\n<p><a href=\"https:\/\/i0.wp.com\/uscatletica.ch\/wp\/wp-content\/uploads\/2015\/11\/tgdllogo2017.jpg?ssl=1\"><img data-recalc-dims=\"1\" loading=\"lazy\" decoding=\"async\" data-attachment-id=\"3724\" data-permalink=\"https:\/\/uscatletica.ch\/wp\/?attachment_id=3724\" data-orig-file=\"https:\/\/i0.wp.com\/uscatletica.ch\/wp\/wp-content\/uploads\/2015\/11\/tgdllogo2017.jpg?fit=800%2C256&amp;ssl=1\" data-orig-size=\"800,256\" data-comments-opened=\"0\" data-image-meta=\"{&quot;aperture&quot;:&quot;0&quot;,&quot;credit&quot;:&quot;&quot;,&quot;camera&quot;:&quot;&quot;,&quot;caption&quot;:&quot;&quot;,&quot;created_timestamp&quot;:&quot;0&quot;,&quot;copyright&quot;:&quot;&quot;,&quot;focal_length&quot;:&quot;0&quot;,&quot;iso&quot;:&quot;0&quot;,&quot;shutter_speed&quot;:&quot;0&quot;,&quot;title&quot;:&quot;&quot;,&quot;orientation&quot;:&quot;0&quot;}\" data-image-title=\"tgdllogo2017\" data-image-description=\"\" data-image-caption=\"\" data-large-file=\"https:\/\/i0.wp.com\/uscatletica.ch\/wp\/wp-content\/uploads\/2015\/11\/tgdllogo2017.jpg?fit=640%2C205&amp;ssl=1\" class=\"aligncenter wp-image-3724 size-full\" src=\"https:\/\/i0.wp.com\/uscatletica.ch\/wp\/wp-content\/uploads\/2015\/11\/tgdllogo2017.jpg?resize=640%2C205&#038;ssl=1\" width=\"640\" height=\"205\" srcset=\"https:\/\/i0.wp.com\/uscatletica.ch\/wp\/wp-content\/uploads\/2015\/11\/tgdllogo2017.jpg?w=800&amp;ssl=1 800w, https:\/\/i0.wp.com\/uscatletica.ch\/wp\/wp-content\/uploads\/2015\/11\/tgdllogo2017.jpg?resize=300%2C96&amp;ssl=1 300w, https:\/\/i0.wp.com\/uscatletica.ch\/wp\/wp-content\/uploads\/2015\/11\/tgdllogo2017.jpg?resize=768%2C246&amp;ssl=1 768w, https:\/\/i0.wp.com\/uscatletica.ch\/wp\/wp-content\/uploads\/2015\/11\/tgdllogo2017.jpg?resize=400%2C128&amp;ssl=1 400w\" sizes=\"auto, (max-width: 640px) 100vw, 640px\" \/><\/a><\/p>\n<h1 style=\"text-align: center;\"><a href=\"https:\/\/i0.wp.com\/uscatletica.ch\/wp\/wp-content\/uploads\/2016\/03\/bancaStato.jpg?ssl=1\"><img data-recalc-dims=\"1\" loading=\"lazy\" decoding=\"async\" data-attachment-id=\"969\" data-permalink=\"https:\/\/uscatletica.ch\/wp\/?attachment_id=969\" data-orig-file=\"https:\/\/i0.wp.com\/uscatletica.ch\/wp\/wp-content\/uploads\/2016\/03\/bancaStato.jpg?fit=200%2C44&amp;ssl=1\" data-orig-size=\"200,44\" data-comments-opened=\"0\" data-image-meta=\"{&quot;aperture&quot;:&quot;0&quot;,&quot;credit&quot;:&quot;&quot;,&quot;camera&quot;:&quot;&quot;,&quot;caption&quot;:&quot;&quot;,&quot;created_timestamp&quot;:&quot;0&quot;,&quot;copyright&quot;:&quot;&quot;,&quot;focal_length&quot;:&quot;0&quot;,&quot;iso&quot;:&quot;0&quot;,&quot;shutter_speed&quot;:&quot;0&quot;,&quot;title&quot;:&quot;&quot;,&quot;orientation&quot;:&quot;0&quot;}\" data-image-title=\"bancaStato\" data-image-description=\"\" data-image-caption=\"\" data-large-file=\"https:\/\/i0.wp.com\/uscatletica.ch\/wp\/wp-content\/uploads\/2016\/03\/bancaStato.jpg?fit=200%2C44&amp;ssl=1\" class=\"aligncenter size-full wp-image-969\" src=\"https:\/\/i0.wp.com\/uscatletica.ch\/wp\/wp-content\/uploads\/2016\/03\/bancaStato.jpg?resize=200%2C44&#038;ssl=1\" alt=\"\" width=\"200\" height=\"44\" \/><\/a>Informazioni per la gara del 6 Maggio\u00a02017<\/h1>\n<p><iframe loading=\"lazy\" src=\"https:\/\/free.timeanddate.com\/countdown\/i5mnk497\/n1977\/cf111\/cm0\/cu4\/ct0\/cs0\/ca0\/cr0\/ss0\/cac000\/cpc000\/pcf00\/tcf00\/fs100\/szw320\/szh135\/tatLa%2037%20Tesserete%20Gola%20di%20Lago\/tac000\/tptLa%20gara%20%C3%A8%20partita%20da\/tpc000\/matpartir%C3%A0%20tra\/mac000\/mpc000\/iso2017-05-06T17:00:00\/bo2\/pd3\" width=\"322\" height=\"137\" frameborder=\"0\"><\/iframe><\/p>\n<table width=\"70%\">\n<tbody>\n<tr>\n<td><strong>Corsa in salita valida per:<\/strong><\/td>\n<td>Coppa ASTI montagna salita e vertical<\/td>\n<\/tr>\n<tr>\n<td><strong>Organizzazione:<\/strong><\/td>\n<td>Unione Sportiva Capriaschese &#8211; sezione atletica<\/td>\n<\/tr>\n<tr>\n<td><strong>Informazioni:<\/strong><\/td>\n<td>Sergio Stampanoni, 6954 Bigorio &#8211; Tel. 091 943 36 73<\/td>\n<\/tr>\n<tr>\n<td><strong>Percorso:<\/strong><\/td>\n<td>km 7,2 &#8211; dislivello 494 metri &#8211; interamente su asfalto<\/td>\n<\/tr>\n<\/tbody>\n<\/table>\n<p><img data-recalc-dims=\"1\" loading=\"lazy\" decoding=\"async\" data-attachment-id=\"1201\" data-permalink=\"https:\/\/uscatletica.ch\/wp\/?attachment_id=1201\" data-orig-file=\"https:\/\/i0.wp.com\/uscatletica.ch\/wp\/wp-content\/uploads\/2015\/11\/profilo.jpg?fit=900%2C737&amp;ssl=1\" data-orig-size=\"900,737\" data-comments-opened=\"0\" data-image-meta=\"{&quot;aperture&quot;:&quot;0&quot;,&quot;credit&quot;:&quot;&quot;,&quot;camera&quot;:&quot;&quot;,&quot;caption&quot;:&quot;&quot;,&quot;created_timestamp&quot;:&quot;0&quot;,&quot;copyright&quot;:&quot;&quot;,&quot;focal_length&quot;:&quot;0&quot;,&quot;iso&quot;:&quot;0&quot;,&quot;shutter_speed&quot;:&quot;0&quot;,&quot;title&quot;:&quot;&quot;,&quot;orientation&quot;:&quot;0&quot;}\" data-image-title=\"profilo\" data-image-description=\"\" data-image-caption=\"\" data-large-file=\"https:\/\/i0.wp.com\/uscatletica.ch\/wp\/wp-content\/uploads\/2015\/11\/profilo.jpg?fit=640%2C524&amp;ssl=1\" class=\"aligncenter size-medium wp-image-1201\" src=\"https:\/\/i0.wp.com\/uscatletica.ch\/wp\/wp-content\/uploads\/2015\/11\/profilo.jpg?resize=600%2C492&#038;ssl=1\" alt=\"profilo\" width=\"600\" height=\"492\" srcset=\"https:\/\/i0.wp.com\/uscatletica.ch\/wp\/wp-content\/uploads\/2015\/11\/profilo.jpg?w=900&amp;ssl=1 900w, https:\/\/i0.wp.com\/uscatletica.ch\/wp\/wp-content\/uploads\/2015\/11\/profilo.jpg?resize=300%2C246&amp;ssl=1 300w, https:\/\/i0.wp.com\/uscatletica.ch\/wp\/wp-content\/uploads\/2015\/11\/profilo.jpg?resize=768%2C629&amp;ssl=1 768w\" sizes=\"auto, (max-width: 600px) 100vw, 600px\" \/><\/p>\n<table width=\"70%\">\n<tbody>\n<tr>\n<td><strong>Spogliatoi e docce:<\/strong><\/td>\n<td>Arena Sportiva<\/td>\n<\/tr>\n<tr>\n<td><strong>Assicurazione:<\/strong><\/td>\n<td>a carico di ogni singolo partecipante<\/td>\n<\/tr>\n<tr>\n<td><strong>Categorie:<\/strong><\/td>\n<td>come da regolamento <a href=\"http:\/\/www.asti-ticino.ch\/podismo\/\" target=\"_blank\" rel=\"noopener noreferrer\">ASTi<\/a><\/td>\n<\/tr>\n<\/tbody>\n<\/table>\n<h1 style=\"text-align: center;\"><strong>La gara \u00e8 aperta anche ai popolari<\/strong><\/h1>\n<p><a href=\"https:\/\/www.bancastato.ch\" target=\"_blank\" rel=\"attachment wp-att-351 noopener noreferrer\"><img data-recalc-dims=\"1\" loading=\"lazy\" decoding=\"async\" class=\"aligncenter wp-image-351 size-full\" src=\"https:\/\/i0.wp.com\/uscatletica.ch\/wp\/wp-content\/uploads\/2016\/03\/bancaStato.jpg?resize=200%2C42&#038;ssl=1\" alt=\"Druck\" width=\"200\" height=\"42\" \/><\/a><\/p>\n<h1 style=\"text-align: center;\"><strong>NORDIC WALKING (SENZA CLASSIFICA)<\/strong><\/h1>\n<table style=\"height: 436px;\" width=\"627\">\n<tbody>\n<tr>\n<td style=\"width: 179px;\"><strong>Ritrovo e ritiro numeri:<\/strong><\/td>\n<td style=\"width: 432px;\">ore 15.15 &#8211; 16.30 Scuole elementari (ex caserma)<\/td>\n<\/tr>\n<tr>\n<td style=\"width: 179px;\"><strong>Partenza:<\/strong><\/td>\n<td style=\"width: 432px;\">ore 17.00 Stazione ARL Tesserete<\/td>\n<\/tr>\n<tr>\n<td style=\"width: 179px;\"><strong>Premiazione:<\/strong><\/td>\n<td style=\"width: 432px;\">ore 19.30 Scuole elementari (ex caserma)<\/td>\n<\/tr>\n<tr>\n<td style=\"width: 179px;\"><strong>Cena:<\/strong><\/td>\n<td style=\"width: 432px;\">\u00a0ore 19.30 Scuole elementari (ex caserma)<\/td>\n<\/tr>\n<tr>\n<td style=\"width: 179px;\"><strong>Iscrizione:<\/strong><\/td>\n<td style=\"width: 432px;\">FR. 15.&#8211; tutte le categorie<\/td>\n<\/tr>\n<tr>\n<td style=\"width: 179px;\"><strong>Pre-iscrizioni:<\/strong><\/td>\n<td style=\"width: 432px;\">a info@uscatletica.ch oppure Tel. 091 940 93 81 entro il 05.05.2017<\/td>\n<\/tr>\n<tr>\n<td style=\"vertical-align: top; width: 179px;\"><strong>Premi:<\/strong><\/td>\n<td style=\"vertical-align: top; width: 432px;\">\n<ul>\n<li>Premio ricordo per tutti<\/li>\n<li>Buoni acquisto\/premi in natura \u00a0ai primi 5 \u00a0classificati di ogni categoria<\/li>\n<li>Premio Gipeto di 1000 Fr. per chi migliora il record assoluto del percorso di 25&#8217;57&#8221;<\/li>\n<li>Premio speciale USC di 500 Fr. per chi migliora il primato femminile di 31&#8217;28&#8221;<\/li>\n<\/ul>\n<\/td>\n<\/tr>\n<\/tbody>\n<\/table>\n<table style=\"height: 279px;\" width=\"625\">\n<tbody>\n<tr style=\"height: 34px;\">\n<td style=\"width: 207px; height: 34px;\"><strong>Servizio d&#8217;ordine:<\/strong><\/td>\n<td style=\"width: 402px; height: 34px;\">Polizia Torre di Redde<\/td>\n<\/tr>\n<tr style=\"height: 35px;\">\n<td style=\"width: 207px; height: 35px;\"><strong>Servizio sanitario:<\/strong><\/td>\n<td style=\"width: 402px; height: 35px;\">Samaritani Bedano-Manno-Gravesano<\/td>\n<\/tr>\n<tr style=\"height: 35.0938px;\">\n<td style=\"width: 207px; height: 35.0938px;\"><strong>Rifornimento:<\/strong><\/td>\n<td style=\"width: 402px; height: 35.0938px;\">Lungo il percorso e all&#8217;arrivo<\/td>\n<\/tr>\n<tr style=\"height: 147px;\">\n<td style=\"width: 207px; height: 147px;\"><strong>Mini Gola di Lago<\/strong><\/p>\n<p>solo in caso di bel tempo<\/td>\n<td style=\"width: 402px; height: 147px;\">Gara non competitiva, senza premiazione<\/p>\n<p>Corsa dei bambini 18.00 a Gola di Lago (2008 + giovani)<\/p>\n<p>Corsa dei ragazzi \u00a018.10 a Gola di Lago (2006-2007)<\/td>\n<\/tr>\n<\/tbody>\n<\/table>\n<h2>La strada Gola di Lago &#8211; Lelgio rester\u00e0 chiusa fino all&#8217;arrivo dell&#8217;ultimo concorrente<\/h2>\n","protected":false},"excerpt":{"rendered":"<p>Mancano due giorni alla Tesserete Gola che si correr\u00e0 il 6 maggio nel 63 anniversario nel primo miglio corso sotto i 4&#8242; nella storia dell&#8217;atletica il muro abbattuto da Roger Bannister. Nel fine settimana all&#8217;autodromo di Monza ci sar\u00e0 un tentativo per correre in meno di due ore i 42.195 km della maratona. Tra le lepri, che si alterneranno lungo i 2.4 km \u00a0dell&#8217;autodromo, pure lo svizzero Julien Wanders \u00a0Il commento su Letsrun PREISCRIZIONE ALLA&#8230;<\/p>\n","protected":false},"author":4,"featured_media":3990,"comment_status":"closed","ping_status":"closed","sticky":false,"template":"","format":"standard","meta":{"jetpack_post_was_ever_published":false,"_jetpack_newsletter_access":"","_jetpack_dont_email_post_to_subs":false,"_jetpack_newsletter_tier_id":0,"_jetpack_memberships_contains_paywalled_content":false,"_jetpack_memberships_contains_paid_content":false,"footnotes":"","jetpack_publicize_message":"","jetpack_publicize_feature_enabled":true,"jetpack_social_post_already_shared":true,"jetpack_social_options":{"image_generator_settings":{"template":"highway","default_image_id":0,"font":"","enabled":false},"version":2}},"categories":[5],"tags":[],"class_list":["post-4114","post","type-post","status-publish","format-standard","has-post-thumbnail","hentry","category-podismo"],"jetpack_publicize_connections":[],"jetpack_featured_media_url":"https:\/\/i0.wp.com\/uscatletica.ch\/wp\/wp-content\/uploads\/2017\/04\/tgdl2017.png?fit=330%2C182&ssl=1","jetpack_sharing_enabled":true,"jetpack_shortlink":"https:\/\/wp.me\/p6V7Ck-14m","jetpack-related-posts":[{"id":5978,"url":"https:\/\/uscatletica.ch\/wp\/?p=5978","url_meta":{"origin":4114,"position":0},"title":"BENVENUTI ALLA 38 EDIZIONE DELLA TESSERETE GOLA DI LAGO","author":"Leonida Stampanoni","date":"5 Maggio 2018","format":false,"excerpt":"BENVENUTI ALLA 38A\u00a0EDIZIONE DELLA TESSERETE GOLA DI LAGO 5 Maggio 2018 38 edizione\u00a0 Tesserete Gola Di Lago Informazioni per la gara del 5 Maggio\u00a02018 L'USC vi da il Benvenuto alla 38 edizione della Tesserete Gola Di Lago tutto \u00e8 pronto La 38 edizione della Tesserete Gola di Lago in programma\u2026","rel":"","context":"In &quot;I nostri appuntamenti&quot;","block_context":{"text":"I nostri appuntamenti","link":"https:\/\/uscatletica.ch\/wp\/?cat=12"},"img":{"alt_text":"","src":"https:\/\/i0.wp.com\/uscatletica.ch\/wp\/wp-content\/uploads\/2018\/03\/tgdllogo2018.jpg?resize=350%2C200&ssl=1","width":350,"height":200,"srcset":"https:\/\/i0.wp.com\/uscatletica.ch\/wp\/wp-content\/uploads\/2018\/03\/tgdllogo2018.jpg?resize=350%2C200&ssl=1 1x, https:\/\/i0.wp.com\/uscatletica.ch\/wp\/wp-content\/uploads\/2018\/03\/tgdllogo2018.jpg?resize=525%2C300&ssl=1 1.5x, https:\/\/i0.wp.com\/uscatletica.ch\/wp\/wp-content\/uploads\/2018\/03\/tgdllogo2018.jpg?resize=700%2C400&ssl=1 2x"},"classes":[]},{"id":19188,"url":"https:\/\/uscatletica.ch\/wp\/?p=19188","url_meta":{"origin":4114,"position":1},"title":"Di corsa a Gola di Lago&#8230; per la 42a volta","author":"Stampa E","date":"19 Aprile 2024","format":false,"excerpt":"Sabato pomeriggio in Capriasca si corre la 42a Tesserete-Gola di Lago, 7 km e 494 metri di dislivello per raggiungere il traguardo ai mille metri di altitudine Sabato 20 aprile torna l\u2019appuntamento primaverile con la Tesserete-Gola di Lago che, dopo le prime edizioni autunnali degli anni \u201980, \u00e8 da anni\u2026","rel":"","context":"In &quot;I nostri appuntamenti&quot;","block_context":{"text":"I nostri appuntamenti","link":"https:\/\/uscatletica.ch\/wp\/?cat=12"},"img":{"alt_text":"","src":"https:\/\/i0.wp.com\/uscatletica.ch\/wp\/wp-content\/uploads\/2024\/04\/Gola24.jpg?fit=594%2C528&ssl=1&resize=350%2C200","width":350,"height":200,"srcset":"https:\/\/i0.wp.com\/uscatletica.ch\/wp\/wp-content\/uploads\/2024\/04\/Gola24.jpg?fit=594%2C528&ssl=1&resize=350%2C200 1x, https:\/\/i0.wp.com\/uscatletica.ch\/wp\/wp-content\/uploads\/2024\/04\/Gola24.jpg?fit=594%2C528&ssl=1&resize=525%2C300 1.5x"},"classes":[]},{"id":17211,"url":"https:\/\/uscatletica.ch\/wp\/?p=17211","url_meta":{"origin":4114,"position":2},"title":"A Gola di Lago per la 41a volta","author":"Stampa E","date":"5 Maggio 2023","format":false,"excerpt":"A Gola di Lago per la 41a volta Sabato pomeriggio in Capriasca si corre la 41a Tesserete-Gola di Lago, 7 km e 494 metri di dislivello per la prima tappa della Coppa ASTi di montagna 2023 di Elia Stampanoni\/USC Sabato 6 maggio torna l\u2019appuntamento primaverile con la Tesserete-Gola di Lago\u2026","rel":"","context":"In &quot;I nostri appuntamenti&quot;","block_context":{"text":"I nostri appuntamenti","link":"https:\/\/uscatletica.ch\/wp\/?cat=12"},"img":{"alt_text":"","src":"https:\/\/i0.wp.com\/uscatletica.ch\/wp\/wp-content\/uploads\/2022\/05\/partenza-GDL-2022-sito-USC-foto-SimonaCresta.jpg?fit=1114%2C663&ssl=1&resize=350%2C200","width":350,"height":200,"srcset":"https:\/\/i0.wp.com\/uscatletica.ch\/wp\/wp-content\/uploads\/2022\/05\/partenza-GDL-2022-sito-USC-foto-SimonaCresta.jpg?fit=1114%2C663&ssl=1&resize=350%2C200 1x, https:\/\/i0.wp.com\/uscatletica.ch\/wp\/wp-content\/uploads\/2022\/05\/partenza-GDL-2022-sito-USC-foto-SimonaCresta.jpg?fit=1114%2C663&ssl=1&resize=525%2C300 1.5x, https:\/\/i0.wp.com\/uscatletica.ch\/wp\/wp-content\/uploads\/2022\/05\/partenza-GDL-2022-sito-USC-foto-SimonaCresta.jpg?fit=1114%2C663&ssl=1&resize=700%2C400 2x, https:\/\/i0.wp.com\/uscatletica.ch\/wp\/wp-content\/uploads\/2022\/05\/partenza-GDL-2022-sito-USC-foto-SimonaCresta.jpg?fit=1114%2C663&ssl=1&resize=1050%2C600 3x"},"classes":[]},{"id":4136,"url":"https:\/\/uscatletica.ch\/wp\/?p=4136","url_meta":{"origin":4114,"position":3},"title":"Tesserete Gola di Lago tutto \u00e8 pronto","author":"Leonida Stampanoni","date":"5 Maggio 2017","format":false,"excerpt":"Oggi \u00a0alle 18.30 sar\u00e0 inaugurato il nuovo percorso vita di Tesserete. domani prima della gara \u00a0potete scaldarvi sul nuovo circuito di 2.5 km. L'USC \u00a0con il sostegno di BancaStato \u00e8 pronta ad accogliere i partecipanti alla 37 edizione Tesserete Gola di Lago. 2017lancioTGdL 2017 - Lancio Tesserete Gola di Lago\u2026","rel":"","context":"In &quot;Montagna&quot;","block_context":{"text":"Montagna","link":"https:\/\/uscatletica.ch\/wp\/?cat=16"},"img":{"alt_text":"","src":"https:\/\/i0.wp.com\/uscatletica.ch\/wp\/wp-content\/uploads\/2015\/11\/tgdllogo2017.jpg?fit=800%2C256&ssl=1&resize=350%2C200","width":350,"height":200,"srcset":"https:\/\/i0.wp.com\/uscatletica.ch\/wp\/wp-content\/uploads\/2015\/11\/tgdllogo2017.jpg?fit=800%2C256&ssl=1&resize=350%2C200 1x, https:\/\/i0.wp.com\/uscatletica.ch\/wp\/wp-content\/uploads\/2015\/11\/tgdllogo2017.jpg?fit=800%2C256&ssl=1&resize=525%2C300 1.5x, https:\/\/i0.wp.com\/uscatletica.ch\/wp\/wp-content\/uploads\/2015\/11\/tgdllogo2017.jpg?fit=800%2C256&ssl=1&resize=700%2C400 2x"},"classes":[]},{"id":21863,"url":"https:\/\/uscatletica.ch\/wp\/?p=21863","url_meta":{"origin":4114,"position":4},"title":"Di corsa a Gola di Lago, da soli o in coppia","author":"Stampa E","date":"15 Aprile 2026","format":false,"excerpt":"Sabato 18 aprile nel pomeriggio si corre in Capriasca la 44a Tesserete-Gola di Lago, con anche la versione a staffetta Sabato 18 aprile torna l\u2019appuntamento con la Tesserete-Gola di Lago, gara podistica che sin della prima edizione del 1981 \u00e8 una classica del calendario cantonale. L\u2019edizione numero 44 scatter\u00e0 alle\u2026","rel":"","context":"In &quot;I nostri appuntamenti&quot;","block_context":{"text":"I nostri appuntamenti","link":"https:\/\/uscatletica.ch\/wp\/?cat=12"},"img":{"alt_text":"","src":"https:\/\/i0.wp.com\/uscatletica.ch\/wp\/wp-content\/uploads\/2026\/04\/logo_tgdl_512.jpg?fit=512%2C512&ssl=1&resize=350%2C200","width":350,"height":200},"classes":[]},{"id":4173,"url":"https:\/\/uscatletica.ch\/wp\/?p=4173","url_meta":{"origin":4114,"position":5},"title":"TGDL 2017 bene gli USCini e altre notizie dal mondo (SportSera RSI)","author":"Leonida Stampanoni","date":"7 Maggio 2017","format":false,"excerpt":"37 Tesserete Gola di Lago Jonathan da podio La 37 edizione della Tesserete Gola di Lago ha salutato al via 165 atleti e grazie allo prezioso aiuto del collaudato staff di collaboratori ha offerto a tutti uno divertente pomeriggio di sport. Sostenuto da BancaStato\u00a0\u00a0Nel giorno della Tesserete Gola di Lago\u2026","rel":"","context":"In &quot;Altro&quot;","block_context":{"text":"Altro","link":"https:\/\/uscatletica.ch\/wp\/?cat=11"},"img":{"alt_text":"","src":"https:\/\/i0.wp.com\/uscatletica.ch\/wp\/wp-content\/uploads\/2017\/05\/P1460174.jpg?resize=350%2C200","width":350,"height":200,"srcset":"https:\/\/i0.wp.com\/uscatletica.ch\/wp\/wp-content\/uploads\/2017\/05\/P1460174.jpg?resize=350%2C200 1x, https:\/\/i0.wp.com\/uscatletica.ch\/wp\/wp-content\/uploads\/2017\/05\/P1460174.jpg?resize=525%2C300 1.5x"},"classes":[]}],"_links":{"self":[{"href":"https:\/\/uscatletica.ch\/wp\/index.php?rest_route=\/wp\/v2\/posts\/4114","targetHints":{"allow":["GET"]}}],"collection":[{"href":"https:\/\/uscatletica.ch\/wp\/index.php?rest_route=\/wp\/v2\/posts"}],"about":[{"href":"https:\/\/uscatletica.ch\/wp\/index.php?rest_route=\/wp\/v2\/types\/post"}],"author":[{"embeddable":true,"href":"https:\/\/uscatletica.ch\/wp\/index.php?rest_route=\/wp\/v2\/users\/4"}],"replies":[{"embeddable":true,"href":"https:\/\/uscatletica.ch\/wp\/index.php?rest_route=%2Fwp%2Fv2%2Fcomments&post=4114"}],"version-history":[{"count":9,"href":"https:\/\/uscatletica.ch\/wp\/index.php?rest_route=\/wp\/v2\/posts\/4114\/revisions"}],"predecessor-version":[{"id":4138,"href":"https:\/\/uscatletica.ch\/wp\/index.php?rest_route=\/wp\/v2\/posts\/4114\/revisions\/4138"}],"wp:featuredmedia":[{"embeddable":true,"href":"https:\/\/uscatletica.ch\/wp\/index.php?rest_route=\/wp\/v2\/media\/3990"}],"wp:attachment":[{"href":"https:\/\/uscatletica.ch\/wp\/index.php?rest_route=%2Fwp%2Fv2%2Fmedia&parent=4114"}],"wp:term":[{"taxonomy":"category","embeddable":true,"href":"https:\/\/uscatletica.ch\/wp\/index.php?rest_route=%2Fwp%2Fv2%2Fcategories&post=4114"},{"taxonomy":"post_tag","embeddable":true,"href":"https:\/\/uscatletica.ch\/wp\/index.php?rest_route=%2Fwp%2Fv2%2Ftags&post=4114"}],"curies":[{"name":"wp","href":"https:\/\/api.w.org\/{rel}","templated":true}]}}