{"id":4744,"date":"2017-08-08T08:36:20","date_gmt":"2017-08-08T06:36:20","guid":{"rendered":"http:\/\/uscatletica.ch\/wp\/?p=4744"},"modified":"2017-08-08T09:25:09","modified_gmt":"2017-08-08T07:25:09","slug":"eoc-volontari-cercasi-per-un-europeo-tutto-ticinese","status":"publish","type":"post","link":"https:\/\/uscatletica.ch\/wp\/?p=4744","title":{"rendered":"EOC volontari cercasi per un Europeo tutto ticinese"},"content":{"rendered":"<p class=\"p2\">La Capriasca \u00a0ed il Ticino ospiteranno nella settimana dal 5 a l13 maggio i Campionati Europei di Corsa d&#8217;Orientamento. il comitato 0rganizzatore cerca ancora dei volontari<\/p>\n<p class=\"p2\"><span class=\"s1\">\u00a0<\/span><\/p>\n<p class=\"p3\"><span class=\"s1\">\u00a0<\/span><\/p>\n<p class=\"p4\"><span class=\"s1\">Ciao,<\/span><\/p>\n<p class=\"p4\"><span class=\"s1\">atleti USC o amici dell\u2019USC che volete aiutare agli EOC 2018 (European Orienteering Championships 2018, Campionati europei di corsa d\u2019orientamento), potete iscrivervi tramite formulario on-line che trovate al sito:<\/span><\/p>\n<p class=\"p5\"><span class=\"s2\"><a href=\"http:\/\/www.eoc2018.ch\/eoc2018\/volunteers\/collaborators.html\">http:\/\/www.eoc2018.ch\/eoc2018\/volunteers\/collaborators.html<\/a><\/span><\/p>\n<p class=\"p2\"><span class=\"s1\">\u00a0<\/span><\/p>\n<p class=\"p4\"><span class=\"s1\">Non sono richieste \u201cdoti orientistiche\u201d ma solo voglia di collaborare per un evento unico.<\/span><\/p>\n<p class=\"p4\"><span class=\"s1\">\u00a0<\/span><\/p>\n<p class=\"p4\"><span class=\"s1\">Come societ\u00e0 inserite USC poi potete indicare le vostre preferenze (settore, giorni,\u2026) e nelle osservazioni potete indicare che vorreste lavorare in gruppo: \u201cGruppo USC\u201d.<\/span><\/p>\n<p class=\"p4\"><span class=\"s1\">Da scegliere anche la taglia T-shirt!<\/span><\/p>\n<p class=\"p4\"><span class=\"s1\">\u00a0<\/span><\/p>\n<p class=\"p2\"><span class=\"s1\">Saluti<\/span><\/p>\n<p class=\"p2\"><span class=\"s1\">\u00a0<\/span><\/p>\n<p class=\"p2\"><span class=\"s1\">Elia<\/span><\/p>\n<p class=\"p2\"><span class=\"s1\">\u00a0<\/span><\/p>\n<p class=\"p6\"><span class=\"s3\">Il programma: <a href=\"http:\/\/www.eoc2018.ch\/it\/5days\/program-5-Days\/Program.html\"><span class=\"s4\">http:\/\/www.eoc2018.ch\/it\/5days\/program-5-Days\/Program.html<\/span><\/a><\/span><\/p>\n<p class=\"p2\"><span class=\"s1\">\u00a0<\/span><\/p>\n<p class=\"p2\"><span class=\"s1\">Sabato 5 maggio \u00a0\u00a0\u00a0\u00a0\u00a0\u00a0\u00a0\u00a0\u00a0\u00a0\u00a0\u00a0 Model event \u00a0\u00a0\u00a0\u00a0 \u2013<\/span><\/p>\n<p class=\"p2\"><span class=\"s1\">Domenica 6 maggio \u00a0\u00a0\u00a0\u00a0\u00a0\u00a0 Qualifiche Sprint e Finale Sprint \u00a0\u00a0\u00a0\u00a0\u00a0\u00a0\u00a0\u00a0\u00a0\u00a0\u00a0\u00a0\u00a0\u00a0 \u2013<\/span><\/p>\n<p class=\"p2\"><span class=\"s1\">Luned\u00ec 7 maggio \u00a0\u00a0\u00a0\u00a0\u00a0\u00a0\u00a0\u00a0\u00a0\u00a0\u00a0\u00a0\u00a0 Model event \u00a0\u00a0\u00a0\u00a0 sCOOL Cup Ticino<\/span><\/p>\n<p class=\"p2\"><span class=\"s1\">Marted\u00ec 8 maggio \u00a0\u00a0\u00a0\u00a0\u00a0\u00a0\u00a0\u00a0\u00a0\u00a0 Qualifiche Media distanza \u00a0\u00a0\u00a0\u00a0\u00a0\u00a0\u00a0\u00a0\u00a0 1. tappa<\/span><\/p>\n<p class=\"p2\"><span class=\"s1\">Mercoled\u00ec 9 maggio \u00a0\u00a0\u00a0\u00a0\u00a0\u00a0 Finale Media distanza \u00a0\u00a0 2. tappa<\/span><\/p>\n<p class=\"p2\"><span class=\"s1\">Gioved\u00ec 10 maggio \u00a0\u00a0\u00a0\u00a0\u00a0\u00a0\u00a0\u00a0 Staffetta mista 3. Tappa Campionati svizzeri Sprint<\/span><\/p>\n<p class=\"p2\"><span class=\"s1\">Venerd\u00ec 11 maggio \u00a0\u00a0\u00a0\u00a0\u00a0\u00a0\u00a0\u00a0 Model event, giorno di pausa \u00a0\u00a0 Giorno di pausa<\/span><\/p>\n<p class=\"p2\"><span class=\"s1\">Sabato 12 maggio \u00a0\u00a0\u00a0\u00a0\u00a0\u00a0\u00a0\u00a0\u00a0\u00a0 Staffetta \u00a0\u00a0\u00a0\u00a0\u00a0\u00a0\u00a0\u00a0\u00a0\u00a0\u00a0\u00a0 4. Tappa Gara nazionale<\/span><\/p>\n<p class=\"p2\"><span class=\"s1\">Domenica 13 maggio \u00a0\u00a0\u00a0 Lunga distanza 5. Tappa Gara nazionale<\/span><\/p>\n","protected":false},"excerpt":{"rendered":"<p>La Capriasca \u00a0ed il Ticino ospiteranno nella settimana dal 5 a l13 maggio i Campionati Europei di Corsa d&#8217;Orientamento. il comitato 0rganizzatore cerca ancora dei volontari \u00a0 \u00a0 Ciao, atleti USC o amici dell\u2019USC che volete aiutare agli EOC 2018 (European Orienteering Championships 2018, Campionati europei di corsa d\u2019orientamento), potete iscrivervi tramite formulario on-line che trovate al sito: http:\/\/www.eoc2018.ch\/eoc2018\/volunteers\/collaborators.html \u00a0 Non sono richieste \u201cdoti orientistiche\u201d ma solo voglia di collaborare per un evento unico. \u00a0&#8230;<\/p>\n","protected":false},"author":4,"featured_media":1888,"comment_status":"closed","ping_status":"closed","sticky":false,"template":"","format":"standard","meta":{"jetpack_post_was_ever_published":false,"_jetpack_newsletter_access":"","_jetpack_dont_email_post_to_subs":false,"_jetpack_newsletter_tier_id":0,"_jetpack_memberships_contains_paywalled_content":false,"_jetpack_memberships_contains_paid_content":false,"footnotes":"","jetpack_publicize_message":"","jetpack_publicize_feature_enabled":true,"jetpack_social_post_already_shared":true,"jetpack_social_options":{"image_generator_settings":{"template":"highway","default_image_id":0,"font":"","enabled":false},"version":2}},"categories":[11,19,10],"tags":[],"class_list":["post-4744","post","type-post","status-publish","format-standard","has-post-thumbnail","hentry","category-altro","category-corsa-dorientamento","category-info"],"jetpack_publicize_connections":[],"jetpack_featured_media_url":"https:\/\/i0.wp.com\/uscatletica.ch\/wp\/wp-content\/uploads\/2016\/05\/P1400458.jpg?fit=563%2C422&ssl=1","jetpack_sharing_enabled":true,"jetpack_shortlink":"https:\/\/wp.me\/p6V7Ck-1ew","jetpack-related-posts":[{"id":5953,"url":"https:\/\/uscatletica.ch\/wp\/?p=5953","url_meta":{"origin":4744,"position":0},"title":"EOC 2018 Il TICINO VALE ORO PER GLI ORIENTISTI SVIZZERI","author":"Leonida Stampanoni","date":"2 Maggio 2018","format":false,"excerpt":"Settimana storica per l'orientamento ticinese che oltre ad ospitare per la prima volta i campionati Europei (EOC2018) Giovedi 10 maggio nel nuclei\u00a0 di Bigorio e Tesserete ha vinto il suo primo titolo europeo grazie ad Elena Roos ed alla staffetta sprint Elvetica completata da Judith Wyder Florian Howald e Martin\u2026","rel":"","context":"In &quot;Altro&quot;","block_context":{"text":"Altro","link":"https:\/\/uscatletica.ch\/wp\/?cat=11"},"img":{"alt_text":"","src":"https:\/\/i0.wp.com\/uscatletica.ch\/wp\/wp-content\/uploads\/2018\/05\/oec2018ls.jpg?fit=1013%2C570&ssl=1&resize=350%2C200","width":350,"height":200,"srcset":"https:\/\/i0.wp.com\/uscatletica.ch\/wp\/wp-content\/uploads\/2018\/05\/oec2018ls.jpg?fit=1013%2C570&ssl=1&resize=350%2C200 1x, https:\/\/i0.wp.com\/uscatletica.ch\/wp\/wp-content\/uploads\/2018\/05\/oec2018ls.jpg?fit=1013%2C570&ssl=1&resize=525%2C300 1.5x, https:\/\/i0.wp.com\/uscatletica.ch\/wp\/wp-content\/uploads\/2018\/05\/oec2018ls.jpg?fit=1013%2C570&ssl=1&resize=700%2C400 2x"},"classes":[]},{"id":5978,"url":"https:\/\/uscatletica.ch\/wp\/?p=5978","url_meta":{"origin":4744,"position":1},"title":"BENVENUTI ALLA 38 EDIZIONE DELLA TESSERETE GOLA DI LAGO","author":"Leonida Stampanoni","date":"5 Maggio 2018","format":false,"excerpt":"BENVENUTI ALLA 38A\u00a0EDIZIONE DELLA TESSERETE GOLA DI LAGO 5 Maggio 2018 38 edizione\u00a0 Tesserete Gola Di Lago Informazioni per la gara del 5 Maggio\u00a02018 L'USC vi da il Benvenuto alla 38 edizione della Tesserete Gola Di Lago tutto \u00e8 pronto La 38 edizione della Tesserete Gola di Lago in programma\u2026","rel":"","context":"In &quot;I nostri appuntamenti&quot;","block_context":{"text":"I nostri appuntamenti","link":"https:\/\/uscatletica.ch\/wp\/?cat=12"},"img":{"alt_text":"","src":"https:\/\/i0.wp.com\/uscatletica.ch\/wp\/wp-content\/uploads\/2018\/03\/tgdllogo2018.jpg?resize=350%2C200&ssl=1","width":350,"height":200,"srcset":"https:\/\/i0.wp.com\/uscatletica.ch\/wp\/wp-content\/uploads\/2018\/03\/tgdllogo2018.jpg?resize=350%2C200&ssl=1 1x, https:\/\/i0.wp.com\/uscatletica.ch\/wp\/wp-content\/uploads\/2018\/03\/tgdllogo2018.jpg?resize=525%2C300&ssl=1 1.5x, https:\/\/i0.wp.com\/uscatletica.ch\/wp\/wp-content\/uploads\/2018\/03\/tgdllogo2018.jpg?resize=700%2C400&ssl=1 2x"},"classes":[]},{"id":6094,"url":"https:\/\/uscatletica.ch\/wp\/?p=6094","url_meta":{"origin":4744,"position":2},"title":"Stralugano GP FTAL per finire maggio in Bellezza (Elisa ai JWOC)","author":"Leonida Stampanoni","date":"25 Maggio 2018","format":false,"excerpt":"Nel fine settimana ci sar\u00e0 la Stralugano giunta alla dodicesima edizione della nuova gestione \u00e8 oramai l'evento podistico pi\u00f9 popolare del cantone e domenica ospiter\u00e0 i campionati svizzeri di mezza maratona; al via ci sar\u00e0 il campione europeo in carica Tadesse Abraham. Una decina gli USCini al via. Domenica a\u2026","rel":"","context":"In &quot;CO&quot;","block_context":{"text":"CO","link":"https:\/\/uscatletica.ch\/wp\/?cat=19"},"img":{"alt_text":"","src":"https:\/\/i0.wp.com\/uscatletica.ch\/wp\/wp-content\/uploads\/2016\/10\/runtade2.jpg?fit=500%2C328&ssl=1&resize=350%2C200","width":350,"height":200},"classes":[]},{"id":3174,"url":"https:\/\/uscatletica.ch\/wp\/?p=3174","url_meta":{"origin":4744,"position":3},"title":"Corsa d\u2019orientamento sociale \u2013 risultati","author":"Stampa E","date":"3 Dicembre 2016","format":false,"excerpt":"Corsa d\u2019orientamento sociale \u2013 prima edizione Ottimo successo per la prima edizione della Corsa d\u2019orientamento sociale dell\u2019USC Capriaschese sezione atletica, organizzata da Elia sabato 3 dicembre nei boschi della Capriasca. Su un percorso filante ma impegnativo, gli atleti hanno potuto approfittare del bel bosco di Tesserete per una bella giornata\u2026","rel":"","context":"In &quot;CO&quot;","block_context":{"text":"CO","link":"https:\/\/uscatletica.ch\/wp\/?cat=19"},"img":{"alt_text":"","src":"https:\/\/i0.wp.com\/uscatletica.ch\/wp\/wp-content\/uploads\/2016\/12\/Campionati-sociali-CO-2.jpg?fit=900%2C1200&ssl=1&resize=350%2C200","width":350,"height":200,"srcset":"https:\/\/i0.wp.com\/uscatletica.ch\/wp\/wp-content\/uploads\/2016\/12\/Campionati-sociali-CO-2.jpg?fit=900%2C1200&ssl=1&resize=350%2C200 1x, https:\/\/i0.wp.com\/uscatletica.ch\/wp\/wp-content\/uploads\/2016\/12\/Campionati-sociali-CO-2.jpg?fit=900%2C1200&ssl=1&resize=525%2C300 1.5x, https:\/\/i0.wp.com\/uscatletica.ch\/wp\/wp-content\/uploads\/2016\/12\/Campionati-sociali-CO-2.jpg?fit=900%2C1200&ssl=1&resize=700%2C400 2x"},"classes":[]},{"id":6843,"url":"https:\/\/uscatletica.ch\/wp\/?p=6843","url_meta":{"origin":4744,"position":4},"title":"RISULTATI Corsa d\u2019orientamento sociale \u2013 terza edizione","author":"Stampa E","date":"18 Novembre 2018","format":false,"excerpt":"RISULTATI Corsa d\u2019orientamento sociale \u2013 terza edizione DOMENICA 18 novembre 2018 Dopo il freddo mattutino, il movimento e il sole hanno infine scaldato la bella domenica autunnale in Capriasca con la Corsa d\u2019orientamento sociale sul percorso tracciato da Elia nei boschi di Tesserete - San Clemente. Jonathan Besomi si \u00e8\u2026","rel":"","context":"In &quot;CO&quot;","block_context":{"text":"CO","link":"https:\/\/uscatletica.ch\/wp\/?cat=19"},"img":{"alt_text":"","src":"https:\/\/i0.wp.com\/uscatletica.ch\/wp\/wp-content\/uploads\/2018\/11\/A1-Logo.jpg?fit=536%2C386&ssl=1&resize=350%2C200","width":350,"height":200,"srcset":"https:\/\/i0.wp.com\/uscatletica.ch\/wp\/wp-content\/uploads\/2018\/11\/A1-Logo.jpg?fit=536%2C386&ssl=1&resize=350%2C200 1x, https:\/\/i0.wp.com\/uscatletica.ch\/wp\/wp-content\/uploads\/2018\/11\/A1-Logo.jpg?fit=536%2C386&ssl=1&resize=525%2C300 1.5x"},"classes":[]},{"id":6032,"url":"https:\/\/uscatletica.ch\/wp\/?p=6032","url_meta":{"origin":4744,"position":5},"title":"Fuori pista Gravesano e Sempach triathlon a Candia CO Tesserete","author":"Leonida Stampanoni","date":"13 Maggio 2018","format":false,"excerpt":"Diversi gli USCini impegnati fuori pista in diverse specialit\u00e0 con ben tre debutti nel fine settimana .Debutto nel triathlon Olimpico per Enea e Rachele che ha pure ottenuto il miglior tempo femminile. Johanna a Sempach ha debuttato nella mezza maratona in 1h42'22. Nei boschi di San Clemente grande prestazione di\u2026","rel":"","context":"In &quot;CO&quot;","block_context":{"text":"CO","link":"https:\/\/uscatletica.ch\/wp\/?cat=19"},"img":{"alt_text":"","src":"https:\/\/i0.wp.com\/uscatletica.ch\/wp\/wp-content\/uploads\/2016\/06\/trisCE.jpg?fit=563%2C353&ssl=1&resize=350%2C200","width":350,"height":200,"srcset":"https:\/\/i0.wp.com\/uscatletica.ch\/wp\/wp-content\/uploads\/2016\/06\/trisCE.jpg?fit=563%2C353&ssl=1&resize=350%2C200 1x, https:\/\/i0.wp.com\/uscatletica.ch\/wp\/wp-content\/uploads\/2016\/06\/trisCE.jpg?fit=563%2C353&ssl=1&resize=525%2C300 1.5x"},"classes":[]}],"_links":{"self":[{"href":"https:\/\/uscatletica.ch\/wp\/index.php?rest_route=\/wp\/v2\/posts\/4744","targetHints":{"allow":["GET"]}}],"collection":[{"href":"https:\/\/uscatletica.ch\/wp\/index.php?rest_route=\/wp\/v2\/posts"}],"about":[{"href":"https:\/\/uscatletica.ch\/wp\/index.php?rest_route=\/wp\/v2\/types\/post"}],"author":[{"embeddable":true,"href":"https:\/\/uscatletica.ch\/wp\/index.php?rest_route=\/wp\/v2\/users\/4"}],"replies":[{"embeddable":true,"href":"https:\/\/uscatletica.ch\/wp\/index.php?rest_route=%2Fwp%2Fv2%2Fcomments&post=4744"}],"version-history":[{"count":2,"href":"https:\/\/uscatletica.ch\/wp\/index.php?rest_route=\/wp\/v2\/posts\/4744\/revisions"}],"predecessor-version":[{"id":4746,"href":"https:\/\/uscatletica.ch\/wp\/index.php?rest_route=\/wp\/v2\/posts\/4744\/revisions\/4746"}],"wp:featuredmedia":[{"embeddable":true,"href":"https:\/\/uscatletica.ch\/wp\/index.php?rest_route=\/wp\/v2\/media\/1888"}],"wp:attachment":[{"href":"https:\/\/uscatletica.ch\/wp\/index.php?rest_route=%2Fwp%2Fv2%2Fmedia&parent=4744"}],"wp:term":[{"taxonomy":"category","embeddable":true,"href":"https:\/\/uscatletica.ch\/wp\/index.php?rest_route=%2Fwp%2Fv2%2Fcategories&post=4744"},{"taxonomy":"post_tag","embeddable":true,"href":"https:\/\/uscatletica.ch\/wp\/index.php?rest_route=%2Fwp%2Fv2%2Ftags&post=4744"}],"curies":[{"name":"wp","href":"https:\/\/api.w.org\/{rel}","templated":true}]}}