{"id":4877,"date":"2017-09-05T07:13:05","date_gmt":"2017-09-05T05:13:05","guid":{"rendered":"http:\/\/uscatletica.ch\/wp\/?p=4877"},"modified":"2017-09-08T23:49:59","modified_gmt":"2017-09-08T21:49:59","slug":"campionati-ticinesi-di-staffetta-olimpionica-e-meeting-capriaschese","status":"publish","type":"post","link":"https:\/\/uscatletica.ch\/wp\/?p=4877","title":{"rendered":"Campionati Ticinesi di Staffetta Olimpionica e Meeting Capriaschese"},"content":{"rendered":"<p>Manca una settimana ai campionati ticinesi di staffetta olimpionica e al 11\u00b0 Meeting Capriaschese . La prima edizione che potr\u00e0 beneficiare della nuova elegante e funzionale torretta di cronometraggio.Per la prima volta in Capriasca si correranno i 100 m in programma anche i 600 m u14 1000 m U16 ed i 1500 m. In pedana il getto del peso con gli attrezzi per tutte le categorie ed il salto in lungo.<\/p>\n<p>Venerd\u00ec scadranno le iscrizioni ai campionati ticinesi di staffetta Olimpionica .<\/p>\n<h3>Termine d&#8217;iscrizione Staffetta Olimpionica venerdi 8 settembre 2017<\/h3>\n<p><a href=\"https:\/\/uscatletica.ch\/wp\/wp-content\/uploads\/2017\/09\/Formularioiscrizioneolimpionica.pdf\">Formulario da riempire ed inviare<\/a>\u00a0<em><strong> Importante indicare il numero di licenza Swiss Athletics<\/strong><\/em><\/p>\n<h3>Termine per le iscrizioni nominali complete di numero di licenza Swiss Athletics \u00a0mercoledi 13.09 alle 19.00 \u00a0sul posto o entro mercoledi alle 12.00 per Email.<\/h3>\n<p>&nbsp;<\/p>\n<p><a href=\"https:\/\/i0.wp.com\/uscatletica.ch\/wp\/wp-content\/uploads\/2015\/11\/meeting.png?ssl=1\" rel=\"attachment wp-att-301\"><img data-recalc-dims=\"1\" loading=\"lazy\" decoding=\"async\" data-attachment-id=\"301\" data-permalink=\"https:\/\/uscatletica.ch\/wp\/?attachment_id=301\" data-orig-file=\"https:\/\/i0.wp.com\/uscatletica.ch\/wp\/wp-content\/uploads\/2015\/11\/meeting.png?fit=330%2C182&amp;ssl=1\" data-orig-size=\"330,182\" data-comments-opened=\"0\" data-image-meta=\"{&quot;aperture&quot;:&quot;0&quot;,&quot;credit&quot;:&quot;&quot;,&quot;camera&quot;:&quot;&quot;,&quot;caption&quot;:&quot;&quot;,&quot;created_timestamp&quot;:&quot;0&quot;,&quot;copyright&quot;:&quot;&quot;,&quot;focal_length&quot;:&quot;0&quot;,&quot;iso&quot;:&quot;0&quot;,&quot;shutter_speed&quot;:&quot;0&quot;,&quot;title&quot;:&quot;&quot;,&quot;orientation&quot;:&quot;0&quot;}\" data-image-title=\"meeting\" data-image-description=\"\" data-image-caption=\"\" data-large-file=\"https:\/\/i0.wp.com\/uscatletica.ch\/wp\/wp-content\/uploads\/2015\/11\/meeting.png?fit=330%2C182&amp;ssl=1\" class=\"aligncenter wp-image-301 size-full\" src=\"https:\/\/i0.wp.com\/uscatletica.ch\/wp\/wp-content\/uploads\/2015\/11\/meeting.png?resize=330%2C182&#038;ssl=1\" alt=\"meeting\" width=\"330\" height=\"182\" srcset=\"https:\/\/i0.wp.com\/uscatletica.ch\/wp\/wp-content\/uploads\/2015\/11\/meeting.png?w=330&amp;ssl=1 330w, https:\/\/i0.wp.com\/uscatletica.ch\/wp\/wp-content\/uploads\/2015\/11\/meeting.png?resize=300%2C165&amp;ssl=1 300w, https:\/\/i0.wp.com\/uscatletica.ch\/wp\/wp-content\/uploads\/2015\/11\/meeting.png?resize=71%2C40&amp;ssl=1 71w\" sizes=\"auto, (max-width: 330px) 100vw, 330px\" \/><\/a><\/p>\n<h1 style=\"text-align: center;\"><span style=\"text-decoration: underline;\">11 edizione Meeting Capriaschese <\/span><\/h1>\n<h1 style=\"text-align: center;\"><span style=\"text-decoration: underline;\">\u00a0Campionati Ticinesi Olimpionica<\/span><\/h1>\n<h2 style=\"text-align: center;\">13 settembre 2017<\/h2>\n<h3 style=\"text-align: center;\"><\/h3>\n<p><iframe loading=\"lazy\" src=\"http:\/\/free.timeanddate.com\/countdown\/i5n0vu2m\/n3171\/cf101\/cm0\/cu4\/ct0\/cs0\/ca0\/co1\/cr0\/ss0\/cac00f\/cpc000\/pcf00\/tcfff\/fs100\/szw320\/szh135\/tatIl%20meeting%20Capriaschese%20%20vi%20attende%20tra%20\/tac009\/tptLe%20gare%20sono%20cominciate%20da%20\/tpc000\/iso2017-09-13T16:00:00\" width=\"640\" height=\"270\" frameborder=\"0\"><\/iframe><\/p>\n<p><a href=\"https:\/\/i0.wp.com\/uscatletica.ch\/wp\/wp-content\/uploads\/2017\/05\/P1470132.jpg?ssl=1\"><img data-recalc-dims=\"1\" loading=\"lazy\" decoding=\"async\" data-attachment-id=\"4414\" data-permalink=\"https:\/\/uscatletica.ch\/wp\/?attachment_id=4414\" data-orig-file=\"https:\/\/i0.wp.com\/uscatletica.ch\/wp\/wp-content\/uploads\/2017\/05\/P1470132.jpg?fit=422%2C563&amp;ssl=1\" data-orig-size=\"422,563\" data-comments-opened=\"0\" data-image-meta=\"{&quot;aperture&quot;:&quot;0&quot;,&quot;credit&quot;:&quot;&quot;,&quot;camera&quot;:&quot;&quot;,&quot;caption&quot;:&quot;&quot;,&quot;created_timestamp&quot;:&quot;0&quot;,&quot;copyright&quot;:&quot;&quot;,&quot;focal_length&quot;:&quot;0&quot;,&quot;iso&quot;:&quot;0&quot;,&quot;shutter_speed&quot;:&quot;0&quot;,&quot;title&quot;:&quot;&quot;,&quot;orientation&quot;:&quot;0&quot;}\" data-image-title=\"P1470132\" data-image-description=\"\" data-image-caption=\"\" data-large-file=\"https:\/\/i0.wp.com\/uscatletica.ch\/wp\/wp-content\/uploads\/2017\/05\/P1470132.jpg?fit=422%2C563&amp;ssl=1\" class=\"alignleft wp-image-4414\" src=\"https:\/\/i0.wp.com\/uscatletica.ch\/wp\/wp-content\/uploads\/2017\/05\/P1470132.jpg?resize=150%2C200&#038;ssl=1\" alt=\"\" width=\"150\" height=\"200\" srcset=\"https:\/\/i0.wp.com\/uscatletica.ch\/wp\/wp-content\/uploads\/2017\/05\/P1470132.jpg?w=422&amp;ssl=1 422w, https:\/\/i0.wp.com\/uscatletica.ch\/wp\/wp-content\/uploads\/2017\/05\/P1470132.jpg?resize=225%2C300&amp;ssl=1 225w, https:\/\/i0.wp.com\/uscatletica.ch\/wp\/wp-content\/uploads\/2017\/05\/P1470132.jpg?resize=112%2C150&amp;ssl=1 112w\" sizes=\"auto, (max-width: 150px) 100vw, 150px\" \/><\/a> <a href=\"https:\/\/i0.wp.com\/uscatletica.ch\/wp\/wp-content\/uploads\/2017\/05\/P1470127.jpg?ssl=1\"><img data-recalc-dims=\"1\" loading=\"lazy\" decoding=\"async\" data-attachment-id=\"4412\" data-permalink=\"https:\/\/uscatletica.ch\/wp\/?attachment_id=4412\" data-orig-file=\"https:\/\/i0.wp.com\/uscatletica.ch\/wp\/wp-content\/uploads\/2017\/05\/P1470127.jpg?fit=422%2C563&amp;ssl=1\" data-orig-size=\"422,563\" data-comments-opened=\"0\" data-image-meta=\"{&quot;aperture&quot;:&quot;0&quot;,&quot;credit&quot;:&quot;&quot;,&quot;camera&quot;:&quot;&quot;,&quot;caption&quot;:&quot;&quot;,&quot;created_timestamp&quot;:&quot;0&quot;,&quot;copyright&quot;:&quot;&quot;,&quot;focal_length&quot;:&quot;0&quot;,&quot;iso&quot;:&quot;0&quot;,&quot;shutter_speed&quot;:&quot;0&quot;,&quot;title&quot;:&quot;&quot;,&quot;orientation&quot;:&quot;0&quot;}\" data-image-title=\"P1470127\" data-image-description=\"\" data-image-caption=\"\" data-large-file=\"https:\/\/i0.wp.com\/uscatletica.ch\/wp\/wp-content\/uploads\/2017\/05\/P1470127.jpg?fit=422%2C563&amp;ssl=1\" class=\"alignleft wp-image-4412\" src=\"https:\/\/i0.wp.com\/uscatletica.ch\/wp\/wp-content\/uploads\/2017\/05\/P1470127.jpg?resize=150%2C200&#038;ssl=1\" alt=\"\" width=\"150\" height=\"200\" srcset=\"https:\/\/i0.wp.com\/uscatletica.ch\/wp\/wp-content\/uploads\/2017\/05\/P1470127.jpg?w=422&amp;ssl=1 422w, https:\/\/i0.wp.com\/uscatletica.ch\/wp\/wp-content\/uploads\/2017\/05\/P1470127.jpg?resize=225%2C300&amp;ssl=1 225w, https:\/\/i0.wp.com\/uscatletica.ch\/wp\/wp-content\/uploads\/2017\/05\/P1470127.jpg?resize=112%2C150&amp;ssl=1 112w\" sizes=\"auto, (max-width: 150px) 100vw, 150px\" \/><\/a><\/p>\n<p>&nbsp;<\/p>\n<p>&nbsp;<\/p>\n<p>&nbsp;<\/p>\n<p>&nbsp;<\/p>\n<p>&nbsp;<\/p>\n<p>&nbsp;<\/p>\n<p><a href=\"https:\/\/uscatletica.ch\/wp\/wp-content\/uploads\/2015\/11\/meetingcapr17orario.pdf\"><img data-recalc-dims=\"1\" loading=\"lazy\" decoding=\"async\" data-attachment-id=\"4668\" data-permalink=\"https:\/\/uscatletica.ch\/wp\/?attachment_id=4668\" data-orig-file=\"https:\/\/i0.wp.com\/uscatletica.ch\/wp\/wp-content\/uploads\/2015\/11\/meetingcaprprorgamma17.jpg?fit=595%2C841&amp;ssl=1\" data-orig-size=\"595,841\" data-comments-opened=\"0\" data-image-meta=\"{&quot;aperture&quot;:&quot;0&quot;,&quot;credit&quot;:&quot;&quot;,&quot;camera&quot;:&quot;&quot;,&quot;caption&quot;:&quot;&quot;,&quot;created_timestamp&quot;:&quot;0&quot;,&quot;copyright&quot;:&quot;&quot;,&quot;focal_length&quot;:&quot;0&quot;,&quot;iso&quot;:&quot;0&quot;,&quot;shutter_speed&quot;:&quot;0&quot;,&quot;title&quot;:&quot;&quot;,&quot;orientation&quot;:&quot;0&quot;}\" data-image-title=\"meetingcaprprorgamma17\" data-image-description=\"\" data-image-caption=\"\" data-large-file=\"https:\/\/i0.wp.com\/uscatletica.ch\/wp\/wp-content\/uploads\/2015\/11\/meetingcaprprorgamma17.jpg?fit=595%2C841&amp;ssl=1\" class=\"size-full wp-image-4668 aligncenter\" src=\"https:\/\/i0.wp.com\/uscatletica.ch\/wp\/wp-content\/uploads\/2015\/11\/meetingcaprprorgamma17.jpg?resize=595%2C841&#038;ssl=1\" alt=\"\" width=\"595\" height=\"841\" srcset=\"https:\/\/i0.wp.com\/uscatletica.ch\/wp\/wp-content\/uploads\/2015\/11\/meetingcaprprorgamma17.jpg?w=595&amp;ssl=1 595w, https:\/\/i0.wp.com\/uscatletica.ch\/wp\/wp-content\/uploads\/2015\/11\/meetingcaprprorgamma17.jpg?resize=212%2C300&amp;ssl=1 212w, https:\/\/i0.wp.com\/uscatletica.ch\/wp\/wp-content\/uploads\/2015\/11\/meetingcaprprorgamma17.jpg?resize=106%2C150&amp;ssl=1 106w\" sizes=\"auto, (max-width: 595px) 100vw, 595px\" \/><\/a><\/p>\n<h1><\/h1>\n<h1 style=\"text-align: center;\"><a href=\"https:\/\/uscatletica.ch\/wp\/wp-content\/uploads\/2015\/11\/meetingcapr17orario.pdf\" target=\"_blank\" rel=\"noopener\">Programma Meeting Capriaschese <\/a><\/h1>\n<p style=\"text-align: center;\">DOPPIETTA PER IL GAB AI CT OLIMPIONICA \u00a0del 3.9.2016<\/p>\n<p style=\"text-align: center;\">Tra gli uomini titolo e primato dello stadio per Roberto Simone , Mattia Tajana, Ananchai Rodoni, Julian R\u00fcfenacht in 3&#8217;22&#8243;40 titolo femminile Ilaria Arini, Sabrina Innocenti, Veronique Bestenheider, Carol Decristophoris 4&#8217;02&#8243;74.<\/p>\n<p style=\"text-align: center;\">Nel getto del peso 4 kg nuovo primato dello stadio con\u00a011.31 m<a href=\"https:\/\/uscatletica.ch\/wp\/wp-content\/uploads\/2016\/09\/classifichemeeting2016.pdf\"><br \/>\n<\/a><a href=\"https:\/\/uscatletica.ch\/wp\/wp-content\/uploads\/2016\/09\/classifichemeeting2016.pdf\"><img data-recalc-dims=\"1\" loading=\"lazy\" decoding=\"async\" data-attachment-id=\"2754\" data-permalink=\"https:\/\/uscatletica.ch\/wp\/?attachment_id=2754\" data-orig-file=\"https:\/\/i0.wp.com\/uscatletica.ch\/wp\/wp-content\/uploads\/2016\/09\/IntestazioneMeeting2016-1.jpg?fit=595%2C842&amp;ssl=1\" data-orig-size=\"595,842\" data-comments-opened=\"0\" data-image-meta=\"{&quot;aperture&quot;:&quot;0&quot;,&quot;credit&quot;:&quot;&quot;,&quot;camera&quot;:&quot;&quot;,&quot;caption&quot;:&quot;&quot;,&quot;created_timestamp&quot;:&quot;0&quot;,&quot;copyright&quot;:&quot;&quot;,&quot;focal_length&quot;:&quot;0&quot;,&quot;iso&quot;:&quot;0&quot;,&quot;shutter_speed&quot;:&quot;0&quot;,&quot;title&quot;:&quot;&quot;,&quot;orientation&quot;:&quot;0&quot;}\" data-image-title=\"IntestazioneMeeting2016\" data-image-description=\"\" data-image-caption=\"\" data-large-file=\"https:\/\/i0.wp.com\/uscatletica.ch\/wp\/wp-content\/uploads\/2016\/09\/IntestazioneMeeting2016-1.jpg?fit=595%2C842&amp;ssl=1\" class=\"wp-image-2754 size-medium alignleft\" src=\"https:\/\/i0.wp.com\/uscatletica.ch\/wp\/wp-content\/uploads\/2016\/09\/IntestazioneMeeting2016-1.jpg?resize=212%2C300&#038;ssl=1\" alt=\"IntestazioneMeeting2016\" width=\"212\" height=\"300\" srcset=\"https:\/\/i0.wp.com\/uscatletica.ch\/wp\/wp-content\/uploads\/2016\/09\/IntestazioneMeeting2016-1.jpg?resize=212%2C300&amp;ssl=1 212w, https:\/\/i0.wp.com\/uscatletica.ch\/wp\/wp-content\/uploads\/2016\/09\/IntestazioneMeeting2016-1.jpg?resize=106%2C150&amp;ssl=1 106w, https:\/\/i0.wp.com\/uscatletica.ch\/wp\/wp-content\/uploads\/2016\/09\/IntestazioneMeeting2016-1.jpg?w=595&amp;ssl=1 595w\" sizes=\"auto, (max-width: 212px) 100vw, 212px\" \/><\/a><\/p>\n<p>&nbsp;<\/p>\n<p>&nbsp;<\/p>\n<p>&nbsp;<\/p>\n<p>&nbsp;<\/p>\n<p>&nbsp;<\/p>\n<p>&nbsp;<\/p>\n<p>&nbsp;<\/p>\n<p>&nbsp;<\/p>\n<p>&nbsp;<\/p>\n<p>&nbsp;<\/p>\n<p>&nbsp;<\/p>\n<p>&nbsp;<\/p>\n<p>&nbsp;<\/p>\n<p>&nbsp;<\/p>\n<p>&nbsp;<\/p>\n<p>&nbsp;<\/p>\n<p>&nbsp;<\/p>\n<p>&nbsp;<\/p>\n<p>&nbsp;<\/p>\n<p>&nbsp;<\/p>\n<p>&nbsp;<\/p>\n<p>&nbsp;<\/p>\n<h3 style=\"text-align: center;\"><a href=\"https:\/\/uscatletica.ch\/wp\/wp-content\/uploads\/2016\/09\/classifichemeeting2016.pdf\" target=\"_blank\" rel=\"noopener\">Il Classifica\u00a0della gara<\/a><\/h3>\n<h3 style=\"text-align: center;\"><\/h3>\n<h3 style=\"text-align: center;\">PRIMATI DELL&#8217;ARENA SPORTIVA<a href=\"https:\/\/i0.wp.com\/uscatletica.ch\/wp\/wp-content\/uploads\/2016\/02\/primatiarena20160128.jpg?ssl=1\" rel=\"attachment wp-att-769\"><img data-recalc-dims=\"1\" loading=\"lazy\" decoding=\"async\" class=\"aligncenter wp-image-769 size-large\" src=\"https:\/\/i0.wp.com\/uscatletica.ch\/wp\/wp-content\/uploads\/2016\/02\/primatiarena20160128-723x1024.jpg?resize=640%2C906&#038;ssl=1\" alt=\"primatiarena20160128\" width=\"640\" height=\"906\" \/><\/a><a href=\"https:\/\/uscatletica.ch\/wp\/wp-content\/uploads\/2015\/11\/primatiarena20160128.jpg\" rel=\"attachment wp-att-724\"><br \/>\n<\/a><\/h3>\n<p><a href=\"https:\/\/uscatletica.ch\/wp\/wp-content\/uploads\/2015\/11\/primatiarena20160128.pdf\" rel=\"\">primatiarena20160128<\/a><\/p>\n<h3 style=\"text-align: center;\">ARCHIVIO RISULTATI<\/h3>\n<table style=\"height: 61px;\" width=\"1009\">\n<tbody>\n<tr style=\"height: 24px;\">\n<td style=\"height: 24px;\"><a href=\"https:\/\/uscatletica.ch\/wp\/wp-content\/uploads\/2016\/02\/Meetingcapriasca2007.pdf\" rel=\"\">2007<\/a><\/td>\n<td style=\"height: 24px;\"><a href=\"https:\/\/uscatletica.ch\/wp\/wp-content\/uploads\/2016\/02\/Meetingusc20080515.pdf\" rel=\"\">2008<\/a><\/td>\n<td style=\"height: 24px;\"><a href=\"https:\/\/uscatletica.ch\/wp\/wp-content\/uploads\/2015\/11\/classctol2009.pdf\" rel=\"\">2009<\/a><\/td>\n<td style=\"height: 24px;\"><a href=\"https:\/\/uscatletica.ch\/wp\/wp-content\/uploads\/2015\/11\/classctol2010.pdf\" rel=\"\">2010<\/a><\/td>\n<td style=\"height: 24px;\"><a href=\"https:\/\/uscatletica.ch\/wp\/wp-content\/uploads\/2015\/11\/classctol2011.pdf\" rel=\"\">2011<\/a><\/td>\n<td style=\"height: 24px;\"><\/td>\n<td style=\"height: 24px;\"><\/td>\n<\/tr>\n<tr style=\"height: 24.6875px;\">\n<td style=\"height: 24.6875px;\"><a href=\"https:\/\/uscatletica.ch\/wp\/wp-content\/uploads\/2015\/11\/classficactmeet2012.pdf\" rel=\"\">2012<\/a><\/td>\n<td style=\"height: 24.6875px;\"><a href=\"https:\/\/uscatletica.ch\/wp\/wp-content\/uploads\/2015\/11\/CLASSMeetingUSCCTOLIMPIONICA2013.pdf\" rel=\"\">2013<\/a><\/td>\n<td style=\"height: 24.6875px;\"><a href=\"https:\/\/uscatletica.ch\/wp\/wp-content\/uploads\/2015\/11\/CLASSMeetingUSCCTOLIMPIONICA2014.pdf\" rel=\"\">2014<\/a><\/td>\n<td style=\"height: 24.6875px;\"><a href=\"https:\/\/uscatletica.ch\/wp\/wp-content\/uploads\/2015\/11\/mettingusc2015.pdf\" rel=\"\">2015<\/a><\/td>\n<td style=\"height: 24.6875px;\"><\/td>\n<td style=\"height: 24.6875px;\"><\/td>\n<td style=\"height: 24.6875px;\"><\/td>\n<\/tr>\n<tr style=\"height: 24.6875px;\">\n<td style=\"height: 24.6875px;\"><a href=\"https:\/\/uscatletica.ch\/wp\/wp-content\/uploads\/2016\/09\/classifichemeeting2016.pdf\" target=\"_blank\" rel=\"noopener\">2016<\/a><\/td>\n<td style=\"height: 24.6875px;\"><\/td>\n<td style=\"height: 24.6875px;\"><\/td>\n<td style=\"height: 24.6875px;\"><\/td>\n<td style=\"height: 24.6875px;\"><\/td>\n<td style=\"height: 24.6875px;\"><\/td>\n<td style=\"height: 24.6875px;\"><\/td>\n<\/tr>\n<\/tbody>\n<\/table>\n","protected":false},"excerpt":{"rendered":"<p>Manca una settimana ai campionati ticinesi di staffetta olimpionica e al 11\u00b0 Meeting Capriaschese . La prima edizione che potr\u00e0 beneficiare della nuova elegante e funzionale torretta di cronometraggio.Per la prima volta in Capriasca si correranno i 100 m in programma anche i 600 m u14 1000 m U16 ed i 1500 m. In pedana il getto del peso con gli attrezzi per tutte le categorie ed il salto in lungo. Venerd\u00ec scadranno le iscrizioni&#8230;<\/p>\n","protected":false},"author":4,"featured_media":301,"comment_status":"closed","ping_status":"closed","sticky":false,"template":"","format":"standard","meta":{"jetpack_post_was_ever_published":false,"_jetpack_newsletter_access":"","_jetpack_dont_email_post_to_subs":false,"_jetpack_newsletter_tier_id":0,"_jetpack_memberships_contains_paywalled_content":false,"_jetpack_memberships_contains_paid_content":false,"footnotes":"","jetpack_publicize_message":"","jetpack_publicize_feature_enabled":true,"jetpack_social_post_already_shared":true,"jetpack_social_options":{"image_generator_settings":{"template":"highway","default_image_id":0,"font":"","enabled":false},"version":2}},"categories":[12,4],"tags":[],"class_list":["post-4877","post","type-post","status-publish","format-standard","has-post-thumbnail","hentry","category-nostregare","category-pista"],"jetpack_publicize_connections":[],"jetpack_featured_media_url":"https:\/\/i0.wp.com\/uscatletica.ch\/wp\/wp-content\/uploads\/2015\/11\/meeting.png?fit=330%2C182&ssl=1","jetpack_sharing_enabled":true,"jetpack_shortlink":"https:\/\/wp.me\/p6V7Ck-1gF","jetpack-related-posts":[{"id":4898,"url":"https:\/\/uscatletica.ch\/wp\/?p=4898","url_meta":{"origin":4877,"position":0},"title":"11 Meeting Capriaschese 13.09.2017 Campionati ticinesi Olimpionica 18 squadre iscritte","author":"Leonida Stampanoni","date":"9 Settembre 2017","format":false,"excerpt":"Mercoled\u00ec, archiviati i campionati svizzeri giovanili, si torner\u00e0 a gareggiare in Ticino ,l'USC \u00e8 felice di accogliere \u00a010 squadre maschili e 8 squadre femminili ai campionati ticinesi di staffetta olimpionica. Tutto \u00e8 pronto per l'undicesima edizione del Meeting Capriaschese la prima con la nuova torretta di cronometraggio che dar\u00e0 agli\u2026","rel":"","context":"In &quot;I nostri appuntamenti&quot;","block_context":{"text":"I nostri appuntamenti","link":"https:\/\/uscatletica.ch\/wp\/?cat=12"},"img":{"alt_text":"","src":"https:\/\/i0.wp.com\/uscatletica.ch\/wp\/wp-content\/uploads\/2017\/09\/CTOLIMPIONICA2017.jpg?resize=350%2C200&ssl=1","width":350,"height":200,"srcset":"https:\/\/i0.wp.com\/uscatletica.ch\/wp\/wp-content\/uploads\/2017\/09\/CTOLIMPIONICA2017.jpg?resize=350%2C200&ssl=1 1x, https:\/\/i0.wp.com\/uscatletica.ch\/wp\/wp-content\/uploads\/2017\/09\/CTOLIMPIONICA2017.jpg?resize=525%2C300&ssl=1 1.5x, https:\/\/i0.wp.com\/uscatletica.ch\/wp\/wp-content\/uploads\/2017\/09\/CTOLIMPIONICA2017.jpg?resize=700%2C400&ssl=1 2x"},"classes":[]},{"id":4935,"url":"https:\/\/uscatletica.ch\/wp\/?p=4935","url_meta":{"origin":4877,"position":1},"title":"CT OLIMPIONICA E MEETING CAPRIASCHESE TUTTI AI BLOCCHI DI  (Nuova lista iscritta  rassegna stampa)","author":"Leonida Stampanoni","date":"12 Settembre 2017","format":false,"excerpt":"11 edizione Meeting Capriaschese \u00a0Campionati Ticinesi Olimpionica 13 settembre 2017 Nuova lista iscritti CT Olimpionica 13.09 6.45 \u00a0 Formulario da riempire ed inviare\u00a0 Importante indicare il numero di licenza Swiss Athletics Campionato ticinese di Staffetta Olimpionica Termine per le iscrizioni nominali complete di numero di licenza Swiss Athletics \u00a0mercoledi 13.09\u2026","rel":"","context":"In &quot;I nostri appuntamenti&quot;","block_context":{"text":"I nostri appuntamenti","link":"https:\/\/uscatletica.ch\/wp\/?cat=12"},"img":{"alt_text":"","src":"https:\/\/i0.wp.com\/uscatletica.ch\/wp\/wp-content\/uploads\/2016\/09\/CTOLI16F.jpg?fit=562%2C347&ssl=1&resize=350%2C200","width":350,"height":200,"srcset":"https:\/\/i0.wp.com\/uscatletica.ch\/wp\/wp-content\/uploads\/2016\/09\/CTOLI16F.jpg?fit=562%2C347&ssl=1&resize=350%2C200 1x, https:\/\/i0.wp.com\/uscatletica.ch\/wp\/wp-content\/uploads\/2016\/09\/CTOLI16F.jpg?fit=562%2C347&ssl=1&resize=525%2C300 1.5x"},"classes":[]},{"id":9001,"url":"https:\/\/uscatletica.ch\/wp\/?p=9001","url_meta":{"origin":4877,"position":2},"title":"Meeting Capriaschese CT Staffetta Olimpionica","author":"Leonida Stampanoni","date":"11 Settembre 2019","format":false,"excerpt":"La 13 edizione del meeting Capriachese \u00e8 pronta siamo lieti di accogliere in Capriasca \u00a0le dodici squadre che si contenderanno i i titoli di campione ticinese. Benvenuti anche tutti gli atleti che gareggeranno nelle gare individuali\u00a0 SAM E GAB Trionfano nella staffetta olimpionica echi dell'edizione 2018 Iscritti \u00a0 Comunicato FTAL,\u2026","rel":"","context":"In &quot;Non catalogato&quot;","block_context":{"text":"Non catalogato","link":"https:\/\/uscatletica.ch\/wp\/?cat=6"},"img":{"alt_text":"","src":"https:\/\/i0.wp.com\/uscatletica.ch\/wp\/wp-content\/uploads\/2016\/01\/LOGOUSC2015.jpg?fit=1200%2C626&ssl=1&resize=350%2C200","width":350,"height":200,"srcset":"https:\/\/i0.wp.com\/uscatletica.ch\/wp\/wp-content\/uploads\/2016\/01\/LOGOUSC2015.jpg?fit=1200%2C626&ssl=1&resize=350%2C200 1x, https:\/\/i0.wp.com\/uscatletica.ch\/wp\/wp-content\/uploads\/2016\/01\/LOGOUSC2015.jpg?fit=1200%2C626&ssl=1&resize=525%2C300 1.5x, https:\/\/i0.wp.com\/uscatletica.ch\/wp\/wp-content\/uploads\/2016\/01\/LOGOUSC2015.jpg?fit=1200%2C626&ssl=1&resize=700%2C400 2x, https:\/\/i0.wp.com\/uscatletica.ch\/wp\/wp-content\/uploads\/2016\/01\/LOGOUSC2015.jpg?fit=1200%2C626&ssl=1&resize=1050%2C600 3x"},"classes":[]},{"id":8805,"url":"https:\/\/uscatletica.ch\/wp\/?p=8805","url_meta":{"origin":4877,"position":3},"title":"Meeting Capriaschese  2019","author":"Leonida Stampanoni","date":"4 Settembre 2019","format":false,"excerpt":"13 edizione Meeting Capriaschese \u00a0Campionati Ticinesi Olimpionica 11 settembre 2019 ISCRIZIONE ONLINE LISTA ISCRITTI CT OLIMPIONICA PROGRAMMA 2019 meetingcapri2019Scarica meetingcapriaschese2019 Programma provvisorio 2019 Campionato ticinese staffetta olimpionica (Termine iscrizione 4.9.2019) 80 m U16,600 m U16, 100 m , 1500 m PESO femminile 3 kg , 4 kg,\u00a0 peso Maschile\u00a0 4kg,\u2026","rel":"","context":"In &quot;Pista&quot;","block_context":{"text":"Pista","link":"https:\/\/uscatletica.ch\/wp\/?cat=4"},"img":{"alt_text":"","src":"https:\/\/i0.wp.com\/uscatletica.ch\/wp\/wp-content\/uploads\/2019\/09\/CTOLIMPIONICA2019.jpg?resize=350%2C200&ssl=1","width":350,"height":200,"srcset":"https:\/\/i0.wp.com\/uscatletica.ch\/wp\/wp-content\/uploads\/2019\/09\/CTOLIMPIONICA2019.jpg?resize=350%2C200&ssl=1 1x, https:\/\/i0.wp.com\/uscatletica.ch\/wp\/wp-content\/uploads\/2019\/09\/CTOLIMPIONICA2019.jpg?resize=525%2C300&ssl=1 1.5x, https:\/\/i0.wp.com\/uscatletica.ch\/wp\/wp-content\/uploads\/2019\/09\/CTOLIMPIONICA2019.jpg?resize=700%2C400&ssl=1 2x, https:\/\/i0.wp.com\/uscatletica.ch\/wp\/wp-content\/uploads\/2019\/09\/CTOLIMPIONICA2019.jpg?resize=1050%2C600&ssl=1 3x, https:\/\/i0.wp.com\/uscatletica.ch\/wp\/wp-content\/uploads\/2019\/09\/CTOLIMPIONICA2019.jpg?resize=1400%2C800&ssl=1 4x"},"classes":[]},{"id":10800,"url":"https:\/\/uscatletica.ch\/wp\/?p=10800","url_meta":{"origin":4877,"position":4},"title":"Meeting della Capriasca e Campionati ticinesi Olimpionica LISTE PARTENZA","author":"Leonida Stampanoni","date":"5 Settembre 2020","format":false,"excerpt":"Meeting C della Capriasca Swiss athletics e Campionati ticinesi olimpionica MERCOLED\u00cc 23 SETTEMBRE 2020 USC Capriaschese - Arena Sportiva Capriasca ORARIO LISTE DI PARTENZA RISULTATI IN DIRETTA \u00a0 \u00a0 Programma orario indicativo della manifestazione (conferma iscrizioni: 1 ora prima della relativa gara) 18:40 80 m U16 U16 maschile 18:45 Peso\u2026","rel":"","context":"In &quot;I nostri appuntamenti&quot;","block_context":{"text":"I nostri appuntamenti","link":"https:\/\/uscatletica.ch\/wp\/?cat=12"},"img":{"alt_text":"","src":"https:\/\/i0.wp.com\/uscatletica.ch\/wp\/wp-content\/uploads\/2016\/04\/logoimmaginesito.png?fit=563%2C294&ssl=1&resize=350%2C200","width":350,"height":200,"srcset":"https:\/\/i0.wp.com\/uscatletica.ch\/wp\/wp-content\/uploads\/2016\/04\/logoimmaginesito.png?fit=563%2C294&ssl=1&resize=350%2C200 1x, https:\/\/i0.wp.com\/uscatletica.ch\/wp\/wp-content\/uploads\/2016\/04\/logoimmaginesito.png?fit=563%2C294&ssl=1&resize=525%2C300 1.5x"},"classes":[]},{"id":6444,"url":"https:\/\/uscatletica.ch\/wp\/?p=6444","url_meta":{"origin":4877,"position":5},"title":"Campionati Ticinesi di Staffetta olimpionica Iscrizioni aperte orari meeting Capriaschese","author":"Leonida Stampanoni","date":"27 Agosto 2018","format":false,"excerpt":"Mercoled\u00ec 12 Settembre in palio ci saranno i titoli cantonali di Staffetta\u00a0olimpionica l'USC \u00e8 lieta di annunciare che le iscrizioni sono aperte\u00a0 si cercano i successori della Virtus Locarno tra gli uomini e della SA Lugano tra le donne \ufeff 12 edizione Meeting Capriaschese \u00a0Campionati Ticinesi Olimpionica 12 settembre 2018\u2026","rel":"","context":"In &quot;I nostri appuntamenti&quot;","block_context":{"text":"I nostri appuntamenti","link":"https:\/\/uscatletica.ch\/wp\/?cat=12"},"img":{"alt_text":"","src":"https:\/\/i0.wp.com\/uscatletica.ch\/wp\/wp-content\/uploads\/2018\/08\/meetingcapriasca2018.jpg?resize=350%2C200&ssl=1","width":350,"height":200,"srcset":"https:\/\/i0.wp.com\/uscatletica.ch\/wp\/wp-content\/uploads\/2018\/08\/meetingcapriasca2018.jpg?resize=350%2C200&ssl=1 1x, https:\/\/i0.wp.com\/uscatletica.ch\/wp\/wp-content\/uploads\/2018\/08\/meetingcapriasca2018.jpg?resize=525%2C300&ssl=1 1.5x"},"classes":[]}],"_links":{"self":[{"href":"https:\/\/uscatletica.ch\/wp\/index.php?rest_route=\/wp\/v2\/posts\/4877","targetHints":{"allow":["GET"]}}],"collection":[{"href":"https:\/\/uscatletica.ch\/wp\/index.php?rest_route=\/wp\/v2\/posts"}],"about":[{"href":"https:\/\/uscatletica.ch\/wp\/index.php?rest_route=\/wp\/v2\/types\/post"}],"author":[{"embeddable":true,"href":"https:\/\/uscatletica.ch\/wp\/index.php?rest_route=\/wp\/v2\/users\/4"}],"replies":[{"embeddable":true,"href":"https:\/\/uscatletica.ch\/wp\/index.php?rest_route=%2Fwp%2Fv2%2Fcomments&post=4877"}],"version-history":[{"count":6,"href":"https:\/\/uscatletica.ch\/wp\/index.php?rest_route=\/wp\/v2\/posts\/4877\/revisions"}],"predecessor-version":[{"id":4896,"href":"https:\/\/uscatletica.ch\/wp\/index.php?rest_route=\/wp\/v2\/posts\/4877\/revisions\/4896"}],"wp:featuredmedia":[{"embeddable":true,"href":"https:\/\/uscatletica.ch\/wp\/index.php?rest_route=\/wp\/v2\/media\/301"}],"wp:attachment":[{"href":"https:\/\/uscatletica.ch\/wp\/index.php?rest_route=%2Fwp%2Fv2%2Fmedia&parent=4877"}],"wp:term":[{"taxonomy":"category","embeddable":true,"href":"https:\/\/uscatletica.ch\/wp\/index.php?rest_route=%2Fwp%2Fv2%2Fcategories&post=4877"},{"taxonomy":"post_tag","embeddable":true,"href":"https:\/\/uscatletica.ch\/wp\/index.php?rest_route=%2Fwp%2Fv2%2Ftags&post=4877"}],"curies":[{"name":"wp","href":"https:\/\/api.w.org\/{rel}","templated":true}]}}