{"id":5412,"date":"2018-01-13T08:00:09","date_gmt":"2018-01-13T07:00:09","guid":{"rendered":"http:\/\/uscatletica.ch\/wp\/?p=5412"},"modified":"2018-01-13T23:46:26","modified_gmt":"2018-01-13T22:46:26","slug":"gordola-riparte-la-stagione-dei-cross","status":"publish","type":"post","link":"https:\/\/uscatletica.ch\/wp\/?p=5412","title":{"rendered":"Gordola riparte la stagione dei cross"},"content":{"rendered":"<blockquote><p>&nbsp;<\/p>\n<p>Sabato alle Roviscaglie di Gordola ripartir\u00e0 la coppa Ticino di cross 338 gli iscritti quasi un cinquantina di USCini, al via nel primo appuntamento agonistico del 2018. Domenica alla Regazzi di Gordola si assegneranno invece i primi titoli cantonali del nuovo anno. Sabato a partire dalle 12.00 sul veloce circuito di 1600 m i nostri atleti cercheranno di confermare\u00a0 gli ottimi risultati ottenuti nelle prime tre uscite di coppa.<\/p>\n<p>Rassegna stampa\u00a0<a href=\"https:\/\/uscatletica.ch\/wp\/wp-content\/uploads\/2018\/01\/lrtgordola20180112.pdf\">La Regione<\/a> <a href=\"https:\/\/uscatletica.ch\/wp\/wp-content\/uploads\/2018\/01\/gdpctciv180113.pdf\">GDP<\/a> <a href=\"https:\/\/uscatletica.ch\/wp\/wp-content\/uploads\/2018\/01\/cdtctcgordola20180113.pdf\">CDT<\/a><\/p>\n<h2><a href=\"https:\/\/www.endu.net\/it\/events\/cross-gordola-ctc\/\" target=\"_blank\" rel=\"noopener\">Risultati live da Gordola<\/a><\/h2>\n<h2 class=\"western\"><span style=\"font-family: Geneva, sans-serif;\">Comunicato FTAL 11.01.2018-COPPA TICINO CROSS . <\/span><\/h2>\n<p align=\"LEFT\"><span style=\"font-family: Geneva, sans-serif;\"><span style=\"font-size: large;\"><b>COPPA TICINO CROSS E CAMPIONATI TICINESI INDOOR SI RIPARTE DA GORDOLA<\/b><\/span><\/span><\/p>\n<p align=\"LEFT\"><span style=\"color: #5a5a5a;\"><span style=\"font-size: medium;\"><i>. <\/i><\/span><\/span><\/p>\n<p><span lang=\"it-IT\">LEST<\/span>&#8211;<\/p>\n<p>Gordola ospiter\u00e0 nel fine settimana i primi due appuntamenti agonistici del 2018 targato FTAL, sabato sui prati delle roviscaglie la SAG organizzer\u00e0 la quarta prova della coppa Ticino FTAL Laube Greenkey, domenica l&#8217;US Ascona organizzer\u00e0 alla Regazzi i campionati ticinesi indoor nelle discipline salto in alto, salto con l&#8217;asta e salto triplo ci sar\u00e0 pure la possibilit\u00e0 di gareggiare sui 60 m ostacoli.<\/p>\n<p>Sabato a partire dalle 12.00 saranno oltre 300 gli appassionati di corsa campestre apriranno il poker di cross previsti nel 2018, la coppa proseguir\u00e0 il 27 gennaio con la prova di Vezia, valida anche per il circuito cross cup di Swiss Athletics. Domenica 4 febbraio si terr\u00e0 a Casvegno il cross sprint dell&#8217;atletica Mendrisiotto. I campionati ticinesi di Banco di Bedigliora domenica 25 chiuderanno la stagione ticinese, mentre la caccia ai titoli nazionale sar\u00e0 sabato marzo a Geneve.<\/p>\n<p>Il veloce circuito di 1600 m disegnato ai bordi della Verzasca ospiter\u00f2 il duello tra Lukas Oehen (FGM) e Roberto Delorenzi (USC) nella corsa alla vittoria in coppa. Delorenzi che lunedi partir\u00e0 poi per la scuola reclute. Altri possibili favoriti sui 9600 m della gara principale potrebbero essere Adriano Engelhardt (USA) e Tobia Pezzati (ATM). Nella gara di chiusura tra U20 e masters impegnati su 8000 m da osservare i giovani Sasha Caterina (USA) ed Enea Ratti (GAD) e gli esperti Jonathan Stampanoni (USC) e Enrico Cavadini (RCB) e Giuseppe Pignataro (SAM).<\/p>\n<p>Nella gara femminile sui 5200 m una sola la favorita la forte luganese Evelyne Dietschi che dovr\u00e0 vedersela con le Emma Lucchina (Vigor) e le capoclassifica masters Manuela Falconi (SFG Biasca), Jeannette Bragagnolo (GAB) e le giovani Cecilia Galli Conforto (SAL) , Chiara Ghielmini (Vigor) e Rachele Botti (USC). Nel cross corto sui 3600 occhio di riguardo per Marco Maffongelli (Vigor), Roberto Simone (GAB) e Pietro Calamai (SAM).<\/p>\n<p>Zoe Ranzoni (Virtus) ha vinto domenica la prima prova di cross cup a Netstal, e sar\u00e0 al via tra le favorite nella categoria U18 dove trover\u00e0 Mara Moser (GAB) a contrastarla sui 3600 m . Tra i ragazzi U18 impegnati su 5200 m la sfida sar\u00e0 tra il leader di coppa Mattia Verzaroli (GAB) e Andrea Alagona (USA) che ha dominato l&#8217;ultima uscita di Tesserete.<\/p>\n<p>Tra gli U16 maschile un quartetto domina la coppa Ticino Jordanos Ammirati(SAM) , Filippo Balestra (GAB) e Andre Da Cruz (Vigor) hanno vinto le prime tre uscite Giona Lazzeri (GAD) \u00e8 l&#8217;unico a secco di vittorie ma la lotta \u00e8 veramente avvincente. Tra le ragazze Letizia Martinelli ha dominato le tre gare in cui \u00e8 partita alle sue spalle emergono le gemelle Sara e Giulia Salvad\u00e9.<\/p>\n<p>Nelle categorie dei piu giovani Zoe Rossi (SAB) e Tosca Del Siro (GAD) sono ancora imbattute mentre tra i ragazzi comandano due atleti del AS Monteceneri Gioele De Marco e C\u00e9dric M\u00fcller.<\/p>\n<p>Potete seguire i risultati live sul web dal sito Endu.net<\/p>\n<p lang=\"it-IT\"><span style=\"color: #444444;\"><span style=\"font-family: 'Lucida Sans Unicode', serif;\"><span style=\"font-size: small;\"><b>Leonida Stampanoni<\/b><\/span><\/span><\/span><\/p>\n<\/blockquote>\n","protected":false},"excerpt":{"rendered":"<p>&nbsp; Sabato alle Roviscaglie di Gordola ripartir\u00e0 la coppa Ticino di cross 338 gli iscritti quasi un cinquantina di USCini, al via nel primo appuntamento agonistico del 2018. Domenica alla Regazzi di Gordola si assegneranno invece i primi titoli cantonali del nuovo anno. Sabato a partire dalle 12.00 sul veloce circuito di 1600 m i nostri atleti cercheranno di confermare\u00a0 gli ottimi risultati ottenuti nelle prime tre uscite di coppa. Rassegna stampa\u00a0La Regione GDP CDT&#8230;<\/p>\n","protected":false},"author":4,"featured_media":5211,"comment_status":"closed","ping_status":"closed","sticky":false,"template":"","format":"standard","meta":{"jetpack_post_was_ever_published":false,"_jetpack_newsletter_access":"","_jetpack_dont_email_post_to_subs":false,"_jetpack_newsletter_tier_id":0,"_jetpack_memberships_contains_paywalled_content":false,"_jetpack_memberships_contains_paid_content":false,"footnotes":"","jetpack_publicize_message":"","jetpack_publicize_feature_enabled":true,"jetpack_social_post_already_shared":true,"jetpack_social_options":{"image_generator_settings":{"template":"highway","default_image_id":0,"font":"","enabled":false},"version":2}},"categories":[7],"tags":[],"class_list":["post-5412","post","type-post","status-publish","format-standard","has-post-thumbnail","hentry","category-cross"],"jetpack_publicize_connections":[],"jetpack_featured_media_url":"https:\/\/i0.wp.com\/uscatletica.ch\/wp\/wp-content\/uploads\/2015\/11\/LOGOCOPPATICROSS.png?fit=960%2C420&ssl=1","jetpack_sharing_enabled":true,"jetpack_shortlink":"https:\/\/wp.me\/p6V7Ck-1pi","jetpack-related-posts":[{"id":5404,"url":"https:\/\/uscatletica.ch\/wp\/?p=5404","url_meta":{"origin":5412,"position":0},"title":"COPPA TICINO CROSS CLASSIFICA FINALE CAMPIONATI TICINESI DI CROSS Banco","author":"Leonida Stampanoni","date":"6 Gennaio 2018","format":false,"excerpt":"COPPA TICINO CROSS FTAL 2017-2018\u00a0 Laube -Greenkey \u00a0 La coppa Ticino 2017-2018\u00a0 patrocinata dalla FTAL\u00a0 avr\u00e0 iscrizioni e classifiche gestita per la prima volta da Mysdam tramite il portale \u00a0 Endu.net.\u00a0\u00a0 3 Marzo CAMPIONATI SVIZZERI DI CROSS GENEVE CLASSIFICHE FINALI COPPA TICINO CROSS Classifica finale coppa Ticino FTAL CAMPIONATI TICINESI\u2026","rel":"","context":"In &quot;Altro&quot;","block_context":{"text":"Altro","link":"https:\/\/uscatletica.ch\/wp\/?cat=11"},"img":{"alt_text":"","src":"https:\/\/i0.wp.com\/uscatletica.ch\/wp\/wp-content\/uploads\/2017\/12\/podiocrosspom1712m40.jpg?fit=532%2C399&ssl=1&resize=350%2C200","width":350,"height":200,"srcset":"https:\/\/i0.wp.com\/uscatletica.ch\/wp\/wp-content\/uploads\/2017\/12\/podiocrosspom1712m40.jpg?fit=532%2C399&ssl=1&resize=350%2C200 1x, https:\/\/i0.wp.com\/uscatletica.ch\/wp\/wp-content\/uploads\/2017\/12\/podiocrosspom1712m40.jpg?fit=532%2C399&ssl=1&resize=525%2C300 1.5x"},"classes":[]},{"id":9404,"url":"https:\/\/uscatletica.ch\/wp\/?p=9404","url_meta":{"origin":5412,"position":1},"title":"COPPA TICINO CROSS CALENDARIO INFO  CROSS CAMPIONATI TICINESI","author":"Leonida Stampanoni","date":"4 Novembre 2019","format":false,"excerpt":"Sabato \u00a001.02.2020 Campionati Ticinesi di Cross Camignolo Crossct2020usc Sabato \u00a025.01.2020 Cross Vezia\u00a0 CrossVI2020USC Sabato 11.01.2020 Cross Gordola Sabato 14.12.2019 Cross Moghegno CrossmoghegnoUSC19 Domenica 01.12.2019 Cross Mendrisio\u00a0 Iscrizioni entro mercoled\u00ec 27 novembre 2019 \u00a0ore 21.00\u00a0 Locandina Cross Mendrisio Domenica 10.11.2019 Cross Dongio Locandina cross Dongio Iscrizioni entro mercoled\u00ec 6 novembre 2019\u2026","rel":"","context":"In &quot;Cross&quot;","block_context":{"text":"Cross","link":"https:\/\/uscatletica.ch\/wp\/?cat=7"},"img":{"alt_text":"","src":"https:\/\/i0.wp.com\/uscatletica.ch\/wp\/wp-content\/uploads\/2019\/02\/P1010343.jpg?fit=1024%2C768&ssl=1&resize=350%2C200","width":350,"height":200,"srcset":"https:\/\/i0.wp.com\/uscatletica.ch\/wp\/wp-content\/uploads\/2019\/02\/P1010343.jpg?fit=1024%2C768&ssl=1&resize=350%2C200 1x, https:\/\/i0.wp.com\/uscatletica.ch\/wp\/wp-content\/uploads\/2019\/02\/P1010343.jpg?fit=1024%2C768&ssl=1&resize=525%2C300 1.5x, https:\/\/i0.wp.com\/uscatletica.ch\/wp\/wp-content\/uploads\/2019\/02\/P1010343.jpg?fit=1024%2C768&ssl=1&resize=700%2C400 2x"},"classes":[]},{"id":5163,"url":"https:\/\/uscatletica.ch\/wp\/?p=5163","url_meta":{"origin":5412,"position":2},"title":"COPPA TICINO CROSS le classifiche dopo tre gare prima parte","author":"Leonida Stampanoni","date":"6 Novembre 2017","format":false,"excerpt":"COPPA TICINO CROSS FTAL 2017-2018\u00a0 Laube -Greenkey \u00a0 La coppa Ticino 2017-2018\u00a0 patrocinata dalla FTAL\u00a0 avr\u00e0 iscrizioni e classifiche gestita per la prima volta da Mysdam tramite il portale \u00a0 Endu.net.\u00a0\u00a0 CLASSIFICHE COPPA TICINO DOPO LE PRIME TRE PROVE Classifica individuale Classifica Societa CROSS DI POM CAPRIASCA Domenica 3 Dicembre\u2026","rel":"","context":"In &quot;Cross&quot;","block_context":{"text":"Cross","link":"https:\/\/uscatletica.ch\/wp\/?cat=7"},"img":{"alt_text":"","src":"https:\/\/i0.wp.com\/uscatletica.ch\/wp\/wp-content\/uploads\/2017\/03\/P1450159.jpg?fit=563%2C422&ssl=1&resize=350%2C200","width":350,"height":200,"srcset":"https:\/\/i0.wp.com\/uscatletica.ch\/wp\/wp-content\/uploads\/2017\/03\/P1450159.jpg?fit=563%2C422&ssl=1&resize=350%2C200 1x, https:\/\/i0.wp.com\/uscatletica.ch\/wp\/wp-content\/uploads\/2017\/03\/P1450159.jpg?fit=563%2C422&ssl=1&resize=525%2C300 1.5x"},"classes":[]},{"id":9725,"url":"https:\/\/uscatletica.ch\/wp\/?p=9725","url_meta":{"origin":5412,"position":3},"title":"LA Coppa Ticino Riparte da Gordola","author":"Leonida Stampanoni","date":"10 Gennaio 2020","format":false,"excerpt":"Sabato il cross di Gordola aprir\u00e0 la seconda fase della Coppa Ticino di cross FTAL Laube Greenkey.Il 2020 sar\u00e0 l'anno del mezzo secolo della nostra federazione di atletica. Nella prima parte di stagione i nostri atleti si sono battuti alla grande, se a livello di partecipazioni si nota un lieve\u2026","rel":"","context":"In &quot;Cross&quot;","block_context":{"text":"Cross","link":"https:\/\/uscatletica.ch\/wp\/?cat=7"},"img":{"alt_text":"","src":"https:\/\/i0.wp.com\/uscatletica.ch\/wp\/wp-content\/uploads\/2019\/12\/20191214staru14.jpeg?fit=421%2C316&ssl=1&resize=350%2C200","width":350,"height":200},"classes":[]},{"id":7011,"url":"https:\/\/uscatletica.ch\/wp\/?p=7011","url_meta":{"origin":5412,"position":4},"title":"La  coppa Ticino riparte dal cross di Gordola","author":"Leonida Stampanoni","date":"11 Gennaio 2019","format":false,"excerpt":"Sabato a Gordola si correr\u00e0 la quinta prova di coppa Ticino, nella prima parte gli atleti USC si sono difesi alla grande una media di una 50ina di partecipanti con lo storico exploit dei 100 arrivati al nostro cross di Pom. Nella classifica di coppa Rachele, Hassan, Jonathan e Roby\u2026","rel":"","context":"In &quot;Cross&quot;","block_context":{"text":"Cross","link":"https:\/\/uscatletica.ch\/wp\/?cat=7"},"img":{"alt_text":"","src":"https:\/\/i0.wp.com\/uscatletica.ch\/wp\/wp-content\/uploads\/2018\/01\/CRO.jpg?fit=532%2C399&ssl=1&resize=350%2C200","width":350,"height":200,"srcset":"https:\/\/i0.wp.com\/uscatletica.ch\/wp\/wp-content\/uploads\/2018\/01\/CRO.jpg?fit=532%2C399&ssl=1&resize=350%2C200 1x, https:\/\/i0.wp.com\/uscatletica.ch\/wp\/wp-content\/uploads\/2018\/01\/CRO.jpg?fit=532%2C399&ssl=1&resize=525%2C300 1.5x"},"classes":[]},{"id":3299,"url":"https:\/\/uscatletica.ch\/wp\/?p=3299","url_meta":{"origin":5412,"position":5},"title":"USCini il 2017 comincia a Gordola","author":"Leonida Stampanoni","date":"11 Gennaio 2017","format":false,"excerpt":"Nel fine settimana a Gordola debutter\u00e0 l'annata atletica 2017 \u00a0sabato sui prati delle Roviscaglie in programma la quarta prova di coppa Ticino \u00a0con una sessantina di USCini attesi al via . Domenica alla Palestra Regazzi in palio per il secondo anno i titoli cantonali nei salti tre USCine al via\u2026","rel":"","context":"In &quot;Cross&quot;","block_context":{"text":"Cross","link":"https:\/\/uscatletica.ch\/wp\/?cat=7"},"img":{"alt_text":"","src":"https:\/\/i0.wp.com\/uscatletica.ch\/wp\/wp-content\/uploads\/2016\/01\/P1370359.jpg?fit=563%2C422&ssl=1&resize=350%2C200","width":350,"height":200,"srcset":"https:\/\/i0.wp.com\/uscatletica.ch\/wp\/wp-content\/uploads\/2016\/01\/P1370359.jpg?fit=563%2C422&ssl=1&resize=350%2C200 1x, https:\/\/i0.wp.com\/uscatletica.ch\/wp\/wp-content\/uploads\/2016\/01\/P1370359.jpg?fit=563%2C422&ssl=1&resize=525%2C300 1.5x"},"classes":[]}],"_links":{"self":[{"href":"https:\/\/uscatletica.ch\/wp\/index.php?rest_route=\/wp\/v2\/posts\/5412","targetHints":{"allow":["GET"]}}],"collection":[{"href":"https:\/\/uscatletica.ch\/wp\/index.php?rest_route=\/wp\/v2\/posts"}],"about":[{"href":"https:\/\/uscatletica.ch\/wp\/index.php?rest_route=\/wp\/v2\/types\/post"}],"author":[{"embeddable":true,"href":"https:\/\/uscatletica.ch\/wp\/index.php?rest_route=\/wp\/v2\/users\/4"}],"replies":[{"embeddable":true,"href":"https:\/\/uscatletica.ch\/wp\/index.php?rest_route=%2Fwp%2Fv2%2Fcomments&post=5412"}],"version-history":[{"count":3,"href":"https:\/\/uscatletica.ch\/wp\/index.php?rest_route=\/wp\/v2\/posts\/5412\/revisions"}],"predecessor-version":[{"id":5418,"href":"https:\/\/uscatletica.ch\/wp\/index.php?rest_route=\/wp\/v2\/posts\/5412\/revisions\/5418"}],"wp:featuredmedia":[{"embeddable":true,"href":"https:\/\/uscatletica.ch\/wp\/index.php?rest_route=\/wp\/v2\/media\/5211"}],"wp:attachment":[{"href":"https:\/\/uscatletica.ch\/wp\/index.php?rest_route=%2Fwp%2Fv2%2Fmedia&parent=5412"}],"wp:term":[{"taxonomy":"category","embeddable":true,"href":"https:\/\/uscatletica.ch\/wp\/index.php?rest_route=%2Fwp%2Fv2%2Fcategories&post=5412"},{"taxonomy":"post_tag","embeddable":true,"href":"https:\/\/uscatletica.ch\/wp\/index.php?rest_route=%2Fwp%2Fv2%2Ftags&post=5412"}],"curies":[{"name":"wp","href":"https:\/\/api.w.org\/{rel}","templated":true}]}}