{"id":5444,"date":"2018-01-17T10:35:13","date_gmt":"2018-01-17T09:35:13","guid":{"rendered":"http:\/\/uscatletica.ch\/wp\/?p=5444"},"modified":"2018-01-17T11:00:20","modified_gmt":"2018-01-17T10:00:20","slug":"al-fevi-scattano-i-nostri-velocisti","status":"publish","type":"post","link":"https:\/\/uscatletica.ch\/wp\/?p=5444","title":{"rendered":"Al Fevi scattano i nostri velocisti"},"content":{"rendered":"<p class=\"western\">\u00a0Domenica al Palexpo di Locarno \u00e8 partita la stagione Indoor, in palio i titoli cantonali di alto, asta e tripl0, buona la partecipazione. Mercoledi sera sulla pista del Palexpo debutter\u00e0 la stagione degli sprinter cn il tris della velocit\u00e0 attesi al via si presenteranno anche i nostri atleti che a partire dalla 18.00.<\/p>\n<p><a href=\"https:\/\/drive.google.com\/file\/d\/1bxU37WCca4E-CSPRhfPa67__Wv7RCqNb\/view?usp=drive_web\" target=\"_blank\" rel=\"noopener\">IL PROGRAMMA<\/a><\/p>\n<p align=\"LEFT\"><span style=\"font-family: 'Calibri Light', serif;\"><span style=\"font-size: xx-large;\"><b><span style=\"color: #2e74b5;\"><span style=\"font-size: small;\">Comunicato FTAL, 15 gennaio 2018 &#8211;\u00a0<\/span><\/span><\/b><\/span><\/span><\/p>\n<p align=\"LEFT\"><span style=\"font-family: 'Calibri Light', serif;\"><span style=\"font-size: xx-large;\"><b>A Gordola si sale vicino ai 2 metri<\/b><\/span><\/span><\/p>\n<p align=\"LEFT\"><span style=\"color: #5a5a5a;\"><span style=\"font-size: large;\"><i><span style=\"font-size: medium;\">Domenica alla Palestra Regazzi di Tenero-Gordola il primo meeting indoor della stagione, nell\u2019alto Riccardo Durini vince con 1.94 metri<\/span><\/i><\/span><\/span><\/p>\n<p><span lang=\"it-IT\"><b>FTAL\/elista<\/b><\/span> \u2013 A meno di 24 ore dal cross di Gordola valevole per la Coppa Ticino, domenica il comune locarnese ha ospitato un altro appuntamento FTAL con il primo meeting stagionale indoor d\u2019atletica. La terza edizione del Campionato ticinese indoor di salti (<b>alto, triplo e asta), <\/b>organizzato dall\u2019USA Ascona alla palestra Regazzi di Tenero-Gordola, ha visto primeggiare nell\u2019alto Riccardo Durini della Vigor Ligornetto che ha avvicinato i due metri, vincendo la prova con la misura di 1.94 m. Secondo rango per Nicolas Lazaro dell\u2019USA Ascona con 1.89 m e terzo il decatleta dell\u2019ASSPP Riva San Vitale Luca Bernaschina con 1.86 m. Sopra l\u20191.80 anche Alessio Nembrini del GAB e Matteo Zariatti dell\u2019ASSPO per un concorso ben frequentato e di buona qualit\u00e0.<\/p>\n<p>Dopo l\u2019argento nell\u2019alto Nicolas Lazaro \u00e8 stato il migliore nell\u2019asta, superando l\u2019asticella posta a 4 metri. Con la stessa misura anche il secondo classificato, Matteo Dozio della SAM che ha preceduto Fabio Kissling di Brunnen. Nel triplo vittoria germanica per Andreas Lechner del LC Br\u00fchl che \u00e8 atterrato a 13.35 metri. Secondo rango e primo ticinese Christian Reboldi della SAB con 12.44 metri che ha preceduto un terzetto dell\u2019ASSPO formato da Stefano Anzani, Matteo Zariatti e Franz Bernasconi, tutti sopra i 12 metri.<\/p>\n<p>Al femminile vittoria per Silvia Biacchi delle Frecce Gialle Malcantone con 1.53 m nell\u2019alto, davanti ad Eleonora De Putti della SAM e Ronja Wengli di Zugo. Quest\u2019ultima si \u00e8 poi imposta nell\u2019asta con la misura di 3.20 m davanti alla prima ticinese, Alice Turuani dell\u2019USA Ascona con 2.90 m. Vittoria d\u2019Oltralpe anche nel triplo con Alina Tobler (LC Br\u00fchl) che ha dominato il concorso con 12.06 metri davanti a Ma\u00ebva Tahou della SAB (10.98 m), Corina Sieber di Br\u00fchl (10.84 m), Bernadette Gervasoni della SAB (10.82 m) ed Eleonora De Putti della SAM (10.68 m).<\/p>\n<p>A completare la giornata della prima fetta di Campionati ticinesi al coperto c\u2019erano anche le prove sui 60 metri ostacoli, i cui titoli si assegneranno il 30 gennaio al Palexpo di Locarno. Tra gli uomini, con ostacoli di 106.7 cm, vittoria per Luca Bernaschina in 8\u2019\u201992 davanti ad Ananchai Rodoni del GAB con 9\u2019\u201910, mentre tra le donne solo U18 al via e vittoria per Viviana Pasini del GAB in 9\u2019\u201947 (ostacoli a 76.2 cm). Tra gli U18 maschili (ostacoli a 99.1 cm) 9\u2019\u201914 per Alessio Nembrini davanti a Matteo Dozio in 9\u2019\u201921.<\/p>\n<p>Il prossimo appuntamento con l\u2019atletica indoor \u00e8 gi\u00e0 per mercoled\u00ec 17 gennaio al Palexpo di Locarno (ex FEVI), dove la locale Virtus propone il Trittico della velocit\u00e0. Oltre alle prove del peso ci saranno i 30 m, i 50 m e i 60 metri in programma a partire dalle ore 19. Il 24 gennaio invece appuntamento con i Campionati ticinesi assoluti lungo e peso, che l\u2019ASSPO Riva San Vitale organizza alla Palestra Regazzi di Tenero-Gordola.<\/p>\n<p>Risultati e informazioni su <a href=\"http:\/\/www.ftal.ch\">www.ftal.ch<\/a><\/p>\n<p><span lang=\"it-IT\"><b>FTAL\/elista<\/b><\/span><\/p>\n","protected":false},"excerpt":{"rendered":"<p>\u00a0Domenica al Palexpo di Locarno \u00e8 partita la stagione Indoor, in palio i titoli cantonali di alto, asta e tripl0, buona la partecipazione. Mercoledi sera sulla pista del Palexpo debutter\u00e0 la stagione degli sprinter cn il tris della velocit\u00e0 attesi al via si presenteranno anche i nostri atleti che a partire dalla 18.00. IL PROGRAMMA Comunicato FTAL, 15 gennaio 2018 &#8211;\u00a0 A Gordola si sale vicino ai 2 metri Domenica alla Palestra Regazzi di Tenero-Gordola&#8230;<\/p>\n","protected":false},"author":4,"featured_media":4426,"comment_status":"closed","ping_status":"closed","sticky":false,"template":"","format":"standard","meta":{"jetpack_post_was_ever_published":false,"_jetpack_newsletter_access":"","_jetpack_dont_email_post_to_subs":false,"_jetpack_newsletter_tier_id":0,"_jetpack_memberships_contains_paywalled_content":false,"_jetpack_memberships_contains_paid_content":false,"footnotes":"","jetpack_publicize_message":"","jetpack_publicize_feature_enabled":true,"jetpack_social_post_already_shared":true,"jetpack_social_options":{"image_generator_settings":{"template":"highway","default_image_id":0,"font":"","enabled":false},"version":2}},"categories":[4,9],"tags":[],"class_list":["post-5444","post","type-post","status-publish","format-standard","has-post-thumbnail","hentry","category-pista","category-sport"],"jetpack_publicize_connections":[],"jetpack_featured_media_url":"https:\/\/i0.wp.com\/uscatletica.ch\/wp\/wp-content\/uploads\/2017\/05\/start5000mastiusc2017.jpg?fit=564%2C266&ssl=1","jetpack_sharing_enabled":true,"jetpack_shortlink":"https:\/\/wp.me\/p6V7Ck-1pO","jetpack-related-posts":[{"id":7021,"url":"https:\/\/uscatletica.ch\/wp\/?p=7021","url_meta":{"origin":5444,"position":0},"title":"A Locarno parte la stagione Indoor","author":"Leonida Stampanoni","date":"15 Gennaio 2019","format":false,"excerpt":"Mercoled\u00ec al Palexpo di Locarno con il Trittico della velocit\u00e0 partir\u00e0 la stagione Indoor Ticinese. in serata si garegger\u00e0 su 30 m. 50 m e 60 m e nel getto del peso. Sabato ci saranno alla Regazzi i campionati ticinesi di peso alto lungo triplo. Il tris ticinese si completer\u00e0\u2026","rel":"","context":"In &quot;Pista&quot;","block_context":{"text":"Pista","link":"https:\/\/uscatletica.ch\/wp\/?cat=4"},"img":{"alt_text":"","src":"https:\/\/i0.wp.com\/uscatletica.ch\/wp\/wp-content\/uploads\/2018\/04\/P1460145.jpg?fit=563%2C422&ssl=1&resize=350%2C200","width":350,"height":200,"srcset":"https:\/\/i0.wp.com\/uscatletica.ch\/wp\/wp-content\/uploads\/2018\/04\/P1460145.jpg?fit=563%2C422&ssl=1&resize=350%2C200 1x, https:\/\/i0.wp.com\/uscatletica.ch\/wp\/wp-content\/uploads\/2018\/04\/P1460145.jpg?fit=563%2C422&ssl=1&resize=525%2C300 1.5x"},"classes":[]},{"id":9768,"url":"https:\/\/uscatletica.ch\/wp\/?p=9768","url_meta":{"origin":5444,"position":1},"title":"Al Palexpo parte la stagione indoor","author":"Leonida Stampanoni","date":"15 Gennaio 2020","format":false,"excerpt":"Il Trittico della velocit\u00e0 con l'aggiunta dei concorsi di getto del peso saranno la prima gara della stagione del 50esimo FTAL. Al Palexpo la Virtus accoglier\u00e0 diversi USCini \u00a04 Velocisti Alessia,Pauline, Matilda e la debuttante Leila. Prima gara su indoor in Svizzera anche per la nostra Chiara che vanta gi\u00e0\u2026","rel":"","context":"In &quot;Pista&quot;","block_context":{"text":"Pista","link":"https:\/\/uscatletica.ch\/wp\/?cat=4"},"img":{"alt_text":"","src":"https:\/\/i0.wp.com\/uscatletica.ch\/wp\/wp-content\/uploads\/2019\/09\/CS2019GB.jpg?fit=640%2C480&ssl=1&resize=350%2C200","width":350,"height":200,"srcset":"https:\/\/i0.wp.com\/uscatletica.ch\/wp\/wp-content\/uploads\/2019\/09\/CS2019GB.jpg?fit=640%2C480&ssl=1&resize=350%2C200 1x, https:\/\/i0.wp.com\/uscatletica.ch\/wp\/wp-content\/uploads\/2019\/09\/CS2019GB.jpg?fit=640%2C480&ssl=1&resize=525%2C300 1.5x"},"classes":[]},{"id":5497,"url":"https:\/\/uscatletica.ch\/wp\/?p=5497","url_meta":{"origin":5444,"position":2},"title":"CT INDOOR CORSA AL PALEXPO 13 USCini","author":"Leonida Stampanoni","date":"28 Gennaio 2018","format":false,"excerpt":"PALEXPO SI CORRE PER GLI ULTIMI TITOLI INDOOR \u00a0Martedi sera al Palexpo si correr\u00e0 la terza giornata dei campionati ticinesi indoor quella dedicata a velocit\u00e0 ed ostacoli, sulla pista del Palexpo di Locarno in palio ci saranno le medaglie sui 60 m ed i 60 m h.\u00a0 Ben tredici gli\u2026","rel":"","context":"In &quot;Pista&quot;","block_context":{"text":"Pista","link":"https:\/\/uscatletica.ch\/wp\/?cat=4"},"img":{"alt_text":"","src":"https:\/\/i0.wp.com\/uscatletica.ch\/wp\/wp-content\/uploads\/2017\/05\/P1470012-1.jpg?fit=563%2C422&ssl=1&resize=350%2C200","width":350,"height":200,"srcset":"https:\/\/i0.wp.com\/uscatletica.ch\/wp\/wp-content\/uploads\/2017\/05\/P1470012-1.jpg?fit=563%2C422&ssl=1&resize=350%2C200 1x, https:\/\/i0.wp.com\/uscatletica.ch\/wp\/wp-content\/uploads\/2017\/05\/P1470012-1.jpg?fit=563%2C422&ssl=1&resize=525%2C300 1.5x"},"classes":[]},{"id":7150,"url":"https:\/\/uscatletica.ch\/wp\/?p=7150","url_meta":{"origin":5444,"position":3},"title":"CT Indoor USCini alla carica","author":"Leonida Stampanoni","date":"29 Gennaio 2019","format":false,"excerpt":"Mercoledi al Palexpo di Locarno i campionati ticinesi indoor di corse e ostacoli chiuderanno la stagione indoor cantonale tre gli atleti USC iscritti due sui 60 m e due peso Matteo sosterr\u00e0 il doppio impegno. Alessia correr\u00e0 sui 60 m mentre Giada scender\u00e0 in pedana nel peso . Comunicato FTAL,\u2026","rel":"","context":"In &quot;Pista&quot;","block_context":{"text":"Pista","link":"https:\/\/uscatletica.ch\/wp\/?cat=4"},"img":{"alt_text":"","src":"https:\/\/i0.wp.com\/uscatletica.ch\/wp\/wp-content\/uploads\/2019\/01\/giadctu20peso19.jpg?fit=499%2C340&ssl=1&resize=350%2C200","width":350,"height":200},"classes":[]},{"id":5617,"url":"https:\/\/uscatletica.ch\/wp\/?p=5617","url_meta":{"origin":5444,"position":4},"title":"Poker di appuntamento da Padova  a Geneve passando da Tenero e Willisau","author":"Leonida Stampanoni","date":"27 Febbraio 2018","format":false,"excerpt":"Emil Gea e Florian in Selezione a Tenero le U14 alla finale di Willisau CS Cross a geneve Chiara a Padova Il prossimo fine settimana sar\u00e0 particolarmente intenso sabato a Willisau ci sar\u00e0 la finale della UBS KID CUP Team con al via le nostre Lea Pauline Selina Elody e\u2026","rel":"","context":"In &quot;Cross&quot;","block_context":{"text":"Cross","link":"https:\/\/uscatletica.ch\/wp\/?cat=7"},"img":{"alt_text":"","src":"https:\/\/i0.wp.com\/uscatletica.ch\/wp\/wp-content\/uploads\/2017\/12\/ukctsbiasca18u14w.jpg?fit=532%2C399&ssl=1&resize=350%2C200","width":350,"height":200,"srcset":"https:\/\/i0.wp.com\/uscatletica.ch\/wp\/wp-content\/uploads\/2017\/12\/ukctsbiasca18u14w.jpg?fit=532%2C399&ssl=1&resize=350%2C200 1x, https:\/\/i0.wp.com\/uscatletica.ch\/wp\/wp-content\/uploads\/2017\/12\/ukctsbiasca18u14w.jpg?fit=532%2C399&ssl=1&resize=525%2C300 1.5x"},"classes":[]},{"id":9800,"url":"https:\/\/uscatletica.ch\/wp\/?p=9800","url_meta":{"origin":5444,"position":5},"title":"Campionati ticinesi indoor cinque USCini alla Regazzi","author":"Leonida Stampanoni","date":"18 Gennaio 2020","format":false,"excerpt":"Sabato alla Regazzi in palio ci saranno i primi titoli cantonali nei salti e nel getto del peso, mentre i titoli sui 60 m ed i 60 m hs saranno attribuiti il 5. febbraio al Palexpo. Al Palexpo \u00a0Pauline sar\u00e0 la nostra rappresentante nel salto in Lungo e nel salto\u2026","rel":"","context":"In &quot;Pista&quot;","block_context":{"text":"Pista","link":"https:\/\/uscatletica.ch\/wp\/?cat=4"},"img":{"alt_text":"","src":"https:\/\/i0.wp.com\/uscatletica.ch\/wp\/wp-content\/uploads\/2019\/02\/giadaargentoamcolin2019.jpg?fit=640%2C480&ssl=1&resize=350%2C200","width":350,"height":200,"srcset":"https:\/\/i0.wp.com\/uscatletica.ch\/wp\/wp-content\/uploads\/2019\/02\/giadaargentoamcolin2019.jpg?fit=640%2C480&ssl=1&resize=350%2C200 1x, https:\/\/i0.wp.com\/uscatletica.ch\/wp\/wp-content\/uploads\/2019\/02\/giadaargentoamcolin2019.jpg?fit=640%2C480&ssl=1&resize=525%2C300 1.5x"},"classes":[]}],"_links":{"self":[{"href":"https:\/\/uscatletica.ch\/wp\/index.php?rest_route=\/wp\/v2\/posts\/5444","targetHints":{"allow":["GET"]}}],"collection":[{"href":"https:\/\/uscatletica.ch\/wp\/index.php?rest_route=\/wp\/v2\/posts"}],"about":[{"href":"https:\/\/uscatletica.ch\/wp\/index.php?rest_route=\/wp\/v2\/types\/post"}],"author":[{"embeddable":true,"href":"https:\/\/uscatletica.ch\/wp\/index.php?rest_route=\/wp\/v2\/users\/4"}],"replies":[{"embeddable":true,"href":"https:\/\/uscatletica.ch\/wp\/index.php?rest_route=%2Fwp%2Fv2%2Fcomments&post=5444"}],"version-history":[{"count":3,"href":"https:\/\/uscatletica.ch\/wp\/index.php?rest_route=\/wp\/v2\/posts\/5444\/revisions"}],"predecessor-version":[{"id":5454,"href":"https:\/\/uscatletica.ch\/wp\/index.php?rest_route=\/wp\/v2\/posts\/5444\/revisions\/5454"}],"wp:featuredmedia":[{"embeddable":true,"href":"https:\/\/uscatletica.ch\/wp\/index.php?rest_route=\/wp\/v2\/media\/4426"}],"wp:attachment":[{"href":"https:\/\/uscatletica.ch\/wp\/index.php?rest_route=%2Fwp%2Fv2%2Fmedia&parent=5444"}],"wp:term":[{"taxonomy":"category","embeddable":true,"href":"https:\/\/uscatletica.ch\/wp\/index.php?rest_route=%2Fwp%2Fv2%2Fcategories&post=5444"},{"taxonomy":"post_tag","embeddable":true,"href":"https:\/\/uscatletica.ch\/wp\/index.php?rest_route=%2Fwp%2Fv2%2Ftags&post=5444"}],"curies":[{"name":"wp","href":"https:\/\/api.w.org\/{rel}","templated":true}]}}