{"id":5509,"date":"2018-01-31T06:27:17","date_gmt":"2018-01-31T05:27:17","guid":{"rendered":"http:\/\/uscatletica.ch\/wp\/?p=5509"},"modified":"2018-02-01T07:51:47","modified_gmt":"2018-02-01T06:51:47","slug":"pioggia-di-personale-al-palexpo","status":"publish","type":"post","link":"https:\/\/uscatletica.ch\/wp\/?p=5509","title":{"rendered":"Pioggia di personali al Palexpo"},"content":{"rendered":"<p>Bella serata per i nostri velocisti nell&#8217;ultima giornata dei campionati ticinesi indoor dedicata a velocit\u00e0 ed ostacoli.\u00a0 Gli 11 undici presenti si sono battuti alla grande Simone ha raggiunto la finale A sia C\u00e9line che Giada si sono qualificate per la finale B.<\/p>\n<p><a href=\"http:\/\/virtus.ch\/wp-content\/uploads\/2018\/01\/Risultati-CT-indoor-corse-open-30-01-2018.pdf\" target=\"_blank\" rel=\"noopener\">le classifiche<\/a>\u00a0Rassegna Stampa\u00a0<a href=\"https:\/\/uscatletica.ch\/wp\/wp-content\/uploads\/2018\/01\/cdtctincost180201.pdf\">CDT<\/a> <a href=\"https:\/\/uscatletica.ch\/wp\/wp-content\/uploads\/2018\/01\/lrtctincost180201.pdf\">La Regione<\/a><\/p>\n<h2>60 m Femminili oro per Emma Piffaretti<\/h2>\n<p>La gara dei 60 m regala il titolo ad Emma Piffaretti che in 7&#8243;71 regola le ragazze del SAB Maeva Tahou e Rachele Pasteris. C\u00e9line in 8&#8243;47\u00a0 \u00e8 la pi\u00f9 veloce delle nostre per un solo centesimo su Giada 8&#8243;48, che terminer\u00e0 poi quinta in 8&#8243;66 la finale B.\u00a0 Alessia corre in 8&#8243;72 seguita a ruota da un trio che ottiene il personale Janet 8&#8243;72,\u00a0 e le gemelle Gea 8&#8243;94 e Lia 8&#8243;99 . Clo\u00e8 corre in 9 netti.\u00a0 Giada debutta sui 60 m ostacoli\u00a0 in 10&#8243;29, vince con un ottimo 8&#8243;76 Emma Piffaretti.<\/p>\n<h2>60 m maschili titolo per Thomas Camenzind<\/h2>\n<p>Sui 60 m maschili vince Thomas Camenzind della SFG Airolo in 7&#8243;16\u00a0 su Mirko Berri e Aaron Dzinaku nella finale A Simone si strappa dopo aver corso un ottimo 7&#8243;35 in qualifica che equivale al primato sociale ed al quarto temp di serata. Filippo in 7&#8243;92 firma il personale Emil corre in 8&#8243;07. Nel getto del peso Erik getta i 5kg\u00a0 a 10.31 m . Prossimo appuntamento i Campionati svizzeri indoor del 10-11 febbraio\u00a0 a San Gallo.<\/p>\n<p>&nbsp;<\/p>\n<p>&nbsp;<\/p>\n<p class=\"x_MsoNormal\">Tutti i risultati<\/p>\n<p>Tattarletti Simone 7&#8243;35 PB<\/p>\n<p>Perissinotto Filippo\u00a0\u00a0\u00a0 60m 7.92 PB<\/p>\n<p>Lawson Emile\u00a0\u00a0\u00a0\u00a0\u00a0\u00a0\u00a0\u00a0\u00a0\u00a0\u00a0\u00a060m 8&#8243;07<\/p>\n<p class=\"x_MsoNormal\">\u00a0Silva Erik\u00a0\u00a0\u00a0\u00a0\u00a0\u00a0\u00a0\u00a0\u00a0\u00a0\u00a0\u00a0\u00a0\u00a0\u00a0\u00a0\u00a0\u00a0 peso 5kg 10.31<\/p>\n<p>\u00a0 Vicari C\u00e9line\u00a0\u00a0\u00a0\u00a0\u00a0\u00a0\u00a0\u00a0\u00a0\u00a0\u00a0\u00a0\u00a0\u00a0\u00a0\u00a0 60m 8&#8243;47<\/p>\n<p>Battaini Giada\u00a0\u00a0 \u00a0\u00a0\u00a0\u00a0\u00a0\u00a0\u00a0\u00a0\u00a0\u00a0\u00a060m\u00a0 8&#8243;48 \u2013 60H 10.29<\/p>\n<p class=\"x_MsoNormal\">Giannoni Alessia\u00a0\u00a0\u00a0\u00a0\u00a0\u00a0\u00a0\u00a0\u00a060m 8&#8243;72<\/p>\n<p class=\"x_MsoNormal\">\u00a0 \u00a0Silva Janet\u00a0\u00a0\u00a0\u00a0\u00a0\u00a0\u00a0\u00a0\u00a0\u00a0\u00a0\u00a0\u00a0\u00a0\u00a0\u00a0\u00a0\u00a060m8&#8243;78 PB<\/p>\n<p class=\"x_MsoNormal\">\u00a0 \u00a0Collura Gea\u00a0\u00a0\u00a0\u00a0\u00a0\u00a0\u00a0\u00a0\u00a0\u00a0\u00a0\u00a0\u00a0\u00a0\u00a0\u00a0\u00a0 60m 8&#8243;94 PB<\/p>\n<p class=\"x_MsoNormal\">\u00a0 \u00a0 Collura Lia\u00a0\u00a0\u00a0\u00a0\u00a0\u00a0\u00a0\u00a0\u00a0\u00a0\u00a0\u00a0\u00a0\u00a0\u00a0\u00a0\u00a0\u00a0\u00a0 60m 8&#8243;99 PB<\/p>\n<p class=\"x_MsoNormal\">\u00a0 \u00a0 Blin Cloe\u00a0\u00a0\u00a0\u00a0\u00a0\u00a0\u00a0\u00a0\u00a0\u00a0\u00a0\u00a0\u00a0\u00a0\u00a0\u00a0\u00a0\u00a0\u00a0\u00a0\u00a0 60m 9&#8243;00<\/p>\n<h2 class=\"western\"><\/h2>\n<p align=\"LEFT\"><span style=\"font-family: 'Calibri Light', serif;\"><span style=\"font-size: xx-large;\"><b><span style=\"color: #2e74b5;\"><span style=\"font-size: small;\">Comunicato FTAL, 31 gennaio 2018 &#8211; <\/span><\/span>CT indoor 60 e ostacoli.docx<\/b><\/span><\/span><\/p>\n<p align=\"LEFT\"><span style=\"font-family: 'Calibri Light', serif;\"><span style=\"font-size: xx-large;\"><b>Da Airolo a Chiasso: titoli per Camenzind e Piffaretti<\/b><\/span><\/span><\/p>\n<p align=\"LEFT\"><span style=\"color: #5a5a5a;\"><span style=\"font-size: large;\"><i><span style=\"font-size: medium;\">Grande successo per i Campionati ticinesi di velocit\u00e0 con i titoli cantonali per i giovani Thomas Camenzind (SFG Airolo) ed Emma Piffaretti (SFG Chiasso) sui 60 metri<\/span><\/i><\/span><\/span><\/p>\n<p><span lang=\"it-IT\"><b>elista<\/b><\/span> (<span lang=\"it-IT\"><b>FTAL) <\/b><\/span>\u2013 L\u2019ultimo meeting indoor del calendario FTAL organizzato in Ticino si \u00e8 svolto marted\u00ec sera al Palexpo di Locarno, dove la locale Virtus ha proposto i Campionati ticinesi sui 60 e 60 metri ostacoli, abbinati al concorso del getto del peso.<\/p>\n<p>Nel settore maschile ben nove le serie di qualificazione che hanno visto emergere il miglior tempo di 7\u2019\u201912 ottenuto da Simone Gabutti della SFG Airolo, il quale ha per\u00f2 dovuto rinunciare all\u2019atto conclusivo per un risentimento muscolare. La finale \u00e8 comunque stata appassionante con la vittoria del giovane diciassettenne Thomas Camenzind, pure della SFG Airolo, in 7\u2019\u201916. Argento per Mirko Berri della Virtus in 7\u201919 e bronzo per Aaron Dzinaku dell\u2019Atletica Mendrisiotto in 7\u2019\u201927. Seguono Franz Bernasconi dell\u2019ASSPO con 7\u2019\u201932, lo stesso tempo ottenuto da Julian R\u00fcfenacht del GAB, mentre si \u00e8 infortunato Simone Tattarletti dell\u2019USC dopo aver ottenuto la qualificazione con il personale di 7\u2019\u201935. Nella finale B vittoria per Luca Calderara dell\u2019ATM in 7\u2019\u201933.<\/p>\n<p>Al femminile addirittura una dozzina le serie sui 60 metri che hanno subito visto Emma Piffaretti della SFG Chiasso velocissima nelle qualificazioni con 7\u2019\u201972. La fresca sedicenne si \u00e8 poi migliorata ulteriormente in finale vincendo il titolo e la gara con il personale di 7\u2019\u201971, che equivale al 12\u00b0 tempo assoluto e il 2\u00b0 tra le U18 in svizzera della stagione. Secondo rango per l\u2019ancor pi\u00f9 giovane, classe 2003, Ma\u00ebva Tahou della SAB Bellinzona, pure lei con il nuovo personale di 7\u2019\u201987 (1\u00b0 tempo U16 svizzero dell\u2019anno). Poco sopra gli otto secondi le altre finaliste con il bronzo per Rachele Pasteris della SAB in 8\u2019\u201902, il quarto rango per Chiara Bandoni dell\u2019ATM in 8\u2019\u201909, il quinto per la campionessa uscente Bernadette Gervasoni della SAB in 8\u2019\u201911 e il sesto per Gea Bernasconi dell\u2019ASSPO. Nella finale B vittoria invece per Tessa Tedeschi della SAB in 8\u2019\u201923, mentre sempre sui 60 metri ma a Saronno, ha recentemente corso anche la specialista del salto in lungo Irene Pusterla (Vigor Ligornetto) che ha chiuso in 7\u2019\u201972.<\/p>\n<p>Sui 60 ostacoli femminili Mia Vetterli dell\u2019USA ha corso in 9\u2019\u201985 la sua gara con le barriere a 84 cm, mentre tra le U18 (76 cm) netta vittoria per Emma Piffaretti in 8\u2019\u201976. Al maschile, con solo la categoria U18 al via, vittoria per Christian Reboldi della SAB in 8\u2019\u201943 con gli ostacoli da 91 centimetri davanti ad Alessio Guidon e Nicola Fumagalli del GAB.<\/p>\n<p>Nel peso uomini con 7.26 kg ha vinto Mauro Stucchi della SAB con 10.80 metri, mentre tra gli U20 (boccia da 6 kg) vittoria per Stefano Morandini dell\u2019ASSPO con 11.87 m e tra gli U18 (5 kg) per Ivo Bazzanella, pure dell\u2019ASSPO con 12.18 metri. Al femminile migliori lanci per Sabina Rebai del GAD con 8.55 m (4 kg) e per Gillian Ferrari del GAB tra le U18 con 10.63 m (3 Kg).<\/p>\n<p>Il calendario indoor prosegue ora a nord delle Alpi con i Campionati nazionali. Sabato e domenica a Macolin s\u2019assegnano infatti i titoli nelle gare multiple, con al via tra gli uomini anche Luca Bernaschina dell\u2019ASSPO, dato tra i favoriti assieme a Oberholzer, Magyar, Di Tizio e Marugg. Per l\u2019occasione, nel meeting di contorno, scender\u00e0 in pista anche Ajla Del Ponte sui 60 e 200 metri. Il 10 e 11 febbraio sono poi previsti i giovanili a San Gallo (U16, U18 e U20) e, infine, il 17 e 18 febbraio gli assoluti di nuovo a Macolin.<\/p>\n<p>Risultati completi su <a href=\"http:\/\/www.ftal.ch\">www.ftal.ch<\/a><\/p>\n<p><span lang=\"it-IT\"><b>elista-FTAL<\/b><\/span><\/p>\n","protected":false},"excerpt":{"rendered":"<p>Bella serata per i nostri velocisti nell&#8217;ultima giornata dei campionati ticinesi indoor dedicata a velocit\u00e0 ed ostacoli.\u00a0 Gli 11 undici presenti si sono battuti alla grande Simone ha raggiunto la finale A sia C\u00e9line che Giada si sono qualificate per la finale B. le classifiche\u00a0Rassegna Stampa\u00a0CDT La Regione 60 m Femminili oro per Emma Piffaretti La gara dei 60 m regala il titolo ad Emma Piffaretti che in 7&#8243;71 regola le ragazze del SAB Maeva&#8230;<\/p>\n","protected":false},"author":4,"featured_media":4386,"comment_status":"closed","ping_status":"closed","sticky":false,"template":"","format":"standard","meta":{"jetpack_post_was_ever_published":false,"_jetpack_newsletter_access":"","_jetpack_dont_email_post_to_subs":false,"_jetpack_newsletter_tier_id":0,"_jetpack_memberships_contains_paywalled_content":false,"_jetpack_memberships_contains_paid_content":false,"footnotes":"","jetpack_publicize_message":"","jetpack_publicize_feature_enabled":true,"jetpack_social_post_already_shared":true,"jetpack_social_options":{"image_generator_settings":{"template":"highway","default_image_id":0,"font":"","enabled":false},"version":2}},"categories":[6,4,9],"tags":[],"class_list":["post-5509","post","type-post","status-publish","format-standard","has-post-thumbnail","hentry","category-non-catalogato","category-pista","category-sport"],"jetpack_publicize_connections":[],"jetpack_featured_media_url":"https:\/\/i0.wp.com\/uscatletica.ch\/wp\/wp-content\/uploads\/2017\/05\/P1470011.jpg?fit=563%2C422&ssl=1","jetpack_sharing_enabled":true,"jetpack_shortlink":"https:\/\/wp.me\/p6V7Ck-1qR","jetpack-related-posts":[{"id":2113,"url":"https:\/\/uscatletica.ch\/wp\/?p=2113","url_meta":{"origin":5509,"position":0},"title":"USCini una giornata intensa a Chiasso","author":"Leonida Stampanoni","date":"11 Giugno 2016","format":false,"excerpt":"Il Riva IV di Chiasso ha ospitato sabato un'intensa giornata di Atletica in mattinata sotto la pioggia battente c'era la finale cantonale di Swiss athletics Sprint, brave Gea , Janet, Erik e Giada sfortunata \u00a0invece Alessia.Emma Piffaretti e Julian R\u00fcfenacht sono i ragazzi pi\u00f9 veloci del Ticino A partire dalle\u2026","rel":"","context":"In &quot;Pista&quot;","block_context":{"text":"Pista","link":"https:\/\/uscatletica.ch\/wp\/?cat=4"},"img":{"alt_text":"","src":"https:\/\/i0.wp.com\/uscatletica.ch\/wp\/wp-content\/uploads\/2016\/06\/P1410016.jpg?fit=563%2C422&ssl=1&resize=350%2C200","width":350,"height":200,"srcset":"https:\/\/i0.wp.com\/uscatletica.ch\/wp\/wp-content\/uploads\/2016\/06\/P1410016.jpg?fit=563%2C422&ssl=1&resize=350%2C200 1x, https:\/\/i0.wp.com\/uscatletica.ch\/wp\/wp-content\/uploads\/2016\/06\/P1410016.jpg?fit=563%2C422&ssl=1&resize=525%2C300 1.5x"},"classes":[]},{"id":800,"url":"https:\/\/uscatletica.ch\/wp\/?p=800","url_meta":{"origin":5509,"position":1},"title":"Celine Argento nel peso USCini brillanti (articoli stampa)","author":"Leonida Stampanoni","date":"3 Febbraio 2016","format":false,"excerpt":"Al Fevi nella serata di mercoled\u00ec erano in palio, per la prima volta nella storia, i titoli indoor sui 60 m, 60 m ostacoli e nel peso. I lanciatori USC erano in gran spolvero, ma anche velocisti e ostacolisti si sono difesi molto bene. Oltre un centinaio gli atleti presenti\u2026","rel":"","context":"In &quot;Pista&quot;","block_context":{"text":"Pista","link":"https:\/\/uscatletica.ch\/wp\/?cat=4"},"img":{"alt_text":"","src":"https:\/\/i0.wp.com\/uscatletica.ch\/wp\/wp-content\/uploads\/2016\/02\/podioctindorr16pesow.png?fit=533%2C387&ssl=1&resize=350%2C200","width":350,"height":200,"srcset":"https:\/\/i0.wp.com\/uscatletica.ch\/wp\/wp-content\/uploads\/2016\/02\/podioctindorr16pesow.png?fit=533%2C387&ssl=1&resize=350%2C200 1x, https:\/\/i0.wp.com\/uscatletica.ch\/wp\/wp-content\/uploads\/2016\/02\/podioctindorr16pesow.png?fit=533%2C387&ssl=1&resize=525%2C300 1.5x"},"classes":[]},{"id":3406,"url":"https:\/\/uscatletica.ch\/wp\/?p=3406","url_meta":{"origin":5509,"position":2},"title":"CT Indoor argento C\u00e9line bravissimi gli USCini (rassegnastampa)","author":"Leonida Stampanoni","date":"1 Febbraio 2017","format":false,"excerpt":"Mercoledi sera i Nostri ragazzi si sono battuti con grande grinta ai CT Indoor del Fevi . Nella pedana del peso \u00a0C\u00e9line conferma la medaglia d'argento Alessia e Simon e guadagnano la finale B. Tutti confermano la costante crescita. cdt LaRegione GDP Nella pedana del Peso C\u00e9line getta i 4\u2026","rel":"","context":"In &quot;Pista&quot;","block_context":{"text":"Pista","link":"https:\/\/uscatletica.ch\/wp\/?cat=4"},"img":{"alt_text":"","src":"https:\/\/i0.wp.com\/uscatletica.ch\/wp\/wp-content\/uploads\/2016\/05\/P1400140.jpg?fit=563%2C422&ssl=1&resize=350%2C200","width":350,"height":200,"srcset":"https:\/\/i0.wp.com\/uscatletica.ch\/wp\/wp-content\/uploads\/2016\/05\/P1400140.jpg?fit=563%2C422&ssl=1&resize=350%2C200 1x, https:\/\/i0.wp.com\/uscatletica.ch\/wp\/wp-content\/uploads\/2016\/05\/P1400140.jpg?fit=563%2C422&ssl=1&resize=525%2C300 1.5x"},"classes":[]},{"id":8487,"url":"https:\/\/uscatletica.ch\/wp\/?p=8487","url_meta":{"origin":5509,"position":3},"title":"Poker di medaglie ai CT ASSOLUTI Chiara tris di medaglie agli italiani","author":"Leonida Stampanoni","date":"15 Giugno 2019","format":false,"excerpt":"Bella la prima giornata die campionati ticinesi assoluti a Locarno. Nel getto del peso ottima prestazione per l'USC che ha firmato con Giada e C\u00e9line che firmano la doppietta nel getto del peso mentre neil giavellotto Giada si prende una medaglia di Bronzo. Domenica il bottino si arrichisce con due\u2026","rel":"","context":"In &quot;Non catalogato&quot;","block_context":{"text":"Non catalogato","link":"https:\/\/uscatletica.ch\/wp\/?cat=6"},"img":{"alt_text":"","src":"https:\/\/i0.wp.com\/uscatletica.ch\/wp\/wp-content\/uploads\/2019\/06\/IMG20198874.jpg?fit=432%2C263&ssl=1&resize=350%2C200","width":350,"height":200},"classes":[]},{"id":7319,"url":"https:\/\/uscatletica.ch\/wp\/?p=7319","url_meta":{"origin":5509,"position":4},"title":"Argento Svizzero per Giada Doppio primato europeo per Delia Sclabas classifica ufficiale","author":"Leonida Stampanoni","date":"23 Febbraio 2019","format":false,"excerpt":"I campionati svizzeri giovanili indoor 2019 di Macolin resteranno scritti in lettere d'argento nella storia dell'USC, Giada, polverizzando il personale ha regalato la prima medaglia svizzera indoor alla nostra societ\u00e0 migliorando il personale di esattamente mezzo metro. il titolo con 14'19 \u00e8 andato a Julia Hammesfahr. Tre delle sei medaglie\u2026","rel":"","context":"In &quot;Altro&quot;","block_context":{"text":"Altro","link":"https:\/\/uscatletica.ch\/wp\/?cat=11"},"img":{"alt_text":"","src":"https:\/\/i0.wp.com\/uscatletica.ch\/wp\/wp-content\/uploads\/2019\/02\/giadaargentoamcolin2019.jpg?fit=640%2C480&ssl=1&resize=350%2C200","width":350,"height":200,"srcset":"https:\/\/i0.wp.com\/uscatletica.ch\/wp\/wp-content\/uploads\/2019\/02\/giadaargentoamcolin2019.jpg?fit=640%2C480&ssl=1&resize=350%2C200 1x, https:\/\/i0.wp.com\/uscatletica.ch\/wp\/wp-content\/uploads\/2019\/02\/giadaargentoamcolin2019.jpg?fit=640%2C480&ssl=1&resize=525%2C300 1.5x"},"classes":[]},{"id":4318,"url":"https:\/\/uscatletica.ch\/wp\/?p=4318","url_meta":{"origin":5509,"position":5},"title":"FINALE R+V TRIS DI USCINE NELLA FINALISSMA","author":"Leonida Stampanoni","date":"25 Maggio 2017","format":false,"excerpt":"\u00a0 Giovedi pomeriggio allo Stadio di Cornaredo le condizioni erano ideali per la finale 2017 del ragazza\/o pi\u00f9 veloce del Ticino, il lungo pomeriggio di gare ha laureato Emma Piffaretti e Felix Jung,In palio sugli 80m per gli u16 \u00a0e sui 60m per i pi\u00f9 giovani c'erano i biglietti per\u2026","rel":"","context":"In &quot;Pista&quot;","block_context":{"text":"Pista","link":"https:\/\/uscatletica.ch\/wp\/?cat=4"},"img":{"alt_text":"","src":"https:\/\/i0.wp.com\/uscatletica.ch\/wp\/wp-content\/uploads\/2017\/05\/P1460253.jpg?fit=563%2C422&ssl=1&resize=350%2C200","width":350,"height":200,"srcset":"https:\/\/i0.wp.com\/uscatletica.ch\/wp\/wp-content\/uploads\/2017\/05\/P1460253.jpg?fit=563%2C422&ssl=1&resize=350%2C200 1x, https:\/\/i0.wp.com\/uscatletica.ch\/wp\/wp-content\/uploads\/2017\/05\/P1460253.jpg?fit=563%2C422&ssl=1&resize=525%2C300 1.5x"},"classes":[]}],"_links":{"self":[{"href":"https:\/\/uscatletica.ch\/wp\/index.php?rest_route=\/wp\/v2\/posts\/5509","targetHints":{"allow":["GET"]}}],"collection":[{"href":"https:\/\/uscatletica.ch\/wp\/index.php?rest_route=\/wp\/v2\/posts"}],"about":[{"href":"https:\/\/uscatletica.ch\/wp\/index.php?rest_route=\/wp\/v2\/types\/post"}],"author":[{"embeddable":true,"href":"https:\/\/uscatletica.ch\/wp\/index.php?rest_route=\/wp\/v2\/users\/4"}],"replies":[{"embeddable":true,"href":"https:\/\/uscatletica.ch\/wp\/index.php?rest_route=%2Fwp%2Fv2%2Fcomments&post=5509"}],"version-history":[{"count":10,"href":"https:\/\/uscatletica.ch\/wp\/index.php?rest_route=\/wp\/v2\/posts\/5509\/revisions"}],"predecessor-version":[{"id":5521,"href":"https:\/\/uscatletica.ch\/wp\/index.php?rest_route=\/wp\/v2\/posts\/5509\/revisions\/5521"}],"wp:featuredmedia":[{"embeddable":true,"href":"https:\/\/uscatletica.ch\/wp\/index.php?rest_route=\/wp\/v2\/media\/4386"}],"wp:attachment":[{"href":"https:\/\/uscatletica.ch\/wp\/index.php?rest_route=%2Fwp%2Fv2%2Fmedia&parent=5509"}],"wp:term":[{"taxonomy":"category","embeddable":true,"href":"https:\/\/uscatletica.ch\/wp\/index.php?rest_route=%2Fwp%2Fv2%2Fcategories&post=5509"},{"taxonomy":"post_tag","embeddable":true,"href":"https:\/\/uscatletica.ch\/wp\/index.php?rest_route=%2Fwp%2Fv2%2Ftags&post=5509"}],"curies":[{"name":"wp","href":"https:\/\/api.w.org\/{rel}","templated":true}]}}