{"id":5544,"date":"2018-02-09T09:36:11","date_gmt":"2018-02-09T08:36:11","guid":{"rendered":"http:\/\/uscatletica.ch\/wp\/?p=5544"},"modified":"2018-02-09T09:54:51","modified_gmt":"2018-02-09T08:54:51","slug":"cs-indoor-giada-e-alessia-ai-giovanili-di-san-gallo","status":"publish","type":"post","link":"https:\/\/uscatletica.ch\/wp\/?p=5544","title":{"rendered":"CS Indoor Giada e Alessia ai giovanili di San Gallo"},"content":{"rendered":"<p>Nel fine settimana nel funzionale Leichtathletik Zentrum di St Gallen si terranno i campionati svizzeri giovanili indoor per le categorie U20, U18, U16 quasi 700 gli atleti in gara di cui una cinquantina provenienti dal Ticino. L&#8217;USC sar\u00e0 al via con 2 ragazze U18 Giada ed Alessia. Simone tra i possibili protagonisti sui 400 m, dopo, l&#8217;infortunio dei CT Indoor deve dichiarare forfait.<\/p>\n<p><a href=\"http:\/\/spitzen.sg\/index.php\/de\/athleten\">Il sito dei CS <\/a><\/p>\n<h2>Giada ed Alessia sul palcoscenico con i grandi talenti dell&#8217;atletica svizzera.<\/h2>\n<p>Sabato alle 13.40\u00a0 prima gara per le nostre USCine sui 60 m\u00a0 dove Emma Piffaretti \u00e8 tra le pi\u00f9 veloci in stagione. Domenica sar\u00e0 solo Giada a gareggiare alle 9.40 sui 60 m ostacoli ed alle 11.40 nel getto del Peso.<\/p>\n<p>Sulla pista di San Gallo ci saranno anche le campionesse europee Yasmin Giger e Delia Sclabas. Per il Ticino altri forti candidati alle medaglie sono gli atleti della SFG Airolo Simone Gabutti e Thomas Camenzind come le Bellinzonesi\u00a0 Maeva Tahou, Bernadette Gervasoni e Filippo Moggi .<\/p>\n<h2 class=\"western\"><span style=\"font-family: Geneva, sans-serif;\">Comunicato FTAL 07.02.2018-CAMPIONATI SVIZZERI GIOVANILI INDOOR. <\/span><\/h2>\n<p align=\"LEFT\"><span style=\"font-family: Geneva, sans-serif;\"><span style=\"font-size: large;\"><b>A SAN GALLO I PRIMI TITOLI NAZIONALI INDOOR. <\/b><\/span><\/span><\/p>\n<p align=\"LEFT\"><span style=\"color: #5a5a5a;\"><span style=\"font-size: medium;\"><i>. <\/i><\/span><\/span><\/p>\n<p lang=\"it-IT\">LEST<\/p>\n<p>Nel fine settimana quasi 700 atleti parteciperanno al Leichtathletik Zentrum di San Gallo ai campionati svizzeri giovanili indoor in palio 52 titoli nelle sei categorie U16, U18, U20 maschili e femminili. Nello splendido impianto della svizzera orientale troveremo molti dei migliori talenti rossocrociati, tra cui le campionesse europee Delia Sclabas e Yasmin Giger. Per il Ticino una cinquantina gli atleti al via provenienti da ben 13 societ\u00e0, spiccano i due sodalizi della capitale il GAB con 12 iscritti ed la SAB con 7. Dal Ticino una 30 in ragazzi di cui quasi la met\u00e0 nella categoria U18. Si garegger\u00e0 sabato dalle 12.00 alle 18.40 e domenica dalle 9.30 alle 16.00.<\/p>\n<p>La disciplina pi\u00f9 gettonata saranno i 60 m con una trentina di atleti rossoblu al via. Nella categoria sulla linea di partenza di presenteranno i freschi campioni ticinesi assoluti con buone probabilit\u00e0 di raccogliere una medaglia avendo entrambi la seconda miglior prestazioni stagionale. Emma Piffaretti, che sar\u00e0 pure tra le favorite sui 60 h, sar\u00e0 accompagnata anche da Rachele Pasteris che pu\u00f2 puntare alla finale e che domenica sar\u00e0 al via sui 200 m. Tra i ragazzi Thomas Camenzind (SFG Airolo) sar\u00e0 tra gli osservati speciali, domenica correr\u00e0 poi i 200 m dove trover\u00e0 anche Julian R\u00fcfenacht,che vanta il terzo tempo stagionale. Tra gli U20 sar\u00e0 un altro leventinese a rincorrere le medaglie; il nazionale U20 Simone Gabutti. Tra le U16 Ma\u00ebva Tahou (SAB) \u00e8 l&#8217;unica in stagione ad aver abbattuto la barriera degli 8\u201d da finale anche Bernadette Gervasoni. Tra i ragazzi Nathan Oberti (GAB) \u00e8 tra i migliori. Tra gli Sui 400 m Ricky Petrucciani si trova ancora in Sudafrica e punta agli assoluti di Macolin la prossima settimana ma il secondo tempo stagionale \u00e8 di Filippo Moggi. Nelle categorie U18 puntano alla finale Tessa Tedeschi (SAB) e Nicola Lo Russo (GAB). Sui 1000 sempre imprevedibili, ambizioni per Mara Moser, Mattia Verzaroli e Nicola LoRusso (GAB), Daniele Romelli (Vigor) e Giona Lazzeri (GAD). Nel settore salti diversi atleti in grado di ben figurare un&#8217;occhio di riguardo nell&#8217;alto U20 con Riccardo Durini (Vigor) e Nicolas Lazaro (USA) che se la vedranno con Lino Wunderlin che ha gi\u00e0 superato i 2.05m. Tra le U16 ci sar\u00e0 Ulla Rossi della SAB. Le sue compagne Ma\u00ebva Tahou e Bernadette Gervasoni proveranno ad emergere sia nel lungo che nel triplo. Disciplina che vede al via anche Christian Reboldi. Nell&#8217;Asta U20 al cospetto del fortissimo Keanu Daellenbach ci saranno Nicolas Lazaro e Matteo Dozio (SAM). Nel lungo U20 sfida tra il neoprimatista indoor Finley Gaio che ha appena saltato 7.43 ed il primatista all&#8217;aperto Jarod Biya. Quattro atleti ticinesi al via nel getto del peso, al maschile due alfieri dell&#8217;ASSPO Stefano Morandini con i 6kg tra gli U20 ed Ivo Bazzanella con i 5kg tra gli U18. Tra le U18W getteranno 3 kg Gillian Ferrari (GAB) e Giada Battaini (USC).<\/p>\n<p lang=\"it-IT\"><span style=\"color: #444444;\"><span style=\"font-family: 'Lucida Sans Unicode', serif;\"><span style=\"font-size: small;\"><b>Leonida Stampanoni<\/b><\/span><\/span><\/span><\/p>\n","protected":false},"excerpt":{"rendered":"<p>Nel fine settimana nel funzionale Leichtathletik Zentrum di St Gallen si terranno i campionati svizzeri giovanili indoor per le categorie U20, U18, U16 quasi 700 gli atleti in gara di cui una cinquantina provenienti dal Ticino. L&#8217;USC sar\u00e0 al via con 2 ragazze U18 Giada ed Alessia. Simone tra i possibili protagonisti sui 400 m, dopo, l&#8217;infortunio dei CT Indoor deve dichiarare forfait. Il sito dei CS Giada ed Alessia sul palcoscenico con i grandi&#8230;<\/p>\n","protected":false},"author":4,"featured_media":3391,"comment_status":"closed","ping_status":"closed","sticky":false,"template":"","format":"standard","meta":{"jetpack_post_was_ever_published":false,"_jetpack_newsletter_access":"","_jetpack_dont_email_post_to_subs":false,"_jetpack_newsletter_tier_id":0,"_jetpack_memberships_contains_paywalled_content":false,"_jetpack_memberships_contains_paid_content":false,"footnotes":"","jetpack_publicize_message":"","jetpack_publicize_feature_enabled":true,"jetpack_social_post_already_shared":true,"jetpack_social_options":{"image_generator_settings":{"template":"highway","default_image_id":0,"font":"","enabled":false},"version":2}},"categories":[4,9],"tags":[],"class_list":["post-5544","post","type-post","status-publish","format-standard","has-post-thumbnail","hentry","category-pista","category-sport"],"jetpack_publicize_connections":[],"jetpack_featured_media_url":"https:\/\/i0.wp.com\/uscatletica.ch\/wp\/wp-content\/uploads\/2017\/01\/ucktchiasso170128.jpg?fit=563%2C317&ssl=1","jetpack_sharing_enabled":true,"jetpack_shortlink":"https:\/\/wp.me\/p6V7Ck-1rq","jetpack-related-posts":[{"id":3592,"url":"https:\/\/uscatletica.ch\/wp\/?p=3592","url_meta":{"origin":5544,"position":0},"title":"CS GIOVANILI INDOOR GRANDE USC ( Classifche, Cross Luzern)","author":"Leonida Stampanoni","date":"11 Febbraio 2017","format":false,"excerpt":"Buon fine settimana per gli USCini ai campionati svizzeri Indoor di San Gallo . Simone sui 400 m sfiora la medaglia in una finale concitata alla fine di un gran gara mancano solo 5 ct al bronzo.Due atleti USC erano impegnati al cross di Luzern \u00a0Rachele ha chiuso al terzo\u2026","rel":"","context":"In &quot;Cross&quot;","block_context":{"text":"Cross","link":"https:\/\/uscatletica.ch\/wp\/?cat=7"},"img":{"alt_text":"","src":"https:\/\/i0.wp.com\/uscatletica.ch\/wp\/wp-content\/uploads\/2016\/09\/P1430671.jpg?fit=563%2C422&ssl=1&resize=350%2C200","width":350,"height":200,"srcset":"https:\/\/i0.wp.com\/uscatletica.ch\/wp\/wp-content\/uploads\/2016\/09\/P1430671.jpg?fit=563%2C422&ssl=1&resize=350%2C200 1x, https:\/\/i0.wp.com\/uscatletica.ch\/wp\/wp-content\/uploads\/2016\/09\/P1430671.jpg?fit=563%2C422&ssl=1&resize=525%2C300 1.5x"},"classes":[]},{"id":3579,"url":"https:\/\/uscatletica.ch\/wp\/?p=3579","url_meta":{"origin":5544,"position":1},"title":"CS Indoor sette USCini al via a San Gallo","author":"Leonida Stampanoni","date":"9 Febbraio 2017","format":false,"excerpt":"Nel fine settimana il centro \u00a0atletico di San Gallo ospiter\u00e0 i campionati svizzeri giovanili indoor e seguendo un'evoluzione l'USC sar\u00e0 al via con sette atleti e per la prima volta tra le ragazze ci saranno due atlete al via . Orario delle Gare\u00a0Liste di partenza per societ\u00e0 Sabato alle 12.00\u2026","rel":"","context":"In &quot;Pista&quot;","block_context":{"text":"Pista","link":"https:\/\/uscatletica.ch\/wp\/?cat=4"},"img":{"alt_text":"","src":"https:\/\/i0.wp.com\/uscatletica.ch\/wp\/wp-content\/uploads\/2017\/02\/uckbuttikon17copert.jpg?fit=517%2C417&ssl=1&resize=350%2C200","width":350,"height":200},"classes":[]},{"id":5554,"url":"https:\/\/uscatletica.ch\/wp\/?p=5554","url_meta":{"origin":5544,"position":2},"title":"CS Indoor  Cinque ori ticinesi Giada quinta nel peso","author":"Leonida Stampanoni","date":"10 Febbraio 2018","format":false,"excerpt":"Il fine settimana dei campionati svizzeri giovanili di St Gallo sono partiti col botto, dopo poco pi\u00f9 di 15 minuti Annik K\u00e4lin ha pareggiato\u00a0 il suo primato svizzero U20 nel salto in lungo atterrando a 6.16m .\u00a0 Poco dopo scendevano in pista le Giada ed Alessia che hanno confermato la\u2026","rel":"","context":"In &quot;Pista&quot;","block_context":{"text":"Pista","link":"https:\/\/uscatletica.ch\/wp\/?cat=4"},"img":{"alt_text":"","src":"https:\/\/i0.wp.com\/uscatletica.ch\/wp\/wp-content\/uploads\/2018\/02\/GBAGCSINDOOR2018.jpg?fit=532%2C399&ssl=1&resize=350%2C200","width":350,"height":200,"srcset":"https:\/\/i0.wp.com\/uscatletica.ch\/wp\/wp-content\/uploads\/2018\/02\/GBAGCSINDOOR2018.jpg?fit=532%2C399&ssl=1&resize=350%2C200 1x, https:\/\/i0.wp.com\/uscatletica.ch\/wp\/wp-content\/uploads\/2018\/02\/GBAGCSINDOOR2018.jpg?fit=532%2C399&ssl=1&resize=525%2C300 1.5x"},"classes":[]},{"id":862,"url":"https:\/\/uscatletica.ch\/wp\/?p=862","url_meta":{"origin":5544,"position":3},"title":"CS Indoor USCini non al meglio","author":"Leonida Stampanoni","date":"21 Febbraio 2016","format":false,"excerpt":"I campionati svizzeri indoor giovanili di Macolin sembrano essere stregati per i nostri atleti, che regolarmente vivono esperienze amare alla Ende der Welt. Nel corso degli anni tra infortuni e sfortune varie sono state rare le gioie raccolte nella mecca dello sport svizzero. L'edizione 2016 \u00e8 stata certamente positiva per\u2026","rel":"","context":"In &quot;Pista&quot;","block_context":{"text":"Pista","link":"https:\/\/uscatletica.ch\/wp\/?cat=4"},"img":{"alt_text":"","src":"https:\/\/i0.wp.com\/uscatletica.ch\/wp\/wp-content\/uploads\/2016\/02\/cs2016indoor01.jpg?fit=640%2C432&ssl=1&resize=350%2C200","width":350,"height":200,"srcset":"https:\/\/i0.wp.com\/uscatletica.ch\/wp\/wp-content\/uploads\/2016\/02\/cs2016indoor01.jpg?fit=640%2C432&ssl=1&resize=350%2C200 1x, https:\/\/i0.wp.com\/uscatletica.ch\/wp\/wp-content\/uploads\/2016\/02\/cs2016indoor01.jpg?fit=640%2C432&ssl=1&resize=525%2C300 1.5x"},"classes":[]},{"id":7315,"url":"https:\/\/uscatletica.ch\/wp\/?p=7315","url_meta":{"origin":5544,"position":4},"title":"Giada al via ai Campionati Svizzeri","author":"Leonida Stampanoni","date":"22 Febbraio 2019","format":false,"excerpt":"La Ende der Welt di Macolin torner\u00e0 ad ospitare i campionati svizzeri giovanili Indoor. 700 gli atleti al via nella due giorni di gare, dal Ticino una settantina i giovani talenti a caccia di medaglie, La nostra Giada sar\u00e0 l'unica a difendere i colori USC scender\u00e0 in pedana nel peso\u2026","rel":"","context":"In &quot;Pista&quot;","block_context":{"text":"Pista","link":"https:\/\/uscatletica.ch\/wp\/?cat=4"},"img":{"alt_text":"","src":"https:\/\/i0.wp.com\/uscatletica.ch\/wp\/wp-content\/uploads\/2019\/01\/giadctu20peso19b.jpg?fit=640%2C480&ssl=1&resize=350%2C200","width":350,"height":200,"srcset":"https:\/\/i0.wp.com\/uscatletica.ch\/wp\/wp-content\/uploads\/2019\/01\/giadctu20peso19b.jpg?fit=640%2C480&ssl=1&resize=350%2C200 1x, https:\/\/i0.wp.com\/uscatletica.ch\/wp\/wp-content\/uploads\/2019\/01\/giadctu20peso19b.jpg?fit=640%2C480&ssl=1&resize=525%2C300 1.5x"},"classes":[]},{"id":5509,"url":"https:\/\/uscatletica.ch\/wp\/?p=5509","url_meta":{"origin":5544,"position":5},"title":"Pioggia di personali al Palexpo","author":"Leonida Stampanoni","date":"31 Gennaio 2018","format":false,"excerpt":"Bella serata per i nostri velocisti nell'ultima giornata dei campionati ticinesi indoor dedicata a velocit\u00e0 ed ostacoli.\u00a0 Gli 11 undici presenti si sono battuti alla grande Simone ha raggiunto la finale A sia C\u00e9line che Giada si sono qualificate per la finale B. le classifiche\u00a0Rassegna Stampa\u00a0CDT La Regione 60 m\u2026","rel":"","context":"In &quot;Non catalogato&quot;","block_context":{"text":"Non catalogato","link":"https:\/\/uscatletica.ch\/wp\/?cat=6"},"img":{"alt_text":"","src":"https:\/\/i0.wp.com\/uscatletica.ch\/wp\/wp-content\/uploads\/2017\/05\/P1470011.jpg?fit=563%2C422&ssl=1&resize=350%2C200","width":350,"height":200,"srcset":"https:\/\/i0.wp.com\/uscatletica.ch\/wp\/wp-content\/uploads\/2017\/05\/P1470011.jpg?fit=563%2C422&ssl=1&resize=350%2C200 1x, https:\/\/i0.wp.com\/uscatletica.ch\/wp\/wp-content\/uploads\/2017\/05\/P1470011.jpg?fit=563%2C422&ssl=1&resize=525%2C300 1.5x"},"classes":[]}],"_links":{"self":[{"href":"https:\/\/uscatletica.ch\/wp\/index.php?rest_route=\/wp\/v2\/posts\/5544","targetHints":{"allow":["GET"]}}],"collection":[{"href":"https:\/\/uscatletica.ch\/wp\/index.php?rest_route=\/wp\/v2\/posts"}],"about":[{"href":"https:\/\/uscatletica.ch\/wp\/index.php?rest_route=\/wp\/v2\/types\/post"}],"author":[{"embeddable":true,"href":"https:\/\/uscatletica.ch\/wp\/index.php?rest_route=\/wp\/v2\/users\/4"}],"replies":[{"embeddable":true,"href":"https:\/\/uscatletica.ch\/wp\/index.php?rest_route=%2Fwp%2Fv2%2Fcomments&post=5544"}],"version-history":[{"count":3,"href":"https:\/\/uscatletica.ch\/wp\/index.php?rest_route=\/wp\/v2\/posts\/5544\/revisions"}],"predecessor-version":[{"id":5552,"href":"https:\/\/uscatletica.ch\/wp\/index.php?rest_route=\/wp\/v2\/posts\/5544\/revisions\/5552"}],"wp:featuredmedia":[{"embeddable":true,"href":"https:\/\/uscatletica.ch\/wp\/index.php?rest_route=\/wp\/v2\/media\/3391"}],"wp:attachment":[{"href":"https:\/\/uscatletica.ch\/wp\/index.php?rest_route=%2Fwp%2Fv2%2Fmedia&parent=5544"}],"wp:term":[{"taxonomy":"category","embeddable":true,"href":"https:\/\/uscatletica.ch\/wp\/index.php?rest_route=%2Fwp%2Fv2%2Fcategories&post=5544"},{"taxonomy":"post_tag","embeddable":true,"href":"https:\/\/uscatletica.ch\/wp\/index.php?rest_route=%2Fwp%2Fv2%2Ftags&post=5544"}],"curies":[{"name":"wp","href":"https:\/\/api.w.org\/{rel}","templated":true}]}}