{"id":5709,"date":"2018-03-19T08:29:38","date_gmt":"2018-03-19T07:29:38","guid":{"rendered":"http:\/\/uscatletica.ch\/wp\/?p=5709"},"modified":"2018-03-19T16:26:08","modified_gmt":"2018-03-19T15:26:08","slug":"5709","status":"publish","type":"post","link":"https:\/\/uscatletica.ch\/wp\/?p=5709","title":{"rendered":"Cortenova bravi gli USCini le signore del podismo a Kerzers"},"content":{"rendered":"<p>Al cross di Cortenova bella trasferta per gli USCini invitati dalla selezione Ticino, tempo coperto ma asciutto per la sfida con le province italiane. Le distanze corte, il percorso tecnico e variato e l&#8217;alto livello dei partecipanti ha regalato una bellissima esperienza ai nostri ragazzi. Lea ha raccolto un bel quindicesimo rango\u00a0 Lara S. , Pauline , Federica, Ruben\u00a0 L., Florian e Matilde sono arrivate nel folto del gruppo.\u00a0 Nel cross corto bella prova in progressione per Lucia , La selezioni Ticino chiude al nono rango\u00a0 con due decimi posti come miglior piazzamento per Benedetta Bettega e Lea Rossi.<\/p>\n<p><a href=\"http:\/\/www.fidal-lombardia.it\/ris\/5414.1.htm\" target=\"_blank\" rel=\"noopener\">le classifiche della gara<\/a>\u00a0\u00a0<a href=\"http:\/\/www.fidal-lombardia.it\/ris\/5414.2.htm\" target=\"_blank\" rel=\"noopener\">La graduatoria per rappresentative\u00a0<\/a><\/p>\n<h1>Kerzers Maria e Kalinka alla classica d&#8217;apertura<\/h1>\n<p>Alla <a href=\"https:\/\/www.kerzerslauf.ch\/fr\/\" target=\"_blank\" rel=\"noopener\">Kerzerslauf\u00a0<\/a>classica d&#8217;apertura delle grandi corse podistiche nazionali, al via c&#8217;erano le nostre Kalinka e Maria. Tra gli elite due vittorie Kenyane e due secondi posti per i maratoneti svizzeri con Tadesse Abraham e la campionessa europea di montagna Maude Mathys.\u00a0 Kalinka abbatte la barriera dei 70&#8242; chiudendo in 1h09&#8217;51 , mentre Maria in 1h20&#8217;57 arriva ai piedi del podio.<\/p>\n<p><a href=\"https:\/\/services.datasport.com\/2018\/lauf\/kerzers\/regionch_ti.htm\" target=\"_blank\" rel=\"noopener\">I risultati di tutti i ticinesi<\/a><\/p>\n<h2>Cortenova la festa del cross<\/h2>\n<p>La pioggia che ci ha accolto alle 6.30\u00a0 a Manno prometteva una mattinata difficile, all&#8217;entrata in Valsasassina pure i prati erano innevati, ma una volta giunti a Cortenova\u00a0 il prato delle Bressanelle ed il circuito erano in condizioni ideale ed il cielo coperto mostrava spiragli di luce.<\/p>\n<p>Alla prima gara 3 delle 5 ticinese erano le nostre ragazzine\u00a0 Lea prende un avvio coraggioso al dopo 300 m \u00e8 nel gruppo di testa resiste bene e terminer\u00e0 al quindicesimo rango subito alle spalle di Benedetta Bettega che con il decimo rango ottiene il miglior risultato ticinese, Lara a Pauline corrono fianco a fianco per un po&#8217; poi Lara nel finale allunga chiudendo al 35 rango seguita da Pauline 41esima. Federica \u00e8 impegnata successivamente\u00a0 lotta con determinazione e alla fine di una bella volata chiude al 37 rango.\u00a0 Sempre sui due giri piccoli \u00e8 il turno di Ruben che con la solita gara piena di grinta chiude alle 44esimo rango.\u00a0 Florian si difende e dopo due giri corti ed un giro medio termina 48esimo.\u00a0 Nella gara vinta dalla quarta dei campionati italiani della scorsa settimana , Matilde lotta con determinazione e taglia il traguardo al 37esimo rango. La rappresentativa ticinese\u00a0 chiude al nono posto, la provincia di Milano si conferma vincendo di misura su Trento. Dopo la premiazione cadono le prime gocce di pioggia ma \u00e8 tempo di andare al ristorante Colibri per un gran bel pranzo in compagnia e la solita partitella di calcio al campo.<\/p>\n<p>La stagione dei cross \u00e8 finita\u00a0 settimana prossima cominciano le<a href=\"https:\/\/uscatletica.ch\/wp\/?p=5675\" target=\"_blank\" rel=\"noopener\"> staffette\u00a0<\/a><\/p>\n<p>Tutti i risultati<\/p>\n<table border=\"0\" frame=\"VOID\" rules=\"NONE\" cellspacing=\"0\">\n<colgroup>\n<col width=\"115\" \/>\n<col width=\"42\" \/>\n<col width=\"191\" \/>\n<col width=\"83\" \/>\n<col width=\"53\" \/>\n<col width=\"39\" \/>\n<col width=\"165\" \/>\n<col width=\"73\" \/>\n<col width=\"47\" \/><\/colgroup>\n<tbody>\n<tr>\n<td colspan=\"9\" align=\"CENTER\" width=\"115\" height=\"34\"><span style=\"font-size: large;\">CORTENOVA 2018<\/span><span style=\"font-size: large;\"><br \/>\n<\/span><\/td>\n<\/tr>\n<tr>\n<td style=\"text-align: center;\" colspan=\"9\" align=\"LEFT\" height=\"22\">Selezione Ticino U14-16<\/td>\n<\/tr>\n<tr>\n<td align=\"LEFT\" height=\"22\"><\/td>\n<td align=\"LEFT\">Rango<\/td>\n<td align=\"LEFT\"><\/td>\n<td align=\"LEFT\"><\/td>\n<td align=\"LEFT\"><\/td>\n<td align=\"LEFT\">Rango<\/td>\n<td align=\"LEFT\"><\/td>\n<td align=\"LEFT\"><\/td>\n<td align=\"LEFT\"><\/td>\n<\/tr>\n<tr>\n<td align=\"RIGHT\" height=\"22\">2003<\/td>\n<td align=\"RIGHT\">26<\/td>\n<td align=\"LEFT\">Cariboni Siria<\/td>\n<td align=\"LEFT\">GAB<\/td>\n<td align=\"RIGHT\">2003<\/td>\n<td align=\"RIGHT\">23<\/td>\n<td align=\"LEFT\">Lazzeri Giona<\/td>\n<td align=\"LEFT\">GAD<\/td>\n<td align=\"RIGHT\">28<\/td>\n<\/tr>\n<tr>\n<td align=\"RIGHT\" height=\"22\">2003<\/td>\n<td align=\"RIGHT\">27<\/td>\n<td align=\"LEFT\">Bortolotti Cristina<\/td>\n<td align=\"LEFT\">USA<\/td>\n<td align=\"RIGHT\">2003<\/td>\n<td align=\"RIGHT\">39<\/td>\n<td align=\"LEFT\">Balestra Filippo<\/td>\n<td align=\"LEFT\">GAB<\/td>\n<td align=\"RIGHT\">12<\/td>\n<\/tr>\n<tr>\n<td align=\"RIGHT\" height=\"22\">2003<\/td>\n<td align=\"RIGHT\">37<\/td>\n<td align=\"LEFT\">Stampanoni Matilde<\/td>\n<td align=\"LEFT\">USC<\/td>\n<td align=\"RIGHT\">2003<\/td>\n<td align=\"RIGHT\">42<\/td>\n<td align=\"LEFT\">Gentlini Siro<\/td>\n<td align=\"LEFT\">GAB<\/td>\n<td align=\"RIGHT\">9<\/td>\n<\/tr>\n<tr>\n<td align=\"RIGHT\" height=\"22\">2003<\/td>\n<td align=\"RIGHT\">39<\/td>\n<td align=\"LEFT\">Tagliabue Marta<\/td>\n<td align=\"LEFT\">GAB<\/td>\n<td align=\"RIGHT\">2003<\/td>\n<td align=\"RIGHT\">51<\/td>\n<td align=\"LEFT\">M\u00fcller Xavier<\/td>\n<td align=\"LEFT\">ASM<\/td>\n<td align=\"RIGHT\">0<\/td>\n<\/tr>\n<tr>\n<td align=\"RIGHT\" height=\"22\">2003<\/td>\n<td align=\"RIGHT\">49<\/td>\n<td align=\"LEFT\">Cavadini Alice<\/td>\n<td align=\"LEFT\">GAB<\/td>\n<td align=\"LEFT\"><\/td>\n<td align=\"LEFT\"><\/td>\n<td align=\"LEFT\"><\/td>\n<td align=\"LEFT\"><\/td>\n<td align=\"RIGHT\">51<\/td>\n<\/tr>\n<tr>\n<td align=\"RIGHT\" height=\"22\">2004<\/td>\n<td align=\"RIGHT\">19<\/td>\n<td align=\"LEFT\">Salvad\u00e9 Sara<\/td>\n<td align=\"LEFT\">Vigor<\/td>\n<td align=\"RIGHT\">2004<\/td>\n<td align=\"RIGHT\">31<\/td>\n<td align=\"LEFT\">Guidon Giulian<\/td>\n<td align=\"LEFT\">SAB B<\/td>\n<td align=\"RIGHT\">20<\/td>\n<\/tr>\n<tr>\n<td align=\"RIGHT\" height=\"22\">2004<\/td>\n<td align=\"RIGHT\">29<\/td>\n<td align=\"LEFT\">Salvad\u00e9 Giulia<\/td>\n<td align=\"LEFT\">Vigor<\/td>\n<td align=\"RIGHT\">2004<\/td>\n<td align=\"RIGHT\">48<\/td>\n<td align=\"LEFT\">Sasselli Florian<\/td>\n<td align=\"LEFT\">USC<\/td>\n<td align=\"RIGHT\">3<\/td>\n<\/tr>\n<tr>\n<td align=\"RIGHT\" height=\"22\">2004<\/td>\n<td align=\"RIGHT\">35<\/td>\n<td align=\"LEFT\">Lazzaroni Alina<\/td>\n<td align=\"LEFT\">ATM<\/td>\n<td align=\"RIGHT\">2004<\/td>\n<td align=\"RIGHT\">53<\/td>\n<td align=\"LEFT\">Rovira Riccardo<\/td>\n<td align=\"LEFT\">ATM<\/td>\n<td align=\"RIGHT\">1<\/td>\n<\/tr>\n<tr>\n<td align=\"RIGHT\" height=\"22\">2004<\/td>\n<td align=\"RIGHT\">39<\/td>\n<td align=\"LEFT\">Maggetti Cristina<\/td>\n<td align=\"LEFT\">Virtus<\/td>\n<td align=\"RIGHT\">2004<\/td>\n<td align=\"RIGHT\">55<\/td>\n<td align=\"LEFT\">Cariboni Numa<\/td>\n<td align=\"LEFT\">GAB<\/td>\n<td align=\"RIGHT\">1<\/td>\n<\/tr>\n<tr>\n<td align=\"RIGHT\" height=\"22\">2004<\/td>\n<td align=\"LEFT\"><\/td>\n<td align=\"LEFT\"><\/td>\n<td align=\"LEFT\"><\/td>\n<td align=\"LEFT\"><\/td>\n<td align=\"LEFT\"><\/td>\n<td align=\"LEFT\"><\/td>\n<td align=\"LEFT\"><\/td>\n<td align=\"RIGHT\">51<\/td>\n<\/tr>\n<tr>\n<td align=\"RIGHT\" height=\"22\">2005<\/td>\n<td align=\"RIGHT\">10<\/td>\n<td align=\"LEFT\">Rossi Zoe<\/td>\n<td align=\"LEFT\">SAB B<\/td>\n<td align=\"RIGHT\">2005<\/td>\n<td align=\"RIGHT\">31<\/td>\n<td align=\"LEFT\">Durini Giorgio<\/td>\n<td align=\"LEFT\">Vigor<\/td>\n<td align=\"RIGHT\">20<\/td>\n<\/tr>\n<tr>\n<td align=\"RIGHT\" height=\"22\">2005<\/td>\n<td align=\"RIGHT\">30<\/td>\n<td align=\"LEFT\">Berini Gaia<\/td>\n<td align=\"LEFT\">GAB<\/td>\n<td align=\"RIGHT\">2005<\/td>\n<td align=\"RIGHT\">33<\/td>\n<td align=\"LEFT\">M\u00fcller Yannis<\/td>\n<td align=\"LEFT\">ASM<\/td>\n<td align=\"RIGHT\">18<\/td>\n<\/tr>\n<tr>\n<td align=\"RIGHT\" height=\"22\">2005<\/td>\n<td align=\"RIGHT\">38<\/td>\n<td align=\"LEFT\">Baldi Federica<\/td>\n<td align=\"LEFT\">USC<\/td>\n<td align=\"RIGHT\">2005<\/td>\n<td align=\"RIGHT\">34<\/td>\n<td align=\"LEFT\">Pasteris Giona<\/td>\n<td align=\"LEFT\">SAB B<\/td>\n<td align=\"RIGHT\">17<\/td>\n<\/tr>\n<tr>\n<td align=\"RIGHT\" height=\"22\">2005<\/td>\n<td align=\"RIGHT\">43<\/td>\n<td align=\"LEFT\">Rivera Irene<\/td>\n<td align=\"LEFT\">SFG Me<\/td>\n<td align=\"RIGHT\">2005<\/td>\n<td align=\"RIGHT\">44<\/td>\n<td align=\"LEFT\">Leu Ruben<\/td>\n<td align=\"LEFT\">USC<\/td>\n<td align=\"RIGHT\">7<\/td>\n<\/tr>\n<tr>\n<td align=\"RIGHT\" height=\"22\">2005<\/td>\n<td align=\"LEFT\"><\/td>\n<td align=\"LEFT\"><\/td>\n<td align=\"LEFT\"><\/td>\n<td align=\"RIGHT\">2005<\/td>\n<td align=\"RIGHT\">46<\/td>\n<td align=\"LEFT\">Lazzeri Zeno<\/td>\n<td align=\"LEFT\">GAD<\/td>\n<td align=\"RIGHT\">5<\/td>\n<\/tr>\n<tr>\n<td align=\"RIGHT\" height=\"22\">2006<\/td>\n<td align=\"RIGHT\">10<\/td>\n<td align=\"LEFT\">Benedetta Bettega<\/td>\n<td align=\"LEFT\">SVAM<\/td>\n<td align=\"RIGHT\">2006<\/td>\n<td align=\"RIGHT\">19<\/td>\n<td align=\"LEFT\">De Marco Gioele<\/td>\n<td align=\"LEFT\">ASM<\/td>\n<td align=\"RIGHT\">32<\/td>\n<\/tr>\n<tr>\n<td align=\"RIGHT\" height=\"22\">2006<\/td>\n<td align=\"RIGHT\">15<\/td>\n<td align=\"LEFT\">Cocconi Lea<\/td>\n<td align=\"LEFT\">USC<\/td>\n<td align=\"RIGHT\">2006<\/td>\n<td align=\"RIGHT\">22<\/td>\n<td align=\"LEFT\">Maggetti Elia<\/td>\n<td align=\"LEFT\">Virtus<\/td>\n<td align=\"RIGHT\">29<\/td>\n<\/tr>\n<tr>\n<td align=\"RIGHT\" height=\"22\">2006<\/td>\n<td align=\"RIGHT\">35<\/td>\n<td align=\"LEFT\">Sasselli Lara<\/td>\n<td align=\"LEFT\">USC<\/td>\n<td align=\"RIGHT\">2006<\/td>\n<td align=\"RIGHT\">29<\/td>\n<td align=\"LEFT\">Sch\u00e4r Yannick<\/td>\n<td align=\"LEFT\">SAB B<\/td>\n<td align=\"RIGHT\">22<\/td>\n<\/tr>\n<tr>\n<td align=\"RIGHT\" height=\"22\">2006<\/td>\n<td align=\"RIGHT\">41<\/td>\n<td align=\"LEFT\">Magistra Pauline<\/td>\n<td align=\"LEFT\">USC<\/td>\n<td align=\"RIGHT\">2006<\/td>\n<td align=\"RIGHT\">37<\/td>\n<td align=\"LEFT\">Bernasconi Davide<\/td>\n<td align=\"LEFT\">Vigor<\/td>\n<td align=\"RIGHT\">14<\/td>\n<\/tr>\n<tr>\n<td align=\"RIGHT\" height=\"22\">2006<\/td>\n<td align=\"RIGHT\">42<\/td>\n<td align=\"LEFT\">Grossi Laura<\/td>\n<td align=\"LEFT\">SAB B<\/td>\n<td align=\"RIGHT\">2006<\/td>\n<td align=\"RIGHT\">44<\/td>\n<td align=\"LEFT\">Fattorini Nicola<\/td>\n<td align=\"LEFT\">ASM<\/td>\n<td align=\"RIGHT\">7<\/td>\n<\/tr>\n<tr>\n<td align=\"LEFT\" height=\"22\">U12W<\/td>\n<td align=\"RIGHT\">8<\/td>\n<td align=\"LEFT\">De Marco Aurora<\/td>\n<td align=\"LEFT\">ASM<\/td>\n<td align=\"LEFT\">U12M<\/td>\n<td align=\"RIGHT\">2<\/td>\n<td align=\"LEFT\">M\u00fcller Yannis<\/td>\n<td align=\"LEFT\">ASM<\/td>\n<td align=\"LEFT\"><\/td>\n<\/tr>\n<tr>\n<td align=\"LEFT\" height=\"22\">CORTO<\/td>\n<td align=\"RIGHT\">38 \/ 5<\/td>\n<td align=\"LEFT\">Lucia Baldi<\/td>\n<td align=\"LEFT\">USC<\/td>\n<td align=\"LEFT\"><\/td>\n<td align=\"RIGHT\"><\/td>\n<td align=\"LEFT\"><\/td>\n<td align=\"LEFT\"><\/td>\n<td align=\"LEFT\"><\/td>\n<\/tr>\n<\/tbody>\n<\/table>\n<h2 class=\"western\"><span style=\"font-family: Geneva, sans-serif;\">Comunicato FTAL 19.03.2018- CROSS DELLE SELEZIONI CORTENOVA<\/span><\/h2>\n<p align=\"LEFT\"><span style=\"font-family: Geneva, sans-serif;\"><span style=\"font-size: large;\"><b>LA SELEZIONE TICINO SFIDA LE PROVINCE ITALIANE A CORTENOVA<\/b><\/span><\/span><\/p>\n<p><span lang=\"it-IT\">LEST<\/span>&#8211;<\/p>\n<p>Domenica, in una giornata brumosa i 35 atleti della selezione Ticino FTAL U14\/U16 hanno partecipato alle 21 edizioni del cross delle selezione di Cortenova affrontando altre dieci selezioni provinciali italiane. A vent&#8217;anni dalla prima trasferta i giovani sotto l&#8217;attenta direzione del CT Luca Romerio e della responsabile dei cross Jeannette Bragagnolo hanno ottenuto il nono rango al cospetto dei talenti italiani decisamente pi\u00f9 brillanti nell&#8217;occasione. La provincia di Milano vince di misura su Trento confermando il successo dello scorso anno. I nostri giovani hanno certamente potuto confrontarsi in un contesto di alto livello al via anche la campionessa italiana cadette e la medaglia di bronzo tra i ragazzi e vivere con grande spirito di gruppo una giornata unica . I prati delle Bressanelle offrono una variet\u00e0 di terrazzi ideale per disegnare un percorso ideale per le corse campestri, molti cambi di ritmo e saliscendi che hanno offerto gare spettacolari.<\/p>\n<p>Sono stati le ragazze pi\u00f9 giovani ad inizio mattinata ad ottenere i migliori risultati sul percorso di poco pi\u00f9 di un km tra le nate nel 2006 Benedetta Bettega ha chiuso al decimo posto seguita da Lea Cocconi quindicesima dopo aver provato a reggere il ritmo del gruppo di testa. Nel seconda met\u00e0 del gruppo le altre tre ragazze Lara Sasselli,) Pauline Magistra, Laura Grossi. Tra le nate nel 2005 la vincitrice di coppa Zoe Rossi chiude decima seguita a Gaia Berini (30), Federica Baldi (38), Irene Rivera (43). Tra i ragazzi 2006 con una bella volata Gioele De Marco chiude al diciannovesimo rango seguito da Elia Maggetti (22) e Yannick Sch\u00e4r . Oltre il 30 rango Davide Bernasconi e Nicola Fattorini . I nati nel 2005 terminano a ridosso del trentesimo rango con Giorgio Durini davanti a Yannis M\u00fcller, Giona Pasteris, Ruben Leu Zeno Lazzeri. Tra le ragazze 2004 vince la fresca campionessa italiana della scorsa settimana a Gubbio Greta Michieli migliore delle ticinesi Sara Salvad\u00e8 diciannovesima 10 posizioni davanti alla gemella Giulia seguono Alina Lazzaroni e Cristina Maggetti. Tra le ragazze 2003 il succeso \u00e8 per Luna Giovannetti, quarta a Gubbio, Siria Cariboni precede di poco Cristina Bortolotti al venticinquesimo rango seguono Matilde Stampanoni, Marta Tagliabue e Alice Cavadini. Tra i ragazzi 2003 Mattia Zen riesce a spuntarla sul terzo dei campionati italiani Mattia Campi, buona prova in progressione per Giona Lazzeri (23) seguono Filippo Balestra, Siro Gentilini e Xavier M\u00fcller. Il Milanese Daniele Prezzato vince tra i nati nel 2004 appena oltre i 30 Giulian Guidon pi\u00f9 lontani Florian Sasselli, Riccardo Rovira e Numa Cariboni. Nelle gare di contorno a livello provinciale dedicate agli U12 ottimo secondo posto per C\u00e9dric M\u00fcller mentre tra le ragazze Aurora de Marco \u00e8 ottava ottima prova per i due montecenerini. Spettacolari in chiusura le due prova di campionati provinciale nel cross corto tra le donne con la vittoria di Ilaria Dal Magro con un quinto psoto tra le w45 per Lucia Baldi. Oltre 100 gli uomini al via con la vittoria per Nadir Cavagna della valle Brembana. La stagione dei cross \u00e8 chiusa settimana prossima a Kreuzlingen ci sar\u00e0 la finale nazionale della UBS Kids Cup Team con 12 squadre ticinese al via. La stagione estiva sabato 21 aprile con i campionati ticinesi giovanili di staffette al Lido di Locarno<\/p>\n<table border=\"0\" width=\"780\" cellspacing=\"0\" cellpadding=\"3\">\n<colgroup>\n<col width=\"112\" \/>\n<col width=\"109\" \/>\n<col width=\"167\" \/>\n<col width=\"36\" \/>\n<col width=\"109\" \/>\n<col width=\"46\" \/>\n<col width=\"159\" \/> <\/colgroup>\n<tbody>\n<tr>\n<td colspan=\"7\" valign=\"BOTTOM\" width=\"774\" height=\"28\">\n<p align=\"CENTER\">CORTENOVA 2018<\/p>\n<\/td>\n<\/tr>\n<tr>\n<td colspan=\"7\" valign=\"BOTTOM\" width=\"774\">\n<p align=\"CENTER\">Selezione Ticino U14 U16<\/p>\n<\/td>\n<\/tr>\n<tr valign=\"BOTTOM\">\n<td width=\"112\" height=\"16\"><\/td>\n<td width=\"109\"><\/td>\n<td width=\"167\"><\/td>\n<td width=\"36\"><\/td>\n<td width=\"109\"><\/td>\n<td width=\"46\"><\/td>\n<td width=\"159\"><\/td>\n<\/tr>\n<tr valign=\"BOTTOM\">\n<td width=\"112\" height=\"16\">\n<p align=\"RIGHT\">2003<\/p>\n<\/td>\n<td width=\"109\">\n<p align=\"RIGHT\">26<\/p>\n<\/td>\n<td width=\"167\">\n<p align=\"LEFT\">Cariboni Siria<\/p>\n<\/td>\n<td width=\"36\"><\/td>\n<td width=\"109\">\n<p align=\"RIGHT\">2003<\/p>\n<\/td>\n<td width=\"46\">\n<p align=\"RIGHT\">23<\/p>\n<\/td>\n<td width=\"159\">\n<p align=\"LEFT\">Lazzeri Giona<\/p>\n<\/td>\n<\/tr>\n<tr valign=\"BOTTOM\">\n<td width=\"112\" height=\"16\">\n<p align=\"RIGHT\">2003<\/p>\n<\/td>\n<td width=\"109\">\n<p align=\"RIGHT\">27<\/p>\n<\/td>\n<td width=\"167\">\n<p align=\"LEFT\">Bortolotti Cristina<\/p>\n<\/td>\n<td width=\"36\"><\/td>\n<td width=\"109\">\n<p align=\"RIGHT\">2003<\/p>\n<\/td>\n<td width=\"46\">\n<p align=\"RIGHT\">39<\/p>\n<\/td>\n<td width=\"159\">\n<p align=\"LEFT\">Balestra Filippo<\/p>\n<\/td>\n<\/tr>\n<tr valign=\"BOTTOM\">\n<td width=\"112\" height=\"16\">\n<p align=\"RIGHT\">2003<\/p>\n<\/td>\n<td width=\"109\">\n<p align=\"RIGHT\">37<\/p>\n<\/td>\n<td width=\"167\">\n<p align=\"LEFT\">Stampanoni Matilde<\/p>\n<\/td>\n<td width=\"36\"><\/td>\n<td width=\"109\">\n<p align=\"RIGHT\">2003<\/p>\n<\/td>\n<td width=\"46\">\n<p align=\"RIGHT\">42<\/p>\n<\/td>\n<td width=\"159\">\n<p align=\"LEFT\">Gentlini Siro<\/p>\n<\/td>\n<\/tr>\n<tr valign=\"BOTTOM\">\n<td width=\"112\" height=\"16\">\n<p align=\"RIGHT\">2003<\/p>\n<\/td>\n<td width=\"109\">\n<p align=\"RIGHT\">39<\/p>\n<\/td>\n<td width=\"167\">\n<p align=\"LEFT\">Tagliabue Marta<\/p>\n<\/td>\n<td width=\"36\"><\/td>\n<td width=\"109\">\n<p align=\"RIGHT\">2003<\/p>\n<\/td>\n<td width=\"46\">\n<p align=\"RIGHT\">51<\/p>\n<\/td>\n<td width=\"159\">\n<p align=\"LEFT\">M\u00fcller Xavier<\/p>\n<\/td>\n<\/tr>\n<tr valign=\"BOTTOM\">\n<td width=\"112\" height=\"16\">\n<p align=\"RIGHT\">2003<\/p>\n<\/td>\n<td width=\"109\">\n<p align=\"RIGHT\">49<\/p>\n<\/td>\n<td width=\"167\">\n<p align=\"LEFT\">Cavadini Alice<\/p>\n<\/td>\n<td width=\"36\"><\/td>\n<td width=\"109\"><\/td>\n<td width=\"46\"><\/td>\n<td width=\"159\"><\/td>\n<\/tr>\n<tr valign=\"BOTTOM\">\n<td width=\"112\" height=\"16\">\n<p align=\"RIGHT\">2004<\/p>\n<\/td>\n<td width=\"109\">\n<p align=\"RIGHT\">19<\/p>\n<\/td>\n<td width=\"167\">\n<p align=\"LEFT\">Salvad\u00e9 Sara<\/p>\n<\/td>\n<td width=\"36\"><\/td>\n<td width=\"109\">\n<p align=\"RIGHT\">2004<\/p>\n<\/td>\n<td width=\"46\">\n<p align=\"RIGHT\">31<\/p>\n<\/td>\n<td width=\"159\">\n<p align=\"LEFT\">Guidon Giulian<\/p>\n<\/td>\n<\/tr>\n<tr valign=\"BOTTOM\">\n<td width=\"112\" height=\"16\">\n<p align=\"RIGHT\">2004<\/p>\n<\/td>\n<td width=\"109\">\n<p align=\"RIGHT\">29<\/p>\n<\/td>\n<td width=\"167\">\n<p align=\"LEFT\">Salvad\u00e9 Giulia<\/p>\n<\/td>\n<td width=\"36\"><\/td>\n<td width=\"109\">\n<p align=\"RIGHT\">2004<\/p>\n<\/td>\n<td width=\"46\">\n<p align=\"RIGHT\">48<\/p>\n<\/td>\n<td width=\"159\">\n<p align=\"LEFT\">Sasselli Florian<\/p>\n<\/td>\n<\/tr>\n<tr valign=\"BOTTOM\">\n<td width=\"112\" height=\"16\">\n<p align=\"RIGHT\">2004<\/p>\n<\/td>\n<td width=\"109\">\n<p align=\"RIGHT\">35<\/p>\n<\/td>\n<td width=\"167\">\n<p align=\"LEFT\">Lazzaroni Alina<\/p>\n<\/td>\n<td width=\"36\"><\/td>\n<td width=\"109\">\n<p align=\"RIGHT\">2004<\/p>\n<\/td>\n<td width=\"46\">\n<p align=\"RIGHT\">53<\/p>\n<\/td>\n<td width=\"159\">\n<p align=\"LEFT\">Rovira Riccardo<\/p>\n<\/td>\n<\/tr>\n<tr valign=\"BOTTOM\">\n<td width=\"112\" height=\"16\">\n<p align=\"RIGHT\">2004<\/p>\n<\/td>\n<td width=\"109\">\n<p align=\"RIGHT\">39<\/p>\n<\/td>\n<td width=\"167\">\n<p align=\"LEFT\">Maggetti Cristina<\/p>\n<\/td>\n<td width=\"36\"><\/td>\n<td width=\"109\">\n<p align=\"RIGHT\">2004<\/p>\n<\/td>\n<td width=\"46\">\n<p align=\"RIGHT\">55<\/p>\n<\/td>\n<td width=\"159\">\n<p align=\"LEFT\">Cariboni Numa<\/p>\n<\/td>\n<\/tr>\n<tr valign=\"BOTTOM\">\n<td width=\"112\" height=\"16\">\n<p align=\"RIGHT\">2004<\/p>\n<\/td>\n<td width=\"109\"><\/td>\n<td width=\"167\"><\/td>\n<td width=\"36\"><\/td>\n<td width=\"109\"><\/td>\n<td width=\"46\"><\/td>\n<td width=\"159\"><\/td>\n<\/tr>\n<tr valign=\"BOTTOM\">\n<td width=\"112\" height=\"16\">\n<p align=\"RIGHT\">2005<\/p>\n<\/td>\n<td width=\"109\">\n<p align=\"RIGHT\">10<\/p>\n<\/td>\n<td width=\"167\">\n<p align=\"LEFT\">Zoe Rossi<\/p>\n<\/td>\n<td width=\"36\"><\/td>\n<td width=\"109\">\n<p align=\"RIGHT\">2005<\/p>\n<\/td>\n<td width=\"46\">\n<p align=\"RIGHT\">31<\/p>\n<\/td>\n<td width=\"159\">\n<p align=\"LEFT\">Durini Giorgio<\/p>\n<\/td>\n<\/tr>\n<tr valign=\"BOTTOM\">\n<td width=\"112\" height=\"16\">\n<p align=\"RIGHT\">2005<\/p>\n<\/td>\n<td width=\"109\">\n<p align=\"RIGHT\">30<\/p>\n<\/td>\n<td width=\"167\">\n<p align=\"LEFT\">Berini Gaia<\/p>\n<\/td>\n<td width=\"36\"><\/td>\n<td width=\"109\">\n<p align=\"RIGHT\">2005<\/p>\n<\/td>\n<td width=\"46\">\n<p align=\"RIGHT\">33<\/p>\n<\/td>\n<td width=\"159\">\n<p align=\"LEFT\">M\u00fcller Yannis<\/p>\n<\/td>\n<\/tr>\n<tr valign=\"BOTTOM\">\n<td width=\"112\" height=\"16\">\n<p align=\"RIGHT\">2005<\/p>\n<\/td>\n<td width=\"109\">\n<p align=\"RIGHT\">38<\/p>\n<\/td>\n<td width=\"167\">\n<p align=\"LEFT\">Baldi Federica<\/p>\n<\/td>\n<td width=\"36\"><\/td>\n<td width=\"109\">\n<p align=\"RIGHT\">2005<\/p>\n<\/td>\n<td width=\"46\">\n<p align=\"RIGHT\">34<\/p>\n<\/td>\n<td width=\"159\">\n<p align=\"LEFT\">Pasteris Giona<\/p>\n<\/td>\n<\/tr>\n<tr valign=\"BOTTOM\">\n<td width=\"112\" height=\"16\">\n<p align=\"RIGHT\">2005<\/p>\n<\/td>\n<td width=\"109\">\n<p align=\"RIGHT\">43<\/p>\n<\/td>\n<td width=\"167\">\n<p align=\"LEFT\">Rivera Irene<\/p>\n<\/td>\n<td width=\"36\"><\/td>\n<td width=\"109\">\n<p align=\"RIGHT\">2005<\/p>\n<\/td>\n<td width=\"46\">\n<p align=\"RIGHT\">44<\/p>\n<\/td>\n<td width=\"159\">\n<p align=\"LEFT\">Leu Ruben<\/p>\n<\/td>\n<\/tr>\n<tr valign=\"BOTTOM\">\n<td width=\"112\" height=\"16\">\n<p align=\"RIGHT\">2005<\/p>\n<\/td>\n<td width=\"109\"><\/td>\n<td width=\"167\"><\/td>\n<td width=\"36\"><\/td>\n<td width=\"109\">\n<p align=\"RIGHT\">2005<\/p>\n<\/td>\n<td width=\"46\">\n<p align=\"RIGHT\">46<\/p>\n<\/td>\n<td width=\"159\">\n<p align=\"LEFT\">Lazzeri Zeno<\/p>\n<\/td>\n<\/tr>\n<tr valign=\"BOTTOM\">\n<td width=\"112\" height=\"16\">\n<p align=\"RIGHT\">2006<\/p>\n<\/td>\n<td width=\"109\">\n<p align=\"RIGHT\">10<\/p>\n<\/td>\n<td width=\"167\">\n<p align=\"LEFT\">Benedetta Bettega<\/p>\n<\/td>\n<td width=\"36\"><\/td>\n<td width=\"109\">\n<p align=\"RIGHT\">2006<\/p>\n<\/td>\n<td width=\"46\">\n<p align=\"RIGHT\">19<\/p>\n<\/td>\n<td width=\"159\">\n<p align=\"LEFT\">De Marco Gioele<\/p>\n<\/td>\n<\/tr>\n<tr valign=\"BOTTOM\">\n<td width=\"112\" height=\"16\">\n<p align=\"RIGHT\">2006<\/p>\n<\/td>\n<td width=\"109\">\n<p align=\"RIGHT\">15<\/p>\n<\/td>\n<td width=\"167\">\n<p align=\"LEFT\">Cocconi Lea<\/p>\n<\/td>\n<td width=\"36\"><\/td>\n<td width=\"109\">\n<p align=\"RIGHT\">2006<\/p>\n<\/td>\n<td width=\"46\">\n<p align=\"RIGHT\">22<\/p>\n<\/td>\n<td width=\"159\">\n<p align=\"LEFT\">Maggetti Elia<\/p>\n<\/td>\n<\/tr>\n<tr valign=\"BOTTOM\">\n<td width=\"112\" height=\"16\">\n<p align=\"RIGHT\">2006<\/p>\n<\/td>\n<td width=\"109\">\n<p align=\"RIGHT\">35<\/p>\n<\/td>\n<td width=\"167\">\n<p align=\"LEFT\">Sasselli Lara<\/p>\n<\/td>\n<td width=\"36\"><\/td>\n<td width=\"109\">\n<p align=\"RIGHT\">2006<\/p>\n<\/td>\n<td width=\"46\">\n<p align=\"RIGHT\">29<\/p>\n<\/td>\n<td width=\"159\">\n<p align=\"LEFT\">Sch\u00e4r Yannick<\/p>\n<\/td>\n<\/tr>\n<tr valign=\"BOTTOM\">\n<td width=\"112\" height=\"16\">\n<p align=\"RIGHT\">2006<\/p>\n<\/td>\n<td width=\"109\">\n<p align=\"RIGHT\">41<\/p>\n<\/td>\n<td width=\"167\">\n<p align=\"LEFT\">Magistra Pauline<\/p>\n<\/td>\n<td width=\"36\"><\/td>\n<td width=\"109\">\n<p align=\"RIGHT\">2006<\/p>\n<\/td>\n<td width=\"46\">\n<p align=\"RIGHT\">37<\/p>\n<\/td>\n<td width=\"159\">\n<p align=\"LEFT\">Bernasconi Davide<\/p>\n<\/td>\n<\/tr>\n<tr valign=\"BOTTOM\">\n<td width=\"112\" height=\"16\">\n<p align=\"RIGHT\">2006<\/p>\n<\/td>\n<td width=\"109\">\n<p align=\"RIGHT\">42<\/p>\n<\/td>\n<td width=\"167\">\n<p align=\"LEFT\">Grossi Laura<\/p>\n<\/td>\n<td width=\"36\"><\/td>\n<td width=\"109\">\n<p align=\"RIGHT\">2006<\/p>\n<\/td>\n<td width=\"46\">\n<p align=\"RIGHT\">44<\/p>\n<\/td>\n<td width=\"159\">\n<p align=\"LEFT\">Fattorini Nicola<\/p>\n<\/td>\n<\/tr>\n<tr>\n<td colspan=\"7\" valign=\"BOTTOM\" width=\"774\">\n<p align=\"CENTER\">Gare di Contorno<\/p>\n<\/td>\n<\/tr>\n<tr valign=\"BOTTOM\">\n<td width=\"112\" height=\"16\">\n<p align=\"LEFT\">U12W<\/p>\n<\/td>\n<td width=\"109\">\n<p align=\"RIGHT\">8<\/p>\n<\/td>\n<td width=\"167\">\n<p align=\"LEFT\">De Marco Aurora<\/p>\n<\/td>\n<td width=\"36\"><\/td>\n<td width=\"109\">\n<p align=\"LEFT\">U12M<\/p>\n<\/td>\n<td width=\"46\">\n<p align=\"RIGHT\">2<\/p>\n<\/td>\n<td width=\"159\">\n<p align=\"LEFT\">M\u00fcller Yannis<\/p>\n<\/td>\n<\/tr>\n<tr valign=\"BOTTOM\">\n<td width=\"112\" height=\"16\">\n<p align=\"LEFT\">Corto W45<\/p>\n<\/td>\n<td width=\"109\">\n<p align=\"RIGHT\">5<\/p>\n<\/td>\n<td width=\"167\">\n<p align=\"LEFT\">Baldi Lucia<\/p>\n<\/td>\n<td width=\"36\"><\/td>\n<td width=\"109\"><\/td>\n<td width=\"46\"><\/td>\n<td width=\"159\"><\/td>\n<\/tr>\n<\/tbody>\n<\/table>\n<p>Ci<\/p>\n<p lang=\"it-IT\"><span style=\"color: #444444;\"><span style=\"font-family: 'Lucida Sans Unicode', serif;\"><span style=\"font-size: small;\"><b>Leonida Stampanoni<\/b><\/span><\/span><\/span><\/p>\n<p lang=\"it-IT\">\n<p lang=\"it-IT\">\n","protected":false},"excerpt":{"rendered":"<p>Al cross di Cortenova bella trasferta per gli USCini invitati dalla selezione Ticino, tempo coperto ma asciutto per la sfida con le province italiane. Le distanze corte, il percorso tecnico e variato e l&#8217;alto livello dei partecipanti ha regalato una bellissima esperienza ai nostri ragazzi. Lea ha raccolto un bel quindicesimo rango\u00a0 Lara S. , Pauline , Federica, Ruben\u00a0 L., Florian e Matilde sono arrivate nel folto del gruppo.\u00a0 Nel cross corto bella prova in&#8230;<\/p>\n","protected":false},"author":4,"featured_media":5710,"comment_status":"closed","ping_status":"closed","sticky":false,"template":"","format":"standard","meta":{"jetpack_post_was_ever_published":false,"_jetpack_newsletter_access":"","_jetpack_dont_email_post_to_subs":false,"_jetpack_newsletter_tier_id":0,"_jetpack_memberships_contains_paywalled_content":false,"_jetpack_memberships_contains_paid_content":false,"footnotes":"","jetpack_publicize_message":"","jetpack_publicize_feature_enabled":true,"jetpack_social_post_already_shared":true,"jetpack_social_options":{"image_generator_settings":{"template":"highway","default_image_id":0,"font":"","enabled":false},"version":2}},"categories":[7,5,9],"tags":[],"class_list":["post-5709","post","type-post","status-publish","format-standard","has-post-thumbnail","hentry","category-cross","category-podismo","category-sport"],"jetpack_publicize_connections":[],"jetpack_featured_media_url":"https:\/\/i0.wp.com\/uscatletica.ch\/wp\/wp-content\/uploads\/2018\/03\/ftalticinocortenova18.jpg?fit=563%2C422&ssl=1","jetpack_sharing_enabled":true,"jetpack_shortlink":"https:\/\/wp.me\/s6V7Ck-5709","jetpack-related-posts":[{"id":7443,"url":"https:\/\/uscatletica.ch\/wp\/?p=7443","url_meta":{"origin":5709,"position":0},"title":"Gaia Vola a Bergamo bravi gli USCini a Cortenova Parigi Kerzers","author":"Leonida Stampanoni","date":"17 Marzo 2019","format":false,"excerpt":"Fine settimana intenso per gli USCini i nostri atleti erano impegnati su pi\u00f9 fronti: Chiara era ai campionati italiani di Ancona, U14 ed U16 impegnati nelle selezioni Ticino tra Cortenova e Bergamo. Roby giovedi ha scalato la tour Eiffel per poi concedersi un trail a Parigi. Kalinka e Patrizia erano\u2026","rel":"","context":"In &quot;Cross&quot;","block_context":{"text":"Cross","link":"https:\/\/uscatletica.ch\/wp\/?cat=7"},"img":{"alt_text":"","src":"https:\/\/i0.wp.com\/uscatletica.ch\/wp\/wp-content\/uploads\/2018\/06\/altoP1510460.jpg?fit=432%2C324&ssl=1&resize=350%2C200","width":350,"height":200},"classes":[]},{"id":3732,"url":"https:\/\/uscatletica.ch\/wp\/?p=3732","url_meta":{"origin":5709,"position":1},"title":"Fine settimana da brivido Coppa Ticino Cortenova e Kerzers","author":"Leonida Stampanoni","date":"18 Marzo 2017","format":false,"excerpt":"Nell'ultimo fine settimana invernale i nostri atleti saranno impegnati su tre fronti: A Cortenova si sar\u00e0 il ventesimo del cross delle selezione con ben 6 USCini a rappresentare i colori della FTAL il Valsassina, Matilde, Florian, Louis, Federica, Samuele e Ruben L.\u00a0live da Cortenova Sabato alla Kerzerslauf i podisti saranno\u2026","rel":"","context":"In &quot;Cross&quot;","block_context":{"text":"Cross","link":"https:\/\/uscatletica.ch\/wp\/?cat=7"},"img":{"alt_text":"","src":"https:\/\/i0.wp.com\/uscatletica.ch\/wp\/wp-content\/uploads\/2017\/03\/P1450207.jpg?fit=563%2C422&ssl=1&resize=350%2C200","width":350,"height":200,"srcset":"https:\/\/i0.wp.com\/uscatletica.ch\/wp\/wp-content\/uploads\/2017\/03\/P1450207.jpg?fit=563%2C422&ssl=1&resize=350%2C200 1x, https:\/\/i0.wp.com\/uscatletica.ch\/wp\/wp-content\/uploads\/2017\/03\/P1450207.jpg?fit=563%2C422&ssl=1&resize=525%2C300 1.5x"},"classes":[]},{"id":7436,"url":"https:\/\/uscatletica.ch\/wp\/?p=7436","url_meta":{"origin":5709,"position":2},"title":"IL FINE SETTIMANA DELLE SELEZIONE DA CORTENOVA A BERGAMO","author":"Leonida Stampanoni","date":"14 Marzo 2019","format":false,"excerpt":"Nel fine settimana una decina di USCini difenderanno i colori del Ticino nelle due gare tra rappresentative in programma. Le tre ragazze del CAT Future Gaia Matilde e Morena saranno a Bergamo per il quadrangolare indoor a cui per l'USC hanno gi\u00e0 partecipato Giada Florian Lia e Gea. Per la\u2026","rel":"","context":"In &quot;Cross&quot;","block_context":{"text":"Cross","link":"https:\/\/uscatletica.ch\/wp\/?cat=7"},"img":{"alt_text":"","src":"https:\/\/i0.wp.com\/uscatletica.ch\/wp\/wp-content\/uploads\/2019\/02\/ticinou18u20aladeisardi.jpg?fit=964%2C1200&ssl=1&resize=350%2C200","width":350,"height":200,"srcset":"https:\/\/i0.wp.com\/uscatletica.ch\/wp\/wp-content\/uploads\/2019\/02\/ticinou18u20aladeisardi.jpg?fit=964%2C1200&ssl=1&resize=350%2C200 1x, https:\/\/i0.wp.com\/uscatletica.ch\/wp\/wp-content\/uploads\/2019\/02\/ticinou18u20aladeisardi.jpg?fit=964%2C1200&ssl=1&resize=525%2C300 1.5x, https:\/\/i0.wp.com\/uscatletica.ch\/wp\/wp-content\/uploads\/2019\/02\/ticinou18u20aladeisardi.jpg?fit=964%2C1200&ssl=1&resize=700%2C400 2x"},"classes":[]},{"id":14450,"url":"https:\/\/uscatletica.ch\/wp\/?p=14450","url_meta":{"origin":5709,"position":3},"title":"5 USCini a Cortenova","author":"Leonida Stampanoni","date":"20 Marzo 2022","format":false,"excerpt":"La selezione Ticino torna a Cortenova per il cross delle Bressanelle dopo due anni di pausa forzata. Tra le 17 selezioni \u00a0spiccano le presenze \u00a0USC \u00a0con Jennis, No\u00e8, Am\u00e9lie, Ismael e Dalia. Comunicato 22.03.15 \u2013 Selezione Ticino FTAL Cross delle selezioni di Cortenova IL TICINO TORNA A CORTENOVA Leonida Stampanoni\u2026","rel":"","context":"In &quot;Cross&quot;","block_context":{"text":"Cross","link":"https:\/\/uscatletica.ch\/wp\/?cat=7"},"img":{"alt_text":"","src":"https:\/\/i0.wp.com\/uscatletica.ch\/wp\/wp-content\/uploads\/2019\/03\/image1.jpeg?fit=518%2C299&ssl=1&resize=350%2C200","width":350,"height":200},"classes":[]},{"id":5703,"url":"https:\/\/uscatletica.ch\/wp\/?p=5703","url_meta":{"origin":5709,"position":4},"title":"Cortenova 8 USCini alla carica con la FTAL","author":"Leonida Stampanoni","date":"15 Marzo 2018","format":false,"excerpt":"La stagione dei cross 2018 si chiuder\u00e0 domenica sui prati delle Bressanelle con il cross delle selezioni a Cortenova. La selezione Ticino della FTAL conter\u00e0 8 USCini tra i 40 partenti nella sfida con le selezioni provinciali del centro norditalia.\u00a0 \u00a0Matilde e Ruben B. sono all'ultima uscita al debutto invece\u2026","rel":"","context":"In &quot;Cross&quot;","block_context":{"text":"Cross","link":"https:\/\/uscatletica.ch\/wp\/?cat=7"},"img":{"alt_text":"","src":"https:\/\/i0.wp.com\/uscatletica.ch\/wp\/wp-content\/uploads\/2016\/03\/cortenova16ftalticino.jpg?fit=563%2C317&ssl=1&resize=350%2C200","width":350,"height":200,"srcset":"https:\/\/i0.wp.com\/uscatletica.ch\/wp\/wp-content\/uploads\/2016\/03\/cortenova16ftalticino.jpg?fit=563%2C317&ssl=1&resize=350%2C200 1x, https:\/\/i0.wp.com\/uscatletica.ch\/wp\/wp-content\/uploads\/2016\/03\/cortenova16ftalticino.jpg?fit=563%2C317&ssl=1&resize=525%2C300 1.5x"},"classes":[]},{"id":14452,"url":"https:\/\/uscatletica.ch\/wp\/?p=14452","url_meta":{"origin":5709,"position":5},"title":"BENE GLI USCini a Cortenova","author":"Leonida Stampanoni","date":"21 Marzo 2022","format":false,"excerpt":"Nell'ottima trasferta ticinese a Cortenova anche i nostri 5 atleti hanno colto l'occasione per mostrare la loro grinta. Dopo 9 anni il Ticino \u00e8 tornato alla vittoria grazie alla vicecampionessa svizzera Tiziana Rosamilia.Altri tre i piazzamenti nei primi dieci con Rahul Sain, Leonard Haller e Aurora De Marco. No\u00e9 \u00e8\u2026","rel":"","context":"In &quot;Cross&quot;","block_context":{"text":"Cross","link":"https:\/\/uscatletica.ch\/wp\/?cat=7"},"img":{"alt_text":"","src":"https:\/\/i0.wp.com\/uscatletica.ch\/wp\/wp-content\/uploads\/2016\/03\/cortenova16ftalticino.jpg?fit=563%2C317&ssl=1&resize=350%2C200","width":350,"height":200,"srcset":"https:\/\/i0.wp.com\/uscatletica.ch\/wp\/wp-content\/uploads\/2016\/03\/cortenova16ftalticino.jpg?fit=563%2C317&ssl=1&resize=350%2C200 1x, https:\/\/i0.wp.com\/uscatletica.ch\/wp\/wp-content\/uploads\/2016\/03\/cortenova16ftalticino.jpg?fit=563%2C317&ssl=1&resize=525%2C300 1.5x"},"classes":[]}],"_links":{"self":[{"href":"https:\/\/uscatletica.ch\/wp\/index.php?rest_route=\/wp\/v2\/posts\/5709","targetHints":{"allow":["GET"]}}],"collection":[{"href":"https:\/\/uscatletica.ch\/wp\/index.php?rest_route=\/wp\/v2\/posts"}],"about":[{"href":"https:\/\/uscatletica.ch\/wp\/index.php?rest_route=\/wp\/v2\/types\/post"}],"author":[{"embeddable":true,"href":"https:\/\/uscatletica.ch\/wp\/index.php?rest_route=\/wp\/v2\/users\/4"}],"replies":[{"embeddable":true,"href":"https:\/\/uscatletica.ch\/wp\/index.php?rest_route=%2Fwp%2Fv2%2Fcomments&post=5709"}],"version-history":[{"count":6,"href":"https:\/\/uscatletica.ch\/wp\/index.php?rest_route=\/wp\/v2\/posts\/5709\/revisions"}],"predecessor-version":[{"id":5716,"href":"https:\/\/uscatletica.ch\/wp\/index.php?rest_route=\/wp\/v2\/posts\/5709\/revisions\/5716"}],"wp:featuredmedia":[{"embeddable":true,"href":"https:\/\/uscatletica.ch\/wp\/index.php?rest_route=\/wp\/v2\/media\/5710"}],"wp:attachment":[{"href":"https:\/\/uscatletica.ch\/wp\/index.php?rest_route=%2Fwp%2Fv2%2Fmedia&parent=5709"}],"wp:term":[{"taxonomy":"category","embeddable":true,"href":"https:\/\/uscatletica.ch\/wp\/index.php?rest_route=%2Fwp%2Fv2%2Fcategories&post=5709"},{"taxonomy":"post_tag","embeddable":true,"href":"https:\/\/uscatletica.ch\/wp\/index.php?rest_route=%2Fwp%2Fv2%2Ftags&post=5709"}],"curies":[{"name":"wp","href":"https:\/\/api.w.org\/{rel}","templated":true}]}}