{"id":6157,"date":"2018-06-02T13:09:08","date_gmt":"2018-06-02T11:09:08","guid":{"rendered":"http:\/\/uscatletica.ch\/wp\/?p=6157"},"modified":"2018-06-02T20:06:19","modified_gmt":"2018-06-02T18:06:19","slug":"massagno-co-e-podismo-triathlon-a-sion","status":"publish","type":"post","link":"https:\/\/uscatletica.ch\/wp\/?p=6157","title":{"rendered":"Massagno CO e podismo Triathlon a Sion Maria argento a Kreuzegg"},"content":{"rendered":"<p>Fine settimana intenso fuori dalle piste\u00a0 in programma due gare a Massagno i campionati svizzeri di Salita ed il triathlon a Sion<\/p>\n<h2>CS SALITA ARGENTO PER MARIA<\/h2>\n<p>Jonathan sabato ha chiuso i campionati svizzeri di Salita al 6 rango di categoria lungo i 13.1 k della Kreuzegg Classic ha corso in\u00a0 1h06&#8217;54 a poco pi\u00f9 di un minuto dal podio. Maria ha ottenuto invece l&#8217;argento tra le 65 correndo in 1h42&#8217;55. Altra medaglia per il Ticino con Sergio Dattrino tra gli M70. i nuovi campioni svizzeri sono Maude Mathys e Christian Mathys.<\/p>\n<h2>Massagno nel podismo vincono i fratelli Delorenzi<\/h2>\n<p>Il centro di Massagno ha ospitato due gare a circa 15 ore di distanza. Venerdi sera c&#8217;erano gli orientisti per la prima tappa del Fragori mentre sabato mattina era la coppa ASTi podismo ad ospitare la Stramassagno. Sabato mattina Roberto ha vinto la gara sugli 8 km Valerio ha terminato secondo tra gli M40 Doppietta U20 com Marco ed Alex e terzo posto per Kalinka. Nella coppa giovanile terzo rango per Federica seguita da Selina. Tra le U12 terza Jennis<\/p>\n<p>&nbsp;<\/p>\n<p>Leonida venerdi sera ai Fragori ha pagato caro una distrazione annullando con un punto mancato un&#8217;ottima gara. Tra gli orientisti che si allenano con noi ma difendono altri colori Elisa e Sebastian del Gold Savosa hanno vinto la gara Elite.<\/p>\n<p><a href=\"https:\/\/www.o-l.ch\/cgi-bin\/results?type=rang&amp;year=2018&amp;rl_id=4621&amp;kind=all&amp;zwizt=1\" target=\"_blank\" rel=\"noopener\">Fragori risultati<\/a><\/p>\n<h2>Rachele seconda in National League<\/h2>\n<p>Rachele ha chiuso al secondo rango il primo triathlon di National League a Sion brava Rachele tra quindici giorni ci sar\u00e0 l&#8217;impegno di Kitzbuehl<\/p>\n<p>Tutti i risultati della Stramassagno<\/p>\n<table border=\"0\" width=\"100%\" cellspacing=\"0\" cellpadding=\"0\">\n<colgroup>\n<col width=\"15*\" \/>\n<col width=\"151*\" \/>\n<col width=\"52*\" \/>\n<col width=\"27*\" \/>\n<col width=\"11*\" \/> <\/colgroup>\n<tbody>\n<tr>\n<td width=\"6%\">14<\/td>\n<td width=\"59%\"><a href=\"https:\/\/www.endu.net\/events\/cross-sam-massagno-2\/results\/2018\/41808\/341\">BALDI FEDERICA<\/a><\/td>\n<td width=\"20%\">0:08:20.22<br \/>\nRagazzi U16<\/td>\n<td width=\"10%\">3<br \/>\nU16W<\/td>\n<td width=\"4%\">3<br \/>\nF<\/td>\n<\/tr>\n<tr>\n<td width=\"6%\">16<\/td>\n<td width=\"59%\">&nbsp;<\/p>\n<p><a href=\"https:\/\/www.endu.net\/events\/cross-sam-massagno-2\/results\/2018\/41808\/250\">Stampanoni Selina<\/a><\/td>\n<td width=\"20%\">0:08:37.71<br \/>\nRagazzi U16<\/td>\n<td width=\"10%\">4<br \/>\nU16W<\/td>\n<td width=\"4%\">4<br \/>\nF<\/td>\n<\/tr>\n<tr>\n<td width=\"6%\">20<\/td>\n<td width=\"59%\"><a href=\"https:\/\/www.endu.net\/events\/cross-sam-massagno-2\/results\/2018\/41808\/343\">BERGER JENNIS<\/a><\/td>\n<td width=\"20%\">0:08:53.90<br \/>\nRagazzi U16<\/td>\n<td width=\"10%\">3<br \/>\nU12W<\/td>\n<td width=\"4%\">8<br \/>\nF<\/td>\n<\/tr>\n<tr>\n<td width=\"6%\">1<\/td>\n<td width=\"59%\"><a href=\"https:\/\/www.endu.net\/events\/cross-sam-massagno-2\/results\/2018\/41808\/226\">Delorenzi Roberto<\/a><\/td>\n<td width=\"20%\">0:26:58.05<br \/>\nCoppa Ti<\/td>\n<td width=\"10%\">1<br \/>\nM20<\/td>\n<td width=\"4%\">1<br \/>\nM<\/td>\n<\/tr>\n<tr>\n<td width=\"6%\">4<\/td>\n<td width=\"59%\"><a href=\"https:\/\/www.endu.net\/events\/cross-sam-massagno-2\/results\/2018\/41808\/350\">Lorenzetti Valerio<\/a><\/td>\n<td width=\"20%\">0:28:41.06<br \/>\nCoppa Ti<\/td>\n<td width=\"10%\">2<br \/>\nM40<\/td>\n<td width=\"4%\">4<br \/>\nM<\/td>\n<\/tr>\n<tr>\n<td width=\"6%\">12<\/td>\n<td width=\"59%\"><a href=\"https:\/\/www.endu.net\/events\/cross-sam-massagno-2\/results\/2018\/41808\/225\">Delorenzi Marco<\/a><\/td>\n<td width=\"20%\">0:31:03.12<br \/>\nCoppa Ti<\/td>\n<td width=\"10%\">1<br \/>\nU20M<\/td>\n<td width=\"4%\">12<br \/>\nM<\/td>\n<\/tr>\n<tr>\n<td width=\"6%\">20<\/td>\n<td width=\"59%\"><a href=\"https:\/\/www.endu.net\/events\/cross-sam-massagno-2\/results\/2018\/41808\/273\">Balestra Alex<\/a><\/td>\n<td width=\"20%\">0:31:43.03<br \/>\nCoppa Ti<\/td>\n<td width=\"10%\">2<br \/>\nU20M<\/td>\n<td width=\"4%\">19<br \/>\nM<\/td>\n<\/tr>\n<tr>\n<td width=\"6%\">43<\/td>\n<td width=\"59%\"><a href=\"https:\/\/www.endu.net\/events\/cross-sam-massagno-2\/results\/2018\/41808\/344\">BERGER KALINKA<\/a><\/td>\n<td width=\"20%\">0:36:47.10<br \/>\nCoppa Ti<\/td>\n<td width=\"10%\">3<br \/>\nW<\/td>\n<td width=\"4%\">7<br \/>\nF<\/td>\n<\/tr>\n<tr>\n<td width=\"6%\">51<\/td>\n<td width=\"59%\"><a href=\"https:\/\/www.endu.net\/events\/cross-sam-massagno-2\/results\/2018\/41808\/342\">FONTANA ROMUALDO<\/a><br \/>\n1<\/td>\n<td width=\"20%\">0:37:49.39<br \/>\nCoppa Ti<\/td>\n<td width=\"10%\">8<br \/>\nM50<\/td>\n<td width=\"4%\">43<br \/>\nM<\/td>\n<\/tr>\n<\/tbody>\n<\/table>\n","protected":false},"excerpt":{"rendered":"<p>Fine settimana intenso fuori dalle piste\u00a0 in programma due gare a Massagno i campionati svizzeri di Salita ed il triathlon a Sion CS SALITA ARGENTO PER MARIA Jonathan sabato ha chiuso i campionati svizzeri di Salita al 6 rango di categoria lungo i 13.1 k della Kreuzegg Classic ha corso in\u00a0 1h06&#8217;54 a poco pi\u00f9 di un minuto dal podio. Maria ha ottenuto invece l&#8217;argento tra le 65 correndo in 1h42&#8217;55. Altra medaglia per il&#8230;<\/p>\n","protected":false},"author":4,"featured_media":6046,"comment_status":"closed","ping_status":"closed","sticky":false,"template":"","format":"standard","meta":{"jetpack_post_was_ever_published":false,"_jetpack_newsletter_access":"","_jetpack_dont_email_post_to_subs":false,"_jetpack_newsletter_tier_id":0,"_jetpack_memberships_contains_paywalled_content":false,"_jetpack_memberships_contains_paid_content":false,"footnotes":"","jetpack_publicize_message":"","jetpack_publicize_feature_enabled":true,"jetpack_social_post_already_shared":true,"jetpack_social_options":{"image_generator_settings":{"template":"highway","default_image_id":0,"font":"","enabled":false},"version":2}},"categories":[19,30,5,9],"tags":[],"class_list":["post-6157","post","type-post","status-publish","format-standard","has-post-thumbnail","hentry","category-corsa-dorientamento","category-diversi","category-podismo","category-sport"],"jetpack_publicize_connections":[],"jetpack_featured_media_url":"https:\/\/i0.wp.com\/uscatletica.ch\/wp\/wp-content\/uploads\/2018\/05\/barengp2018usc.jpg?fit=532%2C400&ssl=1","jetpack_sharing_enabled":true,"jetpack_shortlink":"https:\/\/wp.me\/p6V7Ck-1Bj","jetpack-related-posts":[{"id":13188,"url":"https:\/\/uscatletica.ch\/wp\/?p=13188","url_meta":{"origin":6157,"position":0},"title":"Fine settimana da Massagno ai campionati svizzeri giovanili","author":"Leonida Stampanoni","date":"2 Settembre 2021","format":false,"excerpt":"Fine settimana intenso per l'USC \u00a0che sar\u00e0 impegnata su pi\u00f9 fronti \u00a0Venerd\u00ec sera alla Stramassagno in palio ci saranno i primi titoli di campione ASTi, mentre nel fine settimana ci saranno i campionati svizzeri giovanili \u00a0tra Winterthur e Nottwil sei atlete ed atleti USC saranno in pista con ambizioni di\u2026","rel":"","context":"In &quot;Non catalogato&quot;","block_context":{"text":"Non catalogato","link":"https:\/\/uscatletica.ch\/wp\/?cat=6"},"img":{"alt_text":"","src":"https:\/\/i0.wp.com\/uscatletica.ch\/wp\/wp-content\/uploads\/2021\/06\/GIADAPODIOCS21.jpg?fit=640%2C480&ssl=1&resize=350%2C200","width":350,"height":200,"srcset":"https:\/\/i0.wp.com\/uscatletica.ch\/wp\/wp-content\/uploads\/2021\/06\/GIADAPODIOCS21.jpg?fit=640%2C480&ssl=1&resize=350%2C200 1x, https:\/\/i0.wp.com\/uscatletica.ch\/wp\/wp-content\/uploads\/2021\/06\/GIADAPODIOCS21.jpg?fit=640%2C480&ssl=1&resize=525%2C300 1.5x"},"classes":[]},{"id":14664,"url":"https:\/\/uscatletica.ch\/wp\/?p=14664","url_meta":{"origin":6157,"position":1},"title":"Fine settimana tra Bigorio Mendrisio Zurich e S. Salvatore","author":"Leonida Stampanoni","date":"9 Aprile 2022","format":false,"excerpt":"Il secondo fine di aprile sar\u00e0 particolarmente intenso \u00a0con la 10 edizione della cronoascesa e la staffetta dI Mendrisio Sabato e la maratona di Zurich e la salita del S. Salvatore domenica . La cronoascesa giunta alla 10 edizione vedr\u00e0 al via una settantina di partecipanti. grazie alla passione dell'\u2026","rel":"","context":"In &quot;Podismo&quot;","block_context":{"text":"Podismo","link":"https:\/\/uscatletica.ch\/wp\/?cat=5"},"img":{"alt_text":"","src":"https:\/\/i0.wp.com\/uscatletica.ch\/wp\/wp-content\/uploads\/2022\/04\/P1170345.jpeg?fit=432%2C324&ssl=1&resize=350%2C200","width":350,"height":200},"classes":[]},{"id":4735,"url":"https:\/\/uscatletica.ch\/wp\/?p=4735","url_meta":{"origin":6157,"position":2},"title":"USCini tra monti e valli","author":"Leonida Stampanoni","date":"6 Agosto 2017","format":false,"excerpt":"Nel fine settimana riprendeva la coppa Ticino podismo mentre a Premana c'erano i campionati del mondo di corsa in salita su lunga distanza al Giir di Mont , gara che piace molto al nostro Robi. Ai campionati svizzeri di Triathlon brillante prestazione per Rachele che ha chiuso al secondo rango.\u2026","rel":"","context":"In &quot;Diversi&quot;","block_context":{"text":"Diversi","link":"https:\/\/uscatletica.ch\/wp\/?cat=30"},"img":{"alt_text":"","src":"https:\/\/i0.wp.com\/uscatletica.ch\/wp\/wp-content\/uploads\/2017\/05\/P1460174.jpg?fit=563%2C422&ssl=1&resize=350%2C200","width":350,"height":200,"srcset":"https:\/\/i0.wp.com\/uscatletica.ch\/wp\/wp-content\/uploads\/2017\/05\/P1460174.jpg?fit=563%2C422&ssl=1&resize=350%2C200 1x, https:\/\/i0.wp.com\/uscatletica.ch\/wp\/wp-content\/uploads\/2017\/05\/P1460174.jpg?fit=563%2C422&ssl=1&resize=525%2C300 1.5x"},"classes":[]},{"id":7938,"url":"https:\/\/uscatletica.ch\/wp\/?p=7938","url_meta":{"origin":6157,"position":3},"title":"Dalle staffette alla Kids cup passando per il podismo Live MOM","author":"Leonida Stampanoni","date":"13 Aprile 2019","format":false,"excerpt":"Fine settimana intenso per gli USCini sabato sera a Mendrisio si chiude il trittico d'apertura del TAS dove dopo anni di ottimi risultati stiamo arrancando un po'. Domenica doppio appuntamento a Stabio con il 35 giro podistico partono la Coppa ASTi Podismo e la Coppa Ticino ASTi giovanile che lo\u2026","rel":"","context":"In &quot;Pista&quot;","block_context":{"text":"Pista","link":"https:\/\/uscatletica.ch\/wp\/?cat=4"},"img":{"alt_text":"","src":"https:\/\/i0.wp.com\/uscatletica.ch\/wp\/wp-content\/uploads\/2018\/10\/rivesnse10u14podio.jpg?fit=421%2C316&ssl=1&resize=350%2C200","width":350,"height":200},"classes":[]},{"id":2765,"url":"https:\/\/uscatletica.ch\/wp\/?p=2765","url_meta":{"origin":6157,"position":4},"title":"Fine settimana Da Aarau a Sportissima","author":"Leonida Stampanoni","date":"9 Settembre 2016","format":false,"excerpt":"Nel fine settimana in programma i campionati svizzeri giovanili \u00a0l'USC sar\u00e0 ad Aarau con SImone e Giada. In Ticino sabato ci sar\u00e0 la Stramassagno prova valida per la coppa Ticino di podismo. Domenica all'Arena Sportiva ci sar\u00e0 Sportissima \u00a0con la premiazione al merito sportivo del comune di Capriasca con Roberto,\u2026","rel":"","context":"In &quot;Diversi&quot;","block_context":{"text":"Diversi","link":"https:\/\/uscatletica.ch\/wp\/?cat=30"},"img":{"alt_text":"","src":"https:\/\/i0.wp.com\/uscatletica.ch\/wp\/wp-content\/uploads\/2016\/08\/IMG_7139.jpg?fit=563%2C422&ssl=1&resize=350%2C200","width":350,"height":200,"srcset":"https:\/\/i0.wp.com\/uscatletica.ch\/wp\/wp-content\/uploads\/2016\/08\/IMG_7139.jpg?fit=563%2C422&ssl=1&resize=350%2C200 1x, https:\/\/i0.wp.com\/uscatletica.ch\/wp\/wp-content\/uploads\/2016\/08\/IMG_7139.jpg?fit=563%2C422&ssl=1&resize=525%2C300 1.5x"},"classes":[]},{"id":13195,"url":"https:\/\/uscatletica.ch\/wp\/?p=13195","url_meta":{"origin":6157,"position":5},"title":"STRAMASSAGNO: doppietta USC al Campionato ASTi di podismo","author":"Stampa E","date":"3 Settembre 2021","format":false,"excerpt":"La scena podistica cantonale sta ritrovando la passione e venerd\u00ec sera a Massagno sono stati assegnati per la prima volta i titoli di campione e campionessa ASTi podismo. Per l'USC bellissima doppietta con Marco che ha dominato la gara in 26'17'' e si \u00e8 aggiudicato il titolo. Secondo rango assoluto\u2026","rel":"","context":"In &quot;Podismo&quot;","block_context":{"text":"Podismo","link":"https:\/\/uscatletica.ch\/wp\/?cat=5"},"img":{"alt_text":"","src":"https:\/\/i0.wp.com\/uscatletica.ch\/wp\/wp-content\/uploads\/2021\/09\/Podio-M40-SAM.jpg?fit=1200%2C979&ssl=1&resize=350%2C200","width":350,"height":200,"srcset":"https:\/\/i0.wp.com\/uscatletica.ch\/wp\/wp-content\/uploads\/2021\/09\/Podio-M40-SAM.jpg?fit=1200%2C979&ssl=1&resize=350%2C200 1x, https:\/\/i0.wp.com\/uscatletica.ch\/wp\/wp-content\/uploads\/2021\/09\/Podio-M40-SAM.jpg?fit=1200%2C979&ssl=1&resize=525%2C300 1.5x, https:\/\/i0.wp.com\/uscatletica.ch\/wp\/wp-content\/uploads\/2021\/09\/Podio-M40-SAM.jpg?fit=1200%2C979&ssl=1&resize=700%2C400 2x, https:\/\/i0.wp.com\/uscatletica.ch\/wp\/wp-content\/uploads\/2021\/09\/Podio-M40-SAM.jpg?fit=1200%2C979&ssl=1&resize=1050%2C600 3x"},"classes":[]}],"_links":{"self":[{"href":"https:\/\/uscatletica.ch\/wp\/index.php?rest_route=\/wp\/v2\/posts\/6157","targetHints":{"allow":["GET"]}}],"collection":[{"href":"https:\/\/uscatletica.ch\/wp\/index.php?rest_route=\/wp\/v2\/posts"}],"about":[{"href":"https:\/\/uscatletica.ch\/wp\/index.php?rest_route=\/wp\/v2\/types\/post"}],"author":[{"embeddable":true,"href":"https:\/\/uscatletica.ch\/wp\/index.php?rest_route=\/wp\/v2\/users\/4"}],"replies":[{"embeddable":true,"href":"https:\/\/uscatletica.ch\/wp\/index.php?rest_route=%2Fwp%2Fv2%2Fcomments&post=6157"}],"version-history":[{"count":6,"href":"https:\/\/uscatletica.ch\/wp\/index.php?rest_route=\/wp\/v2\/posts\/6157\/revisions"}],"predecessor-version":[{"id":6163,"href":"https:\/\/uscatletica.ch\/wp\/index.php?rest_route=\/wp\/v2\/posts\/6157\/revisions\/6163"}],"wp:featuredmedia":[{"embeddable":true,"href":"https:\/\/uscatletica.ch\/wp\/index.php?rest_route=\/wp\/v2\/media\/6046"}],"wp:attachment":[{"href":"https:\/\/uscatletica.ch\/wp\/index.php?rest_route=%2Fwp%2Fv2%2Fmedia&parent=6157"}],"wp:term":[{"taxonomy":"category","embeddable":true,"href":"https:\/\/uscatletica.ch\/wp\/index.php?rest_route=%2Fwp%2Fv2%2Fcategories&post=6157"},{"taxonomy":"post_tag","embeddable":true,"href":"https:\/\/uscatletica.ch\/wp\/index.php?rest_route=%2Fwp%2Fv2%2Ftags&post=6157"}],"curies":[{"name":"wp","href":"https:\/\/api.w.org\/{rel}","templated":true}]}}