{"id":6316,"date":"2018-07-09T10:02:50","date_gmt":"2018-07-09T08:02:50","guid":{"rendered":"http:\/\/uscatletica.ch\/wp\/?p=6316"},"modified":"2018-07-17T00:17:58","modified_gmt":"2018-07-16T22:17:58","slug":"euopei-e-mondiali-giovanili-elisa-ai-jwoc-atletica-ticinese-sugli-scudi","status":"publish","type":"post","link":"https:\/\/uscatletica.ch\/wp\/?p=6316","title":{"rendered":"Europei e mondiali giovanili Elisa ai JWOC  Atletica ticinese sugli Scudi Sclabas strepitosa secondo bronzo"},"content":{"rendered":"<p>i giovani talenti ticinesi\u00a0 trovano sempre pi\u00f9 spazio in nazionale. Elisa orientista del Gold che si allena con noi \u00e8 stat selezionata con Elena Pezzati per i JWOC i mondiali junior di CO a Kecskemet, Sempre in Ungheria a Gy\u00f6r trasferta storica con 4 giovani U18 ticinesi impegnati dei campionati europei U18 con Emma Piffaretti capace di vincere una medaglia d&#8217;argento nel salto in lungo. Bene pure Tessa Tedeschi, Christian Reboldi e Mara Moser.\u00a0 La prossima settimana a Tampere ai mondiaili U20 ci saranno due Ticinesi nella 4&#215;400 Filippo Moggi e Ricky Petrucciani che fresco di primato ticinese assoluto e svizzero U20 garegger\u00e0 anche nella gara individuale.<\/p>\n<h2><\/h2>\n<p><a href=\"http:\/\/liveresultat.orientering.se\/followfull.php?lang=en&amp;comp=13959#W20\" target=\"_blank\" rel=\"noopener\">risultati Live da Kecskmet<\/a><\/p>\n<p><a href=\"https:\/\/uscatletica.ch\/wp\/?p=6301\" target=\"_blank\" rel=\"noopener\">I sito dei JWOC<\/a><\/p>\n<p><a href=\"http:\/\/www.european-athletics.org\/competitions\/european-athletics-youth-championships\/2018\/schedules-results\/\" target=\"_blank\" rel=\"noopener\">risultati da Gy\u00f6r<\/a><\/p>\n<p><a href=\"https:\/\/www.iaaf.org\/competitions\/iaaf-world-u20-championships\/iaaf-world-u20-championships-tampere-2018-6082\/timetable\/byday\" target=\"_blank\" rel=\"noopener\">i Mondiali U20 di Tampere<\/a><\/p>\n<h2><\/h2>\n<h2>Domenica magica Delia Sclabas altra medaglia sui 1500 m<\/h2>\n<p>La domenica di chiusura a Tampere ha regalato alla svizzera il quarto bronzo della manifestazione: Una strepitosa Delia Sclabas con autorit\u00e0 \u00e8 andata\u00a0 a prendersi la seconda medaglia di bronzo sui 1500 m, gara di grande sagacia e grinta che le ha permesso di piegare due delle quattro forti africane presenti nel gruppo . La svizzera finora in 17 edizioni aveva vinto sei medaglie e l&#8217;indimenticabile settimana finlandese ha quasi raddoppiato il bottino Delia Sclabas raggiunge Anita Weyerman come doppia Medagliata. Storico pure l&#8217;oro italiano nella 4x400m con Gjetja, Romani, Sibilio Scotti, che\u00a0 ha interrotto una serie di 8 successi USA. Il Kenya ha perso per la prima volta dal 1988 l&#8217;oro nelle siepi a vantaggio dell&#8217;Etiopia.<\/p>\n<h2>Sabato Kecskemet Staffetta agrodolce , Tampere 4&#215;400\u00a0 ad un soffio dalla finale con primato svizzero per Petrucciani e Moggi.<\/h2>\n<p>Nella staffetta Elisa con le sue compagne del 2000 forma la seconda squadra giovane e corre in seconda tratta assieme a Elena Pezzati le due ticinesi forniscono una solida prestazione Elisa chiude in sesta posizione Elena in terza. Nell&#8217;ultima frazione rocamoblesca le due squadre svizzere finiranno sesta e nona. A Tampere buone le poche prestazioni svizzere di giornata. La 4&#215;400 m \u00e8 piena di grinta ed in 3&#8217;09&#8243;46di prende il nuovo primato svizzero U20\u00a0 arrivando nona a meno di 0.6 dalla finale. Bravissima i nsotr idue ticinesi Ricky Petrucciani e Filippo Moggi ora primatisti svizzeri con Julien Bonvin e William Reais. La 4&#215;100 femminile chiude settima in 44&#8243;65.Simon Wieland termina 8. con 70.51 m nel giavellotto<\/p>\n<h2>Venerdi Kecskemet Elisa 47 in finale Tampere Giger bronzo 400 m ostacoli\u00a0 Wieland, Sclabas 4&#215;100 m donne finale<\/h2>\n<p>A Kecskemet non \u00e8 stata una giornata svizzera Simona Aebersold sbaglia il passaggio in arena e viene squalificata, Elisa dopo grossi problemi all&#8217;inizio,7 minuti persi, si riprende porta a termine la gara al 47 rango, Elena Pezzati termina anche lei attorno al trentesimo rango.\u00a0 A Tampere \u00e8 andata decisamente meglio\u00a0 Yasmin Giger in 56&#8243;93 si prende una bella medaglia di bronzo sui 400 m ostacolI. Nella stessa specialit\u00e0 Julien Bonvin si ferma in semifinale come William Reais sui 200 m. In finale volano la 4&#215;100 m femminile Simon Wieland nel giavellotto con 70.88 m e Delia Sclabas sui 1500 m d&#8217;autorit\u00e0.<\/p>\n<p>Nell&#8217;eptathlon Annik K\u00e0lin termina sesta mentre purtroppo mentre era lanciata verso un nuovo primato personale Mathilde Rey viene squalificata sugli 800 m.<\/p>\n<h2>Gioved\u00ec Kecskemet Elisa in finale middle Tampere Delia Sclabas di Bronzo sugli\u00a0 800 Ricky si ferma in semifinale . Yasmin Giger in finale sui 400 m h<\/h2>\n<p>In Ungheria tempo di media distanza\u00a0 Elisa con l&#8217;undicesimo tempo si qualifica agevolmente per la finale A di domani dove ci saranno 2 ticinesi, infatti anche Elena Pezzati trova il posto in finale.<\/p>\n<p>A Tampere arriva la seconda medaglia, una vecchia conoscenza regala il bronzo alla svizzera sugli 800 m. Delia Sclabas con una splendida gara chiude terza portando il primato svizzero U20 a 2&#8217;01&#8243;29. Un&#8217;altra finale sar\u00e0 domani quella di Yasmin Giger sui 400 m ostacoli dove Julien Bonvin si prende la semifinale d&#8217;autorit\u00e0. Secondo turno che regala un 47&#8217;39 ed il 18 rango a Ricky Petrucciani sui 400 m. Sui 200 m William Reais si ferma anche in semifinale.\u00a0<span class=\" UFICommentActorAndBody\"><span data-ft=\"{&quot;tn&quot;:&quot;K&quot;}\"><span class=\"UFICommentBody\">Eptathlon Femminile la prima giornata 11. Annik Kalin 2555 (13.90, 177 PB, 11.40 m,) 25.54 18 Mathilde Rey 2434 ( 14.54 PB, 171 PB, 12.04m, 25.83). Al comando Niamh Emerson 2785 sulla campionessa in carica Sarah Lagger 2079<\/span><\/span><\/span><\/p>\n<p>&nbsp;<\/p>\n<p><span class=\"embed-youtube\" style=\"text-align:center; display: block;\"><iframe loading=\"lazy\" class=\"youtube-player\" width=\"640\" height=\"360\" src=\"https:\/\/www.youtube.com\/embed\/aPu9mQ5FoWE?version=3&#038;rel=1&#038;showsearch=0&#038;showinfo=1&#038;iv_load_policy=1&#038;fs=1&#038;hl=it-IT&#038;autohide=2&#038;start=11803&#038;wmode=transparent\" allowfullscreen=\"true\" style=\"border:0;\" sandbox=\"allow-scripts allow-same-origin allow-popups allow-presentation allow-popups-to-escape-sandbox\"><\/iframe><\/span><\/p>\n<h2>Mercoled\u00ec Grande Ricky entra semifinale in 47&#8243;03 Bronzo svizzero nel decathlon Ehammer<\/h2>\n<p>Grande giornata per l&#8217;atletica svizzera a Tampere Ricky Petrucciani d&#8217;autorit\u00e0 si merita la semifinale con il settimo tempo in 47&#8243;03. Ottima prova dei decathleti Simon Ehammer con 7642 va al primato personale\u00a0 si prende la medaglia di bronzo, mentre Finley Gaio termina quinto\u00a0 Il titolo \u00e8 per una fantastico Ashley Moloney\u00a0 8190 punti. Sugli 800 m Delia Sclabas per raggiungere la finale corre il nuovo primato svizzero U20 in 2&#8217;02&#8243;12. Sales Inglin si ferma in semifinale dei 110 m stacl idve Siegfried Zoller cade gi\u00e0 in batteria. Veronica Vancardo si ferma in semifinale sui 400 m.<\/p>\n<p>&nbsp;<\/p>\n<h2>Martedi Secondo oro per Simona Aebersold splendida Elisa dodicesima<\/h2>\n<p>Martedi si corre nel centro di Kecskemet la sprint, su di un percorso altamente tecnico dopo una partenza difficile Elisa va in progressione in 17&#8217;20 si porta al comando della gara che mantiene per una ventina di minuti, alla fine sar\u00e0 un fantastico 12 rango terza tra le svizzere. Vince ancora Simona Aebersold in 15&#8217;35, Lea Widmer chiude ottava, la ticinese Elena Pezzati chiude al 17 rango\u00a0<a href=\"https:\/\/gps.tulospalvelu.fi\/gps\/2018jwocsprintW\/\" target=\"_blank\" rel=\"noopener\">GPS Tracking della gara<\/a>\u00a0<a href=\"http:\/\/liveresultat.orientering.se\/followfull.php?lang=en&amp;comp=13960#M20\" target=\"_blank\" rel=\"noopener\">risultati dall&#8217;Ungheira <\/a><\/p>\n<p>Sono cominciati i mondiali U20 di atletica a Tampere in FInlandia hanno passato il turno sia Delia Sclabas (2&#8217;07&#8243;43) sugli 800 m che Veronica Vancardo 54&#8243;93 sui 400 m. Nel Decathlon terzo Simon Ehammer 4067\u00a0 (11.14, 7.28, 13.44, 2.01 50.15) quinto Finley Gaio 4008 (10&#8243;97, 7.45, 14.58, 1.86 49.94) e\u00a0 si trovano nel gruppo di testa a 4319 punti in testa Ashley Molony 4369 (10.51 m sui 100 m, 46.86 sui 400 m due primati mondiali u20 del decathlon. Eliminata nelle siepi Sybille Haring10.38.75.<\/p>\n<h2>Lunedi oro per Simona Aebersold nella Long\u00a0 bene il debutto di Elisa<\/h2>\n<p>Nella lunga distanza dopo 10.2 km 18 punti Simona Aebersold in 54&#8217;17 ha vinto il secondo titolo mondiale consecutivo , la nostra Elisa dopo un&#8217;ottima partenza nel tratto centrale ha avuto un po di diffficolt\u00e4 prima di finire in progressione in 72&#8217;00\u00a0 al 43 rango subito alle spalle di Eliane Deininger . Elena Pezzati ha chiuso 33\u00a0 in 70&#8217;20.<\/p>\n<h2 class=\"western\"><span style=\"font-family: Calibri, sans-serif;\">Comunicato FTAL 06.07.2018 Campionati Europei U18 <\/span><\/h2>\n<h2 class=\"western\"><\/h2>\n<h2 class=\"western\"><span style=\"color: #00000a;\"><span style=\"font-family: Arial, sans-serif;\"><span style=\"font-size: large;\">Emma Piffaretti d&#8217;argento nel lungo<\/span><\/span><\/span><\/h2>\n<p align=\"JUSTIFY\"><span style=\"color: #000000;\"><span lang=\"it-IT\">L&#8217;<\/span><\/span><span style=\"color: #000000;\"><span style=\"font-family: Calibri, sans-serif;\"><span style=\"font-size: small;\"><span lang=\"it-IT\">onda di emozioni che l&#8217;atletica ticinese ci regala sembra destinata a non fermarsi, Emma Piffaretti ha regalato la prima storica medaglia ticinese ai campionati europei U18 di<\/span><\/span><\/span><\/span><span style=\"color: #000000;\"><span lang=\"it-IT\"> Gy\u00f6r. Oggi in finale s<\/span><\/span><span style=\"color: #000000;\"><span style=\"font-family: Calibri, sans-serif;\"><span style=\"font-size: small;\"><span lang=\"it-IT\">otto la pioggia l&#8217;atleta dell&#8217;USA Ascona ha confermato le ottime qualifiche inchinandosi solo alla svedese Tilda Johansson approfittando di un bella folata di vento \u00e8 atterrata a 6.33. Emma al primo tentativo a piazzato un 6.25 ventoso che le regala la medaglia ma ha poi proseguito la serie con ben tre balzi regolari di 6.17 m, 6.14 m e 6.08 m sotto gli occhi attenti dei ticinesi Beniamino Poserina e Francesco Bernasconi che rafforzano la presenza ticinese a Gy\u00f6r. Emma sabat Gy\u00f6r scender\u00e0 ancora in pista per la gara dei 100 m ostacoli. Il 6.25 m con cui Emma ha vinto ieri le qualifiche si trova a soli 9 cm dal primato svizzero U20 stabilito 34 anni fa da Helen Egli<\/span><\/span><\/span><\/span><\/p>\n<h2 class=\"western\"><span style=\"font-family: Calibri, sans-serif;\">Comunicato FTAL 06.07.2018 Campionati Europei U18 Athletissima Lausanne<\/span><\/h2>\n<h2 class=\"western\"><\/h2>\n<h2 class=\"western\"><span style=\"color: #00000a;\"><span style=\"font-family: Arial, sans-serif;\"><span style=\"font-size: large;\">Gioved\u00ec storico: Ajla, Ricky, Emma da primato<\/span><\/span><\/span><\/h2>\n<p lang=\"it-IT\" align=\"JUSTIFY\"><span style=\"color: #000000;\">A soli quattro giorni da La Chaux-de-Fonds l&#8217;atletica ticinese e svizzera \u00e8 decisa a scrivere pagine indimenticabili a getto continuo. Gioved\u00ec sera a Losanna Mujinga Kambundji ha firmato il primato svizzero dei 100 metri in 11\u201d03 prima di trascinare la 4&#215;100 m, lanciata da Ajla Del Ponte, a una strepitosa vittoria in 42\u201d29, tempo che rappresenta il primato svizzero, quello di Athletissima e anche la miglior prestazione europea dell&#8217;anno. <\/span><\/p>\n<p lang=\"it-IT\" align=\"JUSTIFY\"><span style=\"color: #000000;\">Sempre a Losanna, l&#8217;anello della Pontaise, prossimo purtroppo alla pensione, ha salutato il primo giro di pista sotto i 47\u201d per Ricky Petrucciani che in 46\u201d88, ad un anno esatto di distanza, ha uguagliato il primato ticinese di Daniele Angelella, ma soprattutto dopo 57 anni ha fatto cadere il primato svizzero U20 di Peter Lang. Il diciottenne onsernonese, sfruttando la scia del gi\u00e0 campione europeo Martin Rooney, \u00e8 arrivato a soli cinque centesimi dalla miglior prestazione svizzera dell&#8217;anno. Ricky \u00e8 decisamente nella forma ideale per regalarci altre emozioni ai prossimi campionati mondiali U20 di Tampere. Daniele Angelella ha da parte sua chiuso la gara in 48\u201d29. <\/span><\/p>\n<p align=\"JUSTIFY\"><span style=\"color: #000000;\"><span lang=\"it-IT\">Agli europei U18 di Gy\u00f6r Emma Piffarretti s<\/span><\/span><span style=\"color: #000000;\"><span style=\"font-family: Calibri, sans-serif;\"><span style=\"font-size: small;\"><span lang=\"it-IT\">otto la pioggia ha regalato venerd\u00ec la prima medaglia ticinese. Nella finale con una solida serie di salti oltre i 6 m culminata con un 6.25 ventoso ha chiuso seconda alle spalle dela svedese Tilda Johansson. Sabato<\/span><\/span><\/span><\/span><span style=\"color: #000000;\"><span lang=\"it-IT\"> Emma<\/span><\/span> <span style=\"color: #000000;\"><span lang=\"it-IT\">ha piazzato il primo salto di qualificazione a 6.03 m, prima di ottenere uno salto storico a 6.25 m che le consegna il primato ticinese U20 (precedente il 6.21 di Irene Pusterla) nel lungo e la vittoria nelle semifinale. A Gy\u00f6r bravissimi anche gli altri ticinesi giunti ad un soffio dalle semifinali. Christian Reboldi, abbassando il personale su 110 m ostacoli a 14\u201d35, \u00e8 giunto a soli 4 centesimi dal passaggio. Tessa Tedeschi in 57\u201d50 sui 400 m a sette e pure Mara Moser sugli 800 m in 2&#8217;14\u201d79 ha sfiorato il passaggio del turno.. Sabat<\/span><\/span><span style=\"color: #000000;\"><span style=\"font-family: Calibri, sans-serif;\"><span style=\"font-size: small;\"><span lang=\"it-IT\">o Emma sar\u00e0 impegnata sui 100 m ostacoli. <\/span><\/span><\/span><\/span><\/p>\n<p align=\"JUSTIFY\"><span style=\"color: #000000;\"><span lang=\"it-IT\">Ancora da Losanna, invece, Zoe Ranzoni dopo aver condotto a lungo la gara sui 1&#8217;500 m degli U18 in 4&#8217;48\u201d33 ha chiuso al terzo rango. Mattia Tajana sui 400 m ostacoli ha corso in 52\u201d03 e Pietro Calamai sugli 800 m in 1&#8217;53\u201d77. <\/span><\/span>Sui 400 ostacoli femminili<span style=\"color: #000000;\"><span lang=\"it-IT\"> L\u00e9a Sprunger in 54\u201d79 si \u00e8 presa la leadership europea della distanza ma continua ad inseguire la chimera Anita Protti. Sempre sugli <\/span><\/span><span style=\"color: #000000;\"><span style=\"font-family: Calibri, sans-serif;\"><span style=\"font-size: small;\"><span lang=\"it-IT\">ostacoli ma al maschile Alain Herv\u00e9 Mfomkpa ha corso ancora in 49\u201d97.<\/span><\/span><\/span><\/span><span style=\"color: #000000;\"><span lang=\"it-IT\"> Delia Sclabas in un 1\u2019500 m brutale \u00e8 riuscita a firmare il personale di 4&#8217;10\u201d10, di buon auspicio per Tampere. <\/span><\/span><\/p>\n<p align=\"JUSTIFY\">\n","protected":false},"excerpt":{"rendered":"<p>i giovani talenti ticinesi\u00a0 trovano sempre pi\u00f9 spazio in nazionale. Elisa orientista del Gold che si allena con noi \u00e8 stat selezionata con Elena Pezzati per i JWOC i mondiali junior di CO a Kecskemet, Sempre in Ungheria a Gy\u00f6r trasferta storica con 4 giovani U18 ticinesi impegnati dei campionati europei U18 con Emma Piffaretti capace di vincere una medaglia d&#8217;argento nel salto in lungo. Bene pure Tessa Tedeschi, Christian Reboldi e Mara Moser.\u00a0 La&#8230;<\/p>\n","protected":false},"author":4,"featured_media":5489,"comment_status":"closed","ping_status":"closed","sticky":false,"template":"","format":"standard","meta":{"jetpack_post_was_ever_published":false,"_jetpack_newsletter_access":"","_jetpack_dont_email_post_to_subs":false,"_jetpack_newsletter_tier_id":0,"_jetpack_memberships_contains_paywalled_content":false,"_jetpack_memberships_contains_paid_content":false,"footnotes":"","jetpack_publicize_message":"","jetpack_publicize_feature_enabled":true,"jetpack_social_post_already_shared":true,"jetpack_social_options":{"image_generator_settings":{"template":"highway","default_image_id":0,"font":"","enabled":false},"version":2}},"categories":[11,19,10,4,9],"tags":[],"class_list":["post-6316","post","type-post","status-publish","format-standard","has-post-thumbnail","hentry","category-altro","category-corsa-dorientamento","category-info","category-pista","category-sport"],"jetpack_publicize_connections":[],"jetpack_featured_media_url":"https:\/\/i0.wp.com\/uscatletica.ch\/wp\/wp-content\/uploads\/2018\/01\/U20WCROSSVEZIA180127.jpg?fit=1920%2C2560&ssl=1","jetpack_sharing_enabled":true,"jetpack_shortlink":"https:\/\/wp.me\/p6V7Ck-1DS","jetpack-related-posts":[{"id":6373,"url":"https:\/\/uscatletica.ch\/wp\/?p=6373","url_meta":{"origin":6316,"position":0},"title":"Robi Ai Mondiali di Duathlon Votate Elisa e Robi  sportivo ticinese 2018 Aiuto Sport Ticino","author":"Leonida Stampanoni","date":"26 Luglio 2018","format":false,"excerpt":"Robi ai Mondiali Duathlon lunga distanza Powerman Zofingen Roberto\u00a0 grazie alla sua prestazione al campionato svizzero \u00e8 stato convocato da Swiss Triathlon per i campionati del mondo di Duathlon su lunga distanza in programma 1-2 settembre nell'ambito del mitico Powerman Zofingen. bravissima Aiuto Sport Ticino cerca la sportiva ticinese 2018\u2026","rel":"","context":"In &quot;Altro&quot;","block_context":{"text":"Altro","link":"https:\/\/uscatletica.ch\/wp\/?cat=11"},"img":{"alt_text":"","src":"https:\/\/i0.wp.com\/uscatletica.ch\/wp\/wp-content\/uploads\/2017\/12\/robadricnatal17.jpg?fit=529%2C365&ssl=1&resize=350%2C200","width":350,"height":200,"srcset":"https:\/\/i0.wp.com\/uscatletica.ch\/wp\/wp-content\/uploads\/2017\/12\/robadricnatal17.jpg?fit=529%2C365&ssl=1&resize=350%2C200 1x, https:\/\/i0.wp.com\/uscatletica.ch\/wp\/wp-content\/uploads\/2017\/12\/robadricnatal17.jpg?fit=529%2C365&ssl=1&resize=525%2C300 1.5x"},"classes":[]},{"id":6100,"url":"https:\/\/uscatletica.ch\/wp\/?p=6100","url_meta":{"origin":6316,"position":1},"title":"VOTATE VOTATE ELISA BERTOZZI ROBERTO DELORENZI MIGLIORI SPORTIVI TICINESI","author":"Leonida Stampanoni","date":"25 Maggio 2018","format":false,"excerpt":"Aiuto Sport Ticino cerca la sportiva ticinese 2018 La duplice sportiva ticinese dell'anno Ajla Del Ponte rimette in palio la sua corona. Aiuto Sport Ticino lancia la campagna per cercare lo sportivo ticinese del 2018 Ajla Del Ponte con la semifinale ai mondiali Indoor si piazza gi\u00e0 in prima fila,\u2026","rel":"","context":"In &quot;Altro&quot;","block_context":{"text":"Altro","link":"https:\/\/uscatletica.ch\/wp\/?cat=11"},"img":{"alt_text":"","src":"https:\/\/i0.wp.com\/uscatletica.ch\/wp\/wp-content\/uploads\/2018\/04\/bct2018rdee.jpg?fit=532%2C354&ssl=1&resize=350%2C200","width":350,"height":200,"srcset":"https:\/\/i0.wp.com\/uscatletica.ch\/wp\/wp-content\/uploads\/2018\/04\/bct2018rdee.jpg?fit=532%2C354&ssl=1&resize=350%2C200 1x, https:\/\/i0.wp.com\/uscatletica.ch\/wp\/wp-content\/uploads\/2018\/04\/bct2018rdee.jpg?fit=532%2C354&ssl=1&resize=525%2C300 1.5x"},"classes":[]},{"id":6094,"url":"https:\/\/uscatletica.ch\/wp\/?p=6094","url_meta":{"origin":6316,"position":2},"title":"Stralugano GP FTAL per finire maggio in Bellezza (Elisa ai JWOC)","author":"Leonida Stampanoni","date":"25 Maggio 2018","format":false,"excerpt":"Nel fine settimana ci sar\u00e0 la Stralugano giunta alla dodicesima edizione della nuova gestione \u00e8 oramai l'evento podistico pi\u00f9 popolare del cantone e domenica ospiter\u00e0 i campionati svizzeri di mezza maratona; al via ci sar\u00e0 il campione europeo in carica Tadesse Abraham. Una decina gli USCini al via. Domenica a\u2026","rel":"","context":"In &quot;CO&quot;","block_context":{"text":"CO","link":"https:\/\/uscatletica.ch\/wp\/?cat=19"},"img":{"alt_text":"","src":"https:\/\/i0.wp.com\/uscatletica.ch\/wp\/wp-content\/uploads\/2016\/10\/runtade2.jpg?fit=500%2C328&ssl=1&resize=350%2C200","width":350,"height":200},"classes":[]},{"id":5953,"url":"https:\/\/uscatletica.ch\/wp\/?p=5953","url_meta":{"origin":6316,"position":3},"title":"EOC 2018 Il TICINO VALE ORO PER GLI ORIENTISTI SVIZZERI","author":"Leonida Stampanoni","date":"2 Maggio 2018","format":false,"excerpt":"Settimana storica per l'orientamento ticinese che oltre ad ospitare per la prima volta i campionati Europei (EOC2018) Giovedi 10 maggio nel nuclei\u00a0 di Bigorio e Tesserete ha vinto il suo primo titolo europeo grazie ad Elena Roos ed alla staffetta sprint Elvetica completata da Judith Wyder Florian Howald e Martin\u2026","rel":"","context":"In &quot;Altro&quot;","block_context":{"text":"Altro","link":"https:\/\/uscatletica.ch\/wp\/?cat=11"},"img":{"alt_text":"","src":"https:\/\/i0.wp.com\/uscatletica.ch\/wp\/wp-content\/uploads\/2018\/05\/oec2018ls.jpg?fit=1013%2C570&ssl=1&resize=350%2C200","width":350,"height":200,"srcset":"https:\/\/i0.wp.com\/uscatletica.ch\/wp\/wp-content\/uploads\/2018\/05\/oec2018ls.jpg?fit=1013%2C570&ssl=1&resize=350%2C200 1x, https:\/\/i0.wp.com\/uscatletica.ch\/wp\/wp-content\/uploads\/2018\/05\/oec2018ls.jpg?fit=1013%2C570&ssl=1&resize=525%2C300 1.5x, https:\/\/i0.wp.com\/uscatletica.ch\/wp\/wp-content\/uploads\/2018\/05\/oec2018ls.jpg?fit=1013%2C570&ssl=1&resize=700%2C400 2x"},"classes":[]},{"id":9949,"url":"https:\/\/uscatletica.ch\/wp\/?p=9949","url_meta":{"origin":6316,"position":4},"title":"Giorgia e Matilde brave in Sardegna bene gli orientisti a Lugano","author":"Leonida Stampanoni","date":"17 Febbraio 2020","format":false,"excerpt":"Splendido fine settimana per Giorgia e Matilde che con la selezione Ticino hanno potuto gareggiare ad Al\u00e0 dei Sardi sul percorso di un celebre cross internazionale. La sfida contro le selezioni di Lombardia Piemonte e Sardegna, nelle cui fila spicca il nome del vicecampione del mondo di corsa in montagna\u2026","rel":"","context":"In &quot;CO&quot;","block_context":{"text":"CO","link":"https:\/\/uscatletica.ch\/wp\/?cat=19"},"img":{"alt_text":"","src":"https:\/\/i0.wp.com\/uscatletica.ch\/wp\/wp-content\/uploads\/2020\/02\/elisamiglioreatletititi2020.jpg?fit=432%2C210&ssl=1&resize=350%2C200","width":350,"height":200},"classes":[]},{"id":1558,"url":"https:\/\/uscatletica.ch\/wp\/?p=1558","url_meta":{"origin":6316,"position":5},"title":"Votate Roberto  Delorenzi Miglior Sportivo Giovane Ticinese (classifica del 16 giugno primo Robi )","author":"Leonida Stampanoni","date":"2 Maggio 2016","format":false,"excerpt":"Il nostro atleta Roberto Delorenzi \u00e8 entrato nella lista di candidati al premio \u00a0sportivo \u00a0dell'Anno\u00a0Aiuto Sport Ticino. Qui potete votare Roberto Delorenzi Roberto nella classifica del 2 giugno si trova al PRIMO posto \u00a0ed \u00e8 fresco di selezione ai campionati europei di corsa in montagna Il primo maggio Roberto ha\u2026","rel":"","context":"In &quot;Altro&quot;","block_context":{"text":"Altro","link":"https:\/\/uscatletica.ch\/wp\/?cat=11"},"img":{"alt_text":"","src":"https:\/\/i0.wp.com\/uscatletica.ch\/wp\/wp-content\/uploads\/2016\/04\/Roberto.jpg?fit=1045%2C1200&ssl=1&resize=350%2C200","width":350,"height":200,"srcset":"https:\/\/i0.wp.com\/uscatletica.ch\/wp\/wp-content\/uploads\/2016\/04\/Roberto.jpg?fit=1045%2C1200&ssl=1&resize=350%2C200 1x, https:\/\/i0.wp.com\/uscatletica.ch\/wp\/wp-content\/uploads\/2016\/04\/Roberto.jpg?fit=1045%2C1200&ssl=1&resize=525%2C300 1.5x, https:\/\/i0.wp.com\/uscatletica.ch\/wp\/wp-content\/uploads\/2016\/04\/Roberto.jpg?fit=1045%2C1200&ssl=1&resize=700%2C400 2x"},"classes":[]}],"_links":{"self":[{"href":"https:\/\/uscatletica.ch\/wp\/index.php?rest_route=\/wp\/v2\/posts\/6316","targetHints":{"allow":["GET"]}}],"collection":[{"href":"https:\/\/uscatletica.ch\/wp\/index.php?rest_route=\/wp\/v2\/posts"}],"about":[{"href":"https:\/\/uscatletica.ch\/wp\/index.php?rest_route=\/wp\/v2\/types\/post"}],"author":[{"embeddable":true,"href":"https:\/\/uscatletica.ch\/wp\/index.php?rest_route=\/wp\/v2\/users\/4"}],"replies":[{"embeddable":true,"href":"https:\/\/uscatletica.ch\/wp\/index.php?rest_route=%2Fwp%2Fv2%2Fcomments&post=6316"}],"version-history":[{"count":18,"href":"https:\/\/uscatletica.ch\/wp\/index.php?rest_route=\/wp\/v2\/posts\/6316\/revisions"}],"predecessor-version":[{"id":6346,"href":"https:\/\/uscatletica.ch\/wp\/index.php?rest_route=\/wp\/v2\/posts\/6316\/revisions\/6346"}],"wp:featuredmedia":[{"embeddable":true,"href":"https:\/\/uscatletica.ch\/wp\/index.php?rest_route=\/wp\/v2\/media\/5489"}],"wp:attachment":[{"href":"https:\/\/uscatletica.ch\/wp\/index.php?rest_route=%2Fwp%2Fv2%2Fmedia&parent=6316"}],"wp:term":[{"taxonomy":"category","embeddable":true,"href":"https:\/\/uscatletica.ch\/wp\/index.php?rest_route=%2Fwp%2Fv2%2Fcategories&post=6316"},{"taxonomy":"post_tag","embeddable":true,"href":"https:\/\/uscatletica.ch\/wp\/index.php?rest_route=%2Fwp%2Fv2%2Ftags&post=6316"}],"curies":[{"name":"wp","href":"https:\/\/api.w.org\/{rel}","templated":true}]}}