{"id":6337,"date":"2018-07-14T18:54:10","date_gmt":"2018-07-14T16:54:10","guid":{"rendered":"http:\/\/uscatletica.ch\/wp\/?p=6337"},"modified":"2018-07-15T06:31:55","modified_gmt":"2018-07-15T04:31:55","slug":"campionati-svizzeri-assoluti-kambundji-imperiale-wilson-e-joseph-regali","status":"publish","type":"post","link":"https:\/\/uscatletica.ch\/wp\/?p=6337","title":{"rendered":"Campionati Svizzeri Assoluti Kambundji imperiale  Wilson e Joseph regali"},"content":{"rendered":"<p>L&#8217;atletica svizzera sta vivendo un 2018 da Favola ad immagine di uno splendido campionato svizzero andato in scena nel fine settimana a Zofingen dove sono arrivati tre primati svizzeri e due seconde miglior prestazioni europee dell&#8217;anno.Tre medaglie per il Ticino titolo per Irene Pusterla e podio per Mattia Tajana e Luca Bernaschina. L&#8217;apice venerdi sera con due finali dei 100 m a livello di un buon meeting internazionale.<\/p>\n<p><a href=\"http:\/\/www.hofme.ch\/live\/timetable1.php\" target=\"_blank\" rel=\"noopener\">Tutti i risultati<\/a><\/p>\n<p>&nbsp;<\/p>\n<h2>Mujinga Kambundji \u00e8 la prima donna svizzera a correre i 100 m in meno di 11&#8243;<\/h2>\n<p>Si parte con la finale femminile Mujinga decolla e ferma il cronometro a 10&#8243;95 seconda Sarah Atcho a 11&#8243;21(11&#8243;20 in semi) terza Salom\u00e9 Kora a 11&#8243;26 scomoda quarta Ajla Del Ponte in 11&#8243;36. Nei maschi Alex Wilson corre in 11&#8217;14 e Silvain Wicki in 11&#8243;17. Mattia Tajana vola in finale sui 400 m h.<\/p>\n<h2>Alex Wilson 20&#8243;14 sui 200 m\u00a0 Jason Joseph 13&#8243;39 sui 110 m h Pusterla oro nel lungo Bernaschina bronzo Tajana argento sui 400 m\u00a0 h<\/h2>\n<p>&nbsp;<\/p>\n","protected":false},"excerpt":{"rendered":"<p>L&#8217;atletica svizzera sta vivendo un 2018 da Favola ad immagine di uno splendido campionato svizzero andato in scena nel fine settimana a Zofingen dove sono arrivati tre primati svizzeri e due seconde miglior prestazioni europee dell&#8217;anno.Tre medaglie per il Ticino titolo per Irene Pusterla e podio per Mattia Tajana e Luca Bernaschina. L&#8217;apice venerdi sera con due finali dei 100 m a livello di un buon meeting internazionale. Tutti i risultati &nbsp; Mujinga Kambundji \u00e8&#8230;<\/p>\n","protected":false},"author":4,"featured_media":2384,"comment_status":"closed","ping_status":"closed","sticky":false,"template":"","format":"standard","meta":{"jetpack_post_was_ever_published":false,"_jetpack_newsletter_access":"","_jetpack_dont_email_post_to_subs":false,"_jetpack_newsletter_tier_id":0,"_jetpack_memberships_contains_paywalled_content":false,"_jetpack_memberships_contains_paid_content":false,"footnotes":"","jetpack_publicize_message":"","jetpack_publicize_feature_enabled":true,"jetpack_social_post_already_shared":true,"jetpack_social_options":{"image_generator_settings":{"template":"highway","default_image_id":0,"font":"","enabled":false},"version":2}},"categories":[4,9],"tags":[],"class_list":["post-6337","post","type-post","status-publish","format-standard","has-post-thumbnail","hentry","category-pista","category-sport"],"jetpack_publicize_connections":[],"jetpack_featured_media_url":"https:\/\/i0.wp.com\/uscatletica.ch\/wp\/wp-content\/uploads\/2016\/06\/giadacregionali2016.jpg?fit=561%2C315&ssl=1","jetpack_sharing_enabled":true,"jetpack_shortlink":"https:\/\/wp.me\/p6V7Ck-1Ed","jetpack-related-posts":[{"id":15740,"url":"https:\/\/uscatletica.ch\/wp\/?p=15740","url_meta":{"origin":6337,"position":0},"title":"Athletissima Live  Federica PRIMATO PERSONALE","author":"Leonida Stampanoni","date":"26 Agosto 2022","format":false,"excerpt":"In una serata ventosa \u00a0si disputa il la 47 edizione del meeting Athletissima Lausanne \u00a0prova svizzera della Diamond League al via troviamo \u00a0anche un atleta USC Federica Baldi. Ottima gara per la nostra Federica che ha ottenuto un nuovo primato personale. Risultati Live Federica al termine di un gara condotta\u2026","rel":"","context":"In &quot;Pista&quot;","block_context":{"text":"Pista","link":"https:\/\/uscatletica.ch\/wp\/?cat=4"},"img":{"alt_text":"","src":"https:\/\/i0.wp.com\/uscatletica.ch\/wp\/wp-content\/uploads\/2022\/08\/P1210648athel.jpg?fit=432%2C324&ssl=1&resize=350%2C200","width":350,"height":200},"classes":[]},{"id":6350,"url":"https:\/\/uscatletica.ch\/wp\/?p=6350","url_meta":{"origin":6337,"position":1},"title":"Gaia e Chiara al Gal\u00e0 dei Castelli","author":"Leonida Stampanoni","date":"17 Luglio 2018","format":false,"excerpt":"L'atletica svizzera, nel mese dei mondiali di Calcio, \u00e8 riuscita ha rapire il cuore degli appassionati a suon di prestazioni mirabolanti. l'ultima ciliegina sulla torta sar\u00e0 il Gal\u00e0 dei Castelli che porter\u00e0 al comunale il meglio nel atletica nazionale e mondiale specialmente sui 100 m. Nel mezzo di tanta aristocrazia\u2026","rel":"","context":"In &quot;Altro&quot;","block_context":{"text":"Altro","link":"https:\/\/uscatletica.ch\/wp\/?cat=11"},"img":{"alt_text":"","src":"https:\/\/i0.wp.com\/uscatletica.ch\/wp\/wp-content\/uploads\/2017\/05\/P1460253.jpg?fit=563%2C422&ssl=1&resize=350%2C200","width":350,"height":200,"srcset":"https:\/\/i0.wp.com\/uscatletica.ch\/wp\/wp-content\/uploads\/2017\/05\/P1460253.jpg?fit=563%2C422&ssl=1&resize=350%2C200 1x, https:\/\/i0.wp.com\/uscatletica.ch\/wp\/wp-content\/uploads\/2017\/05\/P1460253.jpg?fit=563%2C422&ssl=1&resize=525%2C300 1.5x"},"classes":[]},{"id":10931,"url":"https:\/\/uscatletica.ch\/wp\/?p=10931","url_meta":{"origin":6337,"position":2},"title":"BRAVI GLI USCINI IN GALA FANTASTICO","author":"Leonida Stampanoni","date":"16 Settembre 2020","format":false,"excerpt":"Nella magica serata del comunale con un Gal\u00e0 dei Castelli davvero stellare \u00a0anche le USCine presenti ad inizio serata hanno saputo brillare. Personali per Federica che si merita il podio e Lea sui 600 m brave anche le nostre U14 \u00a0nella 5x80 m Melissa, Jennis, Elsa, Cecilia, Olivia. \u00a0Dopo l'aperitivo\u2026","rel":"","context":"In &quot;Pista&quot;","block_context":{"text":"Pista","link":"https:\/\/uscatletica.ch\/wp\/?cat=4"},"img":{"alt_text":"","src":"https:\/\/i0.wp.com\/uscatletica.ch\/wp\/wp-content\/uploads\/2020\/09\/P1030573.jpeg?fit=420%2C315&ssl=1&resize=350%2C200","width":350,"height":200},"classes":[]},{"id":12891,"url":"https:\/\/uscatletica.ch\/wp\/?p=12891","url_meta":{"origin":6337,"position":3},"title":"CAMPIONATI SVIZZERI GIADA  BRONZO e PRIMATO TICINESE U20, ROBY PERSONALE","author":"Leonida Stampanoni","date":"27 Giugno 2021","format":false,"excerpt":"Nella prima spumeggiante giornata dei campionati svizzeri assoluti allo stadio Hard di Langenthal. Ottima prestazione di Roby nel 5000 m \u00a0con il personale che lo porta a soli due secondi dai primi dieci risultati di sempre in Ticino. La serata \u00e8 stata illuminata dalla storica finale dei 100 m femminili\u2026","rel":"","context":"In &quot;Pista&quot;","block_context":{"text":"Pista","link":"https:\/\/uscatletica.ch\/wp\/?cat=4"},"img":{"alt_text":"","src":"https:\/\/i0.wp.com\/uscatletica.ch\/wp\/wp-content\/uploads\/2021\/06\/GIADAPODIOCS21B.jpg?fit=640%2C480&ssl=1&resize=350%2C200","width":350,"height":200,"srcset":"https:\/\/i0.wp.com\/uscatletica.ch\/wp\/wp-content\/uploads\/2021\/06\/GIADAPODIOCS21B.jpg?fit=640%2C480&ssl=1&resize=350%2C200 1x, https:\/\/i0.wp.com\/uscatletica.ch\/wp\/wp-content\/uploads\/2021\/06\/GIADAPODIOCS21B.jpg?fit=640%2C480&ssl=1&resize=525%2C300 1.5x"},"classes":[]},{"id":15555,"url":"https:\/\/uscatletica.ch\/wp\/?p=15555","url_meta":{"origin":6337,"position":4},"title":"Matilda e Giada ai campionati svizzeri","author":"Leonida Stampanoni","date":"24 Giugno 2022","format":false,"excerpt":"Nella prima giornata dei campionati svizzeri assoluti 2022 al Letzigrund di Zurigo erano in gara le due atlete USC. Sui 100 m nella stessa batteria di Ajla Del Ponte ha debuttato agli assoluti Matilda, in contemporanea \u00a0Giada era nella pedana del peso. \u00a0Per il Ticino arriva la prima medaglia d'oro\u2026","rel":"","context":"In &quot;Non catalogato&quot;","block_context":{"text":"Non catalogato","link":"https:\/\/uscatletica.ch\/wp\/?cat=6"},"img":{"alt_text":"","src":"https:\/\/i0.wp.com\/uscatletica.ch\/wp\/wp-content\/uploads\/2022\/06\/matilda1224.jpg?fit=432%2C324&ssl=1&resize=350%2C200","width":350,"height":200},"classes":[]},{"id":4705,"url":"https:\/\/uscatletica.ch\/wp\/?p=4705","url_meta":{"origin":6337,"position":5},"title":"Un gal\u00e0 da Sogno","author":"Leonida Stampanoni","date":"19 Luglio 2017","format":false,"excerpt":"Nella magica serata del comunale offerta dal magnifico lavoro degli organizzatori del Gal\u00e0 dei Castelli hanno trovato posto anche due atlete USC Alessia e Giorgia . Nel lancio del Disco la doppia olimpionica Sandra Perkovic ha offerto la 15 misura della storia con 71.41 accompagnato da un serie solidissima. Sui\u2026","rel":"","context":"In &quot;Pista&quot;","block_context":{"text":"Pista","link":"https:\/\/uscatletica.ch\/wp\/?cat=4"},"img":{"alt_text":"","src":"https:\/\/i0.wp.com\/uscatletica.ch\/wp\/wp-content\/uploads\/2017\/06\/P1470190.jpg?fit=422%2C563&ssl=1&resize=350%2C200","width":350,"height":200},"classes":[]}],"_links":{"self":[{"href":"https:\/\/uscatletica.ch\/wp\/index.php?rest_route=\/wp\/v2\/posts\/6337","targetHints":{"allow":["GET"]}}],"collection":[{"href":"https:\/\/uscatletica.ch\/wp\/index.php?rest_route=\/wp\/v2\/posts"}],"about":[{"href":"https:\/\/uscatletica.ch\/wp\/index.php?rest_route=\/wp\/v2\/types\/post"}],"author":[{"embeddable":true,"href":"https:\/\/uscatletica.ch\/wp\/index.php?rest_route=\/wp\/v2\/users\/4"}],"replies":[{"embeddable":true,"href":"https:\/\/uscatletica.ch\/wp\/index.php?rest_route=%2Fwp%2Fv2%2Fcomments&post=6337"}],"version-history":[{"count":3,"href":"https:\/\/uscatletica.ch\/wp\/index.php?rest_route=\/wp\/v2\/posts\/6337\/revisions"}],"predecessor-version":[{"id":6343,"href":"https:\/\/uscatletica.ch\/wp\/index.php?rest_route=\/wp\/v2\/posts\/6337\/revisions\/6343"}],"wp:featuredmedia":[{"embeddable":true,"href":"https:\/\/uscatletica.ch\/wp\/index.php?rest_route=\/wp\/v2\/media\/2384"}],"wp:attachment":[{"href":"https:\/\/uscatletica.ch\/wp\/index.php?rest_route=%2Fwp%2Fv2%2Fmedia&parent=6337"}],"wp:term":[{"taxonomy":"category","embeddable":true,"href":"https:\/\/uscatletica.ch\/wp\/index.php?rest_route=%2Fwp%2Fv2%2Fcategories&post=6337"},{"taxonomy":"post_tag","embeddable":true,"href":"https:\/\/uscatletica.ch\/wp\/index.php?rest_route=%2Fwp%2Fv2%2Ftags&post=6337"}],"curies":[{"name":"wp","href":"https:\/\/api.w.org\/{rel}","templated":true}]}}