{"id":641,"date":"2016-01-17T20:41:19","date_gmt":"2016-01-17T19:41:19","guid":{"rendered":"http:\/\/uscatletica.ch\/wp\/?p=641"},"modified":"2016-01-17T22:28:58","modified_gmt":"2016-01-17T21:28:58","slug":"celine-campionessa-ticinese-indoor-di-salto-in-lungo","status":"publish","type":"post","link":"https:\/\/uscatletica.ch\/wp\/?p=641","title":{"rendered":"Celine campionessa ticinese indoor di salto in lungo"},"content":{"rendered":"<p>La prima edizione dei campionati ticinesi indoor per il settore salti \u00e8 stata una bella giornata di atletica organizzata dall&#8217;US Ascona alla palestra Regazzi di Gordola. l&#8217;USC con sei atleti era tra le societ\u00e0 pi\u00f9 numerose, C\u00e9line ha scritto una pagina storica aggiudicandosi il primo titolo nel salto in lungo, grazie a due salti di 4.90 m. Nell&#8217;asta Simone ha meritato l&#8217;argento con il nuovo primato sociale.<\/p>\n<p>In pedana erano cinque le USCine Vera (4.02 m) ed Elisa D. (3.71 m) si sono fermate dopo i primi tre salti, mostrando comunque segni di crescita. C\u00e9line, Alessia e Giada accedevano ai salti di finale. C\u00e9line con 4.90 m salvava il titolo per 3 cm. \u00a0Alessia con 4.79m atterrava a soli 5 cm dal podio \u00a0brava Giada non lontana dal personale con 4.57 m. \u00a0Vittoria per l&#8217;italiana Corinne Challanchin con 5.10 m.\u00a0<a href=\"https:\/\/i0.wp.com\/uscatletica.ch\/wp\/wp-content\/uploads\/2016\/01\/P1370354.jpg?ssl=1\" rel=\"attachment wp-att-644\"><img data-recalc-dims=\"1\" loading=\"lazy\" decoding=\"async\" data-attachment-id=\"644\" data-permalink=\"https:\/\/uscatletica.ch\/wp\/?attachment_id=644\" data-orig-file=\"https:\/\/i0.wp.com\/uscatletica.ch\/wp\/wp-content\/uploads\/2016\/01\/P1370354.jpg?fit=563%2C751&amp;ssl=1\" data-orig-size=\"563,751\" data-comments-opened=\"0\" data-image-meta=\"{&quot;aperture&quot;:&quot;0&quot;,&quot;credit&quot;:&quot;&quot;,&quot;camera&quot;:&quot;&quot;,&quot;caption&quot;:&quot;&quot;,&quot;created_timestamp&quot;:&quot;0&quot;,&quot;copyright&quot;:&quot;&quot;,&quot;focal_length&quot;:&quot;0&quot;,&quot;iso&quot;:&quot;0&quot;,&quot;shutter_speed&quot;:&quot;0&quot;,&quot;title&quot;:&quot;&quot;,&quot;orientation&quot;:&quot;0&quot;}\" data-image-title=\"P1370354\" data-image-description=\"\" data-image-caption=\"\" data-large-file=\"https:\/\/i0.wp.com\/uscatletica.ch\/wp\/wp-content\/uploads\/2016\/01\/P1370354.jpg?fit=563%2C751&amp;ssl=1\" class=\"size-medium wp-image-644 aligncenter\" src=\"https:\/\/i0.wp.com\/uscatletica.ch\/wp\/wp-content\/uploads\/2016\/01\/P1370354.jpg?resize=225%2C300&#038;ssl=1\" alt=\"P1370354\" width=\"225\" height=\"300\" srcset=\"https:\/\/i0.wp.com\/uscatletica.ch\/wp\/wp-content\/uploads\/2016\/01\/P1370354.jpg?resize=225%2C300&amp;ssl=1 225w, https:\/\/i0.wp.com\/uscatletica.ch\/wp\/wp-content\/uploads\/2016\/01\/P1370354.jpg?w=563&amp;ssl=1 563w\" sizes=\"auto, (max-width: 225px) 100vw, 225px\" \/><\/a><\/p>\n<p>Maratona per Simone nell&#8217;affollata gara del salto con l&#8217;Asta durata oltre 3 ore . Grazie al nuovo primato sociale di 3.70 m, saltato al primo tentativo, Simone strappa la medaglia d&#8217;argento dal collo di Gian Vetterli. I due hanno offerto un appassionante duello misura dopo misura . Vittoria con 4.10 m per Martino Kick.<\/p>\n<p><a href=\"https:\/\/i0.wp.com\/uscatletica.ch\/wp\/wp-content\/uploads\/2016\/01\/P1370512.jpg?ssl=1\" rel=\"attachment wp-att-643\"><img data-recalc-dims=\"1\" loading=\"lazy\" decoding=\"async\" data-attachment-id=\"643\" data-permalink=\"https:\/\/uscatletica.ch\/wp\/?attachment_id=643\" data-orig-file=\"https:\/\/i0.wp.com\/uscatletica.ch\/wp\/wp-content\/uploads\/2016\/01\/P1370512.jpg?fit=563%2C751&amp;ssl=1\" data-orig-size=\"563,751\" data-comments-opened=\"0\" data-image-meta=\"{&quot;aperture&quot;:&quot;0&quot;,&quot;credit&quot;:&quot;&quot;,&quot;camera&quot;:&quot;&quot;,&quot;caption&quot;:&quot;&quot;,&quot;created_timestamp&quot;:&quot;0&quot;,&quot;copyright&quot;:&quot;&quot;,&quot;focal_length&quot;:&quot;0&quot;,&quot;iso&quot;:&quot;0&quot;,&quot;shutter_speed&quot;:&quot;0&quot;,&quot;title&quot;:&quot;&quot;,&quot;orientation&quot;:&quot;0&quot;}\" data-image-title=\"P1370512\" data-image-description=\"\" data-image-caption=\"\" data-large-file=\"https:\/\/i0.wp.com\/uscatletica.ch\/wp\/wp-content\/uploads\/2016\/01\/P1370512.jpg?fit=563%2C751&amp;ssl=1\" class=\"alignnone size-medium wp-image-643\" src=\"https:\/\/i0.wp.com\/uscatletica.ch\/wp\/wp-content\/uploads\/2016\/01\/P1370512.jpg?resize=225%2C300&#038;ssl=1\" alt=\"P1370512\" width=\"225\" height=\"300\" srcset=\"https:\/\/i0.wp.com\/uscatletica.ch\/wp\/wp-content\/uploads\/2016\/01\/P1370512.jpg?resize=225%2C300&amp;ssl=1 225w, https:\/\/i0.wp.com\/uscatletica.ch\/wp\/wp-content\/uploads\/2016\/01\/P1370512.jpg?w=563&amp;ssl=1 563w\" sizes=\"auto, (max-width: 225px) 100vw, 225px\" \/><\/a> <a href=\"https:\/\/i0.wp.com\/uscatletica.ch\/wp\/wp-content\/uploads\/2016\/01\/P1370405.jpg?ssl=1\" rel=\"attachment wp-att-642\"><img data-recalc-dims=\"1\" loading=\"lazy\" decoding=\"async\" data-attachment-id=\"642\" data-permalink=\"https:\/\/uscatletica.ch\/wp\/?attachment_id=642\" data-orig-file=\"https:\/\/i0.wp.com\/uscatletica.ch\/wp\/wp-content\/uploads\/2016\/01\/P1370405.jpg?fit=563%2C422&amp;ssl=1\" data-orig-size=\"563,422\" data-comments-opened=\"0\" data-image-meta=\"{&quot;aperture&quot;:&quot;0&quot;,&quot;credit&quot;:&quot;&quot;,&quot;camera&quot;:&quot;&quot;,&quot;caption&quot;:&quot;&quot;,&quot;created_timestamp&quot;:&quot;0&quot;,&quot;copyright&quot;:&quot;&quot;,&quot;focal_length&quot;:&quot;0&quot;,&quot;iso&quot;:&quot;0&quot;,&quot;shutter_speed&quot;:&quot;0&quot;,&quot;title&quot;:&quot;&quot;,&quot;orientation&quot;:&quot;0&quot;}\" data-image-title=\"P1370405\" data-image-description=\"\" data-image-caption=\"\" data-large-file=\"https:\/\/i0.wp.com\/uscatletica.ch\/wp\/wp-content\/uploads\/2016\/01\/P1370405.jpg?fit=563%2C422&amp;ssl=1\" class=\"alignnone size-medium wp-image-642\" src=\"https:\/\/i0.wp.com\/uscatletica.ch\/wp\/wp-content\/uploads\/2016\/01\/P1370405.jpg?resize=300%2C225&#038;ssl=1\" alt=\"P1370405\" width=\"300\" height=\"225\" srcset=\"https:\/\/i0.wp.com\/uscatletica.ch\/wp\/wp-content\/uploads\/2016\/01\/P1370405.jpg?resize=300%2C225&amp;ssl=1 300w, https:\/\/i0.wp.com\/uscatletica.ch\/wp\/wp-content\/uploads\/2016\/01\/P1370405.jpg?w=563&amp;ssl=1 563w\" sizes=\"auto, (max-width: 300px) 100vw, 300px\" \/><\/a><\/p>\n<p>Nella pedana del salto in Alto Giada si ferma ad 1.30 m \u00a0lasciando intravvedere margini di crescita. Titolo cantonale a 1.45 per Mia Vetterli<\/p>\n<p>Gian Vetterli \u00a0con le misure di 1.86 m e 6.67 m ha firmato le doppietta salto in alto e salto in lungo,<\/p>\n<p>Nell&#8217;Asta femminile l&#8217;italiana Vian \u00e8 salita fino a 3.90 m il titolo cantonale \u00e8 andato a Nina Arzner con 2.30 m<\/p>\n","protected":false},"excerpt":{"rendered":"<p>La prima edizione dei campionati ticinesi indoor per il settore salti \u00e8 stata una bella giornata di atletica organizzata dall&#8217;US Ascona alla palestra Regazzi di Gordola. l&#8217;USC con sei atleti era tra le societ\u00e0 pi\u00f9 numerose, C\u00e9line ha scritto una pagina storica aggiudicandosi il primo titolo nel salto in lungo, grazie a due salti di 4.90 m. Nell&#8217;asta Simone ha meritato l&#8217;argento con il nuovo primato sociale. In pedana erano cinque le USCine Vera (4.02&#8230;<\/p>\n","protected":false},"author":4,"featured_media":645,"comment_status":"closed","ping_status":"closed","sticky":false,"template":"","format":"standard","meta":{"jetpack_post_was_ever_published":false,"_jetpack_newsletter_access":"","_jetpack_dont_email_post_to_subs":false,"_jetpack_newsletter_tier_id":0,"_jetpack_memberships_contains_paywalled_content":false,"_jetpack_memberships_contains_paid_content":false,"footnotes":"","jetpack_publicize_message":"","jetpack_publicize_feature_enabled":true,"jetpack_social_post_already_shared":true,"jetpack_social_options":{"image_generator_settings":{"template":"highway","default_image_id":0,"font":"","enabled":false},"version":2}},"categories":[4,9],"tags":[],"class_list":["post-641","post","type-post","status-publish","format-standard","has-post-thumbnail","hentry","category-pista","category-sport"],"jetpack_publicize_connections":[],"jetpack_featured_media_url":"https:\/\/i0.wp.com\/uscatletica.ch\/wp\/wp-content\/uploads\/2016\/01\/P1370359.jpg?fit=563%2C422&ssl=1","jetpack_sharing_enabled":true,"jetpack_shortlink":"https:\/\/wp.me\/p6V7Ck-al","jetpack-related-posts":[{"id":2936,"url":"https:\/\/uscatletica.ch\/wp\/?p=2936","url_meta":{"origin":641,"position":0},"title":"2016 ANNATA LUMINOSA IN PISTA","author":"Leonida Stampanoni","date":"10 Ottobre 2016","format":false,"excerpt":"La stagione in pista \u00e8 cominciata presto con i primi campionati ticinesi Indoor nei salti alla Regazzi a met\u00e0 gennaio per chiudersi lo scorso fine settimana sul nuovo RUB TAN dominator del Lido di Locarno. Molte le soddisfazione e una buona dose di medaglie. Molte soddisfazione anche come squadra la\u2026","rel":"","context":"In &quot;Pista&quot;","block_context":{"text":"Pista","link":"https:\/\/uscatletica.ch\/wp\/?cat=4"},"img":{"alt_text":"","src":"https:\/\/i0.wp.com\/uscatletica.ch\/wp\/wp-content\/uploads\/2016\/08\/ct4x100.jpg?fit=561%2C371&ssl=1&resize=350%2C200","width":350,"height":200,"srcset":"https:\/\/i0.wp.com\/uscatletica.ch\/wp\/wp-content\/uploads\/2016\/08\/ct4x100.jpg?fit=561%2C371&ssl=1&resize=350%2C200 1x, https:\/\/i0.wp.com\/uscatletica.ch\/wp\/wp-content\/uploads\/2016\/08\/ct4x100.jpg?fit=561%2C371&ssl=1&resize=525%2C300 1.5x"},"classes":[]},{"id":5465,"url":"https:\/\/uscatletica.ch\/wp\/?p=5465","url_meta":{"origin":641,"position":1},"title":"DOPPIETTA USC AI CT INDOOR PESO","author":"Leonida Stampanoni","date":"24 Gennaio 2018","format":false,"excerpt":"Grande serata alla Palestra Regazzi di Gordola per il settore lanci dell'USC che nella seconda giornata dei CT indoor, i nostri pesisti ,oltre a migliorare tutti il proprio primato personale, hanno\u00a0 conquistato le prime due medaglie del 2018.\u00a0L'ASSPO Riva S. Vitale ha organizzato i CT di getto del peso e\u2026","rel":"","context":"In &quot;Pista&quot;","block_context":{"text":"Pista","link":"https:\/\/uscatletica.ch\/wp\/?cat=4"},"img":{"alt_text":"","src":"https:\/\/i0.wp.com\/uscatletica.ch\/wp\/wp-content\/uploads\/2017\/02\/P1440857.jpg?fit=640%2C480&ssl=1&resize=350%2C200","width":350,"height":200,"srcset":"https:\/\/i0.wp.com\/uscatletica.ch\/wp\/wp-content\/uploads\/2017\/02\/P1440857.jpg?fit=640%2C480&ssl=1&resize=350%2C200 1x, https:\/\/i0.wp.com\/uscatletica.ch\/wp\/wp-content\/uploads\/2017\/02\/P1440857.jpg?fit=640%2C480&ssl=1&resize=525%2C300 1.5x"},"classes":[]},{"id":6506,"url":"https:\/\/uscatletica.ch\/wp\/?p=6506","url_meta":{"origin":641,"position":2},"title":"CS Giovanili  Simone sesto Rachele quinta","author":"Leonida Stampanoni","date":"9 Settembre 2018","format":false,"excerpt":"Nella prima giornata dei campionati svizzeri giovanili grandi soddisfazioni per gli atleti ticinesi impegnati tra Aarau e Frauenfeld che hanno raccolto cinque titoli e tre medaglie . Tutti i sei USCini sono scesi in pista, domenica ritroveremo solo Simone nella finale dei 400 m h e C\u00e9line nel getto del\u2026","rel":"","context":"In &quot;Pista&quot;","block_context":{"text":"Pista","link":"https:\/\/uscatletica.ch\/wp\/?cat=4"},"img":{"alt_text":"","src":"https:\/\/i0.wp.com\/uscatletica.ch\/wp\/wp-content\/uploads\/2016\/09\/P1430671.jpg?fit=563%2C422&ssl=1&resize=350%2C200","width":350,"height":200,"srcset":"https:\/\/i0.wp.com\/uscatletica.ch\/wp\/wp-content\/uploads\/2016\/09\/P1430671.jpg?fit=563%2C422&ssl=1&resize=350%2C200 1x, https:\/\/i0.wp.com\/uscatletica.ch\/wp\/wp-content\/uploads\/2016\/09\/P1430671.jpg?fit=563%2C422&ssl=1&resize=525%2C300 1.5x"},"classes":[]},{"id":16620,"url":"https:\/\/uscatletica.ch\/wp\/?p=16620","url_meta":{"origin":641,"position":3},"title":"GIADA CAMPIONESSA TICINESE INDOOR NEL PESO CHIARA RECORD ITALIANO NEL LUNGO","author":"Leonida Stampanoni","date":"22 Gennaio 2023","format":false,"excerpt":"I primi titoli cantonali sono stati assegnati sabato alla Palestra Regazzi grazie all'ottima organizzazione dell'ASSPO. Un poker di USCine era presente a Gordola: Giada ha regalato il primo titolo dell'anno dominando il getto del peso. Tre ragazze sono invece scese in pedana nel Lungo Marta firmando il personale a 5\u2026","rel":"","context":"In &quot;Pista&quot;","block_context":{"text":"Pista","link":"https:\/\/uscatletica.ch\/wp\/?cat=4"},"img":{"alt_text":"","src":"https:\/\/i0.wp.com\/uscatletica.ch\/wp\/wp-content\/uploads\/2019\/02\/giadaargentoamcolin2019.jpg?fit=640%2C480&ssl=1&resize=350%2C200","width":350,"height":200,"srcset":"https:\/\/i0.wp.com\/uscatletica.ch\/wp\/wp-content\/uploads\/2019\/02\/giadaargentoamcolin2019.jpg?fit=640%2C480&ssl=1&resize=350%2C200 1x, https:\/\/i0.wp.com\/uscatletica.ch\/wp\/wp-content\/uploads\/2019\/02\/giadaargentoamcolin2019.jpg?fit=640%2C480&ssl=1&resize=525%2C300 1.5x"},"classes":[]},{"id":3328,"url":"https:\/\/uscatletica.ch\/wp\/?p=3328","url_meta":{"origin":641,"position":4},"title":"CT Salti lanciata la stagione Indoor (Rassegna Stampa)","author":"Leonida Stampanoni","date":"16 Gennaio 2017","format":false,"excerpt":"Un'ottantina di atleti erano la via della seconda edizione dei campionati Ticinesi indoor di salti. l'USC era al via con un terzetto Nina Giada ed Alessia. Classifiche\u00a0Articolo la Regione\u00a0Articolo GDP Nel salto in lungo vinto da Maeva Tahou con 5.27 m Giada dopo un inizio timido \u00e8 volata \u00a0a 4.83\u2026","rel":"","context":"In &quot;Pista&quot;","block_context":{"text":"Pista","link":"https:\/\/uscatletica.ch\/wp\/?cat=4"},"img":{"alt_text":"","src":"https:\/\/i0.wp.com\/uscatletica.ch\/wp\/wp-content\/uploads\/2016\/05\/altocloeevide.png?fit=558%2C363&ssl=1&resize=350%2C200","width":350,"height":200,"srcset":"https:\/\/i0.wp.com\/uscatletica.ch\/wp\/wp-content\/uploads\/2016\/05\/altocloeevide.png?fit=558%2C363&ssl=1&resize=350%2C200 1x, https:\/\/i0.wp.com\/uscatletica.ch\/wp\/wp-content\/uploads\/2016\/05\/altocloeevide.png?fit=558%2C363&ssl=1&resize=525%2C300 1.5x"},"classes":[]},{"id":627,"url":"https:\/\/uscatletica.ch\/wp\/?p=627","url_meta":{"origin":641,"position":5},"title":"Cross a Vezia a Tenero si salta per i titoli","author":"Leonida Stampanoni","date":"15 Gennaio 2016","format":false,"excerpt":"Il fine settimana intenso a met\u00e0 gennaio per gli USCini che tra sabato e domenica saranno impegnati tra i campi della monda di Vezia e la palestra indoor del CST dove si terr\u00e0 la prima edizione dei campionati ticinesi indoor \u00a0la prima parte assegner\u00e0 i titoli nei salti. Sabato a\u2026","rel":"","context":"In &quot;Cross&quot;","block_context":{"text":"Cross","link":"https:\/\/uscatletica.ch\/wp\/?cat=7"},"img":{"alt_text":"","src":"https:\/\/i0.wp.com\/uscatletica.ch\/wp\/wp-content\/uploads\/2015\/12\/P1360515.jpg?fit=563%2C422&ssl=1&resize=350%2C200","width":350,"height":200,"srcset":"https:\/\/i0.wp.com\/uscatletica.ch\/wp\/wp-content\/uploads\/2015\/12\/P1360515.jpg?fit=563%2C422&ssl=1&resize=350%2C200 1x, https:\/\/i0.wp.com\/uscatletica.ch\/wp\/wp-content\/uploads\/2015\/12\/P1360515.jpg?fit=563%2C422&ssl=1&resize=525%2C300 1.5x"},"classes":[]}],"_links":{"self":[{"href":"https:\/\/uscatletica.ch\/wp\/index.php?rest_route=\/wp\/v2\/posts\/641","targetHints":{"allow":["GET"]}}],"collection":[{"href":"https:\/\/uscatletica.ch\/wp\/index.php?rest_route=\/wp\/v2\/posts"}],"about":[{"href":"https:\/\/uscatletica.ch\/wp\/index.php?rest_route=\/wp\/v2\/types\/post"}],"author":[{"embeddable":true,"href":"https:\/\/uscatletica.ch\/wp\/index.php?rest_route=\/wp\/v2\/users\/4"}],"replies":[{"embeddable":true,"href":"https:\/\/uscatletica.ch\/wp\/index.php?rest_route=%2Fwp%2Fv2%2Fcomments&post=641"}],"version-history":[{"count":3,"href":"https:\/\/uscatletica.ch\/wp\/index.php?rest_route=\/wp\/v2\/posts\/641\/revisions"}],"predecessor-version":[{"id":654,"href":"https:\/\/uscatletica.ch\/wp\/index.php?rest_route=\/wp\/v2\/posts\/641\/revisions\/654"}],"wp:featuredmedia":[{"embeddable":true,"href":"https:\/\/uscatletica.ch\/wp\/index.php?rest_route=\/wp\/v2\/media\/645"}],"wp:attachment":[{"href":"https:\/\/uscatletica.ch\/wp\/index.php?rest_route=%2Fwp%2Fv2%2Fmedia&parent=641"}],"wp:term":[{"taxonomy":"category","embeddable":true,"href":"https:\/\/uscatletica.ch\/wp\/index.php?rest_route=%2Fwp%2Fv2%2Fcategories&post=641"},{"taxonomy":"post_tag","embeddable":true,"href":"https:\/\/uscatletica.ch\/wp\/index.php?rest_route=%2Fwp%2Fv2%2Ftags&post=641"}],"curies":[{"name":"wp","href":"https:\/\/api.w.org\/{rel}","templated":true}]}}