{"id":6516,"date":"2018-09-11T10:30:50","date_gmt":"2018-09-11T08:30:50","guid":{"rendered":"http:\/\/uscatletica.ch\/wp\/?p=6516"},"modified":"2018-09-14T17:25:30","modified_gmt":"2018-09-14T15:25:30","slug":"campionati-ticinesi-di-olimpionica-12-meeting-capriaschese-tutto-pronto-stampa","status":"publish","type":"post","link":"https:\/\/uscatletica.ch\/wp\/?p=6516","title":{"rendered":"Campionati Ticinesi di olimpionica 12 Meeting Capriaschese tutto pronto stampa"},"content":{"rendered":"<h4><\/h4>\n<p align=\"LEFT\"><span style=\"font-family: Calibri Light, serif;\"><span style=\"font-size: xx-large;\"><b>Staffette olimpioniche in Capriasca<\/b><\/span><\/span><\/p>\n<p align=\"LEFT\"><span style=\"color: #5a5a5a;\"><span style=\"font-size: large;\"><i>Meeting serale mercoled\u00ec a Tesserete con anche i Campionati ticinesi di staffetta olimpionica, dove Virtus Locarno e SAL Lugano cercheranno di difendere il titolo conquistato nel 2017<\/i><\/span><\/span><\/p>\n<h4><\/h4>\n<h4><a href=\"https:\/\/uscatletica.ch\/wp\/wp-content\/uploads\/2018\/09\/iscrizioniCTOLIMPIONICA2018.pdf\" target=\"_blank\" rel=\"noopener\">liste di partenza 2018<\/a><\/h4>\n<h4><a href=\"https:\/\/uscatletica.ch\/wp\/wp-content\/uploads\/2018\/09\/iscrizioniCTOLIMPIONICA2018.pdf\"><img data-recalc-dims=\"1\" loading=\"lazy\" decoding=\"async\" data-attachment-id=\"6491\" data-permalink=\"https:\/\/uscatletica.ch\/wp\/?attachment_id=6491\" data-orig-file=\"https:\/\/i0.wp.com\/uscatletica.ch\/wp\/wp-content\/uploads\/2018\/09\/iscrizioniCTOLIMPIONICA2018.jpg?fit=841%2C595&amp;ssl=1\" data-orig-size=\"841,595\" data-comments-opened=\"0\" data-image-meta=\"{&quot;aperture&quot;:&quot;0&quot;,&quot;credit&quot;:&quot;&quot;,&quot;camera&quot;:&quot;&quot;,&quot;caption&quot;:&quot;&quot;,&quot;created_timestamp&quot;:&quot;0&quot;,&quot;copyright&quot;:&quot;&quot;,&quot;focal_length&quot;:&quot;0&quot;,&quot;iso&quot;:&quot;0&quot;,&quot;shutter_speed&quot;:&quot;0&quot;,&quot;title&quot;:&quot;&quot;,&quot;orientation&quot;:&quot;0&quot;}\" data-image-title=\"iscrizioniCTOLIMPIONICA2018\" data-image-description=\"\" data-image-caption=\"\" data-large-file=\"https:\/\/i0.wp.com\/uscatletica.ch\/wp\/wp-content\/uploads\/2018\/09\/iscrizioniCTOLIMPIONICA2018.jpg?fit=640%2C453&amp;ssl=1\" class=\"aligncenter wp-image-6491 size-medium\" src=\"https:\/\/i0.wp.com\/uscatletica.ch\/wp\/wp-content\/uploads\/2018\/09\/iscrizioniCTOLIMPIONICA2018.jpg?resize=300%2C212&#038;ssl=1\" alt=\"\" width=\"300\" height=\"212\" srcset=\"https:\/\/i0.wp.com\/uscatletica.ch\/wp\/wp-content\/uploads\/2018\/09\/iscrizioniCTOLIMPIONICA2018.jpg?resize=300%2C212&amp;ssl=1 300w, https:\/\/i0.wp.com\/uscatletica.ch\/wp\/wp-content\/uploads\/2018\/09\/iscrizioniCTOLIMPIONICA2018.jpg?resize=768%2C543&amp;ssl=1 768w, https:\/\/i0.wp.com\/uscatletica.ch\/wp\/wp-content\/uploads\/2018\/09\/iscrizioniCTOLIMPIONICA2018.jpg?resize=200%2C140&amp;ssl=1 200w, https:\/\/i0.wp.com\/uscatletica.ch\/wp\/wp-content\/uploads\/2018\/09\/iscrizioniCTOLIMPIONICA2018.jpg?resize=212%2C150&amp;ssl=1 212w, https:\/\/i0.wp.com\/uscatletica.ch\/wp\/wp-content\/uploads\/2018\/09\/iscrizioniCTOLIMPIONICA2018.jpg?w=841&amp;ssl=1 841w\" sizes=\"auto, (max-width: 300px) 100vw, 300px\" \/><\/a><\/h4>\n<p><iframe loading=\"lazy\" src=\"http:\/\/free.timeanddate.com\/countdown\/i5n0vu2m\/n3171\/cf101\/cm0\/cu4\/ct0\/cs0\/ca0\/co1\/cr0\/ss0\/cac00f\/cpc000\/pcf00\/tcfff\/fs100\/szw320\/szh135\/tatIl%20meeting%20Capriaschese%20%20vi%20attende%20tra%20\/tac009\/tptLe%20gare%20sono%20cominciate%20da%20\/tpc000\/iso2018-09-12T18:45:00\" width=\"640\" height=\"270\" frameborder=\"0\" data-mce-fragment=\"1\"><span data-mce-type=\"bookmark\" style=\"display: inline-block; width: 0px; overflow: hidden; line-height: 0;\" class=\"mce_SELRES_start\">\ufeff<\/span><\/iframe><\/p>\n<p><a href=\"https:\/\/i0.wp.com\/uscatletica.ch\/wp\/wp-content\/uploads\/2015\/11\/meeting.png?ssl=1\" rel=\"attachment wp-att-301\"><img data-recalc-dims=\"1\" loading=\"lazy\" decoding=\"async\" data-attachment-id=\"301\" data-permalink=\"https:\/\/uscatletica.ch\/wp\/?attachment_id=301\" data-orig-file=\"https:\/\/i0.wp.com\/uscatletica.ch\/wp\/wp-content\/uploads\/2015\/11\/meeting.png?fit=330%2C182&amp;ssl=1\" data-orig-size=\"330,182\" data-comments-opened=\"0\" data-image-meta=\"{&quot;aperture&quot;:&quot;0&quot;,&quot;credit&quot;:&quot;&quot;,&quot;camera&quot;:&quot;&quot;,&quot;caption&quot;:&quot;&quot;,&quot;created_timestamp&quot;:&quot;0&quot;,&quot;copyright&quot;:&quot;&quot;,&quot;focal_length&quot;:&quot;0&quot;,&quot;iso&quot;:&quot;0&quot;,&quot;shutter_speed&quot;:&quot;0&quot;,&quot;title&quot;:&quot;&quot;,&quot;orientation&quot;:&quot;0&quot;}\" data-image-title=\"meeting\" data-image-description=\"\" data-image-caption=\"\" data-large-file=\"https:\/\/i0.wp.com\/uscatletica.ch\/wp\/wp-content\/uploads\/2015\/11\/meeting.png?fit=330%2C182&amp;ssl=1\" class=\"aligncenter wp-image-301 size-full\" src=\"https:\/\/i0.wp.com\/uscatletica.ch\/wp\/wp-content\/uploads\/2015\/11\/meeting.png?resize=330%2C182&#038;ssl=1\" alt=\"meeting\" width=\"330\" height=\"182\" srcset=\"https:\/\/i0.wp.com\/uscatletica.ch\/wp\/wp-content\/uploads\/2015\/11\/meeting.png?w=330&amp;ssl=1 330w, https:\/\/i0.wp.com\/uscatletica.ch\/wp\/wp-content\/uploads\/2015\/11\/meeting.png?resize=300%2C165&amp;ssl=1 300w, https:\/\/i0.wp.com\/uscatletica.ch\/wp\/wp-content\/uploads\/2015\/11\/meeting.png?resize=71%2C40&amp;ssl=1 71w\" sizes=\"auto, (max-width: 330px) 100vw, 330px\" \/><\/a><\/p>\n<h1 style=\"text-align: center;\"><span style=\"text-decoration: underline;\">12 edizione Meeting Capriaschese <\/span><\/h1>\n<h1 style=\"text-align: center;\"><span style=\"text-decoration: underline;\">\u00a0Campionati Ticinesi Olimpionica<\/span><\/h1>\n<h2 style=\"text-align: center;\">12 settembre 2018<\/h2>\n<h3><\/h3>\n<h2 style=\"text-align: center;\"><a href=\"https:\/\/uscatletica.ch\/wp\/wp-content\/uploads\/2018\/08\/PRoGCToli18.pdf\">PrCToli18<\/a> <a href=\"https:\/\/uscatletica.ch\/wp\/wp-content\/uploads\/2018\/08\/PRoGCToli18.pdf\"><img data-recalc-dims=\"1\" loading=\"lazy\" decoding=\"async\" data-attachment-id=\"6459\" data-permalink=\"https:\/\/uscatletica.ch\/wp\/?attachment_id=6459\" data-orig-file=\"https:\/\/i0.wp.com\/uscatletica.ch\/wp\/wp-content\/uploads\/2018\/08\/meetingcapriasca2018.jpg?fit=595%2C841&amp;ssl=1\" data-orig-size=\"595,841\" data-comments-opened=\"0\" data-image-meta=\"{&quot;aperture&quot;:&quot;0&quot;,&quot;credit&quot;:&quot;&quot;,&quot;camera&quot;:&quot;&quot;,&quot;caption&quot;:&quot;&quot;,&quot;created_timestamp&quot;:&quot;0&quot;,&quot;copyright&quot;:&quot;&quot;,&quot;focal_length&quot;:&quot;0&quot;,&quot;iso&quot;:&quot;0&quot;,&quot;shutter_speed&quot;:&quot;0&quot;,&quot;title&quot;:&quot;&quot;,&quot;orientation&quot;:&quot;0&quot;}\" data-image-title=\"meetingcapriasca2018\" data-image-description=\"\" data-image-caption=\"\" data-large-file=\"https:\/\/i0.wp.com\/uscatletica.ch\/wp\/wp-content\/uploads\/2018\/08\/meetingcapriasca2018.jpg?fit=595%2C841&amp;ssl=1\" class=\"aligncenter size-full wp-image-6459\" src=\"https:\/\/i0.wp.com\/uscatletica.ch\/wp\/wp-content\/uploads\/2018\/08\/meetingcapriasca2018.jpg?resize=595%2C841&#038;ssl=1\" alt=\"\" width=\"595\" height=\"841\" srcset=\"https:\/\/i0.wp.com\/uscatletica.ch\/wp\/wp-content\/uploads\/2018\/08\/meetingcapriasca2018.jpg?w=595&amp;ssl=1 595w, https:\/\/i0.wp.com\/uscatletica.ch\/wp\/wp-content\/uploads\/2018\/08\/meetingcapriasca2018.jpg?resize=212%2C300&amp;ssl=1 212w, https:\/\/i0.wp.com\/uscatletica.ch\/wp\/wp-content\/uploads\/2018\/08\/meetingcapriasca2018.jpg?resize=106%2C150&amp;ssl=1 106w\" sizes=\"auto, (max-width: 595px) 100vw, 595px\" \/><\/a> <a href=\"https:\/\/uscatletica.ch\/wp\/wp-content\/uploads\/2018\/08\/PRoGCToli18.pdf\">il programma 2018<\/a><\/h2>\n<p align=\"LEFT\"><a name=\"_Hlk523672083\"><\/a> <span style=\"font-family: Calibri Light, serif;\"><span style=\"font-size: xx-large;\"><b><span style=\"color: #2e74b5;\"><span style=\"font-size: small;\">Comunicato FTAL 11 settembre 2018\u00a0<\/span><\/span><\/b><\/span><\/span><\/p>\n<p align=\"LEFT\"><span style=\"font-family: Calibri Light, serif;\"><span style=\"font-size: xx-large;\"><b>Staffette olimpioniche in Capriasca<\/b><\/span><\/span><\/p>\n<p align=\"LEFT\"><span style=\"color: #5a5a5a;\"><span style=\"font-size: large;\"><i>Meeting serale mercoled\u00ec a Tesserete con anche i Campionati ticinesi di staffetta olimpionica, dove Virtus Locarno e SAL Lugano cercheranno di difendere il titolo conquistato nel 2017<\/i><\/span><\/span><\/p>\n<p><span lang=\"it-IT\"><b>FTAL\/elista<\/b><\/span> \u2013 Dopo il fine settimana dedicato ai Campionati svizzeri giovanili, con il Ticino protagonista dagli U16 agli U23, il calendario FTAL prevede il meeting infrasettimanale in Capriasca, abbinato ai Campionati ticinesi di staffetta olimpionica. Mercoled\u00ec sera allo Stadio di Tesserete la locale USC ripropone infatti per la 12ima volta l\u2019appuntamento sulle piste di casa, inaugurate nel 2006.<\/p>\n<p>Sono attesi circa 200 partecipanti per un intenso programma, con in prima linea le staffette olimpioniche maschili e femminili che, sulle tratte di 800, 400, 200 e 100 metri, offriranno spettacolo e assegneranno i titoli cantonali. L\u2019anno scorso la Virtus Locarno stabil\u00ec in 3\u201920\u2019\u201908 il nuovo primato dello stadio nella gara maschile, imponendosi sull\u2019Atletica Mendrisiotto e sul GAB Bellinzona. Al femminile vinse la SAL Lugano in 3\u201956\u2019\u201928 davanti a GAB e Virtus. Quest\u2019anno saranno ancora loro le societ\u00e0 favorite, con il GAB presente con tre squadre maschili e due femminili, a cui si aggiunge la SAM Massagno che, se presente al completo, rientra quest\u2019anno tra le favorite tra gli uomini. Non mancher\u00e0 l\u2019USC Capriaschese, al via con due giovanissime compagini (sia al maschile sia al femminile) e la SAB Bellinzona (pure uomini e donne). Al maschile saranno quindi otto le squadre al via, mentre sei sono quelle femminili dove anche la SAB pu\u00f2 rientrare tra le favorite con le sue giovani velociste.<\/p>\n<p>Prima delle staffette, in programma alle 20.20 e alle 20.30, il meeting capriaschese prevede le prove individuali con corse, salti e lanci. S\u2019inizier\u00e0 alle 18.45 con gli 80 metri degli U16, una prima per il meeting capriaschese che permetter\u00e0 ai giovani di misurarsi sul rettilineo di sei corsie dello stadio capriaschese e di stabilire il nuovo primato dello stadio. A seguire, per gli U14, ci saranno i 600 metri, dove nell\u2019annuario USC spicca il primato femminile U16 di Delia Sclabas che nel 2013 corse in 1\u201941\u2019\u201907 sul tartan di Tesserete, all\u2019inizio della sua folgorante carriera.<\/p>\n<p><a name=\"_GoBack\"><\/a>Sempre alle 19 si animeranno anche le pedane del peso e del lungo dove donne e uomini (ragazze e ragazzi) si alterneranno in questi sempre affollati concorsi, con pedane invertite verso le 19.40. Alle 19.10 spazio al mezzofondo giovanile con i 1&#8217;000 metri U16, seguiti alle 19.25 dai 100 metri. Alle 20 e rispettivamente 20.10, quando gli staffettisti saranno gi\u00e0 in pieno riscaldamento in vista delle olimpioniche di fine serata, spazio anche ai 1&#8217;500 metri. Chiuderanno il meeting capriaschese le premiazioni del Campionato ticinese di staffetta per il quale le societ\u00e0 dovranno confermare i nominativi entro un\u2019ora dalla gara. Per le altre gare sar\u00e0 possibile iscriversi sul posto entro un\u2019ora dall\u2019inizio della rispettiva prova.<\/p>\n<p>Informazioni e orario completo su <a href=\"http:\/\/www.uscatletica.ch\">www.uscatletica.ch<\/a> o <a href=\"http:\/\/www.ftal.ch\">www.ftal.ch<\/a><\/p>\n<p><b>Le squadre iscritte ai CT di staffetta olimpionica<\/b><\/p>\n<p><b>Uomini<\/b><\/p>\n<p><span style=\"font-size: small;\">ATLETICA MENDRISIOTTO<\/span><\/p>\n<p><span style=\"font-size: small;\">GAB BELLINZONA 1<\/span><\/p>\n<p><span style=\"font-size: small;\">GAB BELLINZONA 2<\/span><\/p>\n<p><span style=\"font-size: small;\">GAB BELLINZONA 3<\/span><\/p>\n<p><span style=\"font-size: small;\">SAB BELLINZONA<\/span><\/p>\n<p><span style=\"font-size: small;\">SAM MASSAGNO<\/span><\/p>\n<p><span style=\"font-size: small;\">USC CAPRIASCHESE<\/span><\/p>\n<p><span style=\"font-size: small;\">VIRTUS LOCARNO<\/span><\/p>\n<p><b>Donne<\/b><\/p>\n<p><span style=\"font-size: small;\">ATLETICA MENDRISIOTTO<\/span><\/p>\n<p><span style=\"font-size: small;\">GAB BELLINZONA 1<\/span><\/p>\n<p><span style=\"font-size: small;\">GAB BELLINZONA 2<\/span><\/p>\n<p><span style=\"font-size: small;\">SAB BELLINZONA<\/span><\/p>\n<p><span style=\"font-size: small;\">SAL LUGANO<\/span><\/p>\n<p><span style=\"font-size: small;\">USC CAPRIASCHESE <\/span><\/p>\n<p>&nbsp;<\/p>\n<p><span lang=\"it-IT\"><b>FTAL\/elista<\/b><\/span><\/p>\n","protected":false},"excerpt":{"rendered":"<p>Staffette olimpioniche in Capriasca Meeting serale mercoled\u00ec a Tesserete con anche i Campionati ticinesi di staffetta olimpionica, dove Virtus Locarno e SAL Lugano cercheranno di difendere il titolo conquistato nel 2017 liste di partenza 2018 \ufeff 12 edizione Meeting Capriaschese \u00a0Campionati Ticinesi Olimpionica 12 settembre 2018 PrCToli18 il programma 2018 Comunicato FTAL 11 settembre 2018\u00a0 Staffette olimpioniche in Capriasca Meeting serale mercoled\u00ec a Tesserete con anche i Campionati ticinesi di staffetta olimpionica, dove Virtus Locarno&#8230;<\/p>\n","protected":false},"author":4,"featured_media":6424,"comment_status":"closed","ping_status":"closed","sticky":false,"template":"","format":"standard","meta":{"jetpack_post_was_ever_published":false,"_jetpack_newsletter_access":"","_jetpack_dont_email_post_to_subs":false,"_jetpack_newsletter_tier_id":0,"_jetpack_memberships_contains_paywalled_content":false,"_jetpack_memberships_contains_paid_content":false,"footnotes":"","jetpack_publicize_message":"","jetpack_publicize_feature_enabled":true,"jetpack_social_post_already_shared":true,"jetpack_social_options":{"image_generator_settings":{"template":"highway","default_image_id":0,"font":"","enabled":false},"version":2}},"categories":[4],"tags":[],"class_list":["post-6516","post","type-post","status-publish","format-standard","has-post-thumbnail","hentry","category-pista"],"jetpack_publicize_connections":[],"jetpack_featured_media_url":"https:\/\/i0.wp.com\/uscatletica.ch\/wp\/wp-content\/uploads\/2018\/08\/berlinstmoritz2018.jpg?fit=432%2C293&ssl=1","jetpack_sharing_enabled":true,"jetpack_shortlink":"https:\/\/wp.me\/p6V7Ck-1H6","jetpack-related-posts":[{"id":4877,"url":"https:\/\/uscatletica.ch\/wp\/?p=4877","url_meta":{"origin":6516,"position":0},"title":"Campionati Ticinesi di Staffetta Olimpionica e Meeting Capriaschese","author":"Leonida Stampanoni","date":"5 Settembre 2017","format":false,"excerpt":"Manca una settimana ai campionati ticinesi di staffetta olimpionica e al 11\u00b0 Meeting Capriaschese . La prima edizione che potr\u00e0 beneficiare della nuova elegante e funzionale torretta di cronometraggio.Per la prima volta in Capriasca si correranno i 100 m in programma anche i 600 m u14 1000 m U16 ed\u2026","rel":"","context":"In &quot;I nostri appuntamenti&quot;","block_context":{"text":"I nostri appuntamenti","link":"https:\/\/uscatletica.ch\/wp\/?cat=12"},"img":{"alt_text":"meeting","src":"https:\/\/i0.wp.com\/uscatletica.ch\/wp\/wp-content\/uploads\/2015\/11\/meeting.png?resize=350%2C200&ssl=1","width":350,"height":200},"classes":[]},{"id":4898,"url":"https:\/\/uscatletica.ch\/wp\/?p=4898","url_meta":{"origin":6516,"position":1},"title":"11 Meeting Capriaschese 13.09.2017 Campionati ticinesi Olimpionica 18 squadre iscritte","author":"Leonida Stampanoni","date":"9 Settembre 2017","format":false,"excerpt":"Mercoled\u00ec, archiviati i campionati svizzeri giovanili, si torner\u00e0 a gareggiare in Ticino ,l'USC \u00e8 felice di accogliere \u00a010 squadre maschili e 8 squadre femminili ai campionati ticinesi di staffetta olimpionica. Tutto \u00e8 pronto per l'undicesima edizione del Meeting Capriaschese la prima con la nuova torretta di cronometraggio che dar\u00e0 agli\u2026","rel":"","context":"In &quot;I nostri appuntamenti&quot;","block_context":{"text":"I nostri appuntamenti","link":"https:\/\/uscatletica.ch\/wp\/?cat=12"},"img":{"alt_text":"","src":"https:\/\/i0.wp.com\/uscatletica.ch\/wp\/wp-content\/uploads\/2017\/09\/CTOLIMPIONICA2017.jpg?resize=350%2C200&ssl=1","width":350,"height":200,"srcset":"https:\/\/i0.wp.com\/uscatletica.ch\/wp\/wp-content\/uploads\/2017\/09\/CTOLIMPIONICA2017.jpg?resize=350%2C200&ssl=1 1x, https:\/\/i0.wp.com\/uscatletica.ch\/wp\/wp-content\/uploads\/2017\/09\/CTOLIMPIONICA2017.jpg?resize=525%2C300&ssl=1 1.5x, https:\/\/i0.wp.com\/uscatletica.ch\/wp\/wp-content\/uploads\/2017\/09\/CTOLIMPIONICA2017.jpg?resize=700%2C400&ssl=1 2x"},"classes":[]},{"id":9001,"url":"https:\/\/uscatletica.ch\/wp\/?p=9001","url_meta":{"origin":6516,"position":2},"title":"Meeting Capriaschese CT Staffetta Olimpionica","author":"Leonida Stampanoni","date":"11 Settembre 2019","format":false,"excerpt":"La 13 edizione del meeting Capriachese \u00e8 pronta siamo lieti di accogliere in Capriasca \u00a0le dodici squadre che si contenderanno i i titoli di campione ticinese. Benvenuti anche tutti gli atleti che gareggeranno nelle gare individuali\u00a0 SAM E GAB Trionfano nella staffetta olimpionica echi dell'edizione 2018 Iscritti \u00a0 Comunicato FTAL,\u2026","rel":"","context":"In &quot;Non catalogato&quot;","block_context":{"text":"Non catalogato","link":"https:\/\/uscatletica.ch\/wp\/?cat=6"},"img":{"alt_text":"","src":"https:\/\/i0.wp.com\/uscatletica.ch\/wp\/wp-content\/uploads\/2016\/01\/LOGOUSC2015.jpg?fit=1200%2C626&ssl=1&resize=350%2C200","width":350,"height":200,"srcset":"https:\/\/i0.wp.com\/uscatletica.ch\/wp\/wp-content\/uploads\/2016\/01\/LOGOUSC2015.jpg?fit=1200%2C626&ssl=1&resize=350%2C200 1x, https:\/\/i0.wp.com\/uscatletica.ch\/wp\/wp-content\/uploads\/2016\/01\/LOGOUSC2015.jpg?fit=1200%2C626&ssl=1&resize=525%2C300 1.5x, https:\/\/i0.wp.com\/uscatletica.ch\/wp\/wp-content\/uploads\/2016\/01\/LOGOUSC2015.jpg?fit=1200%2C626&ssl=1&resize=700%2C400 2x, https:\/\/i0.wp.com\/uscatletica.ch\/wp\/wp-content\/uploads\/2016\/01\/LOGOUSC2015.jpg?fit=1200%2C626&ssl=1&resize=1050%2C600 3x"},"classes":[]},{"id":2680,"url":"https:\/\/uscatletica.ch\/wp\/?p=2680","url_meta":{"origin":6516,"position":3},"title":"10 Meeting Capriaschese Campionato ticinese di Staffetta Olimpionica","author":"Leonida Stampanoni","date":"25 Agosto 2016","format":false,"excerpt":"\u00a0 10 edizione Meeting Capriaschese \u00a0Campionati Ticinesi Olimpionica 3 settembre 2016 Termine d'iscrizione \u00a0per i CT Olimpionica 29.08.2016 Lista di partenza provvisoria \u00a0 Il programma della gara PRIMATI DELL'ARENA SPORTIVA primatiarena20160128 \u00a0","rel":"","context":"In &quot;I nostri appuntamenti&quot;","block_context":{"text":"I nostri appuntamenti","link":"https:\/\/uscatletica.ch\/wp\/?cat=12"},"img":{"alt_text":"meeting","src":"https:\/\/i0.wp.com\/uscatletica.ch\/wp\/wp-content\/uploads\/2015\/11\/meeting.png?resize=350%2C200&ssl=1","width":350,"height":200},"classes":[]},{"id":4935,"url":"https:\/\/uscatletica.ch\/wp\/?p=4935","url_meta":{"origin":6516,"position":4},"title":"CT OLIMPIONICA E MEETING CAPRIASCHESE TUTTI AI BLOCCHI DI  (Nuova lista iscritta  rassegna stampa)","author":"Leonida Stampanoni","date":"12 Settembre 2017","format":false,"excerpt":"11 edizione Meeting Capriaschese \u00a0Campionati Ticinesi Olimpionica 13 settembre 2017 Nuova lista iscritti CT Olimpionica 13.09 6.45 \u00a0 Formulario da riempire ed inviare\u00a0 Importante indicare il numero di licenza Swiss Athletics Campionato ticinese di Staffetta Olimpionica Termine per le iscrizioni nominali complete di numero di licenza Swiss Athletics \u00a0mercoledi 13.09\u2026","rel":"","context":"In &quot;I nostri appuntamenti&quot;","block_context":{"text":"I nostri appuntamenti","link":"https:\/\/uscatletica.ch\/wp\/?cat=12"},"img":{"alt_text":"","src":"https:\/\/i0.wp.com\/uscatletica.ch\/wp\/wp-content\/uploads\/2016\/09\/CTOLI16F.jpg?fit=562%2C347&ssl=1&resize=350%2C200","width":350,"height":200,"srcset":"https:\/\/i0.wp.com\/uscatletica.ch\/wp\/wp-content\/uploads\/2016\/09\/CTOLI16F.jpg?fit=562%2C347&ssl=1&resize=350%2C200 1x, https:\/\/i0.wp.com\/uscatletica.ch\/wp\/wp-content\/uploads\/2016\/09\/CTOLI16F.jpg?fit=562%2C347&ssl=1&resize=525%2C300 1.5x"},"classes":[]},{"id":6444,"url":"https:\/\/uscatletica.ch\/wp\/?p=6444","url_meta":{"origin":6516,"position":5},"title":"Campionati Ticinesi di Staffetta olimpionica Iscrizioni aperte orari meeting Capriaschese","author":"Leonida Stampanoni","date":"27 Agosto 2018","format":false,"excerpt":"Mercoled\u00ec 12 Settembre in palio ci saranno i titoli cantonali di Staffetta\u00a0olimpionica l'USC \u00e8 lieta di annunciare che le iscrizioni sono aperte\u00a0 si cercano i successori della Virtus Locarno tra gli uomini e della SA Lugano tra le donne \ufeff 12 edizione Meeting Capriaschese \u00a0Campionati Ticinesi Olimpionica 12 settembre 2018\u2026","rel":"","context":"In &quot;I nostri appuntamenti&quot;","block_context":{"text":"I nostri appuntamenti","link":"https:\/\/uscatletica.ch\/wp\/?cat=12"},"img":{"alt_text":"","src":"https:\/\/i0.wp.com\/uscatletica.ch\/wp\/wp-content\/uploads\/2018\/08\/meetingcapriasca2018.jpg?resize=350%2C200&ssl=1","width":350,"height":200,"srcset":"https:\/\/i0.wp.com\/uscatletica.ch\/wp\/wp-content\/uploads\/2018\/08\/meetingcapriasca2018.jpg?resize=350%2C200&ssl=1 1x, https:\/\/i0.wp.com\/uscatletica.ch\/wp\/wp-content\/uploads\/2018\/08\/meetingcapriasca2018.jpg?resize=525%2C300&ssl=1 1.5x"},"classes":[]}],"_links":{"self":[{"href":"https:\/\/uscatletica.ch\/wp\/index.php?rest_route=\/wp\/v2\/posts\/6516","targetHints":{"allow":["GET"]}}],"collection":[{"href":"https:\/\/uscatletica.ch\/wp\/index.php?rest_route=\/wp\/v2\/posts"}],"about":[{"href":"https:\/\/uscatletica.ch\/wp\/index.php?rest_route=\/wp\/v2\/types\/post"}],"author":[{"embeddable":true,"href":"https:\/\/uscatletica.ch\/wp\/index.php?rest_route=\/wp\/v2\/users\/4"}],"replies":[{"embeddable":true,"href":"https:\/\/uscatletica.ch\/wp\/index.php?rest_route=%2Fwp%2Fv2%2Fcomments&post=6516"}],"version-history":[{"count":1,"href":"https:\/\/uscatletica.ch\/wp\/index.php?rest_route=\/wp\/v2\/posts\/6516\/revisions"}],"predecessor-version":[{"id":6517,"href":"https:\/\/uscatletica.ch\/wp\/index.php?rest_route=\/wp\/v2\/posts\/6516\/revisions\/6517"}],"wp:featuredmedia":[{"embeddable":true,"href":"https:\/\/uscatletica.ch\/wp\/index.php?rest_route=\/wp\/v2\/media\/6424"}],"wp:attachment":[{"href":"https:\/\/uscatletica.ch\/wp\/index.php?rest_route=%2Fwp%2Fv2%2Fmedia&parent=6516"}],"wp:term":[{"taxonomy":"category","embeddable":true,"href":"https:\/\/uscatletica.ch\/wp\/index.php?rest_route=%2Fwp%2Fv2%2Fcategories&post=6516"},{"taxonomy":"post_tag","embeddable":true,"href":"https:\/\/uscatletica.ch\/wp\/index.php?rest_route=%2Fwp%2Fv2%2Ftags&post=6516"}],"curies":[{"name":"wp","href":"https:\/\/api.w.org\/{rel}","templated":true}]}}