{"id":6582,"date":"2018-09-19T22:37:58","date_gmt":"2018-09-19T20:37:58","guid":{"rendered":"http:\/\/uscatletica.ch\/wp\/?p=6582"},"modified":"2018-09-20T15:35:33","modified_gmt":"2018-09-20T13:35:33","slug":"meeting-serale-bellinzona","status":"publish","type":"post","link":"https:\/\/uscatletica.ch\/wp\/?p=6582","title":{"rendered":"Meeting serale Bellinzona"},"content":{"rendered":"<p>Gran bel meeting serale a Bellinzona con tanti partecipanti e un discreto livello, ma <strong>solo due<\/strong> atleti USC ne hanno approfittato.<\/p>\n<p>Sui 1&#8217;500 metri ottima prestazione sia di Roberto che di Elia, entrambi reduci dalle fatiche di Giornico (e non solo).<\/p>\n<p>Roberto ha chiuso l&#8217;affollata serie all&#8217;ottavo rango in 4&#8217;22&#8221;21, Elia con un bel finale in progressione al dodicesimo in 4&#8217;30&#8221;64, confermando il positivo rientro alle gare.<\/p>\n<p>Sui 100 Simon Calderari in\u00a0ottimo\u00a0 11&#8243;19 ha sorpreso Filippo Moggi che si \u00e8 rifatto in 22&#8243;41sui 200 m . Tra le donne sulla pista di casa Ma\u00ebva Tahou vince in 12&#8243;47 mentre sui 200 m la torinese Cristina Orecchia vince in 26&#8217;27. Zoe Ranzoni si aggiudica i 400m in 59&#8243;67 Matteo Romano \u00e8 il pi\u00f9 veloce in 53&#8243;30. Sui 100 m\u00a0ostacoli Mattia Fumagalli in 15&#8242;&#8221;26 si aggiudica la gara al fotofinis.Ulla Rossi in 12&#8243;89 vince sugli 80 m h<\/p>\n<p><strong><a href=\"http:\/\/gab-bellinzona.ch\/risultati-meeting-serale-gab\/\">Risultati<\/a><\/strong><\/p>\n<p>Prossimi appuntamenti in pista: sabato a Locarno con il Grand Prix FTAL.<\/p>\n","protected":false},"excerpt":{"rendered":"<p>Gran bel meeting serale a Bellinzona con tanti partecipanti e un discreto livello, ma solo due atleti USC ne hanno approfittato. Sui 1&#8217;500 metri ottima prestazione sia di Roberto che di Elia, entrambi reduci dalle fatiche di Giornico (e non solo). Roberto ha chiuso l&#8217;affollata serie all&#8217;ottavo rango in 4&#8217;22&#8221;21, Elia con un bel finale in progressione al dodicesimo in 4&#8217;30&#8221;64, confermando il positivo rientro alle gare. Sui 100 Simon Calderari in\u00a0ottimo\u00a0 11&#8243;19 ha sorpreso&#8230;<\/p>\n","protected":false},"author":3,"featured_media":6450,"comment_status":"closed","ping_status":"closed","sticky":false,"template":"","format":"standard","meta":{"jetpack_post_was_ever_published":false,"_jetpack_newsletter_access":"","_jetpack_dont_email_post_to_subs":false,"_jetpack_newsletter_tier_id":0,"_jetpack_memberships_contains_paywalled_content":false,"_jetpack_memberships_contains_paid_content":false,"footnotes":"","jetpack_publicize_message":"","jetpack_publicize_feature_enabled":true,"jetpack_social_post_already_shared":true,"jetpack_social_options":{"image_generator_settings":{"template":"highway","default_image_id":0,"font":"","enabled":false},"version":2}},"categories":[4,9],"tags":[],"class_list":["post-6582","post","type-post","status-publish","format-standard","has-post-thumbnail","hentry","category-pista","category-sport"],"jetpack_publicize_connections":[],"jetpack_featured_media_url":"https:\/\/i0.wp.com\/uscatletica.ch\/wp\/wp-content\/uploads\/2018\/08\/sp0rtissimA.jpeg?fit=180%2C120&ssl=1","jetpack_sharing_enabled":true,"jetpack_shortlink":"https:\/\/wp.me\/p6V7Ck-1Ia","jetpack-related-posts":[{"id":13020,"url":"https:\/\/uscatletica.ch\/wp\/?p=13020","url_meta":{"origin":6582,"position":0},"title":"USCini bravi a Bellinzona","author":"Leonida Stampanoni","date":"29 Luglio 2021","format":false,"excerpt":"Fresca serata estiva al Comunale di Bellinzona per il meeting serale proposto dal GAB. Una decina gli\/le USCini\/e al via tra piste e pedane. Giada firma due vittorie tra peso e disco, Matilda vince i 100 m. Bene anche Elia, Mattia, Leila, Marco, Elody, Chiara e Christian. Risultati Giada, in\u2026","rel":"","context":"In &quot;Pista&quot;","block_context":{"text":"Pista","link":"https:\/\/uscatletica.ch\/wp\/?cat=4"},"img":{"alt_text":"","src":"https:\/\/i0.wp.com\/uscatletica.ch\/wp\/wp-content\/uploads\/2021\/07\/marco4332.jpg?fit=432%2C324&ssl=1&resize=350%2C200","width":350,"height":200},"classes":[]},{"id":6245,"url":"https:\/\/uscatletica.ch\/wp\/?p=6245","url_meta":{"origin":6582,"position":1},"title":"Meeting Bellinzona 800m per tre USCini (Cimetta e Kitzbuehel)","author":"Leonida Stampanoni","date":"20 Giugno 2018","format":false,"excerpt":"Una splendida serata estiva ha accolto i partecipanti al meeting serale di Bellinzona ultimo impegno su suolo ticinese prima del Gal\u00e0 dei Castelli in programma il 18 luglio.Dopo il magnifico fine settimana dei campionati svizzeri di gare multiple a Tenero con il titolo finito nelle mani di un grandissimo Luca\u2026","rel":"","context":"In &quot;Diversi&quot;","block_context":{"text":"Diversi","link":"https:\/\/uscatletica.ch\/wp\/?cat=30"},"img":{"alt_text":"","src":"https:\/\/i0.wp.com\/uscatletica.ch\/wp\/wp-content\/uploads\/2017\/06\/P1470411-e1497509098838.jpg?fit=563%2C422&ssl=1&resize=350%2C200","width":350,"height":200,"srcset":"https:\/\/i0.wp.com\/uscatletica.ch\/wp\/wp-content\/uploads\/2017\/06\/P1470411-e1497509098838.jpg?fit=563%2C422&ssl=1&resize=350%2C200 1x, https:\/\/i0.wp.com\/uscatletica.ch\/wp\/wp-content\/uploads\/2017\/06\/P1470411-e1497509098838.jpg?fit=563%2C422&ssl=1&resize=525%2C300 1.5x"},"classes":[]},{"id":4985,"url":"https:\/\/uscatletica.ch\/wp\/?p=4985","url_meta":{"origin":6582,"position":2},"title":"Al comunale di Bellinzona mezzofondisti in forma","author":"Leonida Stampanoni","date":"20 Settembre 2017","format":false,"excerpt":"In serata meeting di chiusura per attivi ed U20 abbinato all'ultimo appuntamento in pista della coppa ASTi Podismo una settantina in totale gli atleti scesi sulla pista del comunale in in fresca serata di fine estate . Una dozzina gli USCini al via con una equa suddivisione nelle varie specialit\u00e0\u2026","rel":"","context":"In &quot;Pista&quot;","block_context":{"text":"Pista","link":"https:\/\/uscatletica.ch\/wp\/?cat=4"},"img":{"alt_text":"","src":"https:\/\/i0.wp.com\/uscatletica.ch\/wp\/wp-content\/uploads\/2017\/05\/start5000mastiusc2017.jpg?fit=564%2C266&ssl=1&resize=350%2C200","width":350,"height":200,"srcset":"https:\/\/i0.wp.com\/uscatletica.ch\/wp\/wp-content\/uploads\/2017\/05\/start5000mastiusc2017.jpg?fit=564%2C266&ssl=1&resize=350%2C200 1x, https:\/\/i0.wp.com\/uscatletica.ch\/wp\/wp-content\/uploads\/2017\/05\/start5000mastiusc2017.jpg?fit=564%2C266&ssl=1&resize=525%2C300 1.5x"},"classes":[]},{"id":6592,"url":"https:\/\/uscatletica.ch\/wp\/?p=6592","url_meta":{"origin":6582,"position":3},"title":"Roby ed Elia al comunale","author":"Leonida Stampanoni","date":"20 Settembre 2018","format":false,"excerpt":"Erano numerosi gli atleti accorsi mercoled\u00ec sera al comunale per salutare la mitica pista del Gal\u00e0 dei Castelli, che verr\u00e0 prossimamente rinnovata. Sotto l'ottima direzione del GAB non sono mancati risultati brillanti. Solamente due i mezzofondisti USC scesi in pista sui 1500 m. Nella gara vinta dal vicecampione svizzero U20\u2026","rel":"","context":"In &quot;Pista&quot;","block_context":{"text":"Pista","link":"https:\/\/uscatletica.ch\/wp\/?cat=4"},"img":{"alt_text":"","src":"https:\/\/i0.wp.com\/uscatletica.ch\/wp\/wp-content\/uploads\/2017\/08\/gruppliam2017.jpg?fit=562%2C422&ssl=1&resize=350%2C200","width":350,"height":200,"srcset":"https:\/\/i0.wp.com\/uscatletica.ch\/wp\/wp-content\/uploads\/2017\/08\/gruppliam2017.jpg?fit=562%2C422&ssl=1&resize=350%2C200 1x, https:\/\/i0.wp.com\/uscatletica.ch\/wp\/wp-content\/uploads\/2017\/08\/gruppliam2017.jpg?fit=562%2C422&ssl=1&resize=525%2C300 1.5x"},"classes":[]},{"id":15649,"url":"https:\/\/uscatletica.ch\/wp\/?p=15649","url_meta":{"origin":6582,"position":4},"title":"MEETING  SERALE BELLINZONA sotto il diluvio","author":"Leonida Stampanoni","date":"28 Luglio 2022","format":false,"excerpt":"Un diluvio ha accolto i partecipanti al meeting serale di Bellinzona \u00a0diversi gli ottimi risultati \u00a0nonostante le difficili condizioni ambientali. Buono il comportamento dell'USC presente nei 100 m Chiara e Mattia si ben battuti. Sui 1500 m Federica \u00a0e Jennis sui 200 m . I RISULTATI LIVE la prima a\u2026","rel":"","context":"In &quot;Non catalogato&quot;","block_context":{"text":"Non catalogato","link":"https:\/\/uscatletica.ch\/wp\/?cat=6"},"img":{"alt_text":"","src":"https:\/\/i0.wp.com\/uscatletica.ch\/wp\/wp-content\/uploads\/2022\/05\/CSI20220514.jpg?fit=432%2C323&ssl=1&resize=350%2C200","width":350,"height":200},"classes":[]},{"id":13470,"url":"https:\/\/uscatletica.ch\/wp\/?p=13470","url_meta":{"origin":6582,"position":5},"title":"Argento per Roberto sui 5&#8217;000 Chiara brilla in Italia","author":"Stampa E","date":"26 Settembre 2021","format":false,"excerpt":"In occasione del secondo BancaStato GranPrix disputato a Bellinzona Roberto ha vinto l'argento sui 5'000 metri validi quale Campioanto ticinese. A sole 24 ora dalla sua fatica alla Skyrhune (2 ore di gara), Roberto \u00e8 arrivato allo sprint con Lukas Oehen che ha vinto 15\u201920\u2019\u201939 contro il suo 15\u201920\u2019\u201971. Bronzo\u2026","rel":"","context":"In &quot;Pista&quot;","block_context":{"text":"Pista","link":"https:\/\/uscatletica.ch\/wp\/?cat=4"},"img":{"alt_text":"","src":"https:\/\/i0.wp.com\/uscatletica.ch\/wp\/wp-content\/uploads\/2015\/11\/cropped-logoNuovo.jpg?fit=1200%2C527&ssl=1&resize=350%2C200","width":350,"height":200,"srcset":"https:\/\/i0.wp.com\/uscatletica.ch\/wp\/wp-content\/uploads\/2015\/11\/cropped-logoNuovo.jpg?fit=1200%2C527&ssl=1&resize=350%2C200 1x, https:\/\/i0.wp.com\/uscatletica.ch\/wp\/wp-content\/uploads\/2015\/11\/cropped-logoNuovo.jpg?fit=1200%2C527&ssl=1&resize=525%2C300 1.5x, https:\/\/i0.wp.com\/uscatletica.ch\/wp\/wp-content\/uploads\/2015\/11\/cropped-logoNuovo.jpg?fit=1200%2C527&ssl=1&resize=700%2C400 2x, https:\/\/i0.wp.com\/uscatletica.ch\/wp\/wp-content\/uploads\/2015\/11\/cropped-logoNuovo.jpg?fit=1200%2C527&ssl=1&resize=1050%2C600 3x"},"classes":[]}],"_links":{"self":[{"href":"https:\/\/uscatletica.ch\/wp\/index.php?rest_route=\/wp\/v2\/posts\/6582","targetHints":{"allow":["GET"]}}],"collection":[{"href":"https:\/\/uscatletica.ch\/wp\/index.php?rest_route=\/wp\/v2\/posts"}],"about":[{"href":"https:\/\/uscatletica.ch\/wp\/index.php?rest_route=\/wp\/v2\/types\/post"}],"author":[{"embeddable":true,"href":"https:\/\/uscatletica.ch\/wp\/index.php?rest_route=\/wp\/v2\/users\/3"}],"replies":[{"embeddable":true,"href":"https:\/\/uscatletica.ch\/wp\/index.php?rest_route=%2Fwp%2Fv2%2Fcomments&post=6582"}],"version-history":[{"count":7,"href":"https:\/\/uscatletica.ch\/wp\/index.php?rest_route=\/wp\/v2\/posts\/6582\/revisions"}],"predecessor-version":[{"id":6599,"href":"https:\/\/uscatletica.ch\/wp\/index.php?rest_route=\/wp\/v2\/posts\/6582\/revisions\/6599"}],"wp:featuredmedia":[{"embeddable":true,"href":"https:\/\/uscatletica.ch\/wp\/index.php?rest_route=\/wp\/v2\/media\/6450"}],"wp:attachment":[{"href":"https:\/\/uscatletica.ch\/wp\/index.php?rest_route=%2Fwp%2Fv2%2Fmedia&parent=6582"}],"wp:term":[{"taxonomy":"category","embeddable":true,"href":"https:\/\/uscatletica.ch\/wp\/index.php?rest_route=%2Fwp%2Fv2%2Fcategories&post=6582"},{"taxonomy":"post_tag","embeddable":true,"href":"https:\/\/uscatletica.ch\/wp\/index.php?rest_route=%2Fwp%2Fv2%2Ftags&post=6582"}],"curies":[{"name":"wp","href":"https:\/\/api.w.org\/{rel}","templated":true}]}}