{"id":6592,"date":"2018-09-20T15:28:38","date_gmt":"2018-09-20T13:28:38","guid":{"rendered":"http:\/\/uscatletica.ch\/wp\/?p=6592"},"modified":"2018-09-20T15:31:58","modified_gmt":"2018-09-20T13:31:58","slug":"roby-ed-elia-al-comunale","status":"publish","type":"post","link":"https:\/\/uscatletica.ch\/wp\/?p=6592","title":{"rendered":"Roby ed Elia al comunale"},"content":{"rendered":"<p>Erano numerosi gli atleti accorsi mercoled\u00ec sera al comunale per salutare la mitica pista del Gal\u00e0 dei Castelli, che verr\u00e0 prossimamente rinnovata. Sotto l&#8217;ottima direzione del GAB non sono mancati risultati brillanti. Solamente due i mezzofondisti USC scesi in pista sui 1500 m. Nella gara vinta dal vicecampione svizzero U20 Ismail Segbatullah 4&#8217;09&#8243;69, i nostri due atleti hanno corso una gara regolare\u00a0 Robi ha chiuso in 4&#8217;22&#8243;21 Elia in 4&#8217;30&#8243;61. I nostri giovani hanno perso un&#8217;ottima\u00a0occasione per affinare la forma in vista dei CT Giovanili. Sui 100 Simon Calderari in\u00a0ottimo\u00a0 11&#8243;19 ha sorpreso Filippo Moggi che si \u00e8 rifatto in 22&#8243;41. Tra le donne sulla pista di casa Ma\u00ebva Tahou vince in 12&#8243;47 mentre sui 200 m la torinese Martina Orecchia vince in 26&#8217;27. Zoe Ranzoni si aggiudica i 400m in 59&#8243;67 Matteo Romano \u00e8 il pi\u00f9 veloce in 53&#8243;30. Sui 100 m\u00a0ostacoli Mattia Fumagalli in 15&#8242;&#8221;26 si aggiudica la gara al fotofinish sugii 80 h vince Ulla Rossi in 12&#8243;89.<\/p>\n<p><a href=\"http:\/\/gab-bellinzona.ch\/wp\/wp-content\/uploads\/2018\/09\/meeting_seraleGAB2.pdf\">Le classfiche<\/a><\/p>\n<p>&nbsp;<\/p>\n","protected":false},"excerpt":{"rendered":"<p>Erano numerosi gli atleti accorsi mercoled\u00ec sera al comunale per salutare la mitica pista del Gal\u00e0 dei Castelli, che verr\u00e0 prossimamente rinnovata. Sotto l&#8217;ottima direzione del GAB non sono mancati risultati brillanti. Solamente due i mezzofondisti USC scesi in pista sui 1500 m. Nella gara vinta dal vicecampione svizzero U20 Ismail Segbatullah 4&#8217;09&#8243;69, i nostri due atleti hanno corso una gara regolare\u00a0 Robi ha chiuso in 4&#8217;22&#8243;21 Elia in 4&#8217;30&#8243;61. I nostri giovani hanno perso&#8230;<\/p>\n","protected":false},"author":4,"featured_media":4750,"comment_status":"closed","ping_status":"closed","sticky":false,"template":"","format":"standard","meta":{"jetpack_post_was_ever_published":false,"_jetpack_newsletter_access":"","_jetpack_dont_email_post_to_subs":false,"_jetpack_newsletter_tier_id":0,"_jetpack_memberships_contains_paywalled_content":false,"_jetpack_memberships_contains_paid_content":false,"footnotes":"","jetpack_publicize_message":"","jetpack_publicize_feature_enabled":true,"jetpack_social_post_already_shared":true,"jetpack_social_options":{"image_generator_settings":{"template":"highway","default_image_id":0,"font":"","enabled":false},"version":2}},"categories":[4],"tags":[],"class_list":["post-6592","post","type-post","status-publish","format-standard","has-post-thumbnail","hentry","category-pista"],"jetpack_publicize_connections":[],"jetpack_featured_media_url":"https:\/\/i0.wp.com\/uscatletica.ch\/wp\/wp-content\/uploads\/2017\/08\/gruppliam2017.jpg?fit=562%2C422&ssl=1","jetpack_sharing_enabled":true,"jetpack_shortlink":"https:\/\/wp.me\/p6V7Ck-1Ik","jetpack-related-posts":[{"id":6582,"url":"https:\/\/uscatletica.ch\/wp\/?p=6582","url_meta":{"origin":6592,"position":0},"title":"Meeting serale Bellinzona","author":"Stampa E","date":"19 Settembre 2018","format":false,"excerpt":"Gran bel meeting serale a Bellinzona con tanti partecipanti e un discreto livello, ma solo due atleti USC ne hanno approfittato. Sui 1'500 metri ottima prestazione sia di Roberto che di Elia, entrambi reduci dalle fatiche di Giornico (e non solo). Roberto ha chiuso l'affollata serie all'ottavo rango in 4'22''21,\u2026","rel":"","context":"In &quot;Pista&quot;","block_context":{"text":"Pista","link":"https:\/\/uscatletica.ch\/wp\/?cat=4"},"img":{"alt_text":"","src":"","width":0,"height":0},"classes":[]},{"id":20063,"url":"https:\/\/uscatletica.ch\/wp\/?p=20063","url_meta":{"origin":6592,"position":1},"title":"BUON SABATO PER L&#8217;USC AGLI ASSOLUTI DI BELLINZONA","author":"Leonida Stampanoni","date":"14 Settembre 2024","format":false,"excerpt":"Il vento \u00e8 stato il grande protagonista della prima giornata dei Campionati ticinesi assoluti al comunale di Belllinzona. Avvincenti le sfide, non sempre ideali le condizioni di gara. Alice trova la finale nei 100 m, Lea, Lana ed Elia B., sono nella Top 6. Melissa va in semifinale sui 100\u2026","rel":"","context":"In &quot;Pista&quot;","block_context":{"text":"Pista","link":"https:\/\/uscatletica.ch\/wp\/?cat=4"},"img":{"alt_text":"","src":"https:\/\/i0.wp.com\/uscatletica.ch\/wp\/wp-content\/uploads\/2024\/08\/20240817leacocconi.jpg?fit=432%2C324&ssl=1&resize=350%2C200","width":350,"height":200},"classes":[]},{"id":13388,"url":"https:\/\/uscatletica.ch\/wp\/?p=13388","url_meta":{"origin":6592,"position":2},"title":"Meeting bagnato, i risultati","author":"Leonida Stampanoni","date":"15 Settembre 2021","format":false,"excerpt":"Una serata uggiosa contraddistinta da un pioggerellina intermittente che non ha certamente aiutato i quasi 200 \u00a0partecipanti alla 15 edizione di Tutti in pista con il meeting FTAL ed la prova in pista sui 1000. e sui 5000 m ASTi. Per l'USC tre vittorie \u00a0sui 5000 m quinta prestazione stagionale\u2026","rel":"","context":"In &quot;Pista&quot;","block_context":{"text":"Pista","link":"https:\/\/uscatletica.ch\/wp\/?cat=4"},"img":{"alt_text":"","src":"https:\/\/i0.wp.com\/uscatletica.ch\/wp\/wp-content\/uploads\/2021\/08\/210828CTASS400MB.jpg?fit=432%2C324&ssl=1&resize=350%2C200","width":350,"height":200},"classes":[]},{"id":21013,"url":"https:\/\/uscatletica.ch\/wp\/?p=21013","url_meta":{"origin":6592,"position":3},"title":"No\u00e9 limite svizzero a Bellinzona","author":"Leonida Stampanoni","date":"11 Giugno 2025","format":false,"excerpt":"Al comunale di Bellinzona il GAB ha offerto una perfetta organizzazione ed in condizioni meteo ideali le buone prestazioni sono arrivate in abbondanza. Due gli USCini al via entrambi capaci di cogliere il personale No\u00e9 sugli 800 raggiunge pure il limite per i campionati svizzeri giovanili. Elia B. si migliora\u2026","rel":"","context":"In &quot;Pista&quot;","block_context":{"text":"Pista","link":"https:\/\/uscatletica.ch\/wp\/?cat=4"},"img":{"alt_text":"","src":"https:\/\/i0.wp.com\/uscatletica.ch\/wp\/wp-content\/uploads\/2021\/08\/210828CTASS100M.jpg?fit=432%2C324&ssl=1&resize=350%2C200","width":350,"height":200},"classes":[]},{"id":20991,"url":"https:\/\/uscatletica.ch\/wp\/?p=20991","url_meta":{"origin":6592,"position":4},"title":"Meeting Capriaschese ottima serata sotto la pioggia","author":"Leonida Stampanoni","date":"4 Giugno 2025","format":false,"excerpt":"La diciottesima edizione del Meeting Capriaschese ha accolto 160 partecipanti in una piovosa serata primaverile. Due le vittorie per le atlete di casa: \u00a0Marta ha vinto il salto in alto con 1,46 m, mentre Alice con 12,69 ha vinto i 100 m con la migliore prestazione tecnica femminile di giornata.\u2026","rel":"","context":"In &quot;Pista&quot;","block_context":{"text":"Pista","link":"https:\/\/uscatletica.ch\/wp\/?cat=4"},"img":{"alt_text":"","src":"https:\/\/i0.wp.com\/uscatletica.ch\/wp\/wp-content\/uploads\/2021\/06\/meeting-USC-1.jpg?fit=710%2C749&ssl=1&resize=350%2C200","width":350,"height":200,"srcset":"https:\/\/i0.wp.com\/uscatletica.ch\/wp\/wp-content\/uploads\/2021\/06\/meeting-USC-1.jpg?fit=710%2C749&ssl=1&resize=350%2C200 1x, https:\/\/i0.wp.com\/uscatletica.ch\/wp\/wp-content\/uploads\/2021\/06\/meeting-USC-1.jpg?fit=710%2C749&ssl=1&resize=525%2C300 1.5x, https:\/\/i0.wp.com\/uscatletica.ch\/wp\/wp-content\/uploads\/2021\/06\/meeting-USC-1.jpg?fit=710%2C749&ssl=1&resize=700%2C400 2x"},"classes":[]},{"id":6119,"url":"https:\/\/uscatletica.ch\/wp\/?p=6119","url_meta":{"origin":6592,"position":5},"title":"GP FTAL al comunale ottimi gli USCini Chiara tre ori a Firenze","author":"Leonida Stampanoni","date":"27 Maggio 2018","format":false,"excerpt":"Il GP FTAL ha portato grande atletica al comunale. I premi in denaro hanno portato all'ombra dei Castelli alcuni nazionali italiani a caccia del limite europeo. I ticinesi non sono stati da meno con ben tre giovani che hanno ottenuto il limite per gli Europei di Gyor. Sei gli USCini\u2026","rel":"","context":"In &quot;Pista&quot;","block_context":{"text":"Pista","link":"https:\/\/uscatletica.ch\/wp\/?cat=4"},"img":{"alt_text":"","src":"https:\/\/i0.wp.com\/uscatletica.ch\/wp\/wp-content\/uploads\/2016\/05\/P1400494.jpg?fit=563%2C422&ssl=1&resize=350%2C200","width":350,"height":200,"srcset":"https:\/\/i0.wp.com\/uscatletica.ch\/wp\/wp-content\/uploads\/2016\/05\/P1400494.jpg?fit=563%2C422&ssl=1&resize=350%2C200 1x, https:\/\/i0.wp.com\/uscatletica.ch\/wp\/wp-content\/uploads\/2016\/05\/P1400494.jpg?fit=563%2C422&ssl=1&resize=525%2C300 1.5x"},"classes":[]}],"_links":{"self":[{"href":"https:\/\/uscatletica.ch\/wp\/index.php?rest_route=\/wp\/v2\/posts\/6592","targetHints":{"allow":["GET"]}}],"collection":[{"href":"https:\/\/uscatletica.ch\/wp\/index.php?rest_route=\/wp\/v2\/posts"}],"about":[{"href":"https:\/\/uscatletica.ch\/wp\/index.php?rest_route=\/wp\/v2\/types\/post"}],"author":[{"embeddable":true,"href":"https:\/\/uscatletica.ch\/wp\/index.php?rest_route=\/wp\/v2\/users\/4"}],"replies":[{"embeddable":true,"href":"https:\/\/uscatletica.ch\/wp\/index.php?rest_route=%2Fwp%2Fv2%2Fcomments&post=6592"}],"version-history":[{"count":1,"href":"https:\/\/uscatletica.ch\/wp\/index.php?rest_route=\/wp\/v2\/posts\/6592\/revisions"}],"predecessor-version":[{"id":6596,"href":"https:\/\/uscatletica.ch\/wp\/index.php?rest_route=\/wp\/v2\/posts\/6592\/revisions\/6596"}],"wp:featuredmedia":[{"embeddable":true,"href":"https:\/\/uscatletica.ch\/wp\/index.php?rest_route=\/wp\/v2\/media\/4750"}],"wp:attachment":[{"href":"https:\/\/uscatletica.ch\/wp\/index.php?rest_route=%2Fwp%2Fv2%2Fmedia&parent=6592"}],"wp:term":[{"taxonomy":"category","embeddable":true,"href":"https:\/\/uscatletica.ch\/wp\/index.php?rest_route=%2Fwp%2Fv2%2Fcategories&post=6592"},{"taxonomy":"post_tag","embeddable":true,"href":"https:\/\/uscatletica.ch\/wp\/index.php?rest_route=%2Fwp%2Fv2%2Ftags&post=6592"}],"curies":[{"name":"wp","href":"https:\/\/api.w.org\/{rel}","templated":true}]}}