{"id":6798,"date":"2018-11-10T09:59:50","date_gmt":"2018-11-10T08:59:50","guid":{"rendered":"http:\/\/uscatletica.ch\/wp\/?p=6798"},"modified":"2018-11-18T08:24:09","modified_gmt":"2018-11-18T07:24:09","slug":"corsa-dorientamento-sociale-rinviata-a-domenica-18-novembre","status":"publish","type":"post","link":"https:\/\/uscatletica.ch\/wp\/?p=6798","title":{"rendered":"Corsa d\u2019orientamento sociale RINVIATA a DOMENICA 18 novembre"},"content":{"rendered":"<p><strong>Corsa d\u2019orientamento sociale <\/strong><strong>\u2013 terza edizione<\/strong><\/p>\n<p>RINVIATA a DOMENICA 18 novembre 2018<\/p>\n<p><strong>Considerate le condizioni del bosco e le previsioni meteorologiche, la corsa sociale prevista per oggi, sabato 10 novembre, \u00e8 rinviata a<\/strong><\/p>\n<ul>\n<li><strong>domenica 18 novembre 2018 (mattino)<\/strong><\/li>\n<\/ul>\n<p><strong>Ritrovo e centro gara<\/strong>: dalle 10:00 a Tesserete, Arena Sportiva, spogliatoi a disposizione<\/p>\n<p><strong>Partenza<\/strong>: dalle 10:30<\/p>\n<p><strong>Iscrizioni: <\/strong><\/p>\n<ul>\n<li>le iscrizioni ricevute per la corsa del sabato sono valide!!!<\/li>\n<li>chi non potesse esserci \u00e8 pregato di annunciare la sua <strong>assenza<\/strong> entro domenica 11 novembre ore 23.59<\/li>\n<li>eventuali <strong>nuove iscrizioni<\/strong> possibili fino a domenica 11 novembre ore 23.59<\/li>\n<\/ul>\n<p><strong>Ulteriori informazioni e liste partenza aggiornate: <\/strong><\/p>\n<ul>\n<li>in settimana sul sito USC<\/li>\n<\/ul>\n","protected":false},"excerpt":{"rendered":"<p>Corsa d\u2019orientamento sociale \u2013 terza edizione RINVIATA a DOMENICA 18 novembre 2018 Considerate le condizioni del bosco e le previsioni meteorologiche, la corsa sociale prevista per oggi, sabato 10 novembre, \u00e8 rinviata a domenica 18 novembre 2018 (mattino) Ritrovo e centro gara: dalle 10:00 a Tesserete, Arena Sportiva, spogliatoi a disposizione Partenza: dalle 10:30 Iscrizioni: le iscrizioni ricevute per la corsa del sabato sono valide!!! chi non potesse esserci \u00e8 pregato di annunciare la sua&#8230;<\/p>\n","protected":false},"author":3,"featured_media":6799,"comment_status":"closed","ping_status":"closed","sticky":false,"template":"","format":"standard","meta":{"jetpack_post_was_ever_published":false,"_jetpack_newsletter_access":"","_jetpack_dont_email_post_to_subs":false,"_jetpack_newsletter_tier_id":0,"_jetpack_memberships_contains_paywalled_content":false,"_jetpack_memberships_contains_paid_content":false,"footnotes":"","jetpack_publicize_message":"","jetpack_publicize_feature_enabled":true,"jetpack_social_post_already_shared":true,"jetpack_social_options":{"image_generator_settings":{"template":"highway","default_image_id":0,"font":"","enabled":false},"version":2}},"categories":[19,12,9],"tags":[],"class_list":["post-6798","post","type-post","status-publish","format-standard","has-post-thumbnail","hentry","category-corsa-dorientamento","category-nostregare","category-sport"],"jetpack_publicize_connections":[],"jetpack_featured_media_url":"https:\/\/i0.wp.com\/uscatletica.ch\/wp\/wp-content\/uploads\/2018\/11\/B-Logo.jpg?fit=780%2C540&ssl=1","jetpack_sharing_enabled":true,"jetpack_shortlink":"https:\/\/wp.me\/p6V7Ck-1LE","jetpack-related-posts":[{"id":6815,"url":"https:\/\/uscatletica.ch\/wp\/?p=6815","url_meta":{"origin":6798,"position":0},"title":"Corsa d\u2019orientamento sociale \u2013 aggiornamento ULTIME INFORMAZIONI e PARTENZE","author":"Stampa E","date":"13 Novembre 2018","format":false,"excerpt":"ULTIME INFORMAZIONI e aggiornamento PARTENZE Corsa d\u2019orientamento sociale \u2013 terza edizione DOMENICA 18 novembre 2018 Ritrovo e centro gara: dalle 10:00 a Tesserete, Arena Sportiva Istruzioni dell'ultimo minuto: 10.25 alla partenza Partenza: dalle 10:30, vedi lista Ritrovo-Partenza: 5\u2019 al passo Arrivo: non lontano dal centro gara Cartina: Tesserete, viene mostrata\u2026","rel":"","context":"In &quot;CO&quot;","block_context":{"text":"CO","link":"https:\/\/uscatletica.ch\/wp\/?cat=19"},"img":{"alt_text":"","src":"https:\/\/i0.wp.com\/uscatletica.ch\/wp\/wp-content\/uploads\/2018\/11\/A1-Logo.jpg?fit=536%2C386&ssl=1&resize=350%2C200","width":350,"height":200,"srcset":"https:\/\/i0.wp.com\/uscatletica.ch\/wp\/wp-content\/uploads\/2018\/11\/A1-Logo.jpg?fit=536%2C386&ssl=1&resize=350%2C200 1x, https:\/\/i0.wp.com\/uscatletica.ch\/wp\/wp-content\/uploads\/2018\/11\/A1-Logo.jpg?fit=536%2C386&ssl=1&resize=525%2C300 1.5x"},"classes":[]},{"id":6784,"url":"https:\/\/uscatletica.ch\/wp\/?p=6784","url_meta":{"origin":6798,"position":1},"title":"Corsa d\u2019orientamento sociale \u2013 ultime info e partenze","author":"Stampa E","date":"7 Novembre 2018","format":false,"excerpt":"sabato 10 novembre 2018 Corsa d\u2019orientamento sociale \u2013 terza edizione ULTIME INFORMAZIONI e PARTENZE -> CO USC-ultime info Ritrovo e centro gara: dalle 14:00 a Tesserete, Arena Sportiva, spogliatoi a disposizione Partenza: dalle 14:30, vedi lista Ritrovo-Partenza: 5\u2019 al passo Percorsi: percorso lungo (individuale): cartina 1:10'000, 4.6 km, 14 punti\u2026","rel":"","context":"In &quot;CO&quot;","block_context":{"text":"CO","link":"https:\/\/uscatletica.ch\/wp\/?cat=19"},"img":{"alt_text":"","src":"https:\/\/i0.wp.com\/uscatletica.ch\/wp\/wp-content\/uploads\/2017\/09\/Logo-gara-CO.jpg?fit=399%2C282&ssl=1&resize=350%2C200","width":350,"height":200},"classes":[]},{"id":6739,"url":"https:\/\/uscatletica.ch\/wp\/?p=6739","url_meta":{"origin":6798,"position":2},"title":"Corsa d\u2019orientamento USC \u2013 iscrizioni aperte","author":"Stampa E","date":"17 Ottobre 2018","format":false,"excerpt":"Corsa d\u2019orientamento sociale \u2013 terza edizione - iscrizioni aperte Possibilit\u00e0 di partecipare a coppie, famiglie o gruppi nel percorso facile - Nuovo: percorso per bambini (piccolo) Data: sabato 10 novembre 2018 Ritrovo: dalle 14:00 a Tesserete, Arena Sportiva, spogliatoi a disposizione Partenze: dalle 14.30 Percorsi: percorso lungo (individuale): cartina 1:10'000,\u2026","rel":"","context":"In &quot;CO&quot;","block_context":{"text":"CO","link":"https:\/\/uscatletica.ch\/wp\/?cat=19"},"img":{"alt_text":"","src":"https:\/\/i0.wp.com\/uscatletica.ch\/wp\/wp-content\/uploads\/2017\/09\/Logo-gara-CO.jpg?fit=399%2C282&ssl=1&resize=350%2C200","width":350,"height":200},"classes":[]},{"id":8852,"url":"https:\/\/uscatletica.ch\/wp\/?p=8852","url_meta":{"origin":6798,"position":3},"title":"Corsa d\u2019orientamento sociale (ultime info)","author":"Stampa E","date":"5 Settembre 2019","format":false,"excerpt":"Corsa d\u2019orientamento sociale \u2013 quarta edizione Possibilit\u00e0 di partecipare a coppie, famiglie o gruppi Data: venerd\u00ec 27 settembre, serata(partenze dalle ore 18.00) Percorsi: percorso A (individuale, difficolt\u00e0 HB\/DAK)percorsi B (facile, anche a coppie, difficolt\u00e0 DB)percorso C (per tutti, anche a gruppi\/coppie, difficolt\u00e0 OK) Cartina: terreno misto bosco e paese Iscrizioni:\u2026","rel":"","context":"In &quot;CO&quot;","block_context":{"text":"CO","link":"https:\/\/uscatletica.ch\/wp\/?cat=19"},"img":{"alt_text":"","src":"https:\/\/i0.wp.com\/uscatletica.ch\/wp\/wp-content\/uploads\/2019\/08\/Logo-gara-CO.jpg?fit=399%2C282&ssl=1&resize=350%2C200","width":350,"height":200},"classes":[]},{"id":6843,"url":"https:\/\/uscatletica.ch\/wp\/?p=6843","url_meta":{"origin":6798,"position":4},"title":"RISULTATI Corsa d\u2019orientamento sociale \u2013 terza edizione","author":"Stampa E","date":"18 Novembre 2018","format":false,"excerpt":"RISULTATI Corsa d\u2019orientamento sociale \u2013 terza edizione DOMENICA 18 novembre 2018 Dopo il freddo mattutino, il movimento e il sole hanno infine scaldato la bella domenica autunnale in Capriasca con la Corsa d\u2019orientamento sociale sul percorso tracciato da Elia nei boschi di Tesserete - San Clemente. Jonathan Besomi si \u00e8\u2026","rel":"","context":"In &quot;CO&quot;","block_context":{"text":"CO","link":"https:\/\/uscatletica.ch\/wp\/?cat=19"},"img":{"alt_text":"","src":"https:\/\/i0.wp.com\/uscatletica.ch\/wp\/wp-content\/uploads\/2018\/11\/A1-Logo.jpg?fit=536%2C386&ssl=1&resize=350%2C200","width":350,"height":200,"srcset":"https:\/\/i0.wp.com\/uscatletica.ch\/wp\/wp-content\/uploads\/2018\/11\/A1-Logo.jpg?fit=536%2C386&ssl=1&resize=350%2C200 1x, https:\/\/i0.wp.com\/uscatletica.ch\/wp\/wp-content\/uploads\/2018\/11\/A1-Logo.jpg?fit=536%2C386&ssl=1&resize=525%2C300 1.5x"},"classes":[]},{"id":6763,"url":"https:\/\/uscatletica.ch\/wp\/?p=6763","url_meta":{"origin":6798,"position":5},"title":"Ultima prova del Trofeo miglior orientista ASTi oggi a Sonogno.","author":"Stampa E","date":"28 Ottobre 2018","format":false,"excerpt":"Ultima prova del Trofeo miglior orientista ASTi oggi a Sonogno. Le condizioni meteo particolarmente \u201cbagnate\u201d e in parte quasi proibitive non hanno frenato i 300 concorrenti che in Valle Verzasca si sono districati tra massi \"muschiati\", boschi umidi, torrenti in piena e pascoli inzuppati. Al via anche due atleti-orientisti USC\u2026","rel":"","context":"In &quot;CO&quot;","block_context":{"text":"CO","link":"https:\/\/uscatletica.ch\/wp\/?cat=19"},"img":{"alt_text":"","src":"https:\/\/i0.wp.com\/uscatletica.ch\/wp\/wp-content\/uploads\/2018\/10\/TMO-Sonogno-USC.jpg?fit=812%2C932&ssl=1&resize=350%2C200","width":350,"height":200,"srcset":"https:\/\/i0.wp.com\/uscatletica.ch\/wp\/wp-content\/uploads\/2018\/10\/TMO-Sonogno-USC.jpg?fit=812%2C932&ssl=1&resize=350%2C200 1x, https:\/\/i0.wp.com\/uscatletica.ch\/wp\/wp-content\/uploads\/2018\/10\/TMO-Sonogno-USC.jpg?fit=812%2C932&ssl=1&resize=525%2C300 1.5x, https:\/\/i0.wp.com\/uscatletica.ch\/wp\/wp-content\/uploads\/2018\/10\/TMO-Sonogno-USC.jpg?fit=812%2C932&ssl=1&resize=700%2C400 2x"},"classes":[]}],"_links":{"self":[{"href":"https:\/\/uscatletica.ch\/wp\/index.php?rest_route=\/wp\/v2\/posts\/6798","targetHints":{"allow":["GET"]}}],"collection":[{"href":"https:\/\/uscatletica.ch\/wp\/index.php?rest_route=\/wp\/v2\/posts"}],"about":[{"href":"https:\/\/uscatletica.ch\/wp\/index.php?rest_route=\/wp\/v2\/types\/post"}],"author":[{"embeddable":true,"href":"https:\/\/uscatletica.ch\/wp\/index.php?rest_route=\/wp\/v2\/users\/3"}],"replies":[{"embeddable":true,"href":"https:\/\/uscatletica.ch\/wp\/index.php?rest_route=%2Fwp%2Fv2%2Fcomments&post=6798"}],"version-history":[{"count":1,"href":"https:\/\/uscatletica.ch\/wp\/index.php?rest_route=\/wp\/v2\/posts\/6798\/revisions"}],"predecessor-version":[{"id":6800,"href":"https:\/\/uscatletica.ch\/wp\/index.php?rest_route=\/wp\/v2\/posts\/6798\/revisions\/6800"}],"wp:featuredmedia":[{"embeddable":true,"href":"https:\/\/uscatletica.ch\/wp\/index.php?rest_route=\/wp\/v2\/media\/6799"}],"wp:attachment":[{"href":"https:\/\/uscatletica.ch\/wp\/index.php?rest_route=%2Fwp%2Fv2%2Fmedia&parent=6798"}],"wp:term":[{"taxonomy":"category","embeddable":true,"href":"https:\/\/uscatletica.ch\/wp\/index.php?rest_route=%2Fwp%2Fv2%2Fcategories&post=6798"},{"taxonomy":"post_tag","embeddable":true,"href":"https:\/\/uscatletica.ch\/wp\/index.php?rest_route=%2Fwp%2Fv2%2Ftags&post=6798"}],"curies":[{"name":"wp","href":"https:\/\/api.w.org\/{rel}","templated":true}]}}