{"id":6815,"date":"2018-11-13T20:35:24","date_gmt":"2018-11-13T19:35:24","guid":{"rendered":"http:\/\/uscatletica.ch\/wp\/?p=6815"},"modified":"2018-11-19T13:43:10","modified_gmt":"2018-11-19T12:43:10","slug":"corsa-dorientamento-sociale-ultime-informazioni-e-partenze","status":"publish","type":"post","link":"https:\/\/uscatletica.ch\/wp\/?p=6815","title":{"rendered":"Corsa d\u2019orientamento sociale \u2013 aggiornamento ULTIME INFORMAZIONI e PARTENZE"},"content":{"rendered":"<p><strong>ULTIME INFORMAZIONI e aggiornamento PARTENZE<br \/>\nCorsa d\u2019orientamento sociale <\/strong><strong>\u2013 terza edizione<\/strong><\/p>\n<p>DOMENICA 18 novembre 2018<\/p>\n<p><strong>Ritrovo e centro gara<\/strong>: dalle 10:00 a Tesserete, Arena Sportiva<\/p>\n<p><strong>Istruzioni dell&#8217;ultimo minuto: <\/strong>10.25 alla partenza<\/p>\n<p><strong>Partenza<\/strong>: dalle 10:30, vedi <a href=\"https:\/\/uscatletica.ch\/wp\/wp-content\/uploads\/2018\/11\/CO-USC-ultime-info2.pdf\">lista<\/a><\/p>\n<p><strong>Ritrovo-Partenza<\/strong>: 5\u2019 al passo<\/p>\n<p><strong>Arrivo: <\/strong>non lontano dal centro gara<\/p>\n<p><strong>Cartina<\/strong>: Tesserete, viene mostrata al minuto \u201c-1\u201d per percorsi facile e piccolo.<\/p>\n<p><strong>Regolamento<\/strong>: ReCO (<a href=\"http:\/\/www.asti-ticino.ch\/co\/index.php?folder=doc&amp;main=doc#regolamenti_norme\">link<\/a>)<\/p>\n<p><strong>Punzonatura<\/strong>: manuale con pinzetta<\/p>\n<p><strong>Iscrizioni sul posto<\/strong>: solo in numero limitato per le categorie facile e piccolo<\/p>\n<p><strong>Meteo<\/strong>: In caso di condizioni meteo particolarmente avverse la manifestazione sar\u00e0 rinviata a<br \/>\nsabato 1 dicembre (mattino, ore 10.30 circa). Consultare <a href=\"http:\/\/www.uscatletica.ch\">www.uscatletica.ch<\/a><\/p>\n<p><strong>SPUNTINO: a seguire piccolo aperitivo, gradite bibite e pietanze &#x1f60a;<\/strong><\/p>\n<p><strong>Risultati<\/strong>: ore 11.45 circa e sul sito USC in serata<\/p>\n<p><strong>\u00a0<\/strong><strong>Percorsi: <\/strong><\/p>\n<ul>\n<li>percorso lungo (individuale): cartina 1:10&#8217;000, 4.6 km, 14 punti<\/li>\n<li>percorsi facile (anche a coppie): cartina 1:10&#8217;000, 2.3 km, 10 punti<\/li>\n<li>percorso piccolo (anche a gruppi): cartina 1:4&#8217;000, 1.3 km, 7 punti<\/li>\n<\/ul>\n<p><strong>Elenco iscritti e partenze: <a href=\"https:\/\/uscatletica.ch\/wp\/wp-content\/uploads\/2018\/11\/CO-USC-ultime-info2.pdf\">CO USC-ultime info2<\/a><br \/>\n<\/strong><\/p>\n<p style=\"text-align: right\"><em>Bigorio, 14 novembre 2019<\/em><\/p>\n","protected":false},"excerpt":{"rendered":"<p>ULTIME INFORMAZIONI e aggiornamento PARTENZE Corsa d\u2019orientamento sociale \u2013 terza edizione DOMENICA 18 novembre 2018 Ritrovo e centro gara: dalle 10:00 a Tesserete, Arena Sportiva Istruzioni dell&#8217;ultimo minuto: 10.25 alla partenza Partenza: dalle 10:30, vedi lista Ritrovo-Partenza: 5\u2019 al passo Arrivo: non lontano dal centro gara Cartina: Tesserete, viene mostrata al minuto \u201c-1\u201d per percorsi facile e piccolo. Regolamento: ReCO (link) Punzonatura: manuale con pinzetta Iscrizioni sul posto: solo in numero limitato per le categorie&#8230;<\/p>\n","protected":false},"author":3,"featured_media":6817,"comment_status":"closed","ping_status":"closed","sticky":false,"template":"","format":"standard","meta":{"jetpack_post_was_ever_published":false,"_jetpack_newsletter_access":"","_jetpack_dont_email_post_to_subs":false,"_jetpack_newsletter_tier_id":0,"_jetpack_memberships_contains_paywalled_content":false,"_jetpack_memberships_contains_paid_content":false,"footnotes":"","jetpack_publicize_message":"","jetpack_publicize_feature_enabled":true,"jetpack_social_post_already_shared":true,"jetpack_social_options":{"image_generator_settings":{"template":"highway","default_image_id":0,"font":"","enabled":false},"version":2}},"categories":[19,12,9],"tags":[],"class_list":["post-6815","post","type-post","status-publish","format-standard","has-post-thumbnail","hentry","category-corsa-dorientamento","category-nostregare","category-sport"],"jetpack_publicize_connections":[],"jetpack_featured_media_url":"https:\/\/i0.wp.com\/uscatletica.ch\/wp\/wp-content\/uploads\/2018\/11\/A1-Logo.jpg?fit=536%2C386&ssl=1","jetpack_sharing_enabled":true,"jetpack_shortlink":"https:\/\/wp.me\/p6V7Ck-1LV","jetpack-related-posts":[{"id":6784,"url":"https:\/\/uscatletica.ch\/wp\/?p=6784","url_meta":{"origin":6815,"position":0},"title":"Corsa d\u2019orientamento sociale \u2013 ultime info e partenze","author":"Stampa E","date":"7 Novembre 2018","format":false,"excerpt":"sabato 10 novembre 2018 Corsa d\u2019orientamento sociale \u2013 terza edizione ULTIME INFORMAZIONI e PARTENZE -> CO USC-ultime info Ritrovo e centro gara: dalle 14:00 a Tesserete, Arena Sportiva, spogliatoi a disposizione Partenza: dalle 14:30, vedi lista Ritrovo-Partenza: 5\u2019 al passo Percorsi: percorso lungo (individuale): cartina 1:10'000, 4.6 km, 14 punti\u2026","rel":"","context":"In &quot;CO&quot;","block_context":{"text":"CO","link":"https:\/\/uscatletica.ch\/wp\/?cat=19"},"img":{"alt_text":"","src":"https:\/\/i0.wp.com\/uscatletica.ch\/wp\/wp-content\/uploads\/2017\/09\/Logo-gara-CO.jpg?fit=399%2C282&ssl=1&resize=350%2C200","width":350,"height":200},"classes":[]},{"id":3157,"url":"https:\/\/uscatletica.ch\/wp\/?p=3157","url_meta":{"origin":6815,"position":1},"title":"Corsa d\u2019orientamento sociale \u2013 Ultime info e partenze (3.12.2016)","author":"Stampa E","date":"30 Novembre 2016","format":false,"excerpt":"Corsa d\u2019orientamento sociale \u2013 prima edizione Campionato sociale di CO, facile e adatto a tutti, anche a chi volesse provare una volta la disciplina Data: sabato 3 dicembre 2016 Ritrovo e ritiro numeri: dalle 14:00 alle 14:15 a Tesserete, Arena sportiva Tesserete, magazzino USC Partenza: dalle 14:30, vedi lista aggiornata\u2026","rel":"","context":"In &quot;CO&quot;","block_context":{"text":"CO","link":"https:\/\/uscatletica.ch\/wp\/?cat=19"},"img":{"alt_text":"","src":"https:\/\/i0.wp.com\/uscatletica.ch\/wp\/wp-content\/uploads\/2016\/11\/A-Logo.jpg?fit=540%2C780&ssl=1&resize=350%2C200","width":350,"height":200,"srcset":"https:\/\/i0.wp.com\/uscatletica.ch\/wp\/wp-content\/uploads\/2016\/11\/A-Logo.jpg?fit=540%2C780&ssl=1&resize=350%2C200 1x, https:\/\/i0.wp.com\/uscatletica.ch\/wp\/wp-content\/uploads\/2016\/11\/A-Logo.jpg?fit=540%2C780&ssl=1&resize=525%2C300 1.5x"},"classes":[]},{"id":6739,"url":"https:\/\/uscatletica.ch\/wp\/?p=6739","url_meta":{"origin":6815,"position":2},"title":"Corsa d\u2019orientamento USC \u2013 iscrizioni aperte","author":"Stampa E","date":"17 Ottobre 2018","format":false,"excerpt":"Corsa d\u2019orientamento sociale \u2013 terza edizione - iscrizioni aperte Possibilit\u00e0 di partecipare a coppie, famiglie o gruppi nel percorso facile - Nuovo: percorso per bambini (piccolo) Data: sabato 10 novembre 2018 Ritrovo: dalle 14:00 a Tesserete, Arena Sportiva, spogliatoi a disposizione Partenze: dalle 14.30 Percorsi: percorso lungo (individuale): cartina 1:10'000,\u2026","rel":"","context":"In &quot;CO&quot;","block_context":{"text":"CO","link":"https:\/\/uscatletica.ch\/wp\/?cat=19"},"img":{"alt_text":"","src":"https:\/\/i0.wp.com\/uscatletica.ch\/wp\/wp-content\/uploads\/2017\/09\/Logo-gara-CO.jpg?fit=399%2C282&ssl=1&resize=350%2C200","width":350,"height":200},"classes":[]},{"id":6798,"url":"https:\/\/uscatletica.ch\/wp\/?p=6798","url_meta":{"origin":6815,"position":3},"title":"Corsa d\u2019orientamento sociale RINVIATA a DOMENICA 18 novembre","author":"Stampa E","date":"10 Novembre 2018","format":false,"excerpt":"Corsa d\u2019orientamento sociale \u2013 terza edizione RINVIATA a DOMENICA 18 novembre 2018 Considerate le condizioni del bosco e le previsioni meteorologiche, la corsa sociale prevista per oggi, sabato 10 novembre, \u00e8 rinviata a domenica 18 novembre 2018 (mattino) Ritrovo e centro gara: dalle 10:00 a Tesserete, Arena Sportiva, spogliatoi a\u2026","rel":"","context":"In &quot;CO&quot;","block_context":{"text":"CO","link":"https:\/\/uscatletica.ch\/wp\/?cat=19"},"img":{"alt_text":"","src":"https:\/\/i0.wp.com\/uscatletica.ch\/wp\/wp-content\/uploads\/2018\/11\/B-Logo.jpg?fit=780%2C540&ssl=1&resize=350%2C200","width":350,"height":200,"srcset":"https:\/\/i0.wp.com\/uscatletica.ch\/wp\/wp-content\/uploads\/2018\/11\/B-Logo.jpg?fit=780%2C540&ssl=1&resize=350%2C200 1x, https:\/\/i0.wp.com\/uscatletica.ch\/wp\/wp-content\/uploads\/2018\/11\/B-Logo.jpg?fit=780%2C540&ssl=1&resize=525%2C300 1.5x, https:\/\/i0.wp.com\/uscatletica.ch\/wp\/wp-content\/uploads\/2018\/11\/B-Logo.jpg?fit=780%2C540&ssl=1&resize=700%2C400 2x"},"classes":[]},{"id":14580,"url":"https:\/\/uscatletica.ch\/wp\/?p=14580","url_meta":{"origin":6815,"position":4},"title":"Tutto pronto per la \u201cCrono del Bigorio\u201d","author":"Stampa E","date":"7 Aprile 2022","format":false,"excerpt":"Sabato si corre da Tesserete al Convento-Santuario del Bigorio; 3,3 chilometri e 216 metri di salita, conditi con i 245 gradoni finali della Via Crucis. Tutto pronto per la Cronoascesa al Bigorio, la decima edizione della corsa che sabato 9 aprile aprir\u00e0 anche la Coppa ASTi BancaStato di montagna. Il\u2026","rel":"","context":"In &quot;I nostri appuntamenti&quot;","block_context":{"text":"I nostri appuntamenti","link":"https:\/\/uscatletica.ch\/wp\/?cat=12"},"img":{"alt_text":"","src":"https:\/\/i0.wp.com\/uscatletica.ch\/wp\/wp-content\/uploads\/2022\/04\/CronoBigorio-immagine-US-LS.jpeg?fit=420%2C560&ssl=1&resize=350%2C200","width":350,"height":200},"classes":[]},{"id":8852,"url":"https:\/\/uscatletica.ch\/wp\/?p=8852","url_meta":{"origin":6815,"position":5},"title":"Corsa d\u2019orientamento sociale (ultime info)","author":"Stampa E","date":"5 Settembre 2019","format":false,"excerpt":"Corsa d\u2019orientamento sociale \u2013 quarta edizione Possibilit\u00e0 di partecipare a coppie, famiglie o gruppi Data: venerd\u00ec 27 settembre, serata(partenze dalle ore 18.00) Percorsi: percorso A (individuale, difficolt\u00e0 HB\/DAK)percorsi B (facile, anche a coppie, difficolt\u00e0 DB)percorso C (per tutti, anche a gruppi\/coppie, difficolt\u00e0 OK) Cartina: terreno misto bosco e paese Iscrizioni:\u2026","rel":"","context":"In &quot;CO&quot;","block_context":{"text":"CO","link":"https:\/\/uscatletica.ch\/wp\/?cat=19"},"img":{"alt_text":"","src":"https:\/\/i0.wp.com\/uscatletica.ch\/wp\/wp-content\/uploads\/2019\/08\/Logo-gara-CO.jpg?fit=399%2C282&ssl=1&resize=350%2C200","width":350,"height":200},"classes":[]}],"_links":{"self":[{"href":"https:\/\/uscatletica.ch\/wp\/index.php?rest_route=\/wp\/v2\/posts\/6815","targetHints":{"allow":["GET"]}}],"collection":[{"href":"https:\/\/uscatletica.ch\/wp\/index.php?rest_route=\/wp\/v2\/posts"}],"about":[{"href":"https:\/\/uscatletica.ch\/wp\/index.php?rest_route=\/wp\/v2\/types\/post"}],"author":[{"embeddable":true,"href":"https:\/\/uscatletica.ch\/wp\/index.php?rest_route=\/wp\/v2\/users\/3"}],"replies":[{"embeddable":true,"href":"https:\/\/uscatletica.ch\/wp\/index.php?rest_route=%2Fwp%2Fv2%2Fcomments&post=6815"}],"version-history":[{"count":6,"href":"https:\/\/uscatletica.ch\/wp\/index.php?rest_route=\/wp\/v2\/posts\/6815\/revisions"}],"predecessor-version":[{"id":6829,"href":"https:\/\/uscatletica.ch\/wp\/index.php?rest_route=\/wp\/v2\/posts\/6815\/revisions\/6829"}],"wp:featuredmedia":[{"embeddable":true,"href":"https:\/\/uscatletica.ch\/wp\/index.php?rest_route=\/wp\/v2\/media\/6817"}],"wp:attachment":[{"href":"https:\/\/uscatletica.ch\/wp\/index.php?rest_route=%2Fwp%2Fv2%2Fmedia&parent=6815"}],"wp:term":[{"taxonomy":"category","embeddable":true,"href":"https:\/\/uscatletica.ch\/wp\/index.php?rest_route=%2Fwp%2Fv2%2Fcategories&post=6815"},{"taxonomy":"post_tag","embeddable":true,"href":"https:\/\/uscatletica.ch\/wp\/index.php?rest_route=%2Fwp%2Fv2%2Ftags&post=6815"}],"curies":[{"name":"wp","href":"https:\/\/api.w.org\/{rel}","templated":true}]}}