{"id":6864,"date":"2018-11-23T15:05:54","date_gmt":"2018-11-23T14:05:54","guid":{"rendered":"http:\/\/uscatletica.ch\/wp\/?p=6864"},"modified":"2018-11-23T18:39:08","modified_gmt":"2018-11-23T17:39:08","slug":"cross-camignolo-festa-atleti","status":"publish","type":"post","link":"https:\/\/uscatletica.ch\/wp\/?p=6864","title":{"rendered":"Cross Camignolo Festa Atleti"},"content":{"rendered":"<p>Sar\u00e0 un sabato intenso per gli USCini si comincia sabato mattina con il cross di Camignolo seconda prova della coppa Ticino con una cinquantina di capriaschesi. In serata a Tenero alla Festa degli atleti agli onori balzeranno i protagonisti della coppa 2018, l&#8217;USC intera Jonathan, Ralf, Rachele, Marco, Davide, Elia, John, Florian Giada e C\u00e9line premiate per il Gran Prix e Trofeo Giovanile. Alla <a href=\"https:\/\/www.stadtlauf.ch\/stadtlauf\/\" target=\"_blank\" rel=\"noopener\">Baslerstadtlauf<\/a> gareggeranno invece Sigi\u00a0 Johanna e Flavie .<\/p>\n<p>&nbsp;<\/p>\n<p>&nbsp;<\/p>\n<h2 class=\"western\"><span style=\"font-family: Geneva, sans-serif;\">Comunicato FTAL 22.11.2018-COPPA TICINO CROSS LAUBE GREENKEY. <\/span><\/h2>\n<p align=\"LEFT\"><span style=\"font-family: Geneva, sans-serif;\"><span style=\"font-size: large;\"><b>ATLETICA SABATO DAL CROSS DI CAMIGNOLO ALLA FESTA DEGLI ATLETI<\/b><\/span><\/span><\/p>\n<p align=\"LEFT\"><span style=\"color: #5a5a5a;\"><span style=\"font-size: medium;\"><i>. <\/i><\/span><\/span><\/p>\n<p><span lang=\"it-IT\">LEST<\/span>&#8211;<\/p>\n<p>Sabato sar\u00e0 una giornata intensa per la FTAL si comincer\u00e0 infatti alle 10.00 alle scuole di Camignolo con il cross organizzato dall&#8217;AS Monteceneri valido quale seconda prova della Coppa Ticino FTAL Laube- Greenkey. In serata al centro sportivo nazionale di Tenero alle 19.00 festa degli atleti una serata per celebrare i protagonisti della stagione 2018. Accanto ai nazionali ticinesi Ajla Del Ponte, Daniele Angelella,Mattia Tajana, Ricky Petrucciani, Filippo Moggi, Emma Piffaretti, Christian Reboldi, Tessa Tedeschi Mara Moser ci saranno le premiazioni delle classifiche FTAL dal Gran Prix al Trofeo Giovanile. Sul palco saliranno anche i campioni ticinesi di mezza maratona e gare multiple ed i finalisti dei progetti giovanili. Ci sar\u00e0 anche la premiazione della Coppa Ticino FTAL Laube- Greenkey 2018.<\/p>\n<p>L&#8217;ASM \u00e8 pronta accogliere un mezzo migliaio di crossisti che a partire dalle 10.00 animeranno la seconda prova della coppa. Sul vallonato circuito di 1.6 disegnato attorno alla scuola media le distanze rispecchieranno quelle del debutto a Dongio. Si comincer\u00e0 con le prove dei pi\u00f9 giovani cui seguiranno nella parte centrale a partire dalle 11.40 ci saranno le gare principali per finire poi con le categorie U16, U18 ed il cross corto.<\/p>\n<p>Gli M20 gareggeranno sugli 8km alle 11.40, accanto ai protagonisti di Dongio, Adriano Engelhardt, Roberto Delorenzi, Tobia Pezzati e Lukas Oehen, debutter\u00e0 il capriaschese Elazzaoui Elhousine, grande protagonista della scena podistica cantonale nel 2018 capace di correre 1h11&#8242; sulla mezza a Lugano. Le altre categorie M40,M50,M60 ed U20 si fermeranno a 6.4 km. Attesa per la gara U20 con i promettenti Ismail Sebghatullah, Sasha Caterina, Enea Ratti e Mattia Verzaroli. Tra i masters i fratelli Elia e Jonathan Stampanoni, Enrico Cavadini, Giuseppe Gioia duelleranno ai primi posti.<\/p>\n<p>Alle 12.20 ci sar\u00e0 la gara femminile con Evelyne Dietschi certamente nel ruolo di chiara favorita, alle sue spalle l&#8217;equilibrio \u00e8 sovrano. Tra le protagoniste le due giovani nazionali di orientamento Elena Pezzati ed Elisa Bertozzi, le W20 Emma Lucchina e Cecilia Conforto-Galli, e le W40 Manuela Falconi, Susanna Serafini, e Jeannette Bragagnolo. Nella stessa gara sui 4.8 km ci saranno anche gli U18 con Daniele Romelli favorito rispetto ad un quintetto di atleti interessanti. Le ragazze gareggeranno sui 3.2 km con tutte ad inseguire Zoe Ranzoni. Nella stessa gara ci saranno gli U16 che vedono una folta schiera di atleti del GAB nelle prime posizioni tra le ragazze invece la Vigor a Dongio ha firmato una tripletta. L&#8217;ultima prova sar\u00e0 il cross corto dove Tommaso Marani prover\u00e0 a confermarsi ma attenzione che la gara offre sempre molte sorprese.<\/p>\n<p>La prima parte della coppa si chiuder\u00e0 a dicembre con gli appuntamenti di Tesserete il 9 e Mendrisio prova sprint il 16.<\/p>\n<p lang=\"it-IT\"><span style=\"color: #444444;\"><span style=\"font-family: Lucida Sans Unicode, serif;\"><span style=\"font-size: small;\"><b>Leonida Stampanoni<\/b><\/span><\/span><\/span><\/p>\n","protected":false},"excerpt":{"rendered":"<p>Sar\u00e0 un sabato intenso per gli USCini si comincia sabato mattina con il cross di Camignolo seconda prova della coppa Ticino con una cinquantina di capriaschesi. In serata a Tenero alla Festa degli atleti agli onori balzeranno i protagonisti della coppa 2018, l&#8217;USC intera Jonathan, Ralf, Rachele, Marco, Davide, Elia, John, Florian Giada e C\u00e9line premiate per il Gran Prix e Trofeo Giovanile. Alla Baslerstadtlauf gareggeranno invece Sigi\u00a0 Johanna e Flavie . &nbsp; &nbsp; Comunicato&#8230;<\/p>\n","protected":false},"author":4,"featured_media":5429,"comment_status":"closed","ping_status":"closed","sticky":false,"template":"","format":"standard","meta":{"jetpack_post_was_ever_published":false,"_jetpack_newsletter_access":"","_jetpack_dont_email_post_to_subs":false,"_jetpack_newsletter_tier_id":0,"_jetpack_memberships_contains_paywalled_content":false,"_jetpack_memberships_contains_paid_content":false,"footnotes":"","jetpack_publicize_message":"","jetpack_publicize_feature_enabled":true,"jetpack_social_post_already_shared":true,"jetpack_social_options":{"image_generator_settings":{"template":"highway","default_image_id":0,"font":"","enabled":false},"version":2}},"categories":[7,9],"tags":[],"class_list":["post-6864","post","type-post","status-publish","format-standard","has-post-thumbnail","hentry","category-cross","category-sport"],"jetpack_publicize_connections":[],"jetpack_featured_media_url":"https:\/\/i0.wp.com\/uscatletica.ch\/wp\/wp-content\/uploads\/2018\/01\/CRO.jpg?fit=532%2C399&ssl=1","jetpack_sharing_enabled":true,"jetpack_shortlink":"https:\/\/wp.me\/p6V7Ck-1MI","jetpack-related-posts":[{"id":5243,"url":"https:\/\/uscatletica.ch\/wp\/?p=5243","url_meta":{"origin":6864,"position":0},"title":"La coppa Ticino di cross a Camignolo podisti tra Milano e Basel","author":"Leonida Stampanoni","date":"24 Novembre 2017","format":false,"excerpt":"Sabato mattina alle scuole di Camignolo saranno ancora un 50 gli USCini al via del cross di Camignolo seconda prova della coppa Ticino di cross FTAL.\u00a0 Altri impegni per gli atleti USC alla Baslerstadtlauf\u00a0 sabato pomeriggio ed alla mezza maratona\u00a0 di Milano\u00a0 domenica mattina. Cross a Camignolo in cerca di\u2026","rel":"","context":"In &quot;Cross&quot;","block_context":{"text":"Cross","link":"https:\/\/uscatletica.ch\/wp\/?cat=7"},"img":{"alt_text":"","src":"https:\/\/i0.wp.com\/uscatletica.ch\/wp\/wp-content\/uploads\/2017\/03\/P1450202.jpg?fit=563%2C422&ssl=1&resize=350%2C200","width":350,"height":200,"srcset":"https:\/\/i0.wp.com\/uscatletica.ch\/wp\/wp-content\/uploads\/2017\/03\/P1450202.jpg?fit=563%2C422&ssl=1&resize=350%2C200 1x, https:\/\/i0.wp.com\/uscatletica.ch\/wp\/wp-content\/uploads\/2017\/03\/P1450202.jpg?fit=563%2C422&ssl=1&resize=525%2C300 1.5x"},"classes":[]},{"id":9851,"url":"https:\/\/uscatletica.ch\/wp\/?p=9851","url_meta":{"origin":6864,"position":1},"title":"Campionati ticinesi di cross a  Camignolo USCini alla carica","author":"Leonida Stampanoni","date":"30 Gennaio 2020","format":false,"excerpt":"Sabato sui prati delle scuole medie Camignolo andr\u00e0 in onda l'ultima prova della Coppa Ticino FTAL Laube Greenkey che attribuir\u00e0 i 14 titoli cantonali. Al via anche io giovani protagonisti della cross cup Swiss Athletics.\u00a0L'USC potr\u00e0 difendere solo il titolo vinto lo scorso anno a Vezia da Jonathan, ma sui\u2026","rel":"","context":"In &quot;Cross&quot;","block_context":{"text":"Cross","link":"https:\/\/uscatletica.ch\/wp\/?cat=7"},"img":{"alt_text":"","src":"https:\/\/i0.wp.com\/uscatletica.ch\/wp\/wp-content\/uploads\/2020\/01\/W200111sag.png?fit=432%2C324&ssl=1&resize=350%2C200","width":350,"height":200},"classes":[]},{"id":5125,"url":"https:\/\/uscatletica.ch\/wp\/?p=5125","url_meta":{"origin":6864,"position":2},"title":"FESTA DEGLI ATLETI  PREMIAZIONE COPPA TICINO CROSS 2017 CALENDARIO CROSS 2018","author":"Leonida Stampanoni","date":"22 Ottobre 2017","format":false,"excerpt":"Venerdi 17 novembre la FTAL organizza a Tenero la Festa degli atleti, una serata per onorare tutti gli atleti che durante l'anno 2017 si sono distinti nel panorama atletica cantonale, nazionale ed internazionale. Inoltre verranno premiati i protagonisti della Coppa Ticino di cross., Tra i premiati USC\u00a0 ci saranno i\u2026","rel":"","context":"In &quot;Altro&quot;","block_context":{"text":"Altro","link":"https:\/\/uscatletica.ch\/wp\/?cat=11"},"img":{"alt_text":"","src":"https:\/\/i0.wp.com\/uscatletica.ch\/wp\/wp-content\/uploads\/2017\/06\/P1470474.jpg?fit=563%2C422&ssl=1&resize=350%2C200","width":350,"height":200,"srcset":"https:\/\/i0.wp.com\/uscatletica.ch\/wp\/wp-content\/uploads\/2017\/06\/P1470474.jpg?fit=563%2C422&ssl=1&resize=350%2C200 1x, https:\/\/i0.wp.com\/uscatletica.ch\/wp\/wp-content\/uploads\/2017\/06\/P1470474.jpg?fit=563%2C422&ssl=1&resize=525%2C300 1.5x"},"classes":[]},{"id":9415,"url":"https:\/\/uscatletica.ch\/wp\/?p=9415","url_meta":{"origin":6864,"position":3},"title":"CROSS DONGIO E FESTE ATLETI FTAL E ASTI","author":"Leonida Stampanoni","date":"7 Novembre 2019","format":false,"excerpt":"Sar\u00e0 un fine settimana intenso parte la stagione stagione dei cross da Dongio sempre una cinquantina gli USCini al via domenica mattina lungo sui prati bleniesi Roby invece garegger\u00e0 a Regensdorf \u00a0nella prima prova di selezione in vista dei campionati europei di cross del 7 dicembre a Lisbona. In programma\u2026","rel":"","context":"In &quot;Cross&quot;","block_context":{"text":"Cross","link":"https:\/\/uscatletica.ch\/wp\/?cat=7"},"img":{"alt_text":"","src":"https:\/\/i0.wp.com\/uscatletica.ch\/wp\/wp-content\/uploads\/2019\/08\/caratschlausc190815.jpg?fit=432%2C324&ssl=1&resize=350%2C200","width":350,"height":200},"classes":[]},{"id":13863,"url":"https:\/\/uscatletica.ch\/wp\/?p=13863","url_meta":{"origin":6864,"position":4},"title":"LA STAGIONE DEI CROSS PARTE DAL MONTECENERI","author":"Leonida Stampanoni","date":"12 Novembre 2021","format":false,"excerpt":"La Coppa Ticino di cross partir\u00e0 sabato, dopo un'anno di pausa, con una novit\u00e0 : la prima tappa sar\u00e0 al Monteceneri e non a Dongio. Sul nuovo percorso allo stand del Monteceneri al via ci saranno una cinquantina di atlete ed atleti USC. L'inizio di stagione sar\u00e0 decisamente intenso con\u2026","rel":"","context":"In &quot;Cross&quot;","block_context":{"text":"Cross","link":"https:\/\/uscatletica.ch\/wp\/?cat=7"},"img":{"alt_text":"","src":"https:\/\/i0.wp.com\/uscatletica.ch\/wp\/wp-content\/uploads\/2019\/02\/P1010344.jpg?fit=1024%2C768&ssl=1&resize=350%2C200","width":350,"height":200,"srcset":"https:\/\/i0.wp.com\/uscatletica.ch\/wp\/wp-content\/uploads\/2019\/02\/P1010344.jpg?fit=1024%2C768&ssl=1&resize=350%2C200 1x, https:\/\/i0.wp.com\/uscatletica.ch\/wp\/wp-content\/uploads\/2019\/02\/P1010344.jpg?fit=1024%2C768&ssl=1&resize=525%2C300 1.5x, https:\/\/i0.wp.com\/uscatletica.ch\/wp\/wp-content\/uploads\/2019\/02\/P1010344.jpg?fit=1024%2C768&ssl=1&resize=700%2C400 2x"},"classes":[]},{"id":5163,"url":"https:\/\/uscatletica.ch\/wp\/?p=5163","url_meta":{"origin":6864,"position":5},"title":"COPPA TICINO CROSS le classifiche dopo tre gare prima parte","author":"Leonida Stampanoni","date":"6 Novembre 2017","format":false,"excerpt":"COPPA TICINO CROSS FTAL 2017-2018\u00a0 Laube -Greenkey \u00a0 La coppa Ticino 2017-2018\u00a0 patrocinata dalla FTAL\u00a0 avr\u00e0 iscrizioni e classifiche gestita per la prima volta da Mysdam tramite il portale \u00a0 Endu.net.\u00a0\u00a0 CLASSIFICHE COPPA TICINO DOPO LE PRIME TRE PROVE Classifica individuale Classifica Societa CROSS DI POM CAPRIASCA Domenica 3 Dicembre\u2026","rel":"","context":"In &quot;Cross&quot;","block_context":{"text":"Cross","link":"https:\/\/uscatletica.ch\/wp\/?cat=7"},"img":{"alt_text":"","src":"https:\/\/i0.wp.com\/uscatletica.ch\/wp\/wp-content\/uploads\/2017\/03\/P1450159.jpg?fit=563%2C422&ssl=1&resize=350%2C200","width":350,"height":200,"srcset":"https:\/\/i0.wp.com\/uscatletica.ch\/wp\/wp-content\/uploads\/2017\/03\/P1450159.jpg?fit=563%2C422&ssl=1&resize=350%2C200 1x, https:\/\/i0.wp.com\/uscatletica.ch\/wp\/wp-content\/uploads\/2017\/03\/P1450159.jpg?fit=563%2C422&ssl=1&resize=525%2C300 1.5x"},"classes":[]}],"_links":{"self":[{"href":"https:\/\/uscatletica.ch\/wp\/index.php?rest_route=\/wp\/v2\/posts\/6864","targetHints":{"allow":["GET"]}}],"collection":[{"href":"https:\/\/uscatletica.ch\/wp\/index.php?rest_route=\/wp\/v2\/posts"}],"about":[{"href":"https:\/\/uscatletica.ch\/wp\/index.php?rest_route=\/wp\/v2\/types\/post"}],"author":[{"embeddable":true,"href":"https:\/\/uscatletica.ch\/wp\/index.php?rest_route=\/wp\/v2\/users\/4"}],"replies":[{"embeddable":true,"href":"https:\/\/uscatletica.ch\/wp\/index.php?rest_route=%2Fwp%2Fv2%2Fcomments&post=6864"}],"version-history":[{"count":5,"href":"https:\/\/uscatletica.ch\/wp\/index.php?rest_route=\/wp\/v2\/posts\/6864\/revisions"}],"predecessor-version":[{"id":6869,"href":"https:\/\/uscatletica.ch\/wp\/index.php?rest_route=\/wp\/v2\/posts\/6864\/revisions\/6869"}],"wp:featuredmedia":[{"embeddable":true,"href":"https:\/\/uscatletica.ch\/wp\/index.php?rest_route=\/wp\/v2\/media\/5429"}],"wp:attachment":[{"href":"https:\/\/uscatletica.ch\/wp\/index.php?rest_route=%2Fwp%2Fv2%2Fmedia&parent=6864"}],"wp:term":[{"taxonomy":"category","embeddable":true,"href":"https:\/\/uscatletica.ch\/wp\/index.php?rest_route=%2Fwp%2Fv2%2Fcategories&post=6864"},{"taxonomy":"post_tag","embeddable":true,"href":"https:\/\/uscatletica.ch\/wp\/index.php?rest_route=%2Fwp%2Fv2%2Ftags&post=6864"}],"curies":[{"name":"wp","href":"https:\/\/api.w.org\/{rel}","templated":true}]}}