{"id":6961,"date":"2018-12-14T06:34:46","date_gmt":"2018-12-14T05:34:46","guid":{"rendered":"http:\/\/uscatletica.ch\/wp\/?p=6961"},"modified":"2018-12-14T06:54:01","modified_gmt":"2018-12-14T05:54:01","slug":"mendrisio-la-coppa-ticino-di-cross-per-chiudere-la-prima-fase","status":"publish","type":"post","link":"https:\/\/uscatletica.ch\/wp\/?p=6961","title":{"rendered":"Mendrisio la coppa Ticino di cross per chiudere la prima fase"},"content":{"rendered":"\n<p>Ad una sola settimana dalla storica giornata del cross di pom, dove per la prima volta l&#8217;USC ha portato al traguardo oltre un centinaio di suoi tesserati, La coppa Ticino chiuder\u00e0 la sua prima fase&nbsp; al cross di Mendrisio. <\/p>\n\n\n\n<p>Nel parco Casvegno si correr\u00e0 sulle classiche corte distanze proposte dall&#8217;atletica Mendrisiotto le gare cominceranno alle 10.15 con i pi\u00f9 piccoli, Il furgone partir\u00e0 da Tesserete alle 8.45 <\/p>\n\n\n\n<p>La coppa Ticino ci vede sempre protagonisti con diversi candidati al podio<\/p>\n\n\n\n<p>Tra gli attivi Hassan e Roby contendono al detentore del trofeo Lukas Oehen la vittoria finale, Jonathan ed Elia dominano la classifica tra gli M40. Rachele \u00e8 tutt&#8217;ora imbattuta tra le U20 ma deve tagliare il traguardo a Mendrisio per restare in corsa per la vittoria, Elisa lotta per il podio.Ralf lotta per il podio negli M50.<br><\/p>\n\n\n\n<p>I nostri U18 invece sono attualmente sul podio perch\u00e8 diversi avversari erano assenti al cross di pom cos\u00ec Tommaso, Matilde e Giorgia si trovano momentaneamente sul podio. Stessa situazione tra le U16 per Federica. Sar\u00e0 impegnativo per\u00f2 difendere l&#8217;attuale posizione. Tra gli U16 Ruben dopo la falsa partenza a Dongio resta a contatto con il gruppo di testa.<br><\/p>\n\n\n\n<p>Nelle U14 Lea \u00e8 in lotta per il podio come pure Lara S.. Nella classifica\u00a0 a squadre con l&#8217;appuntamento casalingo abbiamo piazzato un bell&#8217;allungo ma attenzione ai cali di tensione.<\/p>\n\n\n\n<p><a href=\"https:\/\/uscatletica.ch\/wp\/wp-content\/uploads\/2018\/12\/CTC2018SCIII.pdf\">le classifiche di coppa <\/a><br><\/p>\n\n\n\n<div class=\"wp-block-file\"><a href=\"https:\/\/uscatletica.ch\/wp\/wp-content\/uploads\/2018\/12\/CTC2018SCIII.pdf\">Le classifiche di coppa Ticino<\/a><a href=\"https:\/\/uscatletica.ch\/wp\/wp-content\/uploads\/2018\/12\/CTC2018SCIII.pdf\" class=\"wp-block-file__button\" download>Download<\/a><\/div>\n\n\n\n<figure class=\"wp-block-image\"><img data-recalc-dims=\"1\" loading=\"lazy\" decoding=\"async\" width=\"595\" height=\"841\" data-attachment-id=\"6927\" data-permalink=\"https:\/\/uscatletica.ch\/wp\/?attachment_id=6927\" data-orig-file=\"https:\/\/i0.wp.com\/uscatletica.ch\/wp\/wp-content\/uploads\/2018\/10\/Crosssitoatm.jpg?fit=595%2C841&amp;ssl=1\" data-orig-size=\"595,841\" data-comments-opened=\"0\" data-image-meta=\"{&quot;aperture&quot;:&quot;0&quot;,&quot;credit&quot;:&quot;&quot;,&quot;camera&quot;:&quot;&quot;,&quot;caption&quot;:&quot;&quot;,&quot;created_timestamp&quot;:&quot;0&quot;,&quot;copyright&quot;:&quot;&quot;,&quot;focal_length&quot;:&quot;0&quot;,&quot;iso&quot;:&quot;0&quot;,&quot;shutter_speed&quot;:&quot;0&quot;,&quot;title&quot;:&quot;&quot;,&quot;orientation&quot;:&quot;0&quot;}\" data-image-title=\"Crosssitoatm\" data-image-description=\"\" data-image-caption=\"\" data-large-file=\"https:\/\/i0.wp.com\/uscatletica.ch\/wp\/wp-content\/uploads\/2018\/10\/Crosssitoatm.jpg?fit=595%2C841&amp;ssl=1\" src=\"https:\/\/i0.wp.com\/uscatletica.ch\/wp\/wp-content\/uploads\/2018\/10\/Crosssitoatm.jpg?resize=595%2C841&#038;ssl=1\" alt=\"\" class=\"wp-image-6927\" srcset=\"https:\/\/i0.wp.com\/uscatletica.ch\/wp\/wp-content\/uploads\/2018\/10\/Crosssitoatm.jpg?w=595&amp;ssl=1 595w, https:\/\/i0.wp.com\/uscatletica.ch\/wp\/wp-content\/uploads\/2018\/10\/Crosssitoatm.jpg?resize=212%2C300&amp;ssl=1 212w, https:\/\/i0.wp.com\/uscatletica.ch\/wp\/wp-content\/uploads\/2018\/10\/Crosssitoatm.jpg?resize=106%2C150&amp;ssl=1 106w\" sizes=\"auto, (max-width: 595px) 100vw, 595px\" \/><\/figure>\n\n\n\n<p><br><\/p>\n\n\n\n<h2 class=\"wp-block-heading\">\nComunicato FTAL 12.12.2018-COPPA\nTICINO CROSS LAUBE GREENKEY. \n<\/h2>\n\n\n\n<p>\n<strong>LA\nCOPPA TICINO CHIUDE IL 2018 A MENDRISIO <\/strong>\n<\/p>\n\n\n\n<p>LEST-<\/p>\n\n\n\n<p>La\nCoppa Ticino FTAL Laube- Greenkey chiuder\u00e0 sabato a Mendrisio la\nprima parte di stagione con la quarta tappa. A soli sette giorni dal\ncross capriaschese, gli atleti nel parco di Casvegno si troveranno di\nfronte ad una gara completamente differente oltre al percorso\nnettamente pi\u00f9 scorrevole anche le distanze saranno decisamente pi\u00f9\nbrevi. L&#8217;atletica Mendrisiotto ebbe per prima l&#8217;idea dei \u201ccross\nsprint\u201d su distanze brevi e grazie ai circuiti di 500 m ed 1 km\nmolto panoramici, il pubblico potr\u00e0 gustarsi diversi passaggi degli\natleti. A chiudere la giornata l&#8217;altra chicca dell&#8217;appuntamento mom\u00f2\nla staffetta cross entrata anche nel programma dei grandi campionati\ninternazionali. Ai recenti campionati europei le donne svizzere\ngrazie a Fabienne Schlumpf e Delia Sclabas hanno ritrovato il podio. \n<\/p>\n\n\n\n<p>Le\nclassifiche di coppa Ticino sono attualmente di difficile lettura,\nviste le assenze di alcuni dei favoriti, ma gli atleti che\ntrascorreranno il Natale al comando avranno posto una bella ipoteca\nalla vittoria finale. \n<\/p>\n\n\n\n<p>Nella\ngara degli attivi  che percorreranno 4 km nelle prime tre uscite la\nvittoria \u00e8 stata per tre atleti differenti: l&#8217;unico campione\nsvizzero assoluto di specialit\u00e0 Adriano Engelhardt (USA), il\ndetentore della coppa Lukas Oehen (FGM) e il capriaschese Hassan\nElazzaoui Elhousine, Roberto Delorenzi (USC) sempre a podio nella\ngara lunga ha per\u00f2 vinto in due occasioni il cross corto. Nel gruppo\ndi testa ci sar\u00e0 anche l&#8217;atleta di casa Tobia Pezzati. Sulla stessa\ndistanza anche gli U20 dove Ismail Sebghatullah (SAL) \u00e8 Imbattuto\nnonostante avversari di valore Enea Ratti (GAD), Mattia Verzaroli\n(GAB) ed i triathleti Sasha Caterina e Andrea Alagona. Tra gli M40\nElia Stampanoni ha forse la miglior occasione per sorprendere il\nfratello Jonathan che viaggia verso la vittoria in coppa. I\nbellinzonesi Enrico Cavadini e Gaetano Genovese invece potrebbero gi\u00e0\nprenotare la coppa. \n<\/p>\n\n\n\n<p>Le\ndonne gareggeranno sui 3 km  Evelyne Dietschi (SAL) ha dominato le\ndue prove in cui si \u00e8 presentata dietro le giovani Emma Lucchina\n(Vigor), Cecilia Conforto-Galli (SAL) ed Elena Pezzati (ATM) duellano\nad armi pari. Tra le U20 Rachele Botti (USC) \u00e8 imbattuta, in sua\nassenza Chiara Ghielmini (Vigor) ha festeggiato una vittoria\nattenzione anche alle promettenti Elisa Bertozzi (USC) e Mara Moser\n(GAB).  Tra le W40 Manuela Falconi (SFG Biasca) domina alle sue\nspalle bella lotta tra Jeannette Bragagnolo (GAB), Susanna Serafini\n(RCB) e Simona Lazzeri (GAD).<\/p>\n\n\n\n<p>Tra gli\nU18 Daniele Romelli(Vigor) ha firmato un tris lasciando le briciole\nagli avversari. Alle sue spalle 5 atleti sono gi\u00e0 andati a podio di\ncui un terzetto GAB con Luca Innocenti, Filippo Balestra e Siro\nGentilini. Tra le ragazze la Virtus ha vinto le tre prove due con Zoe\nRanzoni ed una con Cecilia Ferrazzini. Siria Cariboni (GAB) \u00e8 la\nterza forza. Tra le U16 due triplette per la Vigor con Sara e Giulia\nSalvad\u00e9 e Margherita Croci Torti attualmente al comando in coppa\nCristina Maggetti (Virtus). Tra i ragazzi domina la Triunion che non\nha diritto a partecipare alla coppa dietro la lotta \u00e8 tiratissima al\ncomando Yannis M\u00fcller (ASM). \n<\/p>\n\n\n\n<p>Nelle\ncategorie dei pi\u00f9 giovani le gerarchie sembrano ben delineate con\nGioele Demarco (ASM), Benedetta Bettega (SVAM), Tristan Piau (FGM) e\nTosca Del Siro (GAD) a dettare il ritmo in testa.<\/p>\n\n\n\n<p>Nella\nclassifica per societ\u00e0 l&#8217;USC Capriaschese, grazie al cross\ncasalingo, ha preso decisamente in mano la situazione, a Tesserete la\nVigor ha superato il GAB le due societ\u00e0 sono ora praticamente\nappaiate nella lotta per il secondo rango<\/p>\n\n\n\n<p>La\ncoppa Ticino torner\u00e0 nel 2019 con il cross di Gordola che sar\u00e0\nvalido anche come prova per la cross cup di Swiss Athletics.  \n<\/p>\n\n\n\n<p><strong>Leonida\nStampanoni<\/strong><\/p>\n\n\n\n<p><\/p>\n\n\n\n<p><\/p>\n","protected":false},"excerpt":{"rendered":"<p>Ad una sola settimana dalla storica giornata del cross di pom, dove per la prima volta l&#8217;USC ha portato al traguardo oltre un centinaio di suoi tesserati, La coppa Ticino chiuder\u00e0 la sua prima fase&nbsp; al cross di Mendrisio. Nel parco Casvegno si correr\u00e0 sulle classiche corte distanze proposte dall&#8217;atletica Mendrisiotto le gare cominceranno alle 10.15 con i pi\u00f9 piccoli, Il furgone partir\u00e0 da Tesserete alle 8.45 La coppa Ticino ci vede sempre protagonisti con&#8230;<\/p>\n","protected":false},"author":4,"featured_media":6962,"comment_status":"closed","ping_status":"closed","sticky":false,"template":"","format":"standard","meta":{"jetpack_post_was_ever_published":false,"_jetpack_newsletter_access":"","_jetpack_dont_email_post_to_subs":false,"_jetpack_newsletter_tier_id":0,"_jetpack_memberships_contains_paywalled_content":false,"_jetpack_memberships_contains_paid_content":false,"footnotes":"","jetpack_publicize_message":"","jetpack_publicize_feature_enabled":true,"jetpack_social_post_already_shared":true,"jetpack_social_options":{"image_generator_settings":{"template":"highway","default_image_id":0,"font":"","enabled":false},"version":2}},"categories":[7,9],"tags":[],"class_list":["post-6961","post","type-post","status-publish","format-standard","has-post-thumbnail","hentry","category-cross","category-sport"],"jetpack_publicize_connections":[],"jetpack_featured_media_url":"https:\/\/i0.wp.com\/uscatletica.ch\/wp\/wp-content\/uploads\/2018\/12\/ssitocrosspom2018caeniIris.jpg?fit=548%2C430&ssl=1","jetpack_sharing_enabled":true,"jetpack_shortlink":"https:\/\/wp.me\/p6V7Ck-1Oh","jetpack-related-posts":[{"id":14084,"url":"https:\/\/uscatletica.ch\/wp\/?p=14084","url_meta":{"origin":6961,"position":0},"title":"A Mendrisio si chiude la prima parte di coppa","author":"Leonida Stampanoni","date":"4 Dicembre 2021","format":false,"excerpt":"Domenica al parco OSC di Mendrisio si chiuder\u00e0 la prima parte della coppa Ticino di cross FTAL AET 2022. 4 Cross in 21 giorni un tour de force che ha regalato all'USC gi\u00e0 21 vittorie dalle categorie U12 ai masters, Una ventina di podi grazie a \u00a0170 partenti in totale.\u2026","rel":"","context":"In &quot;Cross&quot;","block_context":{"text":"Cross","link":"https:\/\/uscatletica.ch\/wp\/?cat=7"},"img":{"alt_text":"","src":"https:\/\/i0.wp.com\/uscatletica.ch\/wp\/wp-content\/uploads\/2021\/11\/211113TRISU18ASM.jpg?fit=1200%2C800&ssl=1&resize=350%2C200","width":350,"height":200,"srcset":"https:\/\/i0.wp.com\/uscatletica.ch\/wp\/wp-content\/uploads\/2021\/11\/211113TRISU18ASM.jpg?fit=1200%2C800&ssl=1&resize=350%2C200 1x, https:\/\/i0.wp.com\/uscatletica.ch\/wp\/wp-content\/uploads\/2021\/11\/211113TRISU18ASM.jpg?fit=1200%2C800&ssl=1&resize=525%2C300 1.5x, https:\/\/i0.wp.com\/uscatletica.ch\/wp\/wp-content\/uploads\/2021\/11\/211113TRISU18ASM.jpg?fit=1200%2C800&ssl=1&resize=700%2C400 2x, https:\/\/i0.wp.com\/uscatletica.ch\/wp\/wp-content\/uploads\/2021\/11\/211113TRISU18ASM.jpg?fit=1200%2C800&ssl=1&resize=1050%2C600 3x"},"classes":[]},{"id":3198,"url":"https:\/\/uscatletica.ch\/wp\/?p=3198","url_meta":{"origin":6961,"position":1},"title":"Coppa Ticino il 2016 si chiude a Mendrisio","author":"Leonida Stampanoni","date":"10 Dicembre 2016","format":false,"excerpt":"Domenica il parco di Casvegno ospiter\u00e0 la terza prova di coppa Ticino con il contorno dei campionati insubrici di Polizia e la prima svizzera del cross staffetta, mezzo migliaio di atleti gareggeranno sul veloce circuito. Le prime partenze sono in programma alle 10.15. Una cinquantina o forse qualcosa in pi\u00f9\u2026","rel":"","context":"In &quot;Cross&quot;","block_context":{"text":"Cross","link":"https:\/\/uscatletica.ch\/wp\/?cat=7"},"img":{"alt_text":"","src":"https:\/\/i0.wp.com\/uscatletica.ch\/wp\/wp-content\/uploads\/2016\/11\/P1380227.jpg?fit=563%2C422&ssl=1&resize=350%2C200","width":350,"height":200,"srcset":"https:\/\/i0.wp.com\/uscatletica.ch\/wp\/wp-content\/uploads\/2016\/11\/P1380227.jpg?fit=563%2C422&ssl=1&resize=350%2C200 1x, https:\/\/i0.wp.com\/uscatletica.ch\/wp\/wp-content\/uploads\/2016\/11\/P1380227.jpg?fit=563%2C422&ssl=1&resize=525%2C300 1.5x"},"classes":[]},{"id":5522,"url":"https:\/\/uscatletica.ch\/wp\/?p=5522","url_meta":{"origin":6961,"position":2},"title":"A Mendrisio il cross sprint","author":"Leonida Stampanoni","date":"2 Febbraio 2018","format":false,"excerpt":"La coppa Ticino di Cross si avvicina alla fine, a soli 8 giorni da Vezia si torna in pista con il cross sprint di Mendrisio, dove Jonathan avr\u00e0 la possibilit\u00e0 di aggiudicarsi l'ennesima coppa Ticino.\u00a0 Nella classifica per societ\u00e0 l'USC continua a dettare il ritmo\u00a0 una cinquantina tra gli oltre\u2026","rel":"","context":"In &quot;Cross&quot;","block_context":{"text":"Cross","link":"https:\/\/uscatletica.ch\/wp\/?cat=7"},"img":{"alt_text":"","src":"https:\/\/i0.wp.com\/uscatletica.ch\/wp\/wp-content\/uploads\/2018\/01\/u10wstar180127.jpg?fit=563%2C422&ssl=1&resize=350%2C200","width":350,"height":200,"srcset":"https:\/\/i0.wp.com\/uscatletica.ch\/wp\/wp-content\/uploads\/2018\/01\/u10wstar180127.jpg?fit=563%2C422&ssl=1&resize=350%2C200 1x, https:\/\/i0.wp.com\/uscatletica.ch\/wp\/wp-content\/uploads\/2018\/01\/u10wstar180127.jpg?fit=563%2C422&ssl=1&resize=525%2C300 1.5x"},"classes":[]},{"id":21565,"url":"https:\/\/uscatletica.ch\/wp\/?p=21565","url_meta":{"origin":6961,"position":3},"title":"Il Fine settimana tra Mendrisio e Ascona","author":"Leonida Stampanoni","date":"19 Dicembre 2025","format":false,"excerpt":"Nel fine settimana la Coppa Ticino di cross vivr\u00e0 al parco OSC di Mendrisio la terza tappa l'ultima del 2025. Una ventina di giorni orsono a Camignolo l'USC festeggi\u00f2 ben cinque vittorie in coppa. Al via a Mendrisio sono attesi mezzo migliaio di atleti e atlete, oltre 60 provenienti dalla\u2026","rel":"","context":"In &quot;Cross&quot;","block_context":{"text":"Cross","link":"https:\/\/uscatletica.ch\/wp\/?cat=7"},"img":{"alt_text":"","src":"https:\/\/i0.wp.com\/uscatletica.ch\/wp\/wp-content\/uploads\/2025\/12\/251130nicpong.jpg?fit=432%2C336&ssl=1&resize=350%2C200","width":350,"height":200},"classes":[]},{"id":20454,"url":"https:\/\/uscatletica.ch\/wp\/?p=20454","url_meta":{"origin":6961,"position":4},"title":"COPPA TICINO DI CROSS ELIA AD UN PASSO DALLA VITTORIA","author":"Leonida Stampanoni","date":"20 Dicembre 2024","format":false,"excerpt":"L'edizione 2025 della coppa Ticino di cross ha gi\u00e0 virato la boa di met\u00e0 stagione. L'USC ha segnato le prime quattro tappe con diverse vittorie e podi a ripetizione. Elia chiude il 2024 imbattuto \u00a0con lui hanno vinto Jonathan, Ralf, Martina. Regolarmente a podio Alex, Nicole, Jana, Patrizia, Mattia, Selina.\u2026","rel":"","context":"In &quot;Cross&quot;","block_context":{"text":"Cross","link":"https:\/\/uscatletica.ch\/wp\/?cat=7"},"img":{"alt_text":"","src":"https:\/\/i0.wp.com\/uscatletica.ch\/wp\/wp-content\/uploads\/2015\/12\/P1360515.jpg?fit=563%2C422&ssl=1&resize=350%2C200","width":350,"height":200,"srcset":"https:\/\/i0.wp.com\/uscatletica.ch\/wp\/wp-content\/uploads\/2015\/12\/P1360515.jpg?fit=563%2C422&ssl=1&resize=350%2C200 1x, https:\/\/i0.wp.com\/uscatletica.ch\/wp\/wp-content\/uploads\/2015\/12\/P1360515.jpg?fit=563%2C422&ssl=1&resize=525%2C300 1.5x"},"classes":[]},{"id":3117,"url":"https:\/\/uscatletica.ch\/wp\/?p=3117","url_meta":{"origin":6961,"position":5},"title":"Cross Camignolo Maratona di Firenze Baslerstadlauf","author":"Leonida Stampanoni","date":"25 Novembre 2016","format":false,"excerpt":"L'ultimo fine settimana del mese di novembre sar\u00e0 abbastanza intenso per gli atleti USC . Una cinquantina saranno al via del cross di \u00a0Camignolo \u00a0seconda prova della coppa Ticino. Un terzetto sar\u00e0 alla\u00a0Maratona di Firenze\u00a0altri tre atleti saranno al via della BaslerStadtlauf.\u00a0 A Camignolo. il furgone parte alle 8.40 dall'Arena\u2026","rel":"","context":"In &quot;Cross&quot;","block_context":{"text":"Cross","link":"https:\/\/uscatletica.ch\/wp\/?cat=7"},"img":{"alt_text":"","src":"https:\/\/i0.wp.com\/uscatletica.ch\/wp\/wp-content\/uploads\/2015\/11\/DSC_3748.jpg?fit=563%2C374&ssl=1&resize=350%2C200","width":350,"height":200,"srcset":"https:\/\/i0.wp.com\/uscatletica.ch\/wp\/wp-content\/uploads\/2015\/11\/DSC_3748.jpg?fit=563%2C374&ssl=1&resize=350%2C200 1x, https:\/\/i0.wp.com\/uscatletica.ch\/wp\/wp-content\/uploads\/2015\/11\/DSC_3748.jpg?fit=563%2C374&ssl=1&resize=525%2C300 1.5x"},"classes":[]}],"_links":{"self":[{"href":"https:\/\/uscatletica.ch\/wp\/index.php?rest_route=\/wp\/v2\/posts\/6961","targetHints":{"allow":["GET"]}}],"collection":[{"href":"https:\/\/uscatletica.ch\/wp\/index.php?rest_route=\/wp\/v2\/posts"}],"about":[{"href":"https:\/\/uscatletica.ch\/wp\/index.php?rest_route=\/wp\/v2\/types\/post"}],"author":[{"embeddable":true,"href":"https:\/\/uscatletica.ch\/wp\/index.php?rest_route=\/wp\/v2\/users\/4"}],"replies":[{"embeddable":true,"href":"https:\/\/uscatletica.ch\/wp\/index.php?rest_route=%2Fwp%2Fv2%2Fcomments&post=6961"}],"version-history":[{"count":2,"href":"https:\/\/uscatletica.ch\/wp\/index.php?rest_route=\/wp\/v2\/posts\/6961\/revisions"}],"predecessor-version":[{"id":6966,"href":"https:\/\/uscatletica.ch\/wp\/index.php?rest_route=\/wp\/v2\/posts\/6961\/revisions\/6966"}],"wp:featuredmedia":[{"embeddable":true,"href":"https:\/\/uscatletica.ch\/wp\/index.php?rest_route=\/wp\/v2\/media\/6962"}],"wp:attachment":[{"href":"https:\/\/uscatletica.ch\/wp\/index.php?rest_route=%2Fwp%2Fv2%2Fmedia&parent=6961"}],"wp:term":[{"taxonomy":"category","embeddable":true,"href":"https:\/\/uscatletica.ch\/wp\/index.php?rest_route=%2Fwp%2Fv2%2Fcategories&post=6961"},{"taxonomy":"post_tag","embeddable":true,"href":"https:\/\/uscatletica.ch\/wp\/index.php?rest_route=%2Fwp%2Fv2%2Ftags&post=6961"}],"curies":[{"name":"wp","href":"https:\/\/api.w.org\/{rel}","templated":true}]}}