{"id":6977,"date":"2018-12-20T09:29:47","date_gmt":"2018-12-20T08:29:47","guid":{"rendered":"http:\/\/uscatletica.ch\/wp\/?p=6977"},"modified":"2018-12-21T06:57:38","modified_gmt":"2018-12-21T05:57:38","slug":"coppa-ticino-di-cross-uscini-brillanti-nella-prima-fase","status":"publish","type":"post","link":"https:\/\/uscatletica.ch\/wp\/?p=6977","title":{"rendered":"Coppa Ticino di cross USCini brillanti nella prima fase"},"content":{"rendered":"\n<p>Domenica a Mendrisio si \u00e8 chiusa la prima parte della coppa Ticino di cross FTAL Laube Greenkey. Nelle prime quattro gare l&#8217;USC ha giocato un ruolo di primo di piano ben 271 i risultati ottenuti con lo storico picco dei 101 atleti nella riuscitissima edizione dle nostro cross di capriaschese di pom. Nella classifica per societ\u00e0 abbiamo gi\u00e0 piazzato un bell&#8217;allungo.&nbsp; A livello individuale quattro atleti dettano il ritmo ed altri sette lottano per un posto sul podio. 82 crossisti + una trentina di U10 e cuccioli hanno preso parte alle gare . <\/p>\n\n\n\n<figure class=\"wp-block-image is-resized\"><img data-recalc-dims=\"1\" loading=\"lazy\" decoding=\"async\" data-attachment-id=\"6978\" data-permalink=\"https:\/\/uscatletica.ch\/wp\/?attachment_id=6978\" data-orig-file=\"https:\/\/i0.wp.com\/uscatletica.ch\/wp\/wp-content\/uploads\/2018\/12\/classificactcross1819iv.jpg?fit=595%2C841&amp;ssl=1\" data-orig-size=\"595,841\" data-comments-opened=\"0\" data-image-meta=\"{&quot;aperture&quot;:&quot;0&quot;,&quot;credit&quot;:&quot;&quot;,&quot;camera&quot;:&quot;&quot;,&quot;caption&quot;:&quot;&quot;,&quot;created_timestamp&quot;:&quot;0&quot;,&quot;copyright&quot;:&quot;&quot;,&quot;focal_length&quot;:&quot;0&quot;,&quot;iso&quot;:&quot;0&quot;,&quot;shutter_speed&quot;:&quot;0&quot;,&quot;title&quot;:&quot;&quot;,&quot;orientation&quot;:&quot;0&quot;}\" data-image-title=\"classificactcross1819iv\" data-image-description=\"\" data-image-caption=\"\" data-large-file=\"https:\/\/i0.wp.com\/uscatletica.ch\/wp\/wp-content\/uploads\/2018\/12\/classificactcross1819iv.jpg?fit=595%2C841&amp;ssl=1\" src=\"https:\/\/i0.wp.com\/uscatletica.ch\/wp\/wp-content\/uploads\/2018\/12\/classificactcross1819iv.jpg?resize=298%2C421&#038;ssl=1\" alt=\"\" class=\"wp-image-6978\" width=\"298\" height=\"421\" srcset=\"https:\/\/i0.wp.com\/uscatletica.ch\/wp\/wp-content\/uploads\/2018\/12\/classificactcross1819iv.jpg?w=595&amp;ssl=1 595w, https:\/\/i0.wp.com\/uscatletica.ch\/wp\/wp-content\/uploads\/2018\/12\/classificactcross1819iv.jpg?resize=212%2C300&amp;ssl=1 212w, https:\/\/i0.wp.com\/uscatletica.ch\/wp\/wp-content\/uploads\/2018\/12\/classificactcross1819iv.jpg?resize=106%2C150&amp;ssl=1 106w\" sizes=\"auto, (max-width: 298px) 100vw, 298px\" \/><\/figure>\n\n\n\n<div class=\"wp-block-file\"><a href=\"https:\/\/uscatletica.ch\/wp\/wp-content\/uploads\/2018\/12\/20181217CTCeamIV.pdf\">La classifica di coppa<\/a><a href=\"https:\/\/uscatletica.ch\/wp\/wp-content\/uploads\/2018\/12\/20181217CTCeamIV.pdf\" class=\"wp-block-file__button\" download>Scarica<\/a><\/div>\n\n\n\n<div class=\"wp-block-file\"><a href=\"https:\/\/uscatletica.ch\/wp\/wp-content\/uploads\/2018\/12\/classificactcross1819iv.pdf\">classificactcross1819iv<\/a><a href=\"https:\/\/uscatletica.ch\/wp\/wp-content\/uploads\/2018\/12\/classificactcross1819iv.pdf\" class=\"wp-block-file__button\" download>Download<\/a><\/div>\n\n\n\n<p>Nella categoria attivi Hassan ha vinto due gare mentre Robi \u00e8 sempre finito sul podio in classifica sono attualmente primi e terzi dietro crescono Marco ed Enea. Tra gli M40 Jonaathan ed Elia dominano con tre vittorie per il nostro commisario tecnico all&#8217;ultimo anno di categoria. Gionata \u00e8 in peina lotta per l&#8217;ultimo posto disponibile sul podio. Tra gli m50 Ralf lotta per il secondo rango. Roby con due vittorie ed un secondo posto guida la classifica pure nel corto.&nbsp; Rachele \u00e8 imbattuta tra le U20 dove&nbsp; Elisa nelle due uscite ha brillato. <\/p>\n\n\n\n<p>Nelle U14 Lea \u00e8 in netto crescendo e si avvicina sempre pi\u00f9 alla vittoria comunque \u00e8 seconda in coppa. Lara Sasselli&nbsp; ammalatasi al momento sbagliato \u00e8 comunque in lotta per un posto a Cortenova&nbsp; sempre presenti anche Selina, Lara G., e Cecilia.&nbsp; Tra gli U16 Ruben \u00e8 secondo in coppa peccato che Florian due volte agli avamposti sia oramai fuori classifica. Tra le ragazze U12 un&#8217;altra bella squadra con Jennis che lotta per il podio ben spalleggiata da Elsa, Olivia S, Olivia O.,Maria Carlotta e Maria Sole.<br><\/p>\n\n\n\n<p>Nella categoria U18 Tommaso, Matilde e Giorgia hanno colto il podio a Tesserete ma sar\u00e0 dura salire sul podio di coppa. Tra le ragazze a gennaio debutter\u00e0&nbsp; Letizia mentre Giulia si \u00e8 gi\u00e0 be difesa. Tra le U16 Federica guida il gruppo seguita da Ilaria, Nina, Maeva e Sophie che formano una bella squadra .&nbsp; Gli U14 Sasha, Miro, Amedeo e gli U12 No\u00e9 e Giona si battono per un posto tra i primi dieci&nbsp; <br><\/p>\n\n\n\n<p> Brave anche le nostre signore Kalinka, Prisca, Sara, Mariachiara, ed i masters John, Pablo, Giancarlo, Luca, Leonida, Matteo ed il presidente.<\/p>\n\n\n\n<p>La coppa Ticino riprender\u00e0 in Gennaio il 12 si correr\u00e0 a Gordola poi ad inizio Febbraio ci sar\u00e0 una settimana di fuoco con il cross di Banco il 3 febbraio e Sabato 9 febbraio i campionati ticinesi a Vezia .<br><\/p>\n\n\n\n<blockquote class=\"wp-block-quote is-layout-flow wp-block-quote-is-layout-flow\"><p>\t\t<br>\t<br>\t<br>\t<br>&nbsp;\t\t\t<br>Comunicato FTAL 17.12.2018-COPPATICINO CROSS LAUBE GREENKEY. <br><strong>AMENDRISIO BIS PER EVELYNE DIETSCHI E ELHOUSINE ELAZZAOUI<\/strong><br>LEST<br>&#8211;<br>Domenicaerano oltre mezzo migliaio gii atleti ospiti dell\u2019atleticamendrisiotto per la quarta tappa della coppa Ticino di cross LaubeGreenkey. In una fredda mattinata il fondo sconnesso del strettocircuito diseganto nel parco Casvegno faticava quasi a contenere ifolti plotoni delle categorie giovanili impegnati in gare veloci ecombattute. USC e Vigor e RCB   hanno vinto tre gare a testa, la SAL ha vinto due gare. Conferme per Evelyne Dietschi e EhlousineElazzaoui nelle categorie Elite . Dieci squadre al vianell\u2019avvincente staffetta finale con la SAL assoluta protagonistacon due vittorie. <br>Laprima parte di coppa Ticino si chiude con la maggior parte deifavoriti che terminano imbattuti. <br>Nellagara maschile tutte le categorie al via sui 4 km Elhousine Elazzaoui(USC) a met\u00e0 gara si \u00e8 involato verso la vittoria staccandoprogressivamente Lukas Oehen (FGM).Terzo Roberto Delorenzi (USC) chesolo all\u2019ultimo giro ha staccato il primo U20 Ismail Sebgatullah(SAL) che chiude il 2018 imbattuto. Andrea Alagona (Triunion) eMattia Verzaroli  (GAB)lo accompagnano sul podio. Tra gli M40 EliaStampanoni approfitta della gara veloce per firmare la prima vittoriastagionale a spese del fratello Jonathan. Giuseppe Gioia prevalenella volata del gruppo inseguitore.  Nelle categorie Masters tris disuccessi per il Runners club Bellinzona  con Enrico Cavadini ,Gaetano Genovese e Katharina Wangler. <br>Nellagara femminile sui 3km Evelyne Dietschi (SAL) si \u00e8 preso involataverso il terzo successo stagionale. Tra le inseguitrici \u00e8 prestoemersa la capriaschese Rachele Botti (USC), vincitrice tra le U20.Emma Lucchina si prende il secondo posto tra le elite davanti allamigliore W40 Manuela Falconi (SFG Biasca), che ottiene il quartosuccesso stagionale. La seconda U20 Chiara Ghielmini (Vigor) eCecilia Conforto-Galli (SAL) terza delle attive completano il gruppodi testa. Tra gli U18 Daniele Romelli sigla il poker davanti adquartetto GAB guidato da Luca Innocenti e Filippo Balestra. <br>Nelcross corto sui 2km  Marco Maffongell (Vigor), reduce da ottimirisultati nelle stracittadine natalizie d\u2019oltre gottardo, regolaRoberto Delonrenzi (USC), serio candidato alla vittoria finale incoppa e Tommaso Marani (SAL). Sulla stessa distanza doppietta Virtuscon Zoe Ranzoni che agilmente domina la gara davanti a CeciliaFerazzini che regola Siria Cariboni. Tra gli U16 tripletta dellaTriunion vince Pietro Ghielmetti davanti a Tristan Knupfer e LucioCattaneo.  <br>Alrientro tra le U16 la Vigor sigla ancora la classica tripletta conGiulia e Sara Salvad\u00e9 davanti a Margherita Croci-Torti. <br>Nellecategorie degli scolari si confermano i leader di coppa Ticino Gioele De Marco (ASM), Benedetta Bettega (SVAM), Tristan Piau (FGM) eTosca Del Siro (GAD)<br>Domenica23 ci sar\u00e0 ancora il classico appuntamento sul lungolago di Asconadove l\u2019USA organizza la corsa da Natal, la coppa Ticino torner\u00e0invece il 12 gennaio con la prova di Gordola prima delle gran finalein sei giorni con il cross di Banco e i Campionati ticinesi di Veziaiil 9 Febbraio.<br>. <br><strong>LeonidaStampanoni<\/strong><br><br><br><br><br><br><br><br><br><br><br><br><br><br><br><br><br><br><br><br><br><\/p><\/blockquote>\n\n\n\n<p><br><\/p>\n","protected":false},"excerpt":{"rendered":"<p>Domenica a Mendrisio si \u00e8 chiusa la prima parte della coppa Ticino di cross FTAL Laube Greenkey. Nelle prime quattro gare l&#8217;USC ha giocato un ruolo di primo di piano ben 271 i risultati ottenuti con lo storico picco dei 101 atleti nella riuscitissima edizione dle nostro cross di capriaschese di pom. Nella classifica per societ\u00e0 abbiamo gi\u00e0 piazzato un bell&#8217;allungo.&nbsp; A livello individuale quattro atleti dettano il ritmo ed altri sette lottano per un&#8230;<\/p>\n","protected":false},"author":4,"featured_media":6910,"comment_status":"closed","ping_status":"closed","sticky":false,"template":"","format":"standard","meta":{"jetpack_post_was_ever_published":false,"_jetpack_newsletter_access":"","_jetpack_dont_email_post_to_subs":false,"_jetpack_newsletter_tier_id":0,"_jetpack_memberships_contains_paywalled_content":false,"_jetpack_memberships_contains_paid_content":false,"footnotes":"","jetpack_publicize_message":"","jetpack_publicize_feature_enabled":true,"jetpack_social_post_already_shared":true,"jetpack_social_options":{"image_generator_settings":{"template":"highway","default_image_id":0,"font":"","enabled":false},"version":2}},"categories":[7,9],"tags":[],"class_list":["post-6977","post","type-post","status-publish","format-standard","has-post-thumbnail","hentry","category-cross","category-sport"],"jetpack_publicize_connections":[],"jetpack_featured_media_url":"https:\/\/i0.wp.com\/uscatletica.ch\/wp\/wp-content\/uploads\/2018\/12\/U20POM181209.jpg?fit=532%2C399&ssl=1","jetpack_sharing_enabled":true,"jetpack_shortlink":"https:\/\/wp.me\/p6V7Ck-1Ox","jetpack-related-posts":[{"id":7011,"url":"https:\/\/uscatletica.ch\/wp\/?p=7011","url_meta":{"origin":6977,"position":0},"title":"La  coppa Ticino riparte dal cross di Gordola","author":"Leonida Stampanoni","date":"11 Gennaio 2019","format":false,"excerpt":"Sabato a Gordola si correr\u00e0 la quinta prova di coppa Ticino, nella prima parte gli atleti USC si sono difesi alla grande una media di una 50ina di partecipanti con lo storico exploit dei 100 arrivati al nostro cross di Pom. Nella classifica di coppa Rachele, Hassan, Jonathan e Roby\u2026","rel":"","context":"In &quot;Cross&quot;","block_context":{"text":"Cross","link":"https:\/\/uscatletica.ch\/wp\/?cat=7"},"img":{"alt_text":"","src":"https:\/\/i0.wp.com\/uscatletica.ch\/wp\/wp-content\/uploads\/2018\/01\/CRO.jpg?fit=532%2C399&ssl=1&resize=350%2C200","width":350,"height":200,"srcset":"https:\/\/i0.wp.com\/uscatletica.ch\/wp\/wp-content\/uploads\/2018\/01\/CRO.jpg?fit=532%2C399&ssl=1&resize=350%2C200 1x, https:\/\/i0.wp.com\/uscatletica.ch\/wp\/wp-content\/uploads\/2018\/01\/CRO.jpg?fit=532%2C399&ssl=1&resize=525%2C300 1.5x"},"classes":[]},{"id":5125,"url":"https:\/\/uscatletica.ch\/wp\/?p=5125","url_meta":{"origin":6977,"position":1},"title":"FESTA DEGLI ATLETI  PREMIAZIONE COPPA TICINO CROSS 2017 CALENDARIO CROSS 2018","author":"Leonida Stampanoni","date":"22 Ottobre 2017","format":false,"excerpt":"Venerdi 17 novembre la FTAL organizza a Tenero la Festa degli atleti, una serata per onorare tutti gli atleti che durante l'anno 2017 si sono distinti nel panorama atletica cantonale, nazionale ed internazionale. Inoltre verranno premiati i protagonisti della Coppa Ticino di cross., Tra i premiati USC\u00a0 ci saranno i\u2026","rel":"","context":"In &quot;Altro&quot;","block_context":{"text":"Altro","link":"https:\/\/uscatletica.ch\/wp\/?cat=11"},"img":{"alt_text":"","src":"https:\/\/i0.wp.com\/uscatletica.ch\/wp\/wp-content\/uploads\/2017\/06\/P1470474.jpg?fit=563%2C422&ssl=1&resize=350%2C200","width":350,"height":200,"srcset":"https:\/\/i0.wp.com\/uscatletica.ch\/wp\/wp-content\/uploads\/2017\/06\/P1470474.jpg?fit=563%2C422&ssl=1&resize=350%2C200 1x, https:\/\/i0.wp.com\/uscatletica.ch\/wp\/wp-content\/uploads\/2017\/06\/P1470474.jpg?fit=563%2C422&ssl=1&resize=525%2C300 1.5x"},"classes":[]},{"id":21540,"url":"https:\/\/uscatletica.ch\/wp\/?p=21540","url_meta":{"origin":6977,"position":2},"title":"SI TORNA A CAMIGNOLO CON LA SECONDA TAPPA DELLA COPPA TICINO","author":"Leonida Stampanoni","date":"29 Novembre 2025","format":false,"excerpt":"La Coppa Ticino di cross FTAL con la seconda tappa ritrover\u00e0 le scuole medie di Camignolo con il classico percorso ricco di saliscendi. Domenica la lunga giornata di gare debutter\u00e0 alle 11 per chiudersi alle 14.05 con la gara \u00e9lite maschile. Una quarantina le attese presenze USC sulla linea di\u2026","rel":"","context":"In &quot;Cross&quot;","block_context":{"text":"Cross","link":"https:\/\/uscatletica.ch\/wp\/?cat=7"},"img":{"alt_text":"","src":"https:\/\/i0.wp.com\/uscatletica.ch\/wp\/wp-content\/uploads\/2025\/09\/20250928stra.jpg?fit=783%2C686&ssl=1&resize=350%2C200","width":350,"height":200,"srcset":"https:\/\/i0.wp.com\/uscatletica.ch\/wp\/wp-content\/uploads\/2025\/09\/20250928stra.jpg?fit=783%2C686&ssl=1&resize=350%2C200 1x, https:\/\/i0.wp.com\/uscatletica.ch\/wp\/wp-content\/uploads\/2025\/09\/20250928stra.jpg?fit=783%2C686&ssl=1&resize=525%2C300 1.5x, https:\/\/i0.wp.com\/uscatletica.ch\/wp\/wp-content\/uploads\/2025\/09\/20250928stra.jpg?fit=783%2C686&ssl=1&resize=700%2C400 2x"},"classes":[]},{"id":6864,"url":"https:\/\/uscatletica.ch\/wp\/?p=6864","url_meta":{"origin":6977,"position":3},"title":"Cross Camignolo Festa Atleti","author":"Leonida Stampanoni","date":"23 Novembre 2018","format":false,"excerpt":"Sar\u00e0 un sabato intenso per gli USCini si comincia sabato mattina con il cross di Camignolo seconda prova della coppa Ticino con una cinquantina di capriaschesi. In serata a Tenero alla Festa degli atleti agli onori balzeranno i protagonisti della coppa 2018, l'USC intera Jonathan, Ralf, Rachele, Marco, Davide, Elia,\u2026","rel":"","context":"In &quot;Cross&quot;","block_context":{"text":"Cross","link":"https:\/\/uscatletica.ch\/wp\/?cat=7"},"img":{"alt_text":"","src":"https:\/\/i0.wp.com\/uscatletica.ch\/wp\/wp-content\/uploads\/2018\/01\/CRO.jpg?fit=532%2C399&ssl=1&resize=350%2C200","width":350,"height":200,"srcset":"https:\/\/i0.wp.com\/uscatletica.ch\/wp\/wp-content\/uploads\/2018\/01\/CRO.jpg?fit=532%2C399&ssl=1&resize=350%2C200 1x, https:\/\/i0.wp.com\/uscatletica.ch\/wp\/wp-content\/uploads\/2018\/01\/CRO.jpg?fit=532%2C399&ssl=1&resize=525%2C300 1.5x"},"classes":[]},{"id":13863,"url":"https:\/\/uscatletica.ch\/wp\/?p=13863","url_meta":{"origin":6977,"position":4},"title":"LA STAGIONE DEI CROSS PARTE DAL MONTECENERI","author":"Leonida Stampanoni","date":"12 Novembre 2021","format":false,"excerpt":"La Coppa Ticino di cross partir\u00e0 sabato, dopo un'anno di pausa, con una novit\u00e0 : la prima tappa sar\u00e0 al Monteceneri e non a Dongio. Sul nuovo percorso allo stand del Monteceneri al via ci saranno una cinquantina di atlete ed atleti USC. L'inizio di stagione sar\u00e0 decisamente intenso con\u2026","rel":"","context":"In &quot;Cross&quot;","block_context":{"text":"Cross","link":"https:\/\/uscatletica.ch\/wp\/?cat=7"},"img":{"alt_text":"","src":"https:\/\/i0.wp.com\/uscatletica.ch\/wp\/wp-content\/uploads\/2019\/02\/P1010344.jpg?fit=1024%2C768&ssl=1&resize=350%2C200","width":350,"height":200,"srcset":"https:\/\/i0.wp.com\/uscatletica.ch\/wp\/wp-content\/uploads\/2019\/02\/P1010344.jpg?fit=1024%2C768&ssl=1&resize=350%2C200 1x, https:\/\/i0.wp.com\/uscatletica.ch\/wp\/wp-content\/uploads\/2019\/02\/P1010344.jpg?fit=1024%2C768&ssl=1&resize=525%2C300 1.5x, https:\/\/i0.wp.com\/uscatletica.ch\/wp\/wp-content\/uploads\/2019\/02\/P1010344.jpg?fit=1024%2C768&ssl=1&resize=700%2C400 2x"},"classes":[]},{"id":3117,"url":"https:\/\/uscatletica.ch\/wp\/?p=3117","url_meta":{"origin":6977,"position":5},"title":"Cross Camignolo Maratona di Firenze Baslerstadlauf","author":"Leonida Stampanoni","date":"25 Novembre 2016","format":false,"excerpt":"L'ultimo fine settimana del mese di novembre sar\u00e0 abbastanza intenso per gli atleti USC . Una cinquantina saranno al via del cross di \u00a0Camignolo \u00a0seconda prova della coppa Ticino. Un terzetto sar\u00e0 alla\u00a0Maratona di Firenze\u00a0altri tre atleti saranno al via della BaslerStadtlauf.\u00a0 A Camignolo. il furgone parte alle 8.40 dall'Arena\u2026","rel":"","context":"In &quot;Cross&quot;","block_context":{"text":"Cross","link":"https:\/\/uscatletica.ch\/wp\/?cat=7"},"img":{"alt_text":"","src":"https:\/\/i0.wp.com\/uscatletica.ch\/wp\/wp-content\/uploads\/2015\/11\/DSC_3748.jpg?fit=563%2C374&ssl=1&resize=350%2C200","width":350,"height":200,"srcset":"https:\/\/i0.wp.com\/uscatletica.ch\/wp\/wp-content\/uploads\/2015\/11\/DSC_3748.jpg?fit=563%2C374&ssl=1&resize=350%2C200 1x, https:\/\/i0.wp.com\/uscatletica.ch\/wp\/wp-content\/uploads\/2015\/11\/DSC_3748.jpg?fit=563%2C374&ssl=1&resize=525%2C300 1.5x"},"classes":[]}],"_links":{"self":[{"href":"https:\/\/uscatletica.ch\/wp\/index.php?rest_route=\/wp\/v2\/posts\/6977","targetHints":{"allow":["GET"]}}],"collection":[{"href":"https:\/\/uscatletica.ch\/wp\/index.php?rest_route=\/wp\/v2\/posts"}],"about":[{"href":"https:\/\/uscatletica.ch\/wp\/index.php?rest_route=\/wp\/v2\/types\/post"}],"author":[{"embeddable":true,"href":"https:\/\/uscatletica.ch\/wp\/index.php?rest_route=\/wp\/v2\/users\/4"}],"replies":[{"embeddable":true,"href":"https:\/\/uscatletica.ch\/wp\/index.php?rest_route=%2Fwp%2Fv2%2Fcomments&post=6977"}],"version-history":[{"count":2,"href":"https:\/\/uscatletica.ch\/wp\/index.php?rest_route=\/wp\/v2\/posts\/6977\/revisions"}],"predecessor-version":[{"id":6983,"href":"https:\/\/uscatletica.ch\/wp\/index.php?rest_route=\/wp\/v2\/posts\/6977\/revisions\/6983"}],"wp:featuredmedia":[{"embeddable":true,"href":"https:\/\/uscatletica.ch\/wp\/index.php?rest_route=\/wp\/v2\/media\/6910"}],"wp:attachment":[{"href":"https:\/\/uscatletica.ch\/wp\/index.php?rest_route=%2Fwp%2Fv2%2Fmedia&parent=6977"}],"wp:term":[{"taxonomy":"category","embeddable":true,"href":"https:\/\/uscatletica.ch\/wp\/index.php?rest_route=%2Fwp%2Fv2%2Fcategories&post=6977"},{"taxonomy":"post_tag","embeddable":true,"href":"https:\/\/uscatletica.ch\/wp\/index.php?rest_route=%2Fwp%2Fv2%2Ftags&post=6977"}],"curies":[{"name":"wp","href":"https:\/\/api.w.org\/{rel}","templated":true}]}}