{"id":7005,"date":"2019-01-08T01:19:48","date_gmt":"2019-01-08T00:19:48","guid":{"rendered":"http:\/\/uscatletica.ch\/wp\/?p=7005"},"modified":"2019-02-03T15:12:17","modified_gmt":"2019-02-03T14:12:17","slug":"cross-coppa-ticino-ftal-laube-greenkey-stagione-2018-2019-cross-gordola","status":"publish","type":"post","link":"https:\/\/uscatletica.ch\/wp\/?p=7005","title":{"rendered":"Cross Coppa Ticino FTAL Laube Greenkey stagione 2018-2019 (Cross Vezia Campionati ticinesi )"},"content":{"rendered":"\n<h2 class=\"wp-block-heading\">CAMPIONATI TICINESI DI CROSS VEZIA COPPA TICINO VII Prova valida cross cup Swiss Athletics<br><\/h2>\n\n\n\n<p>Ultima prova di coppa Ticino e campionato ticinese di cross alla monda di Vezia nuovo percorso <\/p>\n\n\n\n<div class=\"wp-block-file\"><a href=\"https:\/\/uscatletica.ch\/wp\/wp-content\/uploads\/2019\/01\/20190209ProgrammaSAMCross.pdf\">20190209ProgrammaSAMCross<\/a><a href=\"https:\/\/uscatletica.ch\/wp\/wp-content\/uploads\/2019\/01\/20190209ProgrammaSAMCross.pdf\" class=\"wp-block-file__button\" download>Scarica<\/a><\/div>\n\n\n\n<figure class=\"wp-block-image\"><img data-recalc-dims=\"1\" loading=\"lazy\" decoding=\"async\" width=\"595\" height=\"841\" data-attachment-id=\"7172\" data-permalink=\"https:\/\/uscatletica.ch\/wp\/?attachment_id=7172\" data-orig-file=\"https:\/\/i0.wp.com\/uscatletica.ch\/wp\/wp-content\/uploads\/2019\/01\/Crossctsamsito.jpg?fit=595%2C841&amp;ssl=1\" data-orig-size=\"595,841\" data-comments-opened=\"0\" data-image-meta=\"{&quot;aperture&quot;:&quot;0&quot;,&quot;credit&quot;:&quot;&quot;,&quot;camera&quot;:&quot;&quot;,&quot;caption&quot;:&quot;&quot;,&quot;created_timestamp&quot;:&quot;0&quot;,&quot;copyright&quot;:&quot;&quot;,&quot;focal_length&quot;:&quot;0&quot;,&quot;iso&quot;:&quot;0&quot;,&quot;shutter_speed&quot;:&quot;0&quot;,&quot;title&quot;:&quot;&quot;,&quot;orientation&quot;:&quot;0&quot;}\" data-image-title=\"Crossctsamsito\" data-image-description=\"\" data-image-caption=\"\" data-large-file=\"https:\/\/i0.wp.com\/uscatletica.ch\/wp\/wp-content\/uploads\/2019\/01\/Crossctsamsito.jpg?fit=595%2C841&amp;ssl=1\" src=\"https:\/\/i0.wp.com\/uscatletica.ch\/wp\/wp-content\/uploads\/2019\/01\/Crossctsamsito.jpg?resize=595%2C841&#038;ssl=1\" alt=\"\" class=\"wp-image-7172\" srcset=\"https:\/\/i0.wp.com\/uscatletica.ch\/wp\/wp-content\/uploads\/2019\/01\/Crossctsamsito.jpg?w=595&amp;ssl=1 595w, https:\/\/i0.wp.com\/uscatletica.ch\/wp\/wp-content\/uploads\/2019\/01\/Crossctsamsito.jpg?resize=212%2C300&amp;ssl=1 212w\" sizes=\"auto, (max-width: 595px) 100vw, 595px\" \/><\/figure>\n\n\n\n<h2 class=\"wp-block-heading\"><a rel=\"noreferrer noopener\" aria-label=\"Cross Banco VI COPPA TICINO CROSS (opens in a new tab)\" href=\"https:\/\/uscatletica.ch\/wp\/wp-content\/uploads\/2019\/01\/Crosssitofgm.pdf\" target=\"_blank\">Cross Banco VI COPPA TICINO CROSS ANNULLATA<\/a><\/h2>\n\n\n\n<figure class=\"wp-block-image is-resized\"><a href=\"https:\/\/uscatletica.ch\/wp\/wp-content\/uploads\/2019\/01\/Crosssitofgm.pdf\"><img data-recalc-dims=\"1\" loading=\"lazy\" decoding=\"async\" data-attachment-id=\"7154\" data-permalink=\"https:\/\/uscatletica.ch\/wp\/?attachment_id=7154\" data-orig-file=\"https:\/\/i0.wp.com\/uscatletica.ch\/wp\/wp-content\/uploads\/2019\/01\/Crosssitofgm.jpg?fit=595%2C841&amp;ssl=1\" data-orig-size=\"595,841\" data-comments-opened=\"0\" data-image-meta=\"{&quot;aperture&quot;:&quot;0&quot;,&quot;credit&quot;:&quot;&quot;,&quot;camera&quot;:&quot;&quot;,&quot;caption&quot;:&quot;&quot;,&quot;created_timestamp&quot;:&quot;0&quot;,&quot;copyright&quot;:&quot;&quot;,&quot;focal_length&quot;:&quot;0&quot;,&quot;iso&quot;:&quot;0&quot;,&quot;shutter_speed&quot;:&quot;0&quot;,&quot;title&quot;:&quot;&quot;,&quot;orientation&quot;:&quot;0&quot;}\" data-image-title=\"Crosssitofgm\" data-image-description=\"\" data-image-caption=\"\" data-large-file=\"https:\/\/i0.wp.com\/uscatletica.ch\/wp\/wp-content\/uploads\/2019\/01\/Crosssitofgm.jpg?fit=595%2C841&amp;ssl=1\" src=\"https:\/\/i0.wp.com\/uscatletica.ch\/wp\/wp-content\/uploads\/2019\/01\/Crosssitofgm.jpg?resize=149%2C210&#038;ssl=1\" alt=\"\" class=\"wp-image-7154\" width=\"149\" height=\"210\" srcset=\"https:\/\/i0.wp.com\/uscatletica.ch\/wp\/wp-content\/uploads\/2019\/01\/Crosssitofgm.jpg?w=595&amp;ssl=1 595w, https:\/\/i0.wp.com\/uscatletica.ch\/wp\/wp-content\/uploads\/2019\/01\/Crosssitofgm.jpg?resize=212%2C300&amp;ssl=1 212w\" sizes=\"auto, (max-width: 149px) 100vw, 149px\" \/><\/a><\/figure>\n\n\n\n<p> <\/p>\n\n\n\n<h2 class=\"wp-block-heading\"><a href=\"https:\/\/uscatletica.ch\/wp\/wp-content\/uploads\/2019\/01\/Crosssitofgm.pdf\" target=\"_blank\" rel=\"noreferrer noopener\" aria-label=\"CLASSIFICHE COPPA TICINO (opens in a new tab)\">CLASSIFICHE COPPA TICINO<\/a><\/h2>\n\n\n\n<p>Cross Banco \u2013 3 febbraio 2019\n<\/p>\n\n\n\n<p>Quinto cross della stagione 2019, invitiamo tutti gli interessati ad iscriversi presso i propri monitori o\ncomunicarlo via mail entro marted\u00ec 29 gennaio alle 21:00, a info@uscatletica.ch.<br>\n<strong>Per partecipare alle gare \u00e8 necessaria la divisa USC!\n<\/strong><\/p>\n\n\n\n<p><strong>Chi ha bisogno di un passaggio con il furgone \u00e8 pregato di annunciarsi comunicando a\nAnna 0786325115 o Jonathan o via mail a <\/strong><strong>brighela.USC@gmail.com<br>\n<\/strong>Ritrovo Arena Capriasca alle ore 8:30, rientro ore 14.30irca.<br>\n<strong>Chi va autonomamente deve essere <\/strong><strong>sul posto almeno un\u2019ora prima <\/strong><strong>dell\u2019inizio della gara.\nVista la stagione invitiamo tutti a vestirsi adeguatamente e portare il necessario per\ncambiarsi, <\/strong>assolutamente da non dimenticare la <strong>maglietta USC <\/strong>e una sana voglia di divertirsi\ncorrendo. Ciao e &#8230; a domenica. I vostri monitori\n<\/p>\n\n\n\n<p><strong>Prossimi appuntamenti:\n<\/strong><\/p>\n\n\n\n<p><strong>Cross Vezia sabato 9 febbraio\n<\/strong><\/p>\n\n\n\n<p>info su www.uscatletica.ch\n<\/p>\n\n\n\n<p>\n\n\t\n\t\t\n\t\tCross\n\t\n\t\n\t\t\n\t\t\t\n\t\t\t\t\n\t\t\t\t\t<\/p>\n\n\n\n<figure class=\"wp-block-image is-resized\"><img data-recalc-dims=\"1\" loading=\"lazy\" decoding=\"async\" data-attachment-id=\"7007\" data-permalink=\"https:\/\/uscatletica.ch\/wp\/?attachment_id=7007\" data-orig-file=\"https:\/\/i0.wp.com\/uscatletica.ch\/wp\/wp-content\/uploads\/2019\/01\/Crosssitosag2019.jpg?fit=595%2C841&amp;ssl=1\" data-orig-size=\"595,841\" data-comments-opened=\"0\" data-image-meta=\"{&quot;aperture&quot;:&quot;0&quot;,&quot;credit&quot;:&quot;&quot;,&quot;camera&quot;:&quot;&quot;,&quot;caption&quot;:&quot;&quot;,&quot;created_timestamp&quot;:&quot;0&quot;,&quot;copyright&quot;:&quot;&quot;,&quot;focal_length&quot;:&quot;0&quot;,&quot;iso&quot;:&quot;0&quot;,&quot;shutter_speed&quot;:&quot;0&quot;,&quot;title&quot;:&quot;&quot;,&quot;orientation&quot;:&quot;0&quot;}\" data-image-title=\"Crosssitosag2019\" data-image-description=\"\" data-image-caption=\"\" data-large-file=\"https:\/\/i0.wp.com\/uscatletica.ch\/wp\/wp-content\/uploads\/2019\/01\/Crosssitosag2019.jpg?fit=595%2C841&amp;ssl=1\" src=\"https:\/\/i0.wp.com\/uscatletica.ch\/wp\/wp-content\/uploads\/2019\/01\/Crosssitosag2019.jpg?resize=149%2C210&#038;ssl=1\" alt=\"\" class=\"wp-image-7007\" width=\"149\" height=\"210\" srcset=\"https:\/\/i0.wp.com\/uscatletica.ch\/wp\/wp-content\/uploads\/2019\/01\/Crosssitosag2019.jpg?w=595&amp;ssl=1 595w, https:\/\/i0.wp.com\/uscatletica.ch\/wp\/wp-content\/uploads\/2019\/01\/Crosssitosag2019.jpg?resize=212%2C300&amp;ssl=1 212w, https:\/\/i0.wp.com\/uscatletica.ch\/wp\/wp-content\/uploads\/2019\/01\/Crosssitosag2019.jpg?resize=106%2C150&amp;ssl=1 106w\" sizes=\"auto, (max-width: 149px) 100vw, 149px\" \/><\/figure>\n\n\n\n<p>Cross Gordola \u2013 12 gennaio 2019\n<\/p>\n\n\n\n<p>Quinto cross della stagione 2019, invitiamo tutti gli interessati ad iscriversi presso i propri monitori o\ncomunicarlo via mail entro marted\u00ec 8 gennaio alle 21:00, o a info@uscatletica.ch.<br>\n<strong>Per partecipare alle gare \u00e8 necessaria la divisa USC!\n<\/strong><\/p>\n\n\n\n<p><strong>Chi ha bisogno di un passaggio con il furgone \u00e8 pregato di annunciarsi comunicando a\nAnna 0786325115 o Jonathan o via mail a <\/strong><strong>brighela.USC@gmail.com<br>\n<\/strong>Ritrovo Arena Capriasca alle ore 10:15, rientro ore 16.15 circa.<br>\n<strong>Chi va autonomamente deve essere <\/strong><strong>sul posto almeno un\u2019ora prima <\/strong><strong>dell\u2019inizio della gara.\nVista la stagione invitiamo tutti a vestirsi adeguatamente e portare il necessario per\ncambiarsi, <\/strong>assolutamente da non dimenticare la <strong>maglietta USC <\/strong>e una sana voglia di divertirsi\n<\/p>\n\n\n\n<p>correndo.\n<\/p>\n\n\n\n<p><strong>Prossimi appuntamenti:\n<\/strong><\/p>\n\n\n\n<p><strong>Cross Banco\nCross Vezia\n<\/strong><\/p>\n\n\n\n<p>24.11.2018 Cross Camignolo CTC II (<a href=\"https:\/\/www.endu.net\/search#\/events\/ct%20cross),\" target=\"_blank\" rel=\"noreferrer noopener\">ENDU.NET)&nbsp;<\/a><a href=\"https:\/\/uscatletica.ch\/wp\/wp-content\/uploads\/2018\/10\/programmaCTCASMcross2018.pdf\">programma<\/a><\/p>\n\n\n\n<p>09.12.2018 Cross di pom III (<a href=\"https:\/\/www.endu.net\/search#\/events\/ct%20cross),\" target=\"_blank\" rel=\"noreferrer noopener\">ENDU.NET)<\/a><\/p>\n\n\n\n<p>16.12.2018 Cross Mendrisio CTC IV (<a href=\"https:\/\/www.endu.net\/search#\/events\/ct%20cross),\" target=\"_blank\" rel=\"noreferrer noopener\">ENDU.NET)<\/a><\/p>\n\n\n\n<p>12.01.2019 Cross Gordola CTC V&nbsp; (<a href=\"https:\/\/www.endu.net\/search#\/events\/ct%20cross),\" target=\"_blank\" rel=\"noreferrer noopener\">ENDU.NET)<\/a><\/p>\n\n\n\n<p>3.02.2019 Cross Banco&nbsp; CTC VI(<a href=\"https:\/\/www.endu.net\/search#\/events\/ct%20cross),\" target=\"_blank\" rel=\"noreferrer noopener\">ENDU.NET)<\/a><\/p>\n\n\n\n<p>09.02.2019 Campionati ticinesi Cross Vezia CTC VII (<a href=\"https:\/\/www.endu.net\/search#\/events\/ct%20cross),\" target=\"_blank\" rel=\"noreferrer noopener\">ENDU.NET)<\/a><\/p>\n\n\n\n<p>17.02.2019 Cross Al\u00e0 dei Sardi Selezione Ticino U18-U20<\/p>\n\n\n\n<p>10.3.2019 Campionati svizzeri di Cross Chailly sur Montreux<\/p>\n\n\n\n<p> 17.3.2019 Cross delle selezioni Cortenova U14-U16<\/p>\n\n\n\n<p>Ciao e &#8230; a sabato. I vostri monitori\n<\/p>\n\n\n\n<p><strong>domenica 3 febbraio\nsabato 9 febbraio\n<\/strong><\/p>\n","protected":false},"excerpt":{"rendered":"<p>CAMPIONATI TICINESI DI CROSS VEZIA COPPA TICINO VII Prova valida cross cup Swiss Athletics Ultima prova di coppa Ticino e campionato ticinese di cross alla monda di Vezia nuovo percorso Cross Banco VI COPPA TICINO CROSS ANNULLATA CLASSIFICHE COPPA TICINO Cross Banco \u2013 3 febbraio 2019 Quinto cross della stagione 2019, invitiamo tutti gli interessati ad iscriversi presso i propri monitori o comunicarlo via mail entro marted\u00ec 29 gennaio alle 21:00, a info@uscatletica.ch. Per partecipare&#8230;<\/p>\n","protected":false},"author":4,"featured_media":6993,"comment_status":"closed","ping_status":"closed","sticky":false,"template":"","format":"standard","meta":{"jetpack_post_was_ever_published":false,"_jetpack_newsletter_access":"","_jetpack_dont_email_post_to_subs":false,"_jetpack_newsletter_tier_id":0,"_jetpack_memberships_contains_paywalled_content":false,"_jetpack_memberships_contains_paid_content":false,"footnotes":"","jetpack_publicize_message":"","jetpack_publicize_feature_enabled":true,"jetpack_social_post_already_shared":true,"jetpack_social_options":{"image_generator_settings":{"template":"highway","default_image_id":0,"font":"","enabled":false},"version":2}},"categories":[7,10,9],"tags":[],"class_list":["post-7005","post","type-post","status-publish","format-standard","has-post-thumbnail","hentry","category-cross","category-info","category-sport"],"jetpack_publicize_connections":[],"jetpack_featured_media_url":"https:\/\/i0.wp.com\/uscatletica.ch\/wp\/wp-content\/uploads\/2018\/12\/sstef2019usc.jpg?fit=532%2C399&ssl=1","jetpack_sharing_enabled":true,"jetpack_shortlink":"https:\/\/wp.me\/p6V7Ck-1OZ","jetpack-related-posts":[{"id":5404,"url":"https:\/\/uscatletica.ch\/wp\/?p=5404","url_meta":{"origin":7005,"position":0},"title":"COPPA TICINO CROSS CLASSIFICA FINALE CAMPIONATI TICINESI DI CROSS Banco","author":"Leonida Stampanoni","date":"6 Gennaio 2018","format":false,"excerpt":"COPPA TICINO CROSS FTAL 2017-2018\u00a0 Laube -Greenkey \u00a0 La coppa Ticino 2017-2018\u00a0 patrocinata dalla FTAL\u00a0 avr\u00e0 iscrizioni e classifiche gestita per la prima volta da Mysdam tramite il portale \u00a0 Endu.net.\u00a0\u00a0 3 Marzo CAMPIONATI SVIZZERI DI CROSS GENEVE CLASSIFICHE FINALI COPPA TICINO CROSS Classifica finale coppa Ticino FTAL CAMPIONATI TICINESI\u2026","rel":"","context":"In &quot;Altro&quot;","block_context":{"text":"Altro","link":"https:\/\/uscatletica.ch\/wp\/?cat=11"},"img":{"alt_text":"","src":"https:\/\/i0.wp.com\/uscatletica.ch\/wp\/wp-content\/uploads\/2017\/12\/podiocrosspom1712m40.jpg?fit=532%2C399&ssl=1&resize=350%2C200","width":350,"height":200,"srcset":"https:\/\/i0.wp.com\/uscatletica.ch\/wp\/wp-content\/uploads\/2017\/12\/podiocrosspom1712m40.jpg?fit=532%2C399&ssl=1&resize=350%2C200 1x, https:\/\/i0.wp.com\/uscatletica.ch\/wp\/wp-content\/uploads\/2017\/12\/podiocrosspom1712m40.jpg?fit=532%2C399&ssl=1&resize=525%2C300 1.5x"},"classes":[]},{"id":3047,"url":"https:\/\/uscatletica.ch\/wp\/?p=3047","url_meta":{"origin":7005,"position":1},"title":"Coppa Ticino di cross si parte da Dongio","author":"Leonida Stampanoni","date":"12 Novembre 2016","format":false,"excerpt":"Domenica \u00a0a Dongio partir\u00e0 la stagione 2016 - 2017 di cross con la prima prova di coppa Ticino. \u00a0Le corse campestri sono da sempre la specialit\u00e0 di predilezione dell'USC che nel passato ha portato alla selezione dei campionati europei U20 per Giorgio Pongelli, ai mondiali universitari e militari per Jonathan\u2026","rel":"","context":"In &quot;Cross&quot;","block_context":{"text":"Cross","link":"https:\/\/uscatletica.ch\/wp\/?cat=7"},"img":{"alt_text":"","src":"https:\/\/i0.wp.com\/uscatletica.ch\/wp\/wp-content\/uploads\/2015\/11\/P1110871.jpg?fit=563%2C422&ssl=1&resize=350%2C200","width":350,"height":200,"srcset":"https:\/\/i0.wp.com\/uscatletica.ch\/wp\/wp-content\/uploads\/2015\/11\/P1110871.jpg?fit=563%2C422&ssl=1&resize=350%2C200 1x, https:\/\/i0.wp.com\/uscatletica.ch\/wp\/wp-content\/uploads\/2015\/11\/P1110871.jpg?fit=563%2C422&ssl=1&resize=525%2C300 1.5x"},"classes":[]},{"id":5474,"url":"https:\/\/uscatletica.ch\/wp\/?p=5474","url_meta":{"origin":7005,"position":2},"title":"Vezia","author":"Leonida Stampanoni","date":"25 Gennaio 2018","format":false,"excerpt":"La coppa Ticino di cross FTAL Laube Greenkey vivr\u00e0 sabato a Vezia la quinta tappa.\u00a0 La gara organizzata dalla SAM sar\u00e0 la sola tappa ticinese della cross cup di Swiss Athletics che conta 12 prove.\u00a0 L'USC, che \u00e8 vicina a vincere per la 18 volta la classifica per societ\u00e0, sar\u00e0\u2026","rel":"","context":"In &quot;Cross&quot;","block_context":{"text":"Cross","link":"https:\/\/uscatletica.ch\/wp\/?cat=7"},"img":{"alt_text":"","src":"https:\/\/i0.wp.com\/uscatletica.ch\/wp\/wp-content\/uploads\/2017\/12\/crosspom201712b.jpg?fit=532%2C399&ssl=1&resize=350%2C200","width":350,"height":200,"srcset":"https:\/\/i0.wp.com\/uscatletica.ch\/wp\/wp-content\/uploads\/2017\/12\/crosspom201712b.jpg?fit=532%2C399&ssl=1&resize=350%2C200 1x, https:\/\/i0.wp.com\/uscatletica.ch\/wp\/wp-content\/uploads\/2017\/12\/crosspom201712b.jpg?fit=532%2C399&ssl=1&resize=525%2C300 1.5x"},"classes":[]},{"id":9404,"url":"https:\/\/uscatletica.ch\/wp\/?p=9404","url_meta":{"origin":7005,"position":3},"title":"COPPA TICINO CROSS CALENDARIO INFO  CROSS CAMPIONATI TICINESI","author":"Leonida Stampanoni","date":"4 Novembre 2019","format":false,"excerpt":"Sabato \u00a001.02.2020 Campionati Ticinesi di Cross Camignolo Crossct2020usc Sabato \u00a025.01.2020 Cross Vezia\u00a0 CrossVI2020USC Sabato 11.01.2020 Cross Gordola Sabato 14.12.2019 Cross Moghegno CrossmoghegnoUSC19 Domenica 01.12.2019 Cross Mendrisio\u00a0 Iscrizioni entro mercoled\u00ec 27 novembre 2019 \u00a0ore 21.00\u00a0 Locandina Cross Mendrisio Domenica 10.11.2019 Cross Dongio Locandina cross Dongio Iscrizioni entro mercoled\u00ec 6 novembre 2019\u2026","rel":"","context":"In &quot;Cross&quot;","block_context":{"text":"Cross","link":"https:\/\/uscatletica.ch\/wp\/?cat=7"},"img":{"alt_text":"","src":"https:\/\/i0.wp.com\/uscatletica.ch\/wp\/wp-content\/uploads\/2019\/02\/P1010343.jpg?fit=1024%2C768&ssl=1&resize=350%2C200","width":350,"height":200,"srcset":"https:\/\/i0.wp.com\/uscatletica.ch\/wp\/wp-content\/uploads\/2019\/02\/P1010343.jpg?fit=1024%2C768&ssl=1&resize=350%2C200 1x, https:\/\/i0.wp.com\/uscatletica.ch\/wp\/wp-content\/uploads\/2019\/02\/P1010343.jpg?fit=1024%2C768&ssl=1&resize=525%2C300 1.5x, https:\/\/i0.wp.com\/uscatletica.ch\/wp\/wp-content\/uploads\/2019\/02\/P1010343.jpg?fit=1024%2C768&ssl=1&resize=700%2C400 2x"},"classes":[]},{"id":5163,"url":"https:\/\/uscatletica.ch\/wp\/?p=5163","url_meta":{"origin":7005,"position":4},"title":"COPPA TICINO CROSS le classifiche dopo tre gare prima parte","author":"Leonida Stampanoni","date":"6 Novembre 2017","format":false,"excerpt":"COPPA TICINO CROSS FTAL 2017-2018\u00a0 Laube -Greenkey \u00a0 La coppa Ticino 2017-2018\u00a0 patrocinata dalla FTAL\u00a0 avr\u00e0 iscrizioni e classifiche gestita per la prima volta da Mysdam tramite il portale \u00a0 Endu.net.\u00a0\u00a0 CLASSIFICHE COPPA TICINO DOPO LE PRIME TRE PROVE Classifica individuale Classifica Societa CROSS DI POM CAPRIASCA Domenica 3 Dicembre\u2026","rel":"","context":"In &quot;Cross&quot;","block_context":{"text":"Cross","link":"https:\/\/uscatletica.ch\/wp\/?cat=7"},"img":{"alt_text":"","src":"https:\/\/i0.wp.com\/uscatletica.ch\/wp\/wp-content\/uploads\/2017\/03\/P1450159.jpg?fit=563%2C422&ssl=1&resize=350%2C200","width":350,"height":200,"srcset":"https:\/\/i0.wp.com\/uscatletica.ch\/wp\/wp-content\/uploads\/2017\/03\/P1450159.jpg?fit=563%2C422&ssl=1&resize=350%2C200 1x, https:\/\/i0.wp.com\/uscatletica.ch\/wp\/wp-content\/uploads\/2017\/03\/P1450159.jpg?fit=563%2C422&ssl=1&resize=525%2C300 1.5x"},"classes":[]},{"id":18838,"url":"https:\/\/uscatletica.ch\/wp\/?p=18838","url_meta":{"origin":7005,"position":5},"title":"A MENDRISIO I CAMPIONATI TICINESI DI CROSS","author":"Leonida Stampanoni","date":"3 Febbraio 2024","format":false,"excerpt":"I\u00a0Campionati ticinesi di cross si correranno a Mendrisio,\u00a0uno\u00a0degli appuntamenti classici della stagione cantonale. La prova mom\u00f2 sar\u00e0 anche la\u00a0sesta\u00a0tappa della coppa Ticino di cross FTAL AET.\u00a0Lo\u00a0scorso anno a Vezia Robi vinse il titolo, \u00a0cos\u00ec come\u00a0l\u2019anno prima a Moghegno dove\u00a0vinsepure Letizia. Sui prati di\u00a0Casvegno,\u00a0dove per l\u2019occasione l\u2019atletica Mendrisiotto ha disegnato circuiti\u2026","rel":"","context":"In &quot;Cross&quot;","block_context":{"text":"Cross","link":"https:\/\/uscatletica.ch\/wp\/?cat=7"},"img":{"alt_text":"","src":"https:\/\/i0.wp.com\/uscatletica.ch\/wp\/wp-content\/uploads\/2017\/03\/P1450274.jpg?fit=563%2C751&ssl=1&resize=350%2C200","width":350,"height":200,"srcset":"https:\/\/i0.wp.com\/uscatletica.ch\/wp\/wp-content\/uploads\/2017\/03\/P1450274.jpg?fit=563%2C751&ssl=1&resize=350%2C200 1x, https:\/\/i0.wp.com\/uscatletica.ch\/wp\/wp-content\/uploads\/2017\/03\/P1450274.jpg?fit=563%2C751&ssl=1&resize=525%2C300 1.5x"},"classes":[]}],"_links":{"self":[{"href":"https:\/\/uscatletica.ch\/wp\/index.php?rest_route=\/wp\/v2\/posts\/7005","targetHints":{"allow":["GET"]}}],"collection":[{"href":"https:\/\/uscatletica.ch\/wp\/index.php?rest_route=\/wp\/v2\/posts"}],"about":[{"href":"https:\/\/uscatletica.ch\/wp\/index.php?rest_route=\/wp\/v2\/types\/post"}],"author":[{"embeddable":true,"href":"https:\/\/uscatletica.ch\/wp\/index.php?rest_route=\/wp\/v2\/users\/4"}],"replies":[{"embeddable":true,"href":"https:\/\/uscatletica.ch\/wp\/index.php?rest_route=%2Fwp%2Fv2%2Fcomments&post=7005"}],"version-history":[{"count":6,"href":"https:\/\/uscatletica.ch\/wp\/index.php?rest_route=\/wp\/v2\/posts\/7005\/revisions"}],"predecessor-version":[{"id":7177,"href":"https:\/\/uscatletica.ch\/wp\/index.php?rest_route=\/wp\/v2\/posts\/7005\/revisions\/7177"}],"wp:featuredmedia":[{"embeddable":true,"href":"https:\/\/uscatletica.ch\/wp\/index.php?rest_route=\/wp\/v2\/media\/6993"}],"wp:attachment":[{"href":"https:\/\/uscatletica.ch\/wp\/index.php?rest_route=%2Fwp%2Fv2%2Fmedia&parent=7005"}],"wp:term":[{"taxonomy":"category","embeddable":true,"href":"https:\/\/uscatletica.ch\/wp\/index.php?rest_route=%2Fwp%2Fv2%2Fcategories&post=7005"},{"taxonomy":"post_tag","embeddable":true,"href":"https:\/\/uscatletica.ch\/wp\/index.php?rest_route=%2Fwp%2Fv2%2Ftags&post=7005"}],"curies":[{"name":"wp","href":"https:\/\/api.w.org\/{rel}","templated":true}]}}