{"id":7011,"date":"2019-01-11T17:25:12","date_gmt":"2019-01-11T16:25:12","guid":{"rendered":"http:\/\/uscatletica.ch\/wp\/?p=7011"},"modified":"2019-01-11T17:25:25","modified_gmt":"2019-01-11T16:25:25","slug":"la-coppa-ticino-riparte-dal-cross-di-gordola","status":"publish","type":"post","link":"https:\/\/uscatletica.ch\/wp\/?p=7011","title":{"rendered":"La  coppa Ticino riparte dal cross di Gordola"},"content":{"rendered":"\n<p>Sabato a Gordola si correr\u00e0 la quinta prova di coppa Ticino, nella prima parte gli atleti USC si sono difesi alla grande una media di una 50ina di partecipanti con lo storico exploit dei 100 arrivati al nostro cross di Pom.<\/p>\n\n\n\n<p>Nella classifica di coppa Rachele, Hassan, Jonathan e Roby sono al comando. Tra gli M40  ci sar\u00e0 la sfida in famiglia tra Jonathan ed Elia con Gionata che potrebbe completare il tris capriaschese. Rachele e Roberto proveranno a vincere nelle rispettive categoria .In lotta per il podio Elisa tra le U20 , Ruben tra gli U16 Lea e Lara S. tra le U14. Nella classifica per societ\u00e0 sull&#8217;onda dell&#8217;entusiasmo e della passione dovremmo riuscire ad aggiudicarci la 18 vittoria . <\/p>\n\n\n\n<p>Rachele ed Elisa sono state selezionata per la nuova selezione Ticino di cross che si terr\u00e0 il 17 Febbraio ad Al\u00e0 dei Sardi. Elisa purtroppo sar\u00e0 in campo di allenamento con la nazionale di CO. Rachele invece sfider\u00e0 le selezioni di Sardegna Piemonte e Lombardia. <\/p>\n\n\n\n<p>Nelle categorie U14 ed U16  i nostri USCini possono ancora lottare per la selezione di Cortenova il 17 marzo.  <a href=\"https:\/\/uscatletica.ch\/wp\/wp-content\/uploads\/2018\/12\/classificactcross1819iv.pdf\">La classificia di coppa Ticino<\/a><br><\/p>\n\n\n\n<div class=\"wp-block-media-text alignwide\"><figure class=\"wp-block-media-text__media\"><\/figure><div class=\"wp-block-media-text__content\">\n<p class=\"has-large-font-size\"><\/p>\n<\/div><\/div>\n\n\n\n<figure class=\"wp-block-image is-resized\"><img data-recalc-dims=\"1\" loading=\"lazy\" decoding=\"async\" data-attachment-id=\"7007\" data-permalink=\"https:\/\/uscatletica.ch\/wp\/?attachment_id=7007\" data-orig-file=\"https:\/\/i0.wp.com\/uscatletica.ch\/wp\/wp-content\/uploads\/2019\/01\/Crosssitosag2019.jpg?fit=595%2C841&amp;ssl=1\" data-orig-size=\"595,841\" data-comments-opened=\"0\" data-image-meta=\"{&quot;aperture&quot;:&quot;0&quot;,&quot;credit&quot;:&quot;&quot;,&quot;camera&quot;:&quot;&quot;,&quot;caption&quot;:&quot;&quot;,&quot;created_timestamp&quot;:&quot;0&quot;,&quot;copyright&quot;:&quot;&quot;,&quot;focal_length&quot;:&quot;0&quot;,&quot;iso&quot;:&quot;0&quot;,&quot;shutter_speed&quot;:&quot;0&quot;,&quot;title&quot;:&quot;&quot;,&quot;orientation&quot;:&quot;0&quot;}\" data-image-title=\"Crosssitosag2019\" data-image-description=\"\" data-image-caption=\"\" data-large-file=\"https:\/\/i0.wp.com\/uscatletica.ch\/wp\/wp-content\/uploads\/2019\/01\/Crosssitosag2019.jpg?fit=595%2C841&amp;ssl=1\" src=\"https:\/\/i0.wp.com\/uscatletica.ch\/wp\/wp-content\/uploads\/2019\/01\/Crosssitosag2019.jpg?resize=149%2C210&#038;ssl=1\" alt=\"\" class=\"wp-image-7007\" width=\"149\" height=\"210\" srcset=\"https:\/\/i0.wp.com\/uscatletica.ch\/wp\/wp-content\/uploads\/2019\/01\/Crosssitosag2019.jpg?w=595&amp;ssl=1 595w, https:\/\/i0.wp.com\/uscatletica.ch\/wp\/wp-content\/uploads\/2019\/01\/Crosssitosag2019.jpg?resize=212%2C300&amp;ssl=1 212w, https:\/\/i0.wp.com\/uscatletica.ch\/wp\/wp-content\/uploads\/2019\/01\/Crosssitosag2019.jpg?resize=106%2C150&amp;ssl=1 106w\" sizes=\"auto, (max-width: 149px) 100vw, 149px\" \/><\/figure>\n\n\n\n<div class=\"wp-block-image\"><figure class=\"alignleft is-resized\"><img data-recalc-dims=\"1\" loading=\"lazy\" decoding=\"async\" data-attachment-id=\"6978\" data-permalink=\"https:\/\/uscatletica.ch\/wp\/?attachment_id=6978\" data-orig-file=\"https:\/\/i0.wp.com\/uscatletica.ch\/wp\/wp-content\/uploads\/2018\/12\/classificactcross1819iv.jpg?fit=595%2C841&amp;ssl=1\" data-orig-size=\"595,841\" data-comments-opened=\"0\" data-image-meta=\"{&quot;aperture&quot;:&quot;0&quot;,&quot;credit&quot;:&quot;&quot;,&quot;camera&quot;:&quot;&quot;,&quot;caption&quot;:&quot;&quot;,&quot;created_timestamp&quot;:&quot;0&quot;,&quot;copyright&quot;:&quot;&quot;,&quot;focal_length&quot;:&quot;0&quot;,&quot;iso&quot;:&quot;0&quot;,&quot;shutter_speed&quot;:&quot;0&quot;,&quot;title&quot;:&quot;&quot;,&quot;orientation&quot;:&quot;0&quot;}\" data-image-title=\"classificactcross1819iv\" data-image-description=\"\" data-image-caption=\"\" data-large-file=\"https:\/\/i0.wp.com\/uscatletica.ch\/wp\/wp-content\/uploads\/2018\/12\/classificactcross1819iv.jpg?fit=595%2C841&amp;ssl=1\" src=\"https:\/\/i0.wp.com\/uscatletica.ch\/wp\/wp-content\/uploads\/2018\/12\/classificactcross1819iv.jpg?resize=298%2C421&#038;ssl=1\" alt=\"\" class=\"wp-image-6978\" width=\"298\" height=\"421\" srcset=\"https:\/\/i0.wp.com\/uscatletica.ch\/wp\/wp-content\/uploads\/2018\/12\/classificactcross1819iv.jpg?w=595&amp;ssl=1 595w, https:\/\/i0.wp.com\/uscatletica.ch\/wp\/wp-content\/uploads\/2018\/12\/classificactcross1819iv.jpg?resize=212%2C300&amp;ssl=1 212w, https:\/\/i0.wp.com\/uscatletica.ch\/wp\/wp-content\/uploads\/2018\/12\/classificactcross1819iv.jpg?resize=106%2C150&amp;ssl=1 106w\" sizes=\"auto, (max-width: 298px) 100vw, 298px\" \/><\/figure><\/div>\n\n\n\n<h2 class=\"wp-block-heading\">\nComunicato FTAL\n09.01.2019-COPPA TICINO CROSS LAUBE GREENKEY. \n<\/h2>\n\n\n\n<p>\n<strong>A\nGORDOLA SI GAREGGIA PER LA COPPA TICINO E PER LA CROSS CUP NAZIONALE<\/strong><\/p>\n\n\n\n<p>LEST-<\/p>\n\n\n\n<p>Sabato\na Gordola si correr\u00e0 la quinta tappa della coppa Ticino di cross\nFTAL Laube, Greenkey. La gara, organizzata dalla SAG Gordola, aprir\u00e0\nil 2019 agonistico nel nostro cantone che proseguir\u00e0 poi gi\u00e0\nmercoled\u00ec con il trittico della velocit\u00e0 al Palexpo di Locarno. <br>\nLa\nmanifestazione comincer\u00e0 alle 12.00, sul circuito di 1600 m\ndisegnato nei boschi della golena della Verzasca. La prova prevede\ndelle distanze lunghe per tutte le categorie. Al via potrebbero\npresentarsi diversi atleti da oltre Gottardo perch\u00e9, per i giovani\nU20, U18, U16, la gara sar\u00e0 valida per la cross cup di Swiss\nAthletics che si chiuder\u00e0 il 9 marzo con i campionati svizzeri di\nChailly sur Montreux. La cross cup regala ai nostri atleti\nprestigiosi premi, che stimoleranno la crescita tecnica degli atleti.<\/p>\n\n\n\n<p>La\ncoppa Ticino ha vissuto una prima parte di successo con una media di\n443 atleti al via in ogni appuntamento. Molti dei favoriti sono\nriusciti a chiudere il 2018 imbattuti ed ora, vincendo sabato,\npotrebbero gi\u00e0 prenotare in anticipo il successo finale. \n<\/p>\n\n\n\n<p>Negli\nattivi, la gara prevede 9.6 km, al comando della coppa troviamo\nElhousine Elazzaoui che precede il detentore del trofeo Lukas Oehen\n(FGM) e Roberto Delorenzi (USC). Tra i possibili nelle singole gare\nAdriano Engelhardt, fresco di primato ticinese sui 10 km, e Tobia\nPezzati. Delorenzi  guida anche  la classifica del cross corto\ndavanti al giovane Tommaso Marani (SAL). Alle 14.20 ci sar\u00e0 la gara\nfemminile sui 5.2 km Tra le attive Evelyne Dietschi (SAL) sta\ndominando la scena davanti alle due giovani Emma Lucchina (Vigor) e\nCecilia Galli Conforto (SAL). \n<\/p>\n\n\n\n<p>Le\ngare giovanili saranno certamente interessanti. Tra gli U20, in gara\nsugli 8 km, Ismail Sebgatullah (SAL) domina la classifica davanti a\nEnea Ratti (GAD) e Mattia Verzaroli (GAB). Attenzione anche ai\ntriathleti Sasha Caterina e Andrea Alagona. Dal Triathlon arriva\nanche Rachele Botti (USC) prima tra le ragazze; lotta serrata alle\nsue spalle tra la sua compagna Elisa Bertozzi e Chiara Ghielmini. Gli\nU18 si sfideranno sui 5.2km assieme alle U20. Daniele Romelli (Vigor)\ndomina su un pacchetto di atleti GAB guidati da Luca Innocenti e\nFilippo Balestra. Tra le ragazze Zoe Ranzoni (Virtus) \u00e8 imbattuta ad\ninseguirla la sua compagna Cecilia Ferrazzini e Siria Cariboni (GAB).\nAttenzione al rientro di Letizia Martinelli vincitrice della coppa\nticino U16 lo scorso anno. Nella categoria U16 tris Vigor al comando\ncon Giulia e Sara Salvad\u00e9 davanti a Margherita Croci Torti. Tra i\nragazzi la triunion domina le gare ma in coppa Yannis M\u00fcller (ASM)\nguida su Ruben Leu (USC) e Noah Weibel (ASM).<\/p>\n\n\n\n<p>Nelle\ncategorie masters quattro atleti sono imbattuti: Manuela Falconi (SFG\nBiasca) e i tre RCB Enrico Cavadini (M50), Katharina Wangler (W50),\nGaetano Genovese (M60). Tra gli M40 solo Elia Stampanoni (USC) pu\u00f2\nimpedire il nono successo in 10 anni per il fratello Jonathan. \n<\/p>\n\n\n\n<p>Nelle\ncategorie dei pi\u00f9 giovani Gioele De Marco (ASM), Tristan Piau (FGM),\nBenedetta Bettega (SVAM) e Tosca Del Siro (GAD) sono al comando della\nclassifica. \n<\/p>\n\n\n\n<p>\nNella\nclassifica per societ\u00e0 l\u2019USC vede oramai la vittoria da vicino\ndietro appaiate lottano Vigor Ligornetto e GAB Bellinzona.  La coppa\nTicino vivr\u00e0 poi il gran finale ad inizio febbraio con 2 gare in sei\ngiorni domenica 3 il cross di Banco e sabato 9  alla monda di Vezia\nper i campionati ticinesi. \n<\/p>\n\n\n\n<p><strong>Leonida\nStampanoni<\/strong><\/p>\n","protected":false},"excerpt":{"rendered":"<p>Sabato a Gordola si correr\u00e0 la quinta prova di coppa Ticino, nella prima parte gli atleti USC si sono difesi alla grande una media di una 50ina di partecipanti con lo storico exploit dei 100 arrivati al nostro cross di Pom. Nella classifica di coppa Rachele, Hassan, Jonathan e Roby sono al comando. Tra gli M40 ci sar\u00e0 la sfida in famiglia tra Jonathan ed Elia con Gionata che potrebbe completare il tris capriaschese. Rachele&#8230;<\/p>\n","protected":false},"author":4,"featured_media":5429,"comment_status":"closed","ping_status":"closed","sticky":false,"template":"","format":"standard","meta":{"jetpack_post_was_ever_published":false,"_jetpack_newsletter_access":"","_jetpack_dont_email_post_to_subs":false,"_jetpack_newsletter_tier_id":0,"_jetpack_memberships_contains_paywalled_content":false,"_jetpack_memberships_contains_paid_content":false,"footnotes":"","jetpack_publicize_message":"","jetpack_publicize_feature_enabled":true,"jetpack_social_post_already_shared":true,"jetpack_social_options":{"image_generator_settings":{"template":"highway","default_image_id":0,"font":"","enabled":false},"version":2}},"categories":[7,9],"tags":[],"class_list":["post-7011","post","type-post","status-publish","format-standard","has-post-thumbnail","hentry","category-cross","category-sport"],"jetpack_publicize_connections":[],"jetpack_featured_media_url":"https:\/\/i0.wp.com\/uscatletica.ch\/wp\/wp-content\/uploads\/2018\/01\/CRO.jpg?fit=532%2C399&ssl=1","jetpack_sharing_enabled":true,"jetpack_shortlink":"https:\/\/wp.me\/p6V7Ck-1P5","jetpack-related-posts":[{"id":7164,"url":"https:\/\/uscatletica.ch\/wp\/?p=7164","url_meta":{"origin":7011,"position":0},"title":"COPPA TICINO CROSS A BANCO ANNULLATA LA GARA","author":"Leonida Stampanoni","date":"31 Gennaio 2019","format":false,"excerpt":"CrosssitofgmScarica CROSS MALCANTONESE ANNULLATO Cross Malcantonese del 3 febbraio 2019 A causa della forte nevicata della scorsa notte (50cm) comunichiamo a malincuore l\u2019annullamento dell\u2019evento sportivo Cross Malcantonese di Banco di Bedigliora (587m s.l.m.) di domenica, 3 febbraio 2019. L\u2019incolumit\u00e0 degli atleti, degli accompagnatori, degli spettatori e dei volontari come pure\u2026","rel":"","context":"In &quot;Cross&quot;","block_context":{"text":"Cross","link":"https:\/\/uscatletica.ch\/wp\/?cat=7"},"img":{"alt_text":"","src":"https:\/\/i0.wp.com\/uscatletica.ch\/wp\/wp-content\/uploads\/2018\/02\/P1500784.jpg?fit=563%2C422&ssl=1&resize=350%2C200","width":350,"height":200,"srcset":"https:\/\/i0.wp.com\/uscatletica.ch\/wp\/wp-content\/uploads\/2018\/02\/P1500784.jpg?fit=563%2C422&ssl=1&resize=350%2C200 1x, https:\/\/i0.wp.com\/uscatletica.ch\/wp\/wp-content\/uploads\/2018\/02\/P1500784.jpg?fit=563%2C422&ssl=1&resize=525%2C300 1.5x"},"classes":[]},{"id":6961,"url":"https:\/\/uscatletica.ch\/wp\/?p=6961","url_meta":{"origin":7011,"position":1},"title":"Mendrisio la coppa Ticino di cross per chiudere la prima fase","author":"Leonida Stampanoni","date":"14 Dicembre 2018","format":false,"excerpt":"Ad una sola settimana dalla storica giornata del cross di pom, dove per la prima volta l'USC ha portato al traguardo oltre un centinaio di suoi tesserati, La coppa Ticino chiuder\u00e0 la sua prima fase\u00a0 al cross di Mendrisio. Nel parco Casvegno si correr\u00e0 sulle classiche corte distanze proposte dall'atletica\u2026","rel":"","context":"In &quot;Cross&quot;","block_context":{"text":"Cross","link":"https:\/\/uscatletica.ch\/wp\/?cat=7"},"img":{"alt_text":"","src":"https:\/\/i0.wp.com\/uscatletica.ch\/wp\/wp-content\/uploads\/2018\/12\/ssitocrosspom2018caeniIris.jpg?fit=548%2C430&ssl=1&resize=350%2C200","width":350,"height":200,"srcset":"https:\/\/i0.wp.com\/uscatletica.ch\/wp\/wp-content\/uploads\/2018\/12\/ssitocrosspom2018caeniIris.jpg?fit=548%2C430&ssl=1&resize=350%2C200 1x, https:\/\/i0.wp.com\/uscatletica.ch\/wp\/wp-content\/uploads\/2018\/12\/ssitocrosspom2018caeniIris.jpg?fit=548%2C430&ssl=1&resize=525%2C300 1.5x"},"classes":[]},{"id":5125,"url":"https:\/\/uscatletica.ch\/wp\/?p=5125","url_meta":{"origin":7011,"position":2},"title":"FESTA DEGLI ATLETI  PREMIAZIONE COPPA TICINO CROSS 2017 CALENDARIO CROSS 2018","author":"Leonida Stampanoni","date":"22 Ottobre 2017","format":false,"excerpt":"Venerdi 17 novembre la FTAL organizza a Tenero la Festa degli atleti, una serata per onorare tutti gli atleti che durante l'anno 2017 si sono distinti nel panorama atletica cantonale, nazionale ed internazionale. Inoltre verranno premiati i protagonisti della Coppa Ticino di cross., Tra i premiati USC\u00a0 ci saranno i\u2026","rel":"","context":"In &quot;Altro&quot;","block_context":{"text":"Altro","link":"https:\/\/uscatletica.ch\/wp\/?cat=11"},"img":{"alt_text":"","src":"https:\/\/i0.wp.com\/uscatletica.ch\/wp\/wp-content\/uploads\/2017\/06\/P1470474.jpg?fit=563%2C422&ssl=1&resize=350%2C200","width":350,"height":200,"srcset":"https:\/\/i0.wp.com\/uscatletica.ch\/wp\/wp-content\/uploads\/2017\/06\/P1470474.jpg?fit=563%2C422&ssl=1&resize=350%2C200 1x, https:\/\/i0.wp.com\/uscatletica.ch\/wp\/wp-content\/uploads\/2017\/06\/P1470474.jpg?fit=563%2C422&ssl=1&resize=525%2C300 1.5x"},"classes":[]},{"id":610,"url":"https:\/\/uscatletica.ch\/wp\/?p=610","url_meta":{"origin":7011,"position":3},"title":"Cross Gordola le prime tre coppe in Bacheca.","author":"Leonida Stampanoni","date":"9 Gennaio 2016","format":false,"excerpt":"I primi timidi accenni di inverno non hanno frenato l'entusiasmo dei nostri atleti al via al Cross di Gordola prima gara del 2016. Buona la partecipazione con una 40 di atleti \u00a0che hanno corso sfidando freddo e pioggia. Rachele ci ha portato l'unica vittoria di giornata accompagnata da podi di\u2026","rel":"","context":"In &quot;Cross&quot;","block_context":{"text":"Cross","link":"https:\/\/uscatletica.ch\/wp\/?cat=7"},"img":{"alt_text":"","src":"https:\/\/i0.wp.com\/uscatletica.ch\/wp\/wp-content\/uploads\/2015\/11\/rachelebanco.png?fit=563%2C353&ssl=1&resize=350%2C200","width":350,"height":200,"srcset":"https:\/\/i0.wp.com\/uscatletica.ch\/wp\/wp-content\/uploads\/2015\/11\/rachelebanco.png?fit=563%2C353&ssl=1&resize=350%2C200 1x, https:\/\/i0.wp.com\/uscatletica.ch\/wp\/wp-content\/uploads\/2015\/11\/rachelebanco.png?fit=563%2C353&ssl=1&resize=525%2C300 1.5x"},"classes":[]},{"id":6793,"url":"https:\/\/uscatletica.ch\/wp\/?p=6793","url_meta":{"origin":7011,"position":4},"title":"Cross a Dongio il debutto stagionale","author":"Leonida Stampanoni","date":"9 Novembre 2018","format":false,"excerpt":"Domenica a Dongio partir\u00e0 la coppa Ticino di cross. A partire dalle 10.00 saranno una sessantina gli USCini al via, sul percorso appessantito dalle lunghe piogge autunnali liste di partenza e risultati su Endu.net Lo scorso anno in coppa vinsero Ralf, Rachele e Jonathan e per la settima volta consecutiva\u2026","rel":"","context":"In &quot;Cross&quot;","block_context":{"text":"Cross","link":"https:\/\/uscatletica.ch\/wp\/?cat=7"},"img":{"alt_text":"","src":"https:\/\/i0.wp.com\/uscatletica.ch\/wp\/wp-content\/uploads\/2016\/03\/P1380230.jpg?fit=563%2C422&ssl=1&resize=350%2C200","width":350,"height":200,"srcset":"https:\/\/i0.wp.com\/uscatletica.ch\/wp\/wp-content\/uploads\/2016\/03\/P1380230.jpg?fit=563%2C422&ssl=1&resize=350%2C200 1x, https:\/\/i0.wp.com\/uscatletica.ch\/wp\/wp-content\/uploads\/2016\/03\/P1380230.jpg?fit=563%2C422&ssl=1&resize=525%2C300 1.5x"},"classes":[]},{"id":3299,"url":"https:\/\/uscatletica.ch\/wp\/?p=3299","url_meta":{"origin":7011,"position":5},"title":"USCini il 2017 comincia a Gordola","author":"Leonida Stampanoni","date":"11 Gennaio 2017","format":false,"excerpt":"Nel fine settimana a Gordola debutter\u00e0 l'annata atletica 2017 \u00a0sabato sui prati delle Roviscaglie in programma la quarta prova di coppa Ticino \u00a0con una sessantina di USCini attesi al via . Domenica alla Palestra Regazzi in palio per il secondo anno i titoli cantonali nei salti tre USCine al via\u2026","rel":"","context":"In &quot;Cross&quot;","block_context":{"text":"Cross","link":"https:\/\/uscatletica.ch\/wp\/?cat=7"},"img":{"alt_text":"","src":"https:\/\/i0.wp.com\/uscatletica.ch\/wp\/wp-content\/uploads\/2016\/01\/P1370359.jpg?fit=563%2C422&ssl=1&resize=350%2C200","width":350,"height":200,"srcset":"https:\/\/i0.wp.com\/uscatletica.ch\/wp\/wp-content\/uploads\/2016\/01\/P1370359.jpg?fit=563%2C422&ssl=1&resize=350%2C200 1x, https:\/\/i0.wp.com\/uscatletica.ch\/wp\/wp-content\/uploads\/2016\/01\/P1370359.jpg?fit=563%2C422&ssl=1&resize=525%2C300 1.5x"},"classes":[]}],"_links":{"self":[{"href":"https:\/\/uscatletica.ch\/wp\/index.php?rest_route=\/wp\/v2\/posts\/7011","targetHints":{"allow":["GET"]}}],"collection":[{"href":"https:\/\/uscatletica.ch\/wp\/index.php?rest_route=\/wp\/v2\/posts"}],"about":[{"href":"https:\/\/uscatletica.ch\/wp\/index.php?rest_route=\/wp\/v2\/types\/post"}],"author":[{"embeddable":true,"href":"https:\/\/uscatletica.ch\/wp\/index.php?rest_route=\/wp\/v2\/users\/4"}],"replies":[{"embeddable":true,"href":"https:\/\/uscatletica.ch\/wp\/index.php?rest_route=%2Fwp%2Fv2%2Fcomments&post=7011"}],"version-history":[{"count":1,"href":"https:\/\/uscatletica.ch\/wp\/index.php?rest_route=\/wp\/v2\/posts\/7011\/revisions"}],"predecessor-version":[{"id":7012,"href":"https:\/\/uscatletica.ch\/wp\/index.php?rest_route=\/wp\/v2\/posts\/7011\/revisions\/7012"}],"wp:featuredmedia":[{"embeddable":true,"href":"https:\/\/uscatletica.ch\/wp\/index.php?rest_route=\/wp\/v2\/media\/5429"}],"wp:attachment":[{"href":"https:\/\/uscatletica.ch\/wp\/index.php?rest_route=%2Fwp%2Fv2%2Fmedia&parent=7011"}],"wp:term":[{"taxonomy":"category","embeddable":true,"href":"https:\/\/uscatletica.ch\/wp\/index.php?rest_route=%2Fwp%2Fv2%2Fcategories&post=7011"},{"taxonomy":"post_tag","embeddable":true,"href":"https:\/\/uscatletica.ch\/wp\/index.php?rest_route=%2Fwp%2Fv2%2Ftags&post=7011"}],"curies":[{"name":"wp","href":"https:\/\/api.w.org\/{rel}","templated":true}]}}