{"id":7021,"date":"2019-01-15T15:44:20","date_gmt":"2019-01-15T14:44:20","guid":{"rendered":"http:\/\/uscatletica.ch\/wp\/?p=7021"},"modified":"2019-01-15T16:47:00","modified_gmt":"2019-01-15T15:47:00","slug":"a-locarno-parte-la-stagione-indoor","status":"publish","type":"post","link":"https:\/\/uscatletica.ch\/wp\/?p=7021","title":{"rendered":"A Locarno parte la stagione Indoor"},"content":{"rendered":"\n<p class=\"has-drop-cap\">Mercoled\u00ec al Palexpo di Locarno con il Trittico della velocit\u00e0 partir\u00e0 la stagione Indoor Ticinese. in serata si garegger\u00e0 su 30 m. 50 m e 60 m e nel getto del peso. Sabato ci saranno alla Regazzi i campionati ticinesi di peso alto lungo triplo. Il tris ticinese si completer\u00e0 mercoledi 30 con i campionati ticinesi di corse ed ostacoli al Palexpo. il 23-24 febbraio ci saranno i campionati svizzeri giovanili Indoor. Mercoled\u00ec saranno 8 gli atleti USC al via nella pedana del peso ci saranno Giada, Morena ed Erik, mentre sui 60 il tris delle ragazze CAT Future Morena, Gaia, Matilda scender\u00e0 in pista con Alessia e le gemelle Gea e Lia. La stagione indoor \u00e8 subito cominciato col botto, sabato a Zurich in un meeting indoor Ricky Petrucciani in 6.81 e 6.77 ha siglato un doppio primato ticinese, la miglior prestazione \u00e8 anche il primato svizzero U20 tolto a Pascal Mancini ed il limite per gli Europei indoor di Glasgow dal 1 al 3 marzo.limite ottenuto anche dal vincitore della gara Silvan Wicki .<\/p>\n\n\n\n<p> <a rel=\"noreferrer noopener\" aria-label=\" il programma della serata (opens in a new tab)\" href=\"http:\/\/virtus.ch\/wp-content\/uploads\/2019\/01\/1-Meeting-Indoor-FEVI-Trittico-16-01-19.pdf\" target=\"_blank\"> il programma della serata<\/a><\/p>\n\n\n\n<p><\/p>\n\n\n\n<blockquote class=\"wp-block-quote is-layout-flow wp-block-quote-is-layout-flow\"><p> <br> <br><br> <br> <br> Comunicato FTAL, 14 gennaio 2018 &#8211; L<br> Al via la stagione indoor<br> Petrucciani subito velocissimo a Zurigo sui 60 metri, mercoled\u00ec al via la stagione indoor della FTAL con le prime gare al Palexpo di Locarno, seguite dai Campionati ticinesi e altri incontri invernali al coperto in Ticino e oltre Gottardo<br> <strong>FTAL\/elista<\/strong> &#8211; Dopo la ripresa delle corse campestri, la stagione FTAL 2019 prosegue anche con le gare al coperto che occuperanno alcune serate e fine settimana da gennaio a febbraio. Anche in vista degli importanti appuntamenti nazionali, il calendario FTAL propone una serie di meeting indoor e la quarta edizione dei Campionati ticinesi.<br> Nel frattempo lo scorso fine settimana il ticinese <strong>Ricky Petrucciani<\/strong> ha corso i 60 metri in 6\u2019\u201977, un tempo che equivale al record ticinese assoluto (precedente 6\u2019\u201985 di Gregory Bianchi del 2012) e al record svizzero U20 (precedente 6\u2019\u201978 di Patrick Mancini). L\u2019esponente del LC Zurigo sulle piste di casa del Letzigrund ha altres\u00ec ottenuto il limite di partecipazione di 6\u2019\u201978, fissato da Swiss athletics per gli Europei assoluti al coperto di Glasgow (GBR). Petrucciani ha gi\u00e0 ottenuto anche il limite sulla sua disciplina prediletta dei 400 metri, correndoli la scorsa stagione in 47\u2019\u201914 (limite 47\u2019\u201940).<br> In Ticino si comincer\u00e0 invece il prossimo <strong>mercoled\u00ec 16 gennaio<\/strong> 2019 con il \u201cTrittico della velocit\u00e0\u201d proposto in serata dalla locale VIRTUS al Palexpo di Locarno (ex FEVI). Il programma prevede le gare sui 30, 50 e 60 metri a partire dalle 19, accompagnate dai concorsi del peso femminile, alle 19, e maschile, alle 20 circa. Alla manifestazione ci si pu\u00f2 iscrivere ancora anche sul posto entro un\u2019ora dall\u2019inizio della rispettiva gara e possono partecipare atlete ed atleti in regola con il tesseramento Swiss athletics o Fidal.<br> Getto del peso che sar\u00e0 protagonista anche tre giorni dopo, <strong>sabato 19 gennaio<\/strong>, alla Palestra Regazzi di Tenero-Gordola dove l\u2019ASSPO Riva San Vitale organizza i Campionati ticinesi indoor 2019 nelle discipline del lungo, triplo, peso e salto in alto. Le iscrizioni sono da effettuare online entro il 17 gennaio e le gare assegneranno come detto i titoli cantonali nelle categorie assolute per le quattro discipline.  <br> Domenica 20 gennaio appuntamento invece a San Gallo per un meeting nazionale, cos\u00ec come il 26 e 27 gennaio a Macolin, mentre in Ticino si torner\u00e0 a gareggiare il <strong>mercoled\u00ec 30 gennaio<\/strong> a Locarno, dove la Virtus propone come da calendario FTAL i Campionati Ticinesi assoluti indoor corse (60 e 60 ostacoli), accompagnati dal concorso del peso. Le gare saranno aperte anche agli atleti non aventi diritto al titolo e inizieranno alle 19 con le sempre affollate serie eliminatorie. Le finali si svolgeranno invece verso le 21 e assegneranno per la quarta volta le medaglie nelle categorie assolute, sia sui 60 metri piani che sui 60 ostacoli.<br> Le gare indoor proseguiranno quindi il 3-4 febbraio con i Campionati nazionali di prove multiple a Macolin, seguiti dai Campionati svizzeri assoluti di San Gallo e dai giovanili di Macolin, rispettivamente il 16-17 e il 23-24 febbraio. A livello internazionale appuntamento invece dal 1 al 3 marzo a Glasgow con i citati Europei, mentre nel calendario FTAL spicca anche la 50ima assemblea ordinaria che si terr\u00e0 il venerd\u00ec 22 febbraio a Riva San Vitale, ospiti della societ\u00e0 atletica ASSPO.<br> Informazioni, calendario e programmi su <a href=\"http:\/\/www.ftal.ch\/\">www.ftal.ch<\/a><br> <strong>FTAL\/elista<\/strong> <\/p><\/blockquote>\n","protected":false},"excerpt":{"rendered":"<p>Mercoled\u00ec al Palexpo di Locarno con il Trittico della velocit\u00e0 partir\u00e0 la stagione Indoor Ticinese. in serata si garegger\u00e0 su 30 m. 50 m e 60 m e nel getto del peso. Sabato ci saranno alla Regazzi i campionati ticinesi di peso alto lungo triplo. Il tris ticinese si completer\u00e0 mercoledi 30 con i campionati ticinesi di corse ed ostacoli al Palexpo. il 23-24 febbraio ci saranno i campionati svizzeri giovanili Indoor. Mercoled\u00ec saranno 8&#8230;<\/p>\n","protected":false},"author":4,"featured_media":5789,"comment_status":"closed","ping_status":"closed","sticky":false,"template":"","format":"standard","meta":{"jetpack_post_was_ever_published":false,"_jetpack_newsletter_access":"","_jetpack_dont_email_post_to_subs":false,"_jetpack_newsletter_tier_id":0,"_jetpack_memberships_contains_paywalled_content":false,"_jetpack_memberships_contains_paid_content":false,"footnotes":"","jetpack_publicize_message":"","jetpack_publicize_feature_enabled":true,"jetpack_social_post_already_shared":true,"jetpack_social_options":{"image_generator_settings":{"template":"highway","default_image_id":0,"font":"","enabled":false},"version":2}},"categories":[4,9],"tags":[],"class_list":["post-7021","post","type-post","status-publish","format-standard","has-post-thumbnail","hentry","category-pista","category-sport"],"jetpack_publicize_connections":[],"jetpack_featured_media_url":"https:\/\/i0.wp.com\/uscatletica.ch\/wp\/wp-content\/uploads\/2018\/04\/P1460145.jpg?fit=563%2C422&ssl=1","jetpack_sharing_enabled":true,"jetpack_shortlink":"https:\/\/wp.me\/p6V7Ck-1Pf","jetpack-related-posts":[{"id":7150,"url":"https:\/\/uscatletica.ch\/wp\/?p=7150","url_meta":{"origin":7021,"position":0},"title":"CT Indoor USCini alla carica","author":"Leonida Stampanoni","date":"29 Gennaio 2019","format":false,"excerpt":"Mercoledi al Palexpo di Locarno i campionati ticinesi indoor di corse e ostacoli chiuderanno la stagione indoor cantonale tre gli atleti USC iscritti due sui 60 m e due peso Matteo sosterr\u00e0 il doppio impegno. Alessia correr\u00e0 sui 60 m mentre Giada scender\u00e0 in pedana nel peso . Comunicato FTAL,\u2026","rel":"","context":"In &quot;Pista&quot;","block_context":{"text":"Pista","link":"https:\/\/uscatletica.ch\/wp\/?cat=4"},"img":{"alt_text":"","src":"https:\/\/i0.wp.com\/uscatletica.ch\/wp\/wp-content\/uploads\/2019\/01\/giadctu20peso19.jpg?fit=499%2C340&ssl=1&resize=350%2C200","width":350,"height":200},"classes":[]},{"id":5444,"url":"https:\/\/uscatletica.ch\/wp\/?p=5444","url_meta":{"origin":7021,"position":1},"title":"Al Fevi scattano i nostri velocisti","author":"Leonida Stampanoni","date":"17 Gennaio 2018","format":false,"excerpt":"\u00a0Domenica al Palexpo di Locarno \u00e8 partita la stagione Indoor, in palio i titoli cantonali di alto, asta e tripl0, buona la partecipazione. Mercoledi sera sulla pista del Palexpo debutter\u00e0 la stagione degli sprinter cn il tris della velocit\u00e0 attesi al via si presenteranno anche i nostri atleti che a\u2026","rel":"","context":"In &quot;Pista&quot;","block_context":{"text":"Pista","link":"https:\/\/uscatletica.ch\/wp\/?cat=4"},"img":{"alt_text":"","src":"https:\/\/i0.wp.com\/uscatletica.ch\/wp\/wp-content\/uploads\/2017\/05\/start5000mastiusc2017.jpg?fit=564%2C266&ssl=1&resize=350%2C200","width":350,"height":200,"srcset":"https:\/\/i0.wp.com\/uscatletica.ch\/wp\/wp-content\/uploads\/2017\/05\/start5000mastiusc2017.jpg?fit=564%2C266&ssl=1&resize=350%2C200 1x, https:\/\/i0.wp.com\/uscatletica.ch\/wp\/wp-content\/uploads\/2017\/05\/start5000mastiusc2017.jpg?fit=564%2C266&ssl=1&resize=525%2C300 1.5x"},"classes":[]},{"id":5497,"url":"https:\/\/uscatletica.ch\/wp\/?p=5497","url_meta":{"origin":7021,"position":2},"title":"CT INDOOR CORSA AL PALEXPO 13 USCini","author":"Leonida Stampanoni","date":"28 Gennaio 2018","format":false,"excerpt":"PALEXPO SI CORRE PER GLI ULTIMI TITOLI INDOOR \u00a0Martedi sera al Palexpo si correr\u00e0 la terza giornata dei campionati ticinesi indoor quella dedicata a velocit\u00e0 ed ostacoli, sulla pista del Palexpo di Locarno in palio ci saranno le medaglie sui 60 m ed i 60 m h.\u00a0 Ben tredici gli\u2026","rel":"","context":"In &quot;Pista&quot;","block_context":{"text":"Pista","link":"https:\/\/uscatletica.ch\/wp\/?cat=4"},"img":{"alt_text":"","src":"https:\/\/i0.wp.com\/uscatletica.ch\/wp\/wp-content\/uploads\/2017\/05\/P1470012-1.jpg?fit=563%2C422&ssl=1&resize=350%2C200","width":350,"height":200,"srcset":"https:\/\/i0.wp.com\/uscatletica.ch\/wp\/wp-content\/uploads\/2017\/05\/P1470012-1.jpg?fit=563%2C422&ssl=1&resize=350%2C200 1x, https:\/\/i0.wp.com\/uscatletica.ch\/wp\/wp-content\/uploads\/2017\/05\/P1470012-1.jpg?fit=563%2C422&ssl=1&resize=525%2C300 1.5x"},"classes":[]},{"id":7028,"url":"https:\/\/uscatletica.ch\/wp\/?p=7028","url_meta":{"origin":7021,"position":3},"title":"Indoor buona la prima al Palexpo (Classifiche)","author":"Leonida Stampanoni","date":"16 Gennaio 2019","format":false,"excerpt":"La prima serata indoor \u00e8 sempre frequentatissima e per i nostri atleti impegnati sui 60 m significa sempre aspettare la tarda ora . Quasi 300 i risultati validi tra trittico della velocit\u00e0 30-50-60m e le competizioni di Getto del peso. . Il nostro Erik e le ragazze si sono battuti\u2026","rel":"","context":"In &quot;Pista&quot;","block_context":{"text":"Pista","link":"https:\/\/uscatletica.ch\/wp\/?cat=4"},"img":{"alt_text":"","src":"https:\/\/i0.wp.com\/uscatletica.ch\/wp\/wp-content\/uploads\/2018\/03\/chiara.jpg?fit=535%2C321&ssl=1&resize=350%2C200","width":350,"height":200,"srcset":"https:\/\/i0.wp.com\/uscatletica.ch\/wp\/wp-content\/uploads\/2018\/03\/chiara.jpg?fit=535%2C321&ssl=1&resize=350%2C200 1x, https:\/\/i0.wp.com\/uscatletica.ch\/wp\/wp-content\/uploads\/2018\/03\/chiara.jpg?fit=535%2C321&ssl=1&resize=525%2C300 1.5x"},"classes":[]},{"id":16646,"url":"https:\/\/uscatletica.ch\/wp\/?p=16646","url_meta":{"origin":7021,"position":4},"title":"Matilda Argento ai CT INDOOR","author":"Leonida Stampanoni","date":"1 Febbraio 2023","format":false,"excerpt":"La serata al Palexpo di Locarno ha offerto spunti interessanti quattro i titoli assegnati. Sui 60 m femminili le nostre ragazze si sono ben battute e Matilda ha strappato una bella medaglia d'argento.Tre personali per Alice, Jennis e Lea.\u00a0 Tutti i risultati da Locarno Nelle batterie Matilda vince la terza\u2026","rel":"","context":"In &quot;Pista&quot;","block_context":{"text":"Pista","link":"https:\/\/uscatletica.ch\/wp\/?cat=4"},"img":{"alt_text":"","src":"https:\/\/i0.wp.com\/uscatletica.ch\/wp\/wp-content\/uploads\/2023\/02\/2201.23ctindmat.jpeg?fit=320%2C240&ssl=1&resize=350%2C200","width":350,"height":200},"classes":[]},{"id":16643,"url":"https:\/\/uscatletica.ch\/wp\/?p=16643","url_meta":{"origin":7021,"position":5},"title":"Matilda, Jennis, Alice, Lea al via ai CT indoor di sprint ed ostacoli","author":"Leonida Stampanoni","date":"31 Gennaio 2023","format":false,"excerpt":"Mercoled\u00ec 1 Febbraio saranno 110 gli atleti in pista al Palexpo di Locarno per i campionati ticinesi sprint ed ostacoli. L'USC sar\u00e0 presente con un poker di ragazze decise a raccogliere i frutti dell'intenso allenamento invernale Matilda, Lea, Jennis, e la giovane Alice,al debutto indoor saranno impegnate alle 19.00 sui\u2026","rel":"","context":"In &quot;Pista&quot;","block_context":{"text":"Pista","link":"https:\/\/uscatletica.ch\/wp\/?cat=4"},"img":{"alt_text":"","src":"https:\/\/i0.wp.com\/uscatletica.ch\/wp\/wp-content\/uploads\/2022\/09\/220910UKCFI21BF.jpg?fit=432%2C324&ssl=1&resize=350%2C200","width":350,"height":200},"classes":[]}],"_links":{"self":[{"href":"https:\/\/uscatletica.ch\/wp\/index.php?rest_route=\/wp\/v2\/posts\/7021","targetHints":{"allow":["GET"]}}],"collection":[{"href":"https:\/\/uscatletica.ch\/wp\/index.php?rest_route=\/wp\/v2\/posts"}],"about":[{"href":"https:\/\/uscatletica.ch\/wp\/index.php?rest_route=\/wp\/v2\/types\/post"}],"author":[{"embeddable":true,"href":"https:\/\/uscatletica.ch\/wp\/index.php?rest_route=\/wp\/v2\/users\/4"}],"replies":[{"embeddable":true,"href":"https:\/\/uscatletica.ch\/wp\/index.php?rest_route=%2Fwp%2Fv2%2Fcomments&post=7021"}],"version-history":[{"count":3,"href":"https:\/\/uscatletica.ch\/wp\/index.php?rest_route=\/wp\/v2\/posts\/7021\/revisions"}],"predecessor-version":[{"id":7026,"href":"https:\/\/uscatletica.ch\/wp\/index.php?rest_route=\/wp\/v2\/posts\/7021\/revisions\/7026"}],"wp:featuredmedia":[{"embeddable":true,"href":"https:\/\/uscatletica.ch\/wp\/index.php?rest_route=\/wp\/v2\/media\/5789"}],"wp:attachment":[{"href":"https:\/\/uscatletica.ch\/wp\/index.php?rest_route=%2Fwp%2Fv2%2Fmedia&parent=7021"}],"wp:term":[{"taxonomy":"category","embeddable":true,"href":"https:\/\/uscatletica.ch\/wp\/index.php?rest_route=%2Fwp%2Fv2%2Fcategories&post=7021"},{"taxonomy":"post_tag","embeddable":true,"href":"https:\/\/uscatletica.ch\/wp\/index.php?rest_route=%2Fwp%2Fv2%2Ftags&post=7021"}],"curies":[{"name":"wp","href":"https:\/\/api.w.org\/{rel}","templated":true}]}}