{"id":7325,"date":"2019-02-24T07:13:33","date_gmt":"2019-02-24T06:13:33","guid":{"rendered":"http:\/\/uscatletica.ch\/wp\/?p=7325"},"modified":"2019-02-24T07:18:24","modified_gmt":"2019-02-24T06:18:24","slug":"le-felpe-usc-sono-in-arrivo","status":"publish","type":"post","link":"https:\/\/uscatletica.ch\/wp\/?p=7325","title":{"rendered":"Le felpe USC sono in Arrivo"},"content":{"rendered":"\n<p>Il vestiario USC si aggiorna <\/p>\n\n\n\n<div class=\"wp-block-file\"><a href=\"https:\/\/uscatletica.ch\/wp\/wp-content\/uploads\/2019\/02\/felpe2019.pdf\">felpe2019<\/a><a href=\"https:\/\/uscatletica.ch\/wp\/wp-content\/uploads\/2019\/02\/felpe2019.pdf\" class=\"wp-block-file__button\" download>Scarica<\/a><\/div>\n\n\n\n<figure class=\"wp-block-image is-resized\"><img data-recalc-dims=\"1\" loading=\"lazy\" decoding=\"async\" data-attachment-id=\"7331\" data-permalink=\"https:\/\/uscatletica.ch\/wp\/?attachment_id=7331\" data-orig-file=\"https:\/\/i0.wp.com\/uscatletica.ch\/wp\/wp-content\/uploads\/2019\/02\/felpe2019as.jpg?fit=595%2C841&amp;ssl=1\" data-orig-size=\"595,841\" data-comments-opened=\"0\" data-image-meta=\"{&quot;aperture&quot;:&quot;0&quot;,&quot;credit&quot;:&quot;&quot;,&quot;camera&quot;:&quot;&quot;,&quot;caption&quot;:&quot;&quot;,&quot;created_timestamp&quot;:&quot;0&quot;,&quot;copyright&quot;:&quot;&quot;,&quot;focal_length&quot;:&quot;0&quot;,&quot;iso&quot;:&quot;0&quot;,&quot;shutter_speed&quot;:&quot;0&quot;,&quot;title&quot;:&quot;&quot;,&quot;orientation&quot;:&quot;0&quot;}\" data-image-title=\"felpe2019as\" data-image-description=\"\" data-image-caption=\"\" data-large-file=\"https:\/\/i0.wp.com\/uscatletica.ch\/wp\/wp-content\/uploads\/2019\/02\/felpe2019as.jpg?fit=595%2C841&amp;ssl=1\" src=\"https:\/\/i0.wp.com\/uscatletica.ch\/wp\/wp-content\/uploads\/2019\/02\/felpe2019as.jpg?resize=580%2C819&#038;ssl=1\" alt=\"\" class=\"wp-image-7331\" width=\"580\" height=\"819\" srcset=\"https:\/\/i0.wp.com\/uscatletica.ch\/wp\/wp-content\/uploads\/2019\/02\/felpe2019as.jpg?w=595&amp;ssl=1 595w, https:\/\/i0.wp.com\/uscatletica.ch\/wp\/wp-content\/uploads\/2019\/02\/felpe2019as.jpg?resize=212%2C300&amp;ssl=1 212w\" sizes=\"auto, (max-width: 580px) 100vw, 580px\" \/><\/figure>\n","protected":false},"excerpt":{"rendered":"<p>Il vestiario USC si aggiorna<\/p>\n","protected":false},"author":4,"featured_media":7333,"comment_status":"closed","ping_status":"closed","sticky":false,"template":"","format":"standard","meta":{"jetpack_post_was_ever_published":false,"_jetpack_newsletter_access":"","_jetpack_dont_email_post_to_subs":false,"_jetpack_newsletter_tier_id":0,"_jetpack_memberships_contains_paywalled_content":false,"_jetpack_memberships_contains_paid_content":false,"footnotes":"","jetpack_publicize_message":"","jetpack_publicize_feature_enabled":true,"jetpack_social_post_already_shared":true,"jetpack_social_options":{"image_generator_settings":{"template":"highway","default_image_id":0,"font":"","enabled":false},"version":2}},"categories":[11,30,12,10,6,9],"tags":[],"class_list":["post-7325","post","type-post","status-publish","format-standard","has-post-thumbnail","hentry","category-altro","category-diversi","category-nostregare","category-info","category-non-catalogato","category-sport"],"jetpack_publicize_connections":[],"jetpack_featured_media_url":"https:\/\/i0.wp.com\/uscatletica.ch\/wp\/wp-content\/uploads\/2019\/02\/felpe2019.jpg?fit=434%2C204&ssl=1","jetpack_sharing_enabled":true,"jetpack_shortlink":"https:\/\/wp.me\/p6V7Ck-1U9","jetpack-related-posts":[{"id":10399,"url":"https:\/\/uscatletica.ch\/wp\/?p=10399","url_meta":{"origin":7325,"position":0},"title":"Annuario USC 2019 in arrivo","author":"Stampa E","date":"30 Maggio 2020","format":false,"excerpt":"Lo sport, la corsa e l'atletica sono in fase di ripartenza. Anche l'USC ed \u00e8 quasi pronto l'annuario USC 2019 (\u00e8 in stampa). Seguiranno informazioni circa le possibilit\u00e0 d'ottenere un esemplare per tutti i soci, sostenitori e amici dell'USC. In seguito l'annuario sar\u00e0 anche disponibile, come quelli degli anni passati,\u2026","rel":"","context":"In &quot;Altro&quot;","block_context":{"text":"Altro","link":"https:\/\/uscatletica.ch\/wp\/?cat=11"},"img":{"alt_text":"","src":"https:\/\/i0.wp.com\/uscatletica.ch\/wp\/wp-content\/uploads\/2020\/05\/Annuario2019USC-1.jpg?fit=618%2C514&ssl=1&resize=350%2C200","width":350,"height":200,"srcset":"https:\/\/i0.wp.com\/uscatletica.ch\/wp\/wp-content\/uploads\/2020\/05\/Annuario2019USC-1.jpg?fit=618%2C514&ssl=1&resize=350%2C200 1x, https:\/\/i0.wp.com\/uscatletica.ch\/wp\/wp-content\/uploads\/2020\/05\/Annuario2019USC-1.jpg?fit=618%2C514&ssl=1&resize=525%2C300 1.5x"},"classes":[]},{"id":7998,"url":"https:\/\/uscatletica.ch\/wp\/?p=7998","url_meta":{"origin":7325,"position":1},"title":"NUOVE FELPE USC CONSEGNA 30 APRILE","author":"Leonida Stampanoni","date":"28 Aprile 2019","format":false,"excerpt":"le felpe sono arrivate, marted\u00ec 30 aprile dalle 18:30 circa, ci sar\u00e0 la distribuzione (20 CHF taglie bambini e 30 CHF taglie adulti),invitiamo gli atleti che l\u2019hanno comandata \u00a0a portare i soldi esatti in modo d\u2019agevolare il lavoro a chi le consegna.","rel":"","context":"In &quot;Altro&quot;","block_context":{"text":"Altro","link":"https:\/\/uscatletica.ch\/wp\/?cat=11"},"img":{"alt_text":"","src":"https:\/\/i0.wp.com\/uscatletica.ch\/wp\/wp-content\/uploads\/2019\/02\/P1010343.jpg?fit=1024%2C768&ssl=1&resize=350%2C200","width":350,"height":200,"srcset":"https:\/\/i0.wp.com\/uscatletica.ch\/wp\/wp-content\/uploads\/2019\/02\/P1010343.jpg?fit=1024%2C768&ssl=1&resize=350%2C200 1x, https:\/\/i0.wp.com\/uscatletica.ch\/wp\/wp-content\/uploads\/2019\/02\/P1010343.jpg?fit=1024%2C768&ssl=1&resize=525%2C300 1.5x, https:\/\/i0.wp.com\/uscatletica.ch\/wp\/wp-content\/uploads\/2019\/02\/P1010343.jpg?fit=1024%2C768&ssl=1&resize=700%2C400 2x"},"classes":[]},{"id":17080,"url":"https:\/\/uscatletica.ch\/wp\/?p=17080","url_meta":{"origin":7325,"position":2},"title":"K4 della Croce e Gola di Lago","author":"Stampa E","date":"24 Aprile 2023","format":false,"excerpt":"Ricordiamo l'appuntamento con la settimana della corsa in Capriasca, promossa dal Dicastero cultura, eventi, sport e turismo del Comune di Capriasca.Per i domiciliati in Capriasca e tutti gli U20 l\u2019iscrizione alla Tesserete \u2013 Gola di Lago del 6 maggio e alla alla K4 Vertical della Croce del 1\u00b0 maggio \u00e8\u2026","rel":"","context":"In &quot;I nostri appuntamenti&quot;","block_context":{"text":"I nostri appuntamenti","link":"https:\/\/uscatletica.ch\/wp\/?cat=12"},"img":{"alt_text":"","src":"https:\/\/i0.wp.com\/uscatletica.ch\/wp\/wp-content\/uploads\/2021\/06\/Croce.jpg?fit=353%2C470&ssl=1&resize=350%2C200","width":350,"height":200},"classes":[]},{"id":19491,"url":"https:\/\/uscatletica.ch\/wp\/?p=19491","url_meta":{"origin":7325,"position":3},"title":"TUTTO PRONTO PER IL MEETING LUGANESE","author":"Leonida Stampanoni","date":"20 Giugno 2024","format":false,"excerpt":"L'USC CAPRIASCHESE SAM MASSAGNO E SAL LUGANO VI INVITANO AL 2o MEETING LGUANESE MEETING B Swiss Athletics valido per il World Ranking\u00a0 \u00a0 La buvette sar\u00e0 chiusa durante la manifestazione\u00a0 RISULTATI LIVE IL PROGRAMMA IL PROGRAMMA","rel":"","context":"In &quot;Altro&quot;","block_context":{"text":"Altro","link":"https:\/\/uscatletica.ch\/wp\/?cat=11"},"img":{"alt_text":"","src":"https:\/\/i0.wp.com\/uscatletica.ch\/wp\/wp-content\/uploads\/2021\/06\/P1100033.jpeg?fit=432%2C324&ssl=1&resize=350%2C200","width":350,"height":200},"classes":[]},{"id":11940,"url":"https:\/\/uscatletica.ch\/wp\/?p=11940","url_meta":{"origin":7325,"position":4},"title":"ANNUARIO 2020","author":"Stampa E","date":"1 Aprile 2021","format":false,"excerpt":"\u00c8 pronto e visibile da subito l'Annuario 2020 della nostra societ\u00e0: clicca qui Un esemplare cartaceo sar\u00e0 disponibile a breve: si potr\u00e0 richiedere all'USC e ritirare presso l'Arena sportiva di Capriasca e Valcolla durante gli allenamenti USC. Buona lettura USC Annuario USC 2020","rel":"","context":"In &quot;I nostri appuntamenti&quot;","block_context":{"text":"I nostri appuntamenti","link":"https:\/\/uscatletica.ch\/wp\/?cat=12"},"img":{"alt_text":"","src":"https:\/\/i0.wp.com\/uscatletica.ch\/wp\/wp-content\/uploads\/2021\/04\/Anuuario-2020-prima.jpg?fit=489%2C245&ssl=1&resize=350%2C200","width":350,"height":200},"classes":[]},{"id":6784,"url":"https:\/\/uscatletica.ch\/wp\/?p=6784","url_meta":{"origin":7325,"position":5},"title":"Corsa d\u2019orientamento sociale \u2013 ultime info e partenze","author":"Stampa E","date":"7 Novembre 2018","format":false,"excerpt":"sabato 10 novembre 2018 Corsa d\u2019orientamento sociale \u2013 terza edizione ULTIME INFORMAZIONI e PARTENZE -> CO USC-ultime info Ritrovo e centro gara: dalle 14:00 a Tesserete, Arena Sportiva, spogliatoi a disposizione Partenza: dalle 14:30, vedi lista Ritrovo-Partenza: 5\u2019 al passo Percorsi: percorso lungo (individuale): cartina 1:10'000, 4.6 km, 14 punti\u2026","rel":"","context":"In &quot;CO&quot;","block_context":{"text":"CO","link":"https:\/\/uscatletica.ch\/wp\/?cat=19"},"img":{"alt_text":"","src":"https:\/\/i0.wp.com\/uscatletica.ch\/wp\/wp-content\/uploads\/2017\/09\/Logo-gara-CO.jpg?fit=399%2C282&ssl=1&resize=350%2C200","width":350,"height":200},"classes":[]}],"_links":{"self":[{"href":"https:\/\/uscatletica.ch\/wp\/index.php?rest_route=\/wp\/v2\/posts\/7325","targetHints":{"allow":["GET"]}}],"collection":[{"href":"https:\/\/uscatletica.ch\/wp\/index.php?rest_route=\/wp\/v2\/posts"}],"about":[{"href":"https:\/\/uscatletica.ch\/wp\/index.php?rest_route=\/wp\/v2\/types\/post"}],"author":[{"embeddable":true,"href":"https:\/\/uscatletica.ch\/wp\/index.php?rest_route=\/wp\/v2\/users\/4"}],"replies":[{"embeddable":true,"href":"https:\/\/uscatletica.ch\/wp\/index.php?rest_route=%2Fwp%2Fv2%2Fcomments&post=7325"}],"version-history":[{"count":2,"href":"https:\/\/uscatletica.ch\/wp\/index.php?rest_route=\/wp\/v2\/posts\/7325\/revisions"}],"predecessor-version":[{"id":7341,"href":"https:\/\/uscatletica.ch\/wp\/index.php?rest_route=\/wp\/v2\/posts\/7325\/revisions\/7341"}],"wp:featuredmedia":[{"embeddable":true,"href":"https:\/\/uscatletica.ch\/wp\/index.php?rest_route=\/wp\/v2\/media\/7333"}],"wp:attachment":[{"href":"https:\/\/uscatletica.ch\/wp\/index.php?rest_route=%2Fwp%2Fv2%2Fmedia&parent=7325"}],"wp:term":[{"taxonomy":"category","embeddable":true,"href":"https:\/\/uscatletica.ch\/wp\/index.php?rest_route=%2Fwp%2Fv2%2Fcategories&post=7325"},{"taxonomy":"post_tag","embeddable":true,"href":"https:\/\/uscatletica.ch\/wp\/index.php?rest_route=%2Fwp%2Fv2%2Ftags&post=7325"}],"curies":[{"name":"wp","href":"https:\/\/api.w.org\/{rel}","templated":true}]}}