{"id":7375,"date":"2019-03-07T05:09:31","date_gmt":"2019-03-07T04:09:31","guid":{"rendered":"http:\/\/uscatletica.ch\/wp\/?p=7375"},"modified":"2019-03-26T13:53:53","modified_gmt":"2019-03-26T12:53:53","slug":"la-staffetta-capriaschese-2019-lancia-il-tas","status":"publish","type":"post","link":"https:\/\/uscatletica.ch\/wp\/?p=7375","title":{"rendered":"LA STAFFETTA CAPRIASCHESE 2019 LANCIA IL TAS (ORA LEGALE)"},"content":{"rendered":"\n<h2 class=\"wp-block-heading\">ATTENZIONE SALTO NELL&#8217;ORA LEGALE SPOSTARE GLI OROLOGI AVANTI DI UN&#8217;ORA <\/h2>\n\n\n\n<p>La stagione 2019 del <a href=\"http:\/\/www.asti-ticino.ch\/staffette\/\">Trofeo ASTi Staffette<\/a> partir\u00e0 con la 46 edizione della staffetta Capriaschese. I nostri atleti debuteranno in casa nell&#8217;amatissima competizione per i giovani podisti<\/p>\n\n\n\n<p>I<a href=\"http:\/\/www.asti-ticino.ch\/asti\/wp-content\/uploads\/2018\/12\/ASTI_AGENDA_CALENDARIO_2019_WEB.pdf\">l nuovo calendario agenda ASTi<\/a><br><\/p>\n\n\n\n<div class=\"wp-block-image\"><figure class=\"aligncenter\"><a href=\"https:\/\/i0.wp.com\/uscatletica.ch\/wp\/wp-content\/uploads\/2015\/11\/staffetta.png?ssl=1\"><img data-recalc-dims=\"1\" loading=\"lazy\" decoding=\"async\" width=\"330\" height=\"182\" data-attachment-id=\"294\" data-permalink=\"https:\/\/uscatletica.ch\/wp\/?attachment_id=294\" data-orig-file=\"https:\/\/i0.wp.com\/uscatletica.ch\/wp\/wp-content\/uploads\/2015\/11\/staffetta.png?fit=330%2C182&amp;ssl=1\" data-orig-size=\"330,182\" data-comments-opened=\"0\" data-image-meta=\"{&quot;aperture&quot;:&quot;0&quot;,&quot;credit&quot;:&quot;&quot;,&quot;camera&quot;:&quot;&quot;,&quot;caption&quot;:&quot;&quot;,&quot;created_timestamp&quot;:&quot;0&quot;,&quot;copyright&quot;:&quot;&quot;,&quot;focal_length&quot;:&quot;0&quot;,&quot;iso&quot;:&quot;0&quot;,&quot;shutter_speed&quot;:&quot;0&quot;,&quot;title&quot;:&quot;&quot;,&quot;orientation&quot;:&quot;0&quot;}\" data-image-title=\"staffetta\" data-image-description=\"\" data-image-caption=\"\" data-large-file=\"https:\/\/i0.wp.com\/uscatletica.ch\/wp\/wp-content\/uploads\/2015\/11\/staffetta.png?fit=330%2C182&amp;ssl=1\" src=\"https:\/\/i0.wp.com\/uscatletica.ch\/wp\/wp-content\/uploads\/2015\/11\/staffetta.png?resize=330%2C182&#038;ssl=1\" alt=\"staffetta\" class=\"wp-image-294\" srcset=\"https:\/\/i0.wp.com\/uscatletica.ch\/wp\/wp-content\/uploads\/2015\/11\/staffetta.png?w=330&amp;ssl=1 330w, https:\/\/i0.wp.com\/uscatletica.ch\/wp\/wp-content\/uploads\/2015\/11\/staffetta.png?resize=300%2C165&amp;ssl=1 300w, https:\/\/i0.wp.com\/uscatletica.ch\/wp\/wp-content\/uploads\/2015\/11\/staffetta.png?resize=71%2C40&amp;ssl=1 71w\" sizes=\"auto, (max-width: 330px) 100vw, 330px\" \/><\/a><\/figure><\/div>\n\n\n\n<h1 class=\"wp-block-heading\">46<sup>a<\/sup> STAFFETTA CAPRIASCHESE&nbsp;<\/h1>\n\n\n\n<h1 class=\"wp-block-heading\">TROFEO IMPRESA GIOVANNI QUADRI<\/h1>\n\n\n\n<h2 class=\"wp-block-heading\">Domenica 31 Marzo 2019<\/h2>\n\n\n\n<h2 class=\"wp-block-heading\"><a href=\"https:\/\/uscatletica.ch\/wp\/wp-content\/uploads\/2019\/03\/staffUSCPROG2019.pdf\">&nbsp;programma<\/a><a href=\"https:\/\/uscatletica.ch\/wp\/wp-content\/uploads\/2019\/03\/staffUSCPROG2019.pdf\"><\/a><a href=\"https:\/\/uscatletica.ch\/wp\/wp-content\/uploads\/2019\/03\/staffUSCPROG2019.pdf\"><\/a><a href=\"https:\/\/uscatletica.ch\/wp\/wp-content\/uploads\/2018\/04\/staffUSC2018CLASS.pdf\"><\/a><a href=\"https:\/\/uscatletica.ch\/wp\/wp-content\/uploads\/2018\/04\/staffUSC2018CLASS.pdf\">La classifica aggiornata<\/a><\/h2>\n\n\n\n<h2 class=\"wp-block-heading\">45 edizione 2018<\/h2>\n\n\n\n<p>45 edizione della Staffetta Capriaschese per la prima volta dal1994 la Vigor Ligornetto vince il Trofeo Giovanni Quadri davanti a SAM e USC. I giovani bleniesi Enea Ratti e Gregorio Marioni hanno regalato al GAD Dongio la prima vittoria nella americana a coppie degli attivi davanti a Vigor ed USC ,Tra le attive la vittoria \u00e8 andata alla Vigor davanti a due squadre USC. Tra le U16AS Monteceneri su Vigor ed USC. Tra gli U16 maschili&nbsp; la vittoria in volata alla SFG Chiasso davanti all&#8217;atletica Mendrisiotto e GAD . Tra le U14 La SAM batte le nostre ragazze dell&#8217;USC.&nbsp; La Vigor firma il successo tra gli U14 davanti all&#8217;ASM. Tra gli U12 doppietta per la SAM. La Vigor vince tra le U12. Ottimo il lavoro svolto da tutti i collaboratori che hanno permesso la perfetta riuscita dell&#8217;intenso pomeriggio di gare . Ottanta gli USCini al Via<\/p>\n\n\n\n<figure><iframe loading=\"lazy\" src=\"https:\/\/free.timeanddate.com\/countdown\/i5mnk497\/n1977\/cf111\/cm0\/cu4\/ct0\/cs0\/ca0\/cr0\/ss0\/cac000\/cpc000\/pcf00\/tcf00\/fs100\/szw320\/szh135\/tatLa%2045%20Staffetta%20Capriaschese%20%20\/tac000\/tptLa%20gara%20%C3%A8%20partita%20da\/tpc000\/matpartir%C3%A0%20tra\/mac000\/mpc000\/iso2018-04-22T14:30:00\/bo2\/pd3\" width=\"321\" height=\"132\"><\/iframe><\/figure>\n\n\n\n<h2 class=\"wp-block-heading\">44 edizione 2017<\/h2>\n\n\n\n<h3 class=\"wp-block-heading\">351 Atleti hanno partecipato alla 44 edizione per la prima volta l&#8217;AS Monteceneri vince il Trofeo impresa Giovani Quadri battendo in volata USC, GAB e SAM. Nell&#8217;americana a coppie la SAM con Calamai &amp; Moggi ha ragione sul GAB Melera &amp; Roberto terzo rango per l&#8217;USC Delorenzi &amp; Tattarletti. &nbsp;Tra le donne vince il GAB &nbsp;con Moser Innocenti Arini davanti a due squadre USC Roncoroni, Hutter, Vicari, Tattarletti, Blin, Kuster.<\/h3>\n\n\n\n<div class=\"wp-block-image\"><figure class=\"aligncenter\"><a href=\"https:\/\/uscatletica.ch\/wp\/wp-content\/uploads\/2015\/11\/ClassficaTGQuadri2017.pdf\"><img data-recalc-dims=\"1\" loading=\"lazy\" decoding=\"async\" width=\"595\" height=\"842\" data-attachment-id=\"3835\" data-permalink=\"https:\/\/uscatletica.ch\/wp\/?attachment_id=3835\" data-orig-file=\"https:\/\/i0.wp.com\/uscatletica.ch\/wp\/wp-content\/uploads\/2015\/11\/staffUSC2017CLASS.jpg?fit=595%2C842&amp;ssl=1\" data-orig-size=\"595,842\" data-comments-opened=\"0\" data-image-meta=\"{&quot;aperture&quot;:&quot;0&quot;,&quot;credit&quot;:&quot;&quot;,&quot;camera&quot;:&quot;&quot;,&quot;caption&quot;:&quot;&quot;,&quot;created_timestamp&quot;:&quot;0&quot;,&quot;copyright&quot;:&quot;&quot;,&quot;focal_length&quot;:&quot;0&quot;,&quot;iso&quot;:&quot;0&quot;,&quot;shutter_speed&quot;:&quot;0&quot;,&quot;title&quot;:&quot;&quot;,&quot;orientation&quot;:&quot;0&quot;}\" data-image-title=\"staffUSC2017CLASS\" data-image-description=\"\" data-image-caption=\"\" data-large-file=\"https:\/\/i0.wp.com\/uscatletica.ch\/wp\/wp-content\/uploads\/2015\/11\/staffUSC2017CLASS.jpg?fit=595%2C842&amp;ssl=1\" src=\"https:\/\/i0.wp.com\/uscatletica.ch\/wp\/wp-content\/uploads\/2015\/11\/staffUSC2017CLASS.jpg?resize=595%2C842&#038;ssl=1\" alt=\"\" class=\"wp-image-3835\" srcset=\"https:\/\/i0.wp.com\/uscatletica.ch\/wp\/wp-content\/uploads\/2015\/11\/staffUSC2017CLASS.jpg?w=595&amp;ssl=1 595w, https:\/\/i0.wp.com\/uscatletica.ch\/wp\/wp-content\/uploads\/2015\/11\/staffUSC2017CLASS.jpg?resize=212%2C300&amp;ssl=1 212w, https:\/\/i0.wp.com\/uscatletica.ch\/wp\/wp-content\/uploads\/2015\/11\/staffUSC2017CLASS.jpg?resize=106%2C150&amp;ssl=1 106w\" sizes=\"auto, (max-width: 595px) 100vw, 595px\" \/><\/a><\/figure><\/div>\n\n\n\n<p><a href=\"https:\/\/uscatletica.ch\/wp\/wp-content\/uploads\/2017\/03\/ClassficaTGQuadri2017.pdf\">Classifiche 2017<\/a><br><\/p>\n\n\n\n<div class=\"wp-block-image\"><figure class=\"aligncenter\"><a href=\"https:\/\/i0.wp.com\/uscatletica.ch\/wp\/wp-content\/uploads\/2015\/11\/percorsostaffetta.png?ssl=1\"><img data-recalc-dims=\"1\" loading=\"lazy\" decoding=\"async\" width=\"640\" height=\"378\" data-attachment-id=\"895\" data-permalink=\"https:\/\/uscatletica.ch\/wp\/?attachment_id=895\" data-orig-file=\"https:\/\/i0.wp.com\/uscatletica.ch\/wp\/wp-content\/uploads\/2015\/11\/percorsostaffetta.png?fit=640%2C378&amp;ssl=1\" data-orig-size=\"640,378\" data-comments-opened=\"0\" data-image-meta=\"{&quot;aperture&quot;:&quot;0&quot;,&quot;credit&quot;:&quot;&quot;,&quot;camera&quot;:&quot;&quot;,&quot;caption&quot;:&quot;&quot;,&quot;created_timestamp&quot;:&quot;0&quot;,&quot;copyright&quot;:&quot;&quot;,&quot;focal_length&quot;:&quot;0&quot;,&quot;iso&quot;:&quot;0&quot;,&quot;shutter_speed&quot;:&quot;0&quot;,&quot;title&quot;:&quot;&quot;,&quot;orientation&quot;:&quot;0&quot;}\" data-image-title=\"percorsostaffetta\" data-image-description=\"\" data-image-caption=\"\" data-large-file=\"https:\/\/i0.wp.com\/uscatletica.ch\/wp\/wp-content\/uploads\/2015\/11\/percorsostaffetta.png?fit=640%2C378&amp;ssl=1\" src=\"https:\/\/i0.wp.com\/uscatletica.ch\/wp\/wp-content\/uploads\/2015\/11\/percorsostaffetta.png?resize=640%2C378&#038;ssl=1\" alt=\"percorsostaffetta\" class=\"wp-image-895\" srcset=\"https:\/\/i0.wp.com\/uscatletica.ch\/wp\/wp-content\/uploads\/2015\/11\/percorsostaffetta.png?w=640&amp;ssl=1 640w, https:\/\/i0.wp.com\/uscatletica.ch\/wp\/wp-content\/uploads\/2015\/11\/percorsostaffetta.png?resize=300%2C177&amp;ssl=1 300w\" sizes=\"auto, (max-width: 640px) 100vw, 640px\" \/><\/a><\/figure><\/div>\n\n\n\n<figure class=\"wp-block-image\"><a href=\"https:\/\/i0.wp.com\/uscatletica.ch\/wp\/wp-content\/uploads\/2015\/11\/quadri.png?ssl=1\"><img data-recalc-dims=\"1\" loading=\"lazy\" decoding=\"async\" width=\"200\" height=\"78\" data-attachment-id=\"348\" data-permalink=\"https:\/\/uscatletica.ch\/wp\/?attachment_id=348\" data-orig-file=\"https:\/\/i0.wp.com\/uscatletica.ch\/wp\/wp-content\/uploads\/2015\/11\/quadri.png?fit=200%2C78&amp;ssl=1\" data-orig-size=\"200,78\" data-comments-opened=\"0\" data-image-meta=\"{&quot;aperture&quot;:&quot;0&quot;,&quot;credit&quot;:&quot;&quot;,&quot;camera&quot;:&quot;&quot;,&quot;caption&quot;:&quot;&quot;,&quot;created_timestamp&quot;:&quot;0&quot;,&quot;copyright&quot;:&quot;&quot;,&quot;focal_length&quot;:&quot;0&quot;,&quot;iso&quot;:&quot;0&quot;,&quot;shutter_speed&quot;:&quot;0&quot;,&quot;title&quot;:&quot;&quot;,&quot;orientation&quot;:&quot;0&quot;}\" data-image-title=\"quadri\" data-image-description=\"\" data-image-caption=\"\" data-large-file=\"https:\/\/i0.wp.com\/uscatletica.ch\/wp\/wp-content\/uploads\/2015\/11\/quadri.png?fit=200%2C78&amp;ssl=1\" src=\"https:\/\/i0.wp.com\/uscatletica.ch\/wp\/wp-content\/uploads\/2015\/11\/quadri.png?resize=200%2C78&#038;ssl=1\" alt=\"quadri\" class=\"wp-image-348\"\/><\/a><\/figure>\n\n\n\n<h3 class=\"wp-block-heading\">ARCHIVIO RISULTATI<\/h3>\n\n\n\n<table class=\"wp-block-table\"><tbody><tr><td>&nbsp;<a href=\"https:\/\/uscatletica.ch\/wp\/wp-content\/uploads\/2015\/11\/classificaTrofequadri2003.pdf\" target=\"_blank\" rel=\"noreferrer noopener\">2003<\/a><\/td><td>&nbsp;<a href=\"https:\/\/uscatletica.ch\/wp\/wp-content\/uploads\/2015\/11\/classificaTrofequadri2004.pdf\">2004<\/a><\/td><td>&nbsp;<a href=\"https:\/\/uscatletica.ch\/wp\/wp-content\/uploads\/2015\/11\/classstaffusc2005.pdf\">2005<\/a><\/td><td><a href=\"https:\/\/uscatletica.ch\/wp\/wp-content\/uploads\/2015\/11\/classstaffusc2006.pdf\">2006<\/a><\/td><\/tr><tr><td><a href=\"https:\/\/uscatletica.ch\/wp\/wp-content\/uploads\/2015\/11\/classstaffusc2007.pdf\">2007<\/a><\/td><td><a href=\"https:\/\/uscatletica.ch\/wp\/wp-content\/uploads\/2015\/11\/classstaffusc2008.pdf\">2008<\/a><\/td><td><a href=\"https:\/\/uscatletica.ch\/wp\/wp-content\/uploads\/2015\/11\/classstaffusc2009.pdf\">2009<\/a><\/td><td><a href=\"https:\/\/uscatletica.ch\/wp\/wp-content\/uploads\/2015\/11\/classstaffusc2010.pdf\">2010<\/a><\/td><\/tr><tr><td><a href=\"https:\/\/uscatletica.ch\/wp\/wp-content\/uploads\/2015\/11\/classstaffusc2011.pdf\">2011<\/a><\/td><td><a href=\"https:\/\/uscatletica.ch\/wp\/wp-content\/uploads\/2015\/11\/classstaffusc2012.pdf\">2012<\/a><\/td><td>&nbsp;&nbsp;<a href=\"https:\/\/uscatletica.ch\/wp\/wp-content\/uploads\/2015\/11\/classstaffusc2013.pdf\">2013<\/a><\/td><td>&nbsp;<a href=\"https:\/\/uscatletica.ch\/wp\/wp-content\/uploads\/2015\/11\/staffUSC2014CLASS.pdf\">2014<\/a><\/td><\/tr><tr><td><a href=\"https:\/\/uscatletica.ch\/wp\/wp-content\/uploads\/2015\/11\/staffUSC2015CLASS.pdf\">2015<\/a><\/td><td>&nbsp;<a href=\"https:\/\/uscatletica.ch\/wp\/wp-content\/uploads\/2016\/03\/classificaTGQUADRI2016.pdf\">2016<\/a><\/td><td>&nbsp;<a href=\"https:\/\/uscatletica.ch\/wp\/wp-content\/uploads\/2017\/03\/ClassficaTGQuadri2017.pdf\" target=\"_blank\" rel=\"noreferrer noopener\">2017<\/a><\/td><td>&nbsp;<a href=\"https:\/\/uscatletica.ch\/wp\/wp-content\/uploads\/2018\/04\/staffUSC2018CLASS.pdf\">2018<\/a><\/td><\/tr><\/tbody><\/table>\n","protected":false},"excerpt":{"rendered":"<p>ATTENZIONE SALTO NELL&#8217;ORA LEGALE SPOSTARE GLI OROLOGI AVANTI DI UN&#8217;ORA La stagione 2019 del Trofeo ASTi Staffette partir\u00e0 con la 46 edizione della staffetta Capriaschese. I nostri atleti debuteranno in casa nell&#8217;amatissima competizione per i giovani podisti Il nuovo calendario agenda ASTi 46a STAFFETTA CAPRIASCHESE&nbsp; TROFEO IMPRESA GIOVANNI QUADRI Domenica 31 Marzo 2019 &nbsp;programmaLa classifica aggiornata 45 edizione 2018 45 edizione della Staffetta Capriaschese per la prima volta dal1994 la Vigor Ligornetto vince il Trofeo&#8230;<\/p>\n","protected":false},"author":4,"featured_media":294,"comment_status":"closed","ping_status":"closed","sticky":false,"template":"","format":"standard","meta":{"jetpack_post_was_ever_published":false,"_jetpack_newsletter_access":"","_jetpack_dont_email_post_to_subs":false,"_jetpack_newsletter_tier_id":0,"_jetpack_memberships_contains_paywalled_content":false,"_jetpack_memberships_contains_paid_content":false,"footnotes":"","jetpack_publicize_message":"","jetpack_publicize_feature_enabled":true,"jetpack_social_post_already_shared":true,"jetpack_social_options":{"image_generator_settings":{"template":"highway","default_image_id":0,"font":"","enabled":false},"version":2}},"categories":[11,10,9,8],"tags":[],"class_list":["post-7375","post","type-post","status-publish","format-standard","has-post-thumbnail","hentry","category-altro","category-info","category-sport","category-staffette"],"jetpack_publicize_connections":[],"jetpack_featured_media_url":"https:\/\/i0.wp.com\/uscatletica.ch\/wp\/wp-content\/uploads\/2015\/11\/staffetta.png?fit=330%2C182&ssl=1","jetpack_sharing_enabled":true,"jetpack_shortlink":"https:\/\/wp.me\/p6V7Ck-1UX","jetpack-related-posts":[{"id":3748,"url":"https:\/\/uscatletica.ch\/wp\/?p=3748","url_meta":{"origin":7375,"position":0},"title":"44 Staffetta Capriaschese Trofeo Giovanni Quadri (ORA LEGALE)","author":"Leonida Stampanoni","date":"17 Marzo 2017","format":false,"excerpt":"L'USC ha l'onore di inaugurare la stagione 2017 del Trofeo ASTi staffette\u00a0con : 44a STAFFETTA CAPRIASCHESE\u00a0 TROFEO IMPRESA GIOVANNI QUADRI Domenica 26\u00a0Marzo 2017 (cambio ora legale ) \u00a0 \u00a0 Il prgoramma 2017 \u00a0 \u00a0 ARCHIVIO RISULTATI \u00a02003 \u00a02004 \u00a02005 2006 2007 2008 2009 2010 2011 2012 \u00a0\u00a02013 \u00a02014 2015 \u00a02016\u2026","rel":"","context":"In &quot;Staffette&quot;","block_context":{"text":"Staffette","link":"https:\/\/uscatletica.ch\/wp\/?cat=8"},"img":{"alt_text":"","src":"https:\/\/i0.wp.com\/uscatletica.ch\/wp\/wp-content\/uploads\/2017\/02\/uckbuttikon17copert.jpg?fit=517%2C417&ssl=1&resize=350%2C200","width":350,"height":200},"classes":[]},{"id":7488,"url":"https:\/\/uscatletica.ch\/wp\/?p=7488","url_meta":{"origin":7375,"position":1},"title":"La Stagione ASTi parte con il trofeo Quadri e la Sementina San Defendente","author":"Leonida Stampanoni","date":"29 Marzo 2019","format":false,"excerpt":"L'ora Legale SABATO NOTTERICORDATEVI DI SPOSTARE I VOSTRI MARCATEMPO AVANTI \u00a0DI UN'ORA Con il salto nell'ora Legale parte anche la Stagione ASTi delle gare fuori pista. Il Trofeo ASTi Staffette parte con la Staffetta Capriaschese che assegner\u00e0 il Trofeo impresa costruzioni Giovanni Quadri. Siamo pronti ad accogliere sule strade di\u2026","rel":"","context":"In &quot;I nostri appuntamenti&quot;","block_context":{"text":"I nostri appuntamenti","link":"https:\/\/uscatletica.ch\/wp\/?cat=12"},"img":{"alt_text":"","src":"https:\/\/i0.wp.com\/uscatletica.ch\/wp\/wp-content\/uploads\/2018\/04\/tgq18U0810-1.jpg?fit=562%2C273&ssl=1&resize=350%2C200","width":350,"height":200,"srcset":"https:\/\/i0.wp.com\/uscatletica.ch\/wp\/wp-content\/uploads\/2018\/04\/tgq18U0810-1.jpg?fit=562%2C273&ssl=1&resize=350%2C200 1x, https:\/\/i0.wp.com\/uscatletica.ch\/wp\/wp-content\/uploads\/2018\/04\/tgq18U0810-1.jpg?fit=562%2C273&ssl=1&resize=525%2C300 1.5x"},"classes":[]},{"id":20702,"url":"https:\/\/uscatletica.ch\/wp\/?p=20702","url_meta":{"origin":7375,"position":2},"title":"UNA SETTIMANA ALLA 50ma STAFFETTA CAPRIASCHESE","author":"Leonida Stampanoni","date":"22 Marzo 2025","format":false,"excerpt":"50a\u00a0STAFFETTA CAPRIASCHESE \u00a0 Domenica 30 marzo, dopo il passaggio all'ora legale, L'USC accoglier\u00e0 i partecipanti alla 50esima edizione della Staffetta Capriaschese Trofeo Giovanni Quadri. Nato a met\u00e0 anni 70' attorno al Lago d'Origlio la manifestazione a partire dalla fine degli anni 80' \u00e8 cresciuta attorno al nucleo di Tesserete. L'edizione\u2026","rel":"","context":"In &quot;Altro&quot;","block_context":{"text":"Altro","link":"https:\/\/uscatletica.ch\/wp\/?cat=11"},"img":{"alt_text":"","src":"https:\/\/i0.wp.com\/uscatletica.ch\/wp\/wp-content\/uploads\/2025\/03\/LGOG59CAORUASCHESE.jpg?fit=575%2C280&ssl=1&resize=350%2C200","width":350,"height":200,"srcset":"https:\/\/i0.wp.com\/uscatletica.ch\/wp\/wp-content\/uploads\/2025\/03\/LGOG59CAORUASCHESE.jpg?fit=575%2C280&ssl=1&resize=350%2C200 1x, https:\/\/i0.wp.com\/uscatletica.ch\/wp\/wp-content\/uploads\/2025\/03\/LGOG59CAORUASCHESE.jpg?fit=575%2C280&ssl=1&resize=525%2C300 1.5x"},"classes":[]},{"id":14466,"url":"https:\/\/uscatletica.ch\/wp\/?p=14466","url_meta":{"origin":7375,"position":3},"title":"La Staffetta Capriaschese lancia il TAS","author":"Leonida Stampanoni","date":"26 Marzo 2022","format":false,"excerpt":"L\u2019Unione Sportiva Capriaschese ricorda la 47a edizione della Staffetta Capriaschese, Trofeo G. Quadri, valevole per il trofeo ASTI staffette, prevista a Tesserete.\u00a0 Lo scorso anno il TAS vide l'USC vincere due classifiche ed ottenere il podio in altre due . DOMENICA 27 marzo 2022ATTENZIONE: cambiamento dell\u2019ora (spostare avanti di un'ora\u2026","rel":"","context":"In &quot;I nostri appuntamenti&quot;","block_context":{"text":"I nostri appuntamenti","link":"https:\/\/uscatletica.ch\/wp\/?cat=12"},"img":{"alt_text":"","src":"https:\/\/i0.wp.com\/uscatletica.ch\/wp\/wp-content\/uploads\/2022\/03\/staff-USC-programma2022.jpg?fit=852%2C861&ssl=1&resize=350%2C200","width":350,"height":200,"srcset":"https:\/\/i0.wp.com\/uscatletica.ch\/wp\/wp-content\/uploads\/2022\/03\/staff-USC-programma2022.jpg?fit=852%2C861&ssl=1&resize=350%2C200 1x, https:\/\/i0.wp.com\/uscatletica.ch\/wp\/wp-content\/uploads\/2022\/03\/staff-USC-programma2022.jpg?fit=852%2C861&ssl=1&resize=525%2C300 1.5x, https:\/\/i0.wp.com\/uscatletica.ch\/wp\/wp-content\/uploads\/2022\/03\/staff-USC-programma2022.jpg?fit=852%2C861&ssl=1&resize=700%2C400 2x"},"classes":[]},{"id":3776,"url":"https:\/\/uscatletica.ch\/wp\/?p=3776","url_meta":{"origin":7375,"position":4},"title":"La staffetta Capriaschese lancia il TAS 2017 Attenzione Ora Legale orologi avanti  1 ora","author":"Leonida Stampanoni","date":"22 Marzo 2017","format":false,"excerpt":"Domenica a Tesserete l'USC avr\u00e0 l'onore di aprire la 15 stagione del TAS che assegner\u00e0 il supertrofeo ed i 6 trofei di categorie. La nostra staffetta nata nel 1974 sul lago d'Origlio si disputa da oramai una ventina d'anni nel centro di Tesserete. \u00a0Alle 14.30, attenzione nella notte \u00a0ci sar\u00e0\u2026","rel":"","context":"In &quot;Staffette&quot;","block_context":{"text":"Staffette","link":"https:\/\/uscatletica.ch\/wp\/?cat=8"},"img":{"alt_text":"","src":"https:\/\/i0.wp.com\/uscatletica.ch\/wp\/wp-content\/uploads\/2015\/11\/percorsostaffetta.png?fit=640%2C378&ssl=1&resize=350%2C200","width":350,"height":200,"srcset":"https:\/\/i0.wp.com\/uscatletica.ch\/wp\/wp-content\/uploads\/2015\/11\/percorsostaffetta.png?fit=640%2C378&ssl=1&resize=350%2C200 1x, https:\/\/i0.wp.com\/uscatletica.ch\/wp\/wp-content\/uploads\/2015\/11\/percorsostaffetta.png?fit=640%2C378&ssl=1&resize=525%2C300 1.5x"},"classes":[]},{"id":16830,"url":"https:\/\/uscatletica.ch\/wp\/?p=16830","url_meta":{"origin":7375,"position":5},"title":"La Staffetta Capriaschese lancia il TAS","author":"Stampa E","date":"24 Marzo 2023","format":false,"excerpt":"Una rinnovata Staffetta Capriaschese lancer\u00e0 la stagione del Trofeo ASTi BancaStato Staffette. L\u2019USC \u00e8 pronta ad accogliere i concorrenti sul circuito di Tesserete. Per le categorie giovanili la novit\u00e0 \u00e8 la parificazione delle distanze tra maschi e femmine. Le attive invece debutteranno nella spettacolare americana a coppie sulla distanza di\u2026","rel":"","context":"In &quot;I nostri appuntamenti&quot;","block_context":{"text":"I nostri appuntamenti","link":"https:\/\/uscatletica.ch\/wp\/?cat=12"},"img":{"alt_text":"","src":"https:\/\/i0.wp.com\/uscatletica.ch\/wp\/wp-content\/uploads\/2023\/03\/StaffettaUSC22-Foto-USC-ES-1-scaled.jpg?fit=1200%2C817&ssl=1&resize=350%2C200","width":350,"height":200,"srcset":"https:\/\/i0.wp.com\/uscatletica.ch\/wp\/wp-content\/uploads\/2023\/03\/StaffettaUSC22-Foto-USC-ES-1-scaled.jpg?fit=1200%2C817&ssl=1&resize=350%2C200 1x, https:\/\/i0.wp.com\/uscatletica.ch\/wp\/wp-content\/uploads\/2023\/03\/StaffettaUSC22-Foto-USC-ES-1-scaled.jpg?fit=1200%2C817&ssl=1&resize=525%2C300 1.5x, https:\/\/i0.wp.com\/uscatletica.ch\/wp\/wp-content\/uploads\/2023\/03\/StaffettaUSC22-Foto-USC-ES-1-scaled.jpg?fit=1200%2C817&ssl=1&resize=700%2C400 2x, https:\/\/i0.wp.com\/uscatletica.ch\/wp\/wp-content\/uploads\/2023\/03\/StaffettaUSC22-Foto-USC-ES-1-scaled.jpg?fit=1200%2C817&ssl=1&resize=1050%2C600 3x"},"classes":[]}],"_links":{"self":[{"href":"https:\/\/uscatletica.ch\/wp\/index.php?rest_route=\/wp\/v2\/posts\/7375","targetHints":{"allow":["GET"]}}],"collection":[{"href":"https:\/\/uscatletica.ch\/wp\/index.php?rest_route=\/wp\/v2\/posts"}],"about":[{"href":"https:\/\/uscatletica.ch\/wp\/index.php?rest_route=\/wp\/v2\/types\/post"}],"author":[{"embeddable":true,"href":"https:\/\/uscatletica.ch\/wp\/index.php?rest_route=\/wp\/v2\/users\/4"}],"replies":[{"embeddable":true,"href":"https:\/\/uscatletica.ch\/wp\/index.php?rest_route=%2Fwp%2Fv2%2Fcomments&post=7375"}],"version-history":[{"count":3,"href":"https:\/\/uscatletica.ch\/wp\/index.php?rest_route=\/wp\/v2\/posts\/7375\/revisions"}],"predecessor-version":[{"id":7470,"href":"https:\/\/uscatletica.ch\/wp\/index.php?rest_route=\/wp\/v2\/posts\/7375\/revisions\/7470"}],"wp:featuredmedia":[{"embeddable":true,"href":"https:\/\/uscatletica.ch\/wp\/index.php?rest_route=\/wp\/v2\/media\/294"}],"wp:attachment":[{"href":"https:\/\/uscatletica.ch\/wp\/index.php?rest_route=%2Fwp%2Fv2%2Fmedia&parent=7375"}],"wp:term":[{"taxonomy":"category","embeddable":true,"href":"https:\/\/uscatletica.ch\/wp\/index.php?rest_route=%2Fwp%2Fv2%2Fcategories&post=7375"},{"taxonomy":"post_tag","embeddable":true,"href":"https:\/\/uscatletica.ch\/wp\/index.php?rest_route=%2Fwp%2Fv2%2Ftags&post=7375"}],"curies":[{"name":"wp","href":"https:\/\/api.w.org\/{rel}","templated":true}]}}