{"id":7380,"date":"2019-03-08T22:04:26","date_gmt":"2019-03-08T21:04:26","guid":{"rendered":"http:\/\/uscatletica.ch\/wp\/?p=7380"},"modified":"2019-03-12T09:20:18","modified_gmt":"2019-03-12T08:20:18","slug":"7380","status":"publish","type":"post","link":"https:\/\/uscatletica.ch\/wp\/?p=7380","title":{"rendered":"CENA USC BESTIALE 29 MARZO"},"content":{"rendered":"\n<figure class=\"wp-block-image\"><img data-recalc-dims=\"1\" loading=\"lazy\" decoding=\"async\" width=\"640\" height=\"453\" data-attachment-id=\"7411\" data-permalink=\"https:\/\/uscatletica.ch\/wp\/?attachment_id=7411\" data-orig-file=\"https:\/\/i0.wp.com\/uscatletica.ch\/wp\/wp-content\/uploads\/2019\/03\/Cena2019.jpg?fit=841%2C595&amp;ssl=1\" data-orig-size=\"841,595\" data-comments-opened=\"0\" data-image-meta=\"{&quot;aperture&quot;:&quot;0&quot;,&quot;credit&quot;:&quot;&quot;,&quot;camera&quot;:&quot;&quot;,&quot;caption&quot;:&quot;&quot;,&quot;created_timestamp&quot;:&quot;0&quot;,&quot;copyright&quot;:&quot;&quot;,&quot;focal_length&quot;:&quot;0&quot;,&quot;iso&quot;:&quot;0&quot;,&quot;shutter_speed&quot;:&quot;0&quot;,&quot;title&quot;:&quot;&quot;,&quot;orientation&quot;:&quot;0&quot;}\" data-image-title=\"Cena2019\" data-image-description=\"\" data-image-caption=\"\" data-large-file=\"https:\/\/i0.wp.com\/uscatletica.ch\/wp\/wp-content\/uploads\/2019\/03\/Cena2019.jpg?fit=640%2C453&amp;ssl=1\" src=\"https:\/\/i0.wp.com\/uscatletica.ch\/wp\/wp-content\/uploads\/2019\/03\/Cena2019.jpg?resize=640%2C453&#038;ssl=1\" alt=\"\" class=\"wp-image-7411\" srcset=\"https:\/\/i0.wp.com\/uscatletica.ch\/wp\/wp-content\/uploads\/2019\/03\/Cena2019.jpg?w=841&amp;ssl=1 841w, https:\/\/i0.wp.com\/uscatletica.ch\/wp\/wp-content\/uploads\/2019\/03\/Cena2019.jpg?resize=300%2C212&amp;ssl=1 300w, https:\/\/i0.wp.com\/uscatletica.ch\/wp\/wp-content\/uploads\/2019\/03\/Cena2019.jpg?resize=768%2C543&amp;ssl=1 768w, https:\/\/i0.wp.com\/uscatletica.ch\/wp\/wp-content\/uploads\/2019\/03\/Cena2019.jpg?resize=200%2C140&amp;ssl=1 200w\" sizes=\"auto, (max-width: 640px) 100vw, 640px\" \/><\/figure>\n\n\n\n<div class=\"wp-block-file\"><a href=\"https:\/\/uscatletica.ch\/wp\/wp-content\/uploads\/2019\/03\/Cenusc2019.pdf\">Cenusc2019<\/a><a href=\"https:\/\/uscatletica.ch\/wp\/wp-content\/uploads\/2019\/03\/Cenusc2019.pdf\" class=\"wp-block-file__button\" download>Scarica<\/a><\/div>\n\n\n\n<h1 class=\"wp-block-heading\" style=\"text-align:center\"><a href=\"https:\/\/uscatletica.ch\/wp\/wp-content\/uploads\/2019\/03\/Cenusc2019.pdf\"> Cena 2019 <\/a><\/h1>\n\n\n\n<p><em>Amici sportivi, ato il 2018, \u00e8 <\/em><\/p>\n\n\n\n<p><em>uovo anno atl\n<\/em><\/p>\n\n\n\n<p><strong>CENA USC\n<\/strong><\/p>\n\n\n\n<p><em>Cari am<br>\narchivi ora di fissare, per chi non lo ha gi\u00e0 fatto<br>\nper il n etico-podistico-trail e chi pi\u00f9 ne ha pi\u00f9 ne metta.<br>\nPer condividere i propri \u201csogni\u201d o le proprie \u201cpreoccupazioni\u201d vi invitiamo<br>\nalla tra<\/em><em>C<\/em><em>d<\/em><em>a<\/em><em>iz<\/em><em>r<\/em><em>i<\/em><em>e<\/em><em>on<\/em><em>e<\/em><em>a<\/em><em>c<\/em><em>l<\/em><em>a<\/em><em>e<\/em><em>r<\/em><em>s<\/em><em>i <\/em><em>e<\/em><em>s<\/em><em>r<\/em><em>o<\/em><em>a<\/em><em>c<\/em><em>t<\/em><em>i<\/em><em>a<\/em><em>U<\/em><em>t<\/em><em>S<\/em><em>ra<\/em><em>C,<\/em><em>soci USC, piccoli e diversamente piccoli, che si\n<\/em><em>terr\u00e0: <\/em><em>archiviato il 2018, \u00e8 ora di fissare, per chi non lo ha gi\u00e0 fatto, gli obiettivi\n<\/em><\/p>\n\n\n\n<p><em>per il nuovo anno atletico-podistico-trail e chi pi\u00f9 ne ha pi\u00f9 ne metta.\n<\/em><strong><em>ven<\/em><\/strong><em>P<\/em><strong><em>erd<\/em><\/strong><em>c<\/em><strong><em>\u00ec<\/em><\/strong><em>on<\/em><strong><em>2<\/em><\/strong><em>d<\/em><strong><em>9<\/em><\/strong><em>iv<\/em><strong><em>a<\/em><\/strong><em>id<\/em><strong><em>p<\/em><\/strong><em>e<\/em><strong><em>r<\/em><\/strong><em>r<\/em><strong><em>i<\/em><\/strong><em>e<\/em><strong><em>le<\/em><\/strong><em>i <\/em><strong><em>2<\/em><\/strong><em>p<\/em><strong><em>0<\/em><\/strong><em>ro<\/em><strong><em>1<\/em><\/strong><em>p<\/em><strong><em>9<\/em><\/strong><em>ri <\/em><strong><em>p<\/em><\/strong><em>\u201cs<\/em><strong><em>r<\/em><\/strong><em>o<\/em><strong><em>e<\/em><\/strong><em>g<\/em><strong><em>s<\/em><\/strong><em>n<\/em><strong><em>so<\/em><\/strong><em>i\u201d <\/em><strong><em>l<\/em><\/strong><em>o<\/em><strong><em>e<\/em><\/strong><em>le<\/em><strong><em>sc<\/em><\/strong><em>p<\/em><strong><em>u<\/em><\/strong><em>r<\/em><strong><em>o<\/em><\/strong><em>p<\/em><strong><em>le<\/em><\/strong><em>rie<\/em><strong><em>m<\/em><\/strong><em>\u201c<\/em><strong><em>e<\/em><\/strong><em>p<\/em><strong><em>d<\/em><\/strong><em>r<\/em><strong><em>i<\/em><\/strong><em>e<\/em><strong><em>e<\/em><\/strong><em>oc<\/em><strong><em>d<\/em><\/strong><em>c<\/em><strong><em>i<\/em><\/strong><em>up<\/em><strong><em>T<\/em><\/strong><em>a<\/em><strong><em>e<\/em><\/strong><em>z<\/em><strong><em>s<\/em><\/strong><em>i<\/em><strong><em>s<\/em><\/strong><em>o<\/em><strong><em>e<\/em><\/strong><em>n<\/em><strong><em>r<\/em><\/strong><em>i<\/em><strong><em>e<\/em><\/strong><em>\u201d <\/em><strong><em>t<\/em><\/strong><em>v<\/em><strong><em>e<\/em><\/strong><em>i<\/em><strong><em>.<\/em><\/strong><em>invitiamo\n<\/em><\/p>\n\n\n\n<p><em>alla tradizionale serata tra soci USC, piccoli e diversamente piccoli, che si\n<\/em><em>Come s<\/em><em>ter<\/em><em>m<\/em><em>r\u00e0<\/em><em>p<\/em><em>:<\/em><em>re sono invitati anche i parenti degli atleti, tutti gli amici e i<br>\nsoci dell\u2019USC.\n<\/em><\/p>\n\n\n\n<p><strong><em>venerd\u00ec 29 marzo 2019 presso le scuole medie di Tesserete.\n<\/em><\/strong><\/p>\n\n\n\n<p><em>Pensavate di schivare il tema della serata? Eh no, quest\u2019anno\n<\/em><em>festegg<\/em><em>C<\/em><em>e<\/em><em>o<\/em><em>re<\/em><em>m<\/em><em>m<\/em><em>e<\/em><em>o<\/em><em>s<\/em><em>a<\/em><em>e<\/em><em>l<\/em><em>m<\/em><em>la<\/em><em>p<\/em><em>g<\/em><em>re<\/em><em>ra<\/em><em>s<\/em><em>n<\/em><em>o<\/em><em>d<\/em><em>n<\/em><em>e<\/em><em>o<\/em><em>la<\/em><em>in<\/em><em>n<\/em><em>v<\/em><em>o<\/em><em>it<\/em><em>s<\/em><em>a<\/em><em>t<\/em><em>t<\/em><em>r<\/em><em>i<\/em><em>a<\/em><em>a<\/em><em>: <\/em><em>nche i parenti degli atleti, tutti gli amici e i\n<\/em><\/p>\n\n\n\n<p><em>soci dell\u2019USC.\n<\/em><\/p>\n\n\n\n<p><strong><em>USC BESTIALE\n<\/em><\/strong><\/p>\n\n\n\n<p><em>Pensavate di schivare il tema della serata? Eh no, quest\u2019anno\n<\/em><\/p>\n\n\n\n<p><em>festeggeremo alla grande la nostra:<br>\n<\/em><em>Quale animale si nasconde in voi e vi porter\u00e0 a raggiungere\n<\/em><\/p>\n\n\n\n<p><em>tanto sperati?<br>\n<\/em><em>Nei cross alcuni dei nostri atleti hanno potuto scoprire la\n<\/em><\/p>\n\n\n\n<p><em>Dietro la morbidezza della nostra Brigh\u00e8la ad esempio si cela una capra,\n<\/em><em>vera natura animale che si nascondeva in loro, svelateci la forma e il\n<\/em><\/p>\n\n\n\n<p><em>nome. <\/em><em>troppo semplice vero!!! Sempre attenta al lupo per\u00f2!!!\n<\/em><\/p>\n\n\n\n<p><em>Nei cross alcuni dei nostri atleti hanno potuto scoprire la vera natura\n<\/em><em>Dietro Bolt pare ci fosse un puma (marketing???) e Wanders \u00e8\n<\/em><\/p>\n\n\n\n<p><em>animale che si nascondeva in loro, svelateci la forma e il nome.\n<\/em><em>probabilmente spinto, nelle sue galoppate, da un\u2019antilope cervicapra.\n<\/em><\/p>\n\n\n\n<p><em>Dietro Bolt pare ci fosse un puma\n(marketing???);<br>\ne Wanders \u00e8 probabilmente spinto,\nnelle sue galoppate, da un\u2019antilope\ncervicapra.\n<\/em><\/p>\n\n\n\n<p><em>&#8230;e voi? Portate un\u2019immagine del vostro animale, un fotomontaggio o una\nstoria che illustri come raggiungere il vostro obiettivo, il tutto verr\u00e0\nesposto e i migliori saranno premiati con gadget USC.\n<\/em><\/p>\n\n\n\n<p><strong><em>USC BESTIALE\n<\/em><\/strong><\/p>\n\n\n\n<p><em>gli obiettivi tanto sperati?<br>\nDietro la morbidezza della nostra Brigh\u00e8la ad esempio si<br>\ncela una capra, troppo semplice vero!!! Sempre attenta al<br>\n<\/em><em>lupo pe<\/em><em>Q<\/em><em>r\u00f2<\/em><em>u<\/em><em>!<\/em><em>a<\/em><em>!!<\/em><em>le animale si nasconde in voi e vi porter\u00e0 a raggiungere gli obiettivi\n<\/em><\/p>\n\n\n\n<p><em>, gli obiettivi\n<\/em><\/p>\n\n\n\n<p><strong><em>Programma del safari:<br>\n<\/em><\/strong><em>Alle <\/em><strong><em>19:15 <\/em><\/strong><em>si aprono i cancelli, occhio alle prede e ai predatori!!\n<\/em><\/p>\n\n\n\n<p><strong><em>Il Menu bestiale, <\/em><\/strong><em>curato dalla Fondazione Diamante, prevede<\/em><strong><em>:\n<\/em><\/strong><\/p>\n\n\n\n<p><em>Aperitivo: appostamento nella savana, abbeveraggi con bibite fermentate\ne non, bio e nostrane;<br>\nsotto i denti ci saranno delizie addatte sia a onnivori, carnivori e\nvegetariani (focaccia, humus, formaggi, polpette di verdura, melanzane,\npane, ecc&#8230;); occhio a non esagerare, che poi tenderemo un aguato al\nPiatto principale: i carnivori accerchiano la preda, gli erbivori lavoran nei\ncampi, alla fine ci gusteremo un buon risotto agli asparagi con schiacciata\ndi pollo impanata.\n<\/em><\/p>\n\n\n\n<p><em>E prima di coricarsi per un meritato riposo dolcetti con caff\u00e8 e digestivi.\nLa spesa a carico dei partecipanti, tutto compreso, \u00e8 stata cos\u00ec stabilita:\n<\/em><\/p>\n\n\n\n<p><strong><em>Adulti &#8211; 40 CHF<\/em><\/strong><em>; <\/em><strong><em>U23 &#8211; 25 CHF; U14 &#8211; 20 CHF\n<\/em><\/strong><em>Cominciate a riservare la data e comunicate la vostra presenza con uno\n<\/em><\/p>\n\n\n\n<p><em>scatto felino <\/em><strong><em>entro luned\u00ec 18 marzo <\/em><\/strong><em>via mail a:\ninfo@uscatletica.ch, precisando quanti U14 ci sono, o\ntelefonando allo 091 943 36 73 (Sergio) \u2013 091 943 48 64 (Anna).\n<\/em><\/p>\n\n\n\n<p><em>Vi aspettiamo con l\u2019immancabile voglia di divertirvi che non vi abbandona\nmai.\n<\/em><\/p>\n\n\n\n<p><strong><em>La tassa sociale 2019<\/em><\/strong><em>:<br>\n<\/em>\u2022 <em>80CHF(individuale)<br>\n<\/em>\u2022 <em>220CHF(famiglie)<br>\n<\/em>\u2022 <em>contributolibero\u201cAmiciUSC\u201d.\n<\/em><\/p>\n\n\n\n<p><em>Grazie a tutti\nComitato USC\n<\/em><\/p>\n","protected":false},"excerpt":{"rendered":"<p>Cena 2019 Amici sportivi, ato il 2018, \u00e8 uovo anno atl CENA USC Cari am archivi ora di fissare, per chi non lo ha gi\u00e0 fatto per il n etico-podistico-trail e chi pi\u00f9 ne ha pi\u00f9 ne metta. Per condividere i propri \u201csogni\u201d o le proprie \u201cpreoccupazioni\u201d vi invitiamo alla traCdaizrieoneaclaersi esroactiaUtSraC,soci USC, piccoli e diversamente piccoli, che si terr\u00e0: archiviato il 2018, \u00e8 ora di fissare, per chi non lo ha gi\u00e0 fatto, gli&#8230;<\/p>\n","protected":false},"author":4,"featured_media":7218,"comment_status":"closed","ping_status":"closed","sticky":false,"template":"","format":"standard","meta":{"jetpack_post_was_ever_published":false,"_jetpack_newsletter_access":"","_jetpack_dont_email_post_to_subs":false,"_jetpack_newsletter_tier_id":0,"_jetpack_memberships_contains_paywalled_content":false,"_jetpack_memberships_contains_paid_content":false,"footnotes":"","jetpack_publicize_message":"","jetpack_publicize_feature_enabled":true,"jetpack_social_post_already_shared":true,"jetpack_social_options":{"image_generator_settings":{"template":"highway","default_image_id":0,"font":"","enabled":false},"version":2}},"categories":[11,12,10,9],"tags":[],"class_list":["post-7380","post","type-post","status-publish","format-standard","has-post-thumbnail","hentry","category-altro","category-nostregare","category-info","category-sport"],"jetpack_publicize_connections":[],"jetpack_featured_media_url":"https:\/\/i0.wp.com\/uscatletica.ch\/wp\/wp-content\/uploads\/2019\/02\/P1010343.jpg?fit=1024%2C768&ssl=1","jetpack_sharing_enabled":true,"jetpack_shortlink":"https:\/\/wp.me\/s6V7Ck-7380","jetpack-related-posts":[{"id":9934,"url":"https:\/\/uscatletica.ch\/wp\/?p=9934","url_meta":{"origin":7380,"position":0},"title":"Assemblea e Cena Sociale 28 Marzo SOSPESA PER STATO DI NECESSIT\u00c0","author":"Leonida Stampanoni","date":"25 Febbraio 2020","format":false,"excerpt":"L\u2019assemblea ordinaria e la cena sociale della nostra USC Capriaschese si terranno sabato 28 marzo 2020 nell\u2019aula multiuso delle Scuole medie di Capriasca a Tesserete. Riservate la data, \u00a0SOSPESA PER STATO DI NECESSIT\u00c0 Assemblea ODG 2020 \u00a0 Cena USC 2020 CenaUSC2020 AssembleaODG2020","rel":"","context":"In &quot;Altro&quot;","block_context":{"text":"Altro","link":"https:\/\/uscatletica.ch\/wp\/?cat=11"},"img":{"alt_text":"","src":"https:\/\/i0.wp.com\/uscatletica.ch\/wp\/wp-content\/uploads\/2019\/02\/cUFFIE2.jpg?fit=1200%2C721&ssl=1&resize=350%2C200","width":350,"height":200,"srcset":"https:\/\/i0.wp.com\/uscatletica.ch\/wp\/wp-content\/uploads\/2019\/02\/cUFFIE2.jpg?fit=1200%2C721&ssl=1&resize=350%2C200 1x, https:\/\/i0.wp.com\/uscatletica.ch\/wp\/wp-content\/uploads\/2019\/02\/cUFFIE2.jpg?fit=1200%2C721&ssl=1&resize=525%2C300 1.5x, https:\/\/i0.wp.com\/uscatletica.ch\/wp\/wp-content\/uploads\/2019\/02\/cUFFIE2.jpg?fit=1200%2C721&ssl=1&resize=700%2C400 2x, https:\/\/i0.wp.com\/uscatletica.ch\/wp\/wp-content\/uploads\/2019\/02\/cUFFIE2.jpg?fit=1200%2C721&ssl=1&resize=1050%2C600 3x"},"classes":[]},{"id":3734,"url":"https:\/\/uscatletica.ch\/wp\/?p=3734","url_meta":{"origin":7380,"position":1},"title":"CENA USC IL PESCE D&#8217;APRILE Tutti i premiati","author":"Leonida Stampanoni","date":"16 Marzo 2017","format":false,"excerpt":"La serata di Gal\u00e0 pesce d'aprile al Canvetto Luganese ha offerto a tutti i partecipanti un piacevole momento conviviale. La grande famiglia USC ha potuto festeggiare in allegria ed amicizia l'anno appena trascorso. Tra una portata e l'altra abbiamo premiato i nostri campioni ticnesi ed un esperto atleta che con\u2026","rel":"","context":"In &quot;Altro&quot;","block_context":{"text":"Altro","link":"https:\/\/uscatletica.ch\/wp\/?cat=11"},"img":{"alt_text":"","src":"https:\/\/i0.wp.com\/uscatletica.ch\/wp\/wp-content\/uploads\/2017\/03\/PESUSC17.jpg?fit=548%2C302&ssl=1&resize=350%2C200","width":350,"height":200,"srcset":"https:\/\/i0.wp.com\/uscatletica.ch\/wp\/wp-content\/uploads\/2017\/03\/PESUSC17.jpg?fit=548%2C302&ssl=1&resize=350%2C200 1x, https:\/\/i0.wp.com\/uscatletica.ch\/wp\/wp-content\/uploads\/2017\/03\/PESUSC17.jpg?fit=548%2C302&ssl=1&resize=525%2C300 1.5x"},"classes":[]},{"id":16768,"url":"https:\/\/uscatletica.ch\/wp\/?p=16768","url_meta":{"origin":7380,"position":2},"title":"ASSEMBLEA USC \u2013 ATLETICA CENA USC","author":"Leonida Stampanoni","date":"3 Marzo 2023","format":false,"excerpt":"Assemblea23 Cena2023usc \u00a0 ASSEMBLEA USC \u2013 ATLETICA Relativa all\u2019anno 2022 L\u2019Unione Sportiva Capriaschese Sezione Atletica ha il piacere di invitarvi all\u2019assemblea ordinaria che avr\u00e0 luogo Sabato 25 marzo 2023 alle ore 18.00 presso Sala multiuso Istituto Scolastico Capriasca (ex caserma) Trattande: Approvazione ordine del giorno Controllo presenze Nomina degli scrutatori\u2026","rel":"","context":"In &quot;Altro&quot;","block_context":{"text":"Altro","link":"https:\/\/uscatletica.ch\/wp\/?cat=11"},"img":{"alt_text":"","src":"https:\/\/i0.wp.com\/uscatletica.ch\/wp\/wp-content\/uploads\/2016\/04\/cropped-logoimmaginesito.png?fit=512%2C512&ssl=1&resize=350%2C200","width":350,"height":200},"classes":[]},{"id":721,"url":"https:\/\/uscatletica.ch\/wp\/?p=721","url_meta":{"origin":7380,"position":3},"title":"ASSEMBLEA USC E CENA GALA 19 FEBBRAIO","author":"Leonida Stampanoni","date":"31 Gennaio 2016","format":false,"excerpt":"Cari amici sportivi, siamo pronti ad affrontare un nuovo anno con rinnovato entusiasmo e desiderio di competizione-divertimento. In effetti, anche se la neve la si vede solo in fotografia, l\u2019inverno ci sta lasciando, i giorni si allungano, le competizioni incombono. Per festeggiare al meglio l\u2019inizio della nuova stagione, vi invitiamo\u2026","rel":"","context":"In &quot;Altro&quot;","block_context":{"text":"Altro","link":"https:\/\/uscatletica.ch\/wp\/?cat=11"},"img":{"alt_text":"","src":"https:\/\/i0.wp.com\/uscatletica.ch\/wp\/wp-content\/uploads\/2016\/01\/LOGOUSC2015.jpg?fit=1200%2C626&ssl=1&resize=350%2C200","width":350,"height":200,"srcset":"https:\/\/i0.wp.com\/uscatletica.ch\/wp\/wp-content\/uploads\/2016\/01\/LOGOUSC2015.jpg?fit=1200%2C626&ssl=1&resize=350%2C200 1x, https:\/\/i0.wp.com\/uscatletica.ch\/wp\/wp-content\/uploads\/2016\/01\/LOGOUSC2015.jpg?fit=1200%2C626&ssl=1&resize=525%2C300 1.5x, https:\/\/i0.wp.com\/uscatletica.ch\/wp\/wp-content\/uploads\/2016\/01\/LOGOUSC2015.jpg?fit=1200%2C626&ssl=1&resize=700%2C400 2x, https:\/\/i0.wp.com\/uscatletica.ch\/wp\/wp-content\/uploads\/2016\/01\/LOGOUSC2015.jpg?fit=1200%2C626&ssl=1&resize=1050%2C600 3x"},"classes":[]},{"id":21693,"url":"https:\/\/uscatletica.ch\/wp\/?p=21693","url_meta":{"origin":7380,"position":4},"title":"Assemblea ordinaria","author":"Siegmund Altendorfer","date":"11 Febbraio 2026","format":false,"excerpt":"\u00a0 Assemble ordinaria Aperitivo e cena Annotatevi la data! Carissimi soci attivi e amici dell\u2019USC, il comitato \u00e8 lieto di invitarvi all\u2019Assemblea ordinaria annuale che si svolger\u00e0 presso la sala multiuso dell\u2019Istituto Scolastico Capriasca Sabato, 14 marzo 2026 alle 16:30Aperitivo e cena dalle 19:00 Vi aspettiamo numerosi! \u00a0 Convocazione 2026Download\u2026","rel":"","context":"In &quot;Altro&quot;","block_context":{"text":"Altro","link":"https:\/\/uscatletica.ch\/wp\/?cat=11"},"img":{"alt_text":"","src":"https:\/\/i0.wp.com\/uscatletica.ch\/wp\/wp-content\/uploads\/2025\/08\/usc_logocapra.jpg?fit=472%2C324&ssl=1&resize=350%2C200","width":350,"height":200},"classes":[]},{"id":5786,"url":"https:\/\/uscatletica.ch\/wp\/?p=5786","url_meta":{"origin":7380,"position":5},"title":"MAGICA USC CENA DI GALA 28 APRILE 2018","author":"Leonida Stampanoni","date":"4 Aprile 2018","format":false,"excerpt":"Cari amici sportivi, il nuovo anno podistico - atletico e\u0300 gia\u0300 iniziato anche se per alcuni non finisce mai. Per non perdere l\u2019abitudine e ritrovarsi in sana compagnia vi invitiamo tutti alla tradizionale serata tra soci USC che si terra\u0300: sabato 28 aprile 2018 presso l\u2019oratorio di Tesserete. Come sempre\u2026","rel":"","context":"In &quot;Diversi&quot;","block_context":{"text":"Diversi","link":"https:\/\/uscatletica.ch\/wp\/?cat=30"},"img":{"alt_text":"","src":"https:\/\/i0.wp.com\/uscatletica.ch\/wp\/wp-content\/uploads\/2018\/04\/P1460145.jpg?fit=563%2C422&ssl=1&resize=350%2C200","width":350,"height":200,"srcset":"https:\/\/i0.wp.com\/uscatletica.ch\/wp\/wp-content\/uploads\/2018\/04\/P1460145.jpg?fit=563%2C422&ssl=1&resize=350%2C200 1x, https:\/\/i0.wp.com\/uscatletica.ch\/wp\/wp-content\/uploads\/2018\/04\/P1460145.jpg?fit=563%2C422&ssl=1&resize=525%2C300 1.5x"},"classes":[]}],"_links":{"self":[{"href":"https:\/\/uscatletica.ch\/wp\/index.php?rest_route=\/wp\/v2\/posts\/7380","targetHints":{"allow":["GET"]}}],"collection":[{"href":"https:\/\/uscatletica.ch\/wp\/index.php?rest_route=\/wp\/v2\/posts"}],"about":[{"href":"https:\/\/uscatletica.ch\/wp\/index.php?rest_route=\/wp\/v2\/types\/post"}],"author":[{"embeddable":true,"href":"https:\/\/uscatletica.ch\/wp\/index.php?rest_route=\/wp\/v2\/users\/4"}],"replies":[{"embeddable":true,"href":"https:\/\/uscatletica.ch\/wp\/index.php?rest_route=%2Fwp%2Fv2%2Fcomments&post=7380"}],"version-history":[{"count":2,"href":"https:\/\/uscatletica.ch\/wp\/index.php?rest_route=\/wp\/v2\/posts\/7380\/revisions"}],"predecessor-version":[{"id":7413,"href":"https:\/\/uscatletica.ch\/wp\/index.php?rest_route=\/wp\/v2\/posts\/7380\/revisions\/7413"}],"wp:featuredmedia":[{"embeddable":true,"href":"https:\/\/uscatletica.ch\/wp\/index.php?rest_route=\/wp\/v2\/media\/7218"}],"wp:attachment":[{"href":"https:\/\/uscatletica.ch\/wp\/index.php?rest_route=%2Fwp%2Fv2%2Fmedia&parent=7380"}],"wp:term":[{"taxonomy":"category","embeddable":true,"href":"https:\/\/uscatletica.ch\/wp\/index.php?rest_route=%2Fwp%2Fv2%2Fcategories&post=7380"},{"taxonomy":"post_tag","embeddable":true,"href":"https:\/\/uscatletica.ch\/wp\/index.php?rest_route=%2Fwp%2Fv2%2Ftags&post=7380"}],"curies":[{"name":"wp","href":"https:\/\/api.w.org\/{rel}","templated":true}]}}