{"id":775,"date":"2016-02-02T07:28:59","date_gmt":"2016-02-02T06:28:59","guid":{"rendered":"http:\/\/uscatletica.ch\/wp\/?p=775"},"modified":"2016-02-03T23:36:01","modified_gmt":"2016-02-03T22:36:01","slug":"campionati-ticinesi-indoor-fevi-uscini-ambiziosi","status":"publish","type":"post","link":"https:\/\/uscatletica.ch\/wp\/?p=775","title":{"rendered":"Campionati ticinesi Indoor Fevi USCini ambiziosi"},"content":{"rendered":"<p>Mercoled\u00ec per la terza settimana consecutiva la Virtus accoglier\u00e0 al Fevi velocisti e lanciatori, ma per la prima volta nella storia in palio ci saranno i titoli di campionessa ticinese. A partire dalle 19.00 si tratter\u00e0 di sprintare e lanciare a caccia di medaglie. L&#8217;USC \u00a0sar\u00e0 al via con 9 atleti.<\/p>\n<p>Vera, Simone e Giada saranno i nostri ostacolisti<\/p>\n<p>C\u00e9line ed Erik si cimenteranno nel getto del peso .<\/p>\n<p>Sui 60 m \u00a0ci saranno C\u00e9line, Simone, Alice, Clo\u00e9, Alessia, Giada, Janet, Erik .<\/p>\n<p><a href=\"https:\/\/i0.wp.com\/uscatletica.ch\/wp\/wp-content\/uploads\/2015\/11\/celine.png?ssl=1\" rel=\"attachment wp-att-285\"><img data-recalc-dims=\"1\" loading=\"lazy\" decoding=\"async\" data-attachment-id=\"285\" data-permalink=\"https:\/\/uscatletica.ch\/wp\/?attachment_id=285\" data-orig-file=\"https:\/\/i0.wp.com\/uscatletica.ch\/wp\/wp-content\/uploads\/2015\/11\/celine.png?fit=563%2C353&amp;ssl=1\" data-orig-size=\"563,353\" data-comments-opened=\"0\" data-image-meta=\"{&quot;aperture&quot;:&quot;0&quot;,&quot;credit&quot;:&quot;&quot;,&quot;camera&quot;:&quot;&quot;,&quot;caption&quot;:&quot;&quot;,&quot;created_timestamp&quot;:&quot;0&quot;,&quot;copyright&quot;:&quot;&quot;,&quot;focal_length&quot;:&quot;0&quot;,&quot;iso&quot;:&quot;0&quot;,&quot;shutter_speed&quot;:&quot;0&quot;,&quot;title&quot;:&quot;&quot;,&quot;orientation&quot;:&quot;0&quot;}\" data-image-title=\"celine\" data-image-description=\"\" data-image-caption=\"\" data-large-file=\"https:\/\/i0.wp.com\/uscatletica.ch\/wp\/wp-content\/uploads\/2015\/11\/celine.png?fit=563%2C353&amp;ssl=1\" class=\"alignnone size-medium wp-image-285\" src=\"https:\/\/i0.wp.com\/uscatletica.ch\/wp\/wp-content\/uploads\/2015\/11\/celine.png?resize=300%2C188&#038;ssl=1\" alt=\"celine\" width=\"300\" height=\"188\" srcset=\"https:\/\/i0.wp.com\/uscatletica.ch\/wp\/wp-content\/uploads\/2015\/11\/celine.png?resize=300%2C188&amp;ssl=1 300w, https:\/\/i0.wp.com\/uscatletica.ch\/wp\/wp-content\/uploads\/2015\/11\/celine.png?resize=487%2C304&amp;ssl=1 487w, https:\/\/i0.wp.com\/uscatletica.ch\/wp\/wp-content\/uploads\/2015\/11\/celine.png?w=563&amp;ssl=1 563w\" sizes=\"auto, (max-width: 300px) 100vw, 300px\" \/><\/a><\/p>\n<p><a href=\"https:\/\/uscatletica.ch\/wp\/wp-content\/uploads\/2016\/02\/ctindoor160302prog.pdf\" rel=\"\">Programma CT indoor Fevi<\/a>\u00a0<a href=\"https:\/\/uscatletica.ch\/wp\/wp-content\/uploads\/2016\/02\/cdtctindoor160203.pdf\" rel=\"\">presentazione Corriere del Ticino<\/a> <a href=\"https:\/\/uscatletica.ch\/wp\/wp-content\/uploads\/2016\/02\/lrtctfevi160302.pdf\" rel=\"\">Articolo La Regione Ticino<\/a><\/p>\n","protected":false},"excerpt":{"rendered":"<p>Mercoled\u00ec per la terza settimana consecutiva la Virtus accoglier\u00e0 al Fevi velocisti e lanciatori, ma per la prima volta nella storia in palio ci saranno i titoli di campionessa ticinese. A partire dalle 19.00 si tratter\u00e0 di sprintare e lanciare a caccia di medaglie. L&#8217;USC \u00a0sar\u00e0 al via con 9 atleti. Vera, Simone e Giada saranno i nostri ostacolisti C\u00e9line ed Erik si cimenteranno nel getto del peso . Sui 60 m \u00a0ci saranno C\u00e9line,&#8230;<\/p>\n","protected":false},"author":4,"featured_media":785,"comment_status":"closed","ping_status":"closed","sticky":false,"template":"","format":"standard","meta":{"jetpack_post_was_ever_published":false,"_jetpack_newsletter_access":"","_jetpack_dont_email_post_to_subs":false,"_jetpack_newsletter_tier_id":0,"_jetpack_memberships_contains_paywalled_content":false,"_jetpack_memberships_contains_paid_content":false,"footnotes":"","jetpack_publicize_message":"","jetpack_publicize_feature_enabled":true,"jetpack_social_post_already_shared":true,"jetpack_social_options":{"image_generator_settings":{"template":"highway","default_image_id":0,"font":"","enabled":false},"version":2}},"categories":[4],"tags":[],"class_list":["post-775","post","type-post","status-publish","format-standard","has-post-thumbnail","hentry","category-pista"],"jetpack_publicize_connections":[],"jetpack_featured_media_url":"https:\/\/i0.wp.com\/uscatletica.ch\/wp\/wp-content\/uploads\/2016\/02\/csceline.png?fit=560%2C416&ssl=1","jetpack_sharing_enabled":true,"jetpack_shortlink":"https:\/\/wp.me\/p6V7Ck-cv","jetpack-related-posts":[{"id":3404,"url":"https:\/\/uscatletica.ch\/wp\/?p=3404","url_meta":{"origin":775,"position":0},"title":"Campionati Ticinesi Indoor una bella dozzina di USCini al via","author":"Leonida Stampanoni","date":"31 Gennaio 2017","format":false,"excerpt":"Mercoled\u00ec sera la Virtus ed il palazzaetto Fevi ospiteranno i campionati ticinesi indoor sprint ostacoli e lanci. \u00a0L'USC sar\u00e0 la via con una dozzina di atleti dieci sui 60 m \u00a0tre nel getto del peso ed una sui \u00a060 m ostacoli . La corsa al titolo femminile sui 60 m\u2026","rel":"","context":"In &quot;Pista&quot;","block_context":{"text":"Pista","link":"https:\/\/uscatletica.ch\/wp\/?cat=4"},"img":{"alt_text":"","src":"https:\/\/i0.wp.com\/uscatletica.ch\/wp\/wp-content\/uploads\/2016\/06\/giadacregionali2016.jpg?fit=561%2C315&ssl=1&resize=350%2C200","width":350,"height":200,"srcset":"https:\/\/i0.wp.com\/uscatletica.ch\/wp\/wp-content\/uploads\/2016\/06\/giadacregionali2016.jpg?fit=561%2C315&ssl=1&resize=350%2C200 1x, https:\/\/i0.wp.com\/uscatletica.ch\/wp\/wp-content\/uploads\/2016\/06\/giadacregionali2016.jpg?fit=561%2C315&ssl=1&resize=525%2C300 1.5x"},"classes":[]},{"id":3345,"url":"https:\/\/uscatletica.ch\/wp\/?p=3345","url_meta":{"origin":775,"position":1},"title":"Trittico della Velocit\u00e0 al Fevi debuttano i Velocisti","author":"Leonida Stampanoni","date":"17 Gennaio 2017","format":false,"excerpt":"Mercoledi il palazzetto Fevi ospiter\u00e0 il classico Trittico della velocit\u00e0 che segner\u00e0 il debutto degli sprinter ticinese nell'anno agonistico 2017. in programma gare si 30, 50 e 60 m \u00a0inoltre scenderanno in pedana i lanciatori del Peso. \u00a0Una dozzina gli USCini al via la maggior parte si cimenter\u00e0 su 30\u2026","rel":"","context":"In &quot;Pista&quot;","block_context":{"text":"Pista","link":"https:\/\/uscatletica.ch\/wp\/?cat=4"},"img":{"alt_text":"","src":"https:\/\/i0.wp.com\/uscatletica.ch\/wp\/wp-content\/uploads\/2016\/10\/4t2016USC.jpg?fit=563%2C290&ssl=1&resize=350%2C200","width":350,"height":200,"srcset":"https:\/\/i0.wp.com\/uscatletica.ch\/wp\/wp-content\/uploads\/2016\/10\/4t2016USC.jpg?fit=563%2C290&ssl=1&resize=350%2C200 1x, https:\/\/i0.wp.com\/uscatletica.ch\/wp\/wp-content\/uploads\/2016\/10\/4t2016USC.jpg?fit=563%2C290&ssl=1&resize=525%2C300 1.5x"},"classes":[]},{"id":3406,"url":"https:\/\/uscatletica.ch\/wp\/?p=3406","url_meta":{"origin":775,"position":2},"title":"CT Indoor argento C\u00e9line bravissimi gli USCini (rassegnastampa)","author":"Leonida Stampanoni","date":"1 Febbraio 2017","format":false,"excerpt":"Mercoledi sera i Nostri ragazzi si sono battuti con grande grinta ai CT Indoor del Fevi . Nella pedana del peso \u00a0C\u00e9line conferma la medaglia d'argento Alessia e Simon e guadagnano la finale B. Tutti confermano la costante crescita. cdt LaRegione GDP Nella pedana del Peso C\u00e9line getta i 4\u2026","rel":"","context":"In &quot;Pista&quot;","block_context":{"text":"Pista","link":"https:\/\/uscatletica.ch\/wp\/?cat=4"},"img":{"alt_text":"","src":"https:\/\/i0.wp.com\/uscatletica.ch\/wp\/wp-content\/uploads\/2016\/05\/P1400140.jpg?fit=563%2C422&ssl=1&resize=350%2C200","width":350,"height":200,"srcset":"https:\/\/i0.wp.com\/uscatletica.ch\/wp\/wp-content\/uploads\/2016\/05\/P1400140.jpg?fit=563%2C422&ssl=1&resize=350%2C200 1x, https:\/\/i0.wp.com\/uscatletica.ch\/wp\/wp-content\/uploads\/2016\/05\/P1400140.jpg?fit=563%2C422&ssl=1&resize=525%2C300 1.5x"},"classes":[]},{"id":800,"url":"https:\/\/uscatletica.ch\/wp\/?p=800","url_meta":{"origin":775,"position":3},"title":"Celine Argento nel peso USCini brillanti (articoli stampa)","author":"Leonida Stampanoni","date":"3 Febbraio 2016","format":false,"excerpt":"Al Fevi nella serata di mercoled\u00ec erano in palio, per la prima volta nella storia, i titoli indoor sui 60 m, 60 m ostacoli e nel peso. I lanciatori USC erano in gran spolvero, ma anche velocisti e ostacolisti si sono difesi molto bene. Oltre un centinaio gli atleti presenti\u2026","rel":"","context":"In &quot;Pista&quot;","block_context":{"text":"Pista","link":"https:\/\/uscatletica.ch\/wp\/?cat=4"},"img":{"alt_text":"","src":"https:\/\/i0.wp.com\/uscatletica.ch\/wp\/wp-content\/uploads\/2016\/02\/podioctindorr16pesow.png?fit=533%2C387&ssl=1&resize=350%2C200","width":350,"height":200,"srcset":"https:\/\/i0.wp.com\/uscatletica.ch\/wp\/wp-content\/uploads\/2016\/02\/podioctindorr16pesow.png?fit=533%2C387&ssl=1&resize=350%2C200 1x, https:\/\/i0.wp.com\/uscatletica.ch\/wp\/wp-content\/uploads\/2016\/02\/podioctindorr16pesow.png?fit=533%2C387&ssl=1&resize=525%2C300 1.5x"},"classes":[]},{"id":2936,"url":"https:\/\/uscatletica.ch\/wp\/?p=2936","url_meta":{"origin":775,"position":4},"title":"2016 ANNATA LUMINOSA IN PISTA","author":"Leonida Stampanoni","date":"10 Ottobre 2016","format":false,"excerpt":"La stagione in pista \u00e8 cominciata presto con i primi campionati ticinesi Indoor nei salti alla Regazzi a met\u00e0 gennaio per chiudersi lo scorso fine settimana sul nuovo RUB TAN dominator del Lido di Locarno. Molte le soddisfazione e una buona dose di medaglie. Molte soddisfazione anche come squadra la\u2026","rel":"","context":"In &quot;Pista&quot;","block_context":{"text":"Pista","link":"https:\/\/uscatletica.ch\/wp\/?cat=4"},"img":{"alt_text":"","src":"https:\/\/i0.wp.com\/uscatletica.ch\/wp\/wp-content\/uploads\/2016\/08\/ct4x100.jpg?fit=561%2C371&ssl=1&resize=350%2C200","width":350,"height":200,"srcset":"https:\/\/i0.wp.com\/uscatletica.ch\/wp\/wp-content\/uploads\/2016\/08\/ct4x100.jpg?fit=561%2C371&ssl=1&resize=350%2C200 1x, https:\/\/i0.wp.com\/uscatletica.ch\/wp\/wp-content\/uploads\/2016\/08\/ct4x100.jpg?fit=561%2C371&ssl=1&resize=525%2C300 1.5x"},"classes":[]},{"id":3347,"url":"https:\/\/uscatletica.ch\/wp\/?p=3347","url_meta":{"origin":775,"position":5},"title":"Fevi  USCini veloci ed in buona forma (Simone Benedetta ai CS)","author":"Leonida Stampanoni","date":"18 Gennaio 2017","format":false,"excerpt":"La prima riunione indoor del 2017 al Fevi ha registrato un buon successo quasi 150 gli atleti al via con tre eccellenti nomi al via Luca Bernaschina, Irene Pusterla e Ricky Petrucciani. I nostri atleti hanno mostrato una buona prova d'assieme spiccano \u00a0i limiti\u00a0per i Campionati svizzeri giovanili di S\u2026","rel":"","context":"In &quot;Pista&quot;","block_context":{"text":"Pista","link":"https:\/\/uscatletica.ch\/wp\/?cat=4"},"img":{"alt_text":"","src":"https:\/\/i0.wp.com\/uscatletica.ch\/wp\/wp-content\/uploads\/2016\/09\/P1430671.jpg?fit=563%2C422&ssl=1&resize=350%2C200","width":350,"height":200,"srcset":"https:\/\/i0.wp.com\/uscatletica.ch\/wp\/wp-content\/uploads\/2016\/09\/P1430671.jpg?fit=563%2C422&ssl=1&resize=350%2C200 1x, https:\/\/i0.wp.com\/uscatletica.ch\/wp\/wp-content\/uploads\/2016\/09\/P1430671.jpg?fit=563%2C422&ssl=1&resize=525%2C300 1.5x"},"classes":[]}],"_links":{"self":[{"href":"https:\/\/uscatletica.ch\/wp\/index.php?rest_route=\/wp\/v2\/posts\/775","targetHints":{"allow":["GET"]}}],"collection":[{"href":"https:\/\/uscatletica.ch\/wp\/index.php?rest_route=\/wp\/v2\/posts"}],"about":[{"href":"https:\/\/uscatletica.ch\/wp\/index.php?rest_route=\/wp\/v2\/types\/post"}],"author":[{"embeddable":true,"href":"https:\/\/uscatletica.ch\/wp\/index.php?rest_route=\/wp\/v2\/users\/4"}],"replies":[{"embeddable":true,"href":"https:\/\/uscatletica.ch\/wp\/index.php?rest_route=%2Fwp%2Fv2%2Fcomments&post=775"}],"version-history":[{"count":10,"href":"https:\/\/uscatletica.ch\/wp\/index.php?rest_route=\/wp\/v2\/posts\/775\/revisions"}],"predecessor-version":[{"id":805,"href":"https:\/\/uscatletica.ch\/wp\/index.php?rest_route=\/wp\/v2\/posts\/775\/revisions\/805"}],"wp:featuredmedia":[{"embeddable":true,"href":"https:\/\/uscatletica.ch\/wp\/index.php?rest_route=\/wp\/v2\/media\/785"}],"wp:attachment":[{"href":"https:\/\/uscatletica.ch\/wp\/index.php?rest_route=%2Fwp%2Fv2%2Fmedia&parent=775"}],"wp:term":[{"taxonomy":"category","embeddable":true,"href":"https:\/\/uscatletica.ch\/wp\/index.php?rest_route=%2Fwp%2Fv2%2Fcategories&post=775"},{"taxonomy":"post_tag","embeddable":true,"href":"https:\/\/uscatletica.ch\/wp\/index.php?rest_route=%2Fwp%2Fv2%2Ftags&post=775"}],"curies":[{"name":"wp","href":"https:\/\/api.w.org\/{rel}","templated":true}]}}