{"id":8006,"date":"2019-05-01T20:44:08","date_gmt":"2019-05-01T18:44:08","guid":{"rendered":"http:\/\/uscatletica.ch\/wp\/?p=8006"},"modified":"2019-05-02T19:11:23","modified_gmt":"2019-05-02T17:11:23","slug":"meeting-lugano-buona-la-prima-uscita-stagionale","status":"publish","type":"post","link":"https:\/\/uscatletica.ch\/wp\/?p=8006","title":{"rendered":"Meeting Lugano buona la prima Chiara Primato Europeo a Rovereto (Risultati Lugano)"},"content":{"rendered":"\n<p>Il primo maggio tutti in pista a Cornaredo per il meeting d&#8217;apertura della SFG Chiasso in collaborazione con SAM  e SAL.  Bene le atlete impegnate nelle pedane dei salti e gli esperti mezzofondisti e le velociste.  Ottime notizie da Rovereto dove  Chiara ha stabilito il primato europeo sui 100 m<\/p>\n\n\n\n<p><a rel=\"noreferrer noopener\" aria-label=\"Classifiche Lugano (opens in a new tab)\" href=\"https:\/\/uscatletica.ch\/wp\/wp-content\/uploads\/2019\/05\/classificalugsano190501.pdf\" target=\"_blank\">Classifiche Lugan<\/a><a href=\"https:\/\/uscatletica.ch\/wp\/wp-content\/uploads\/2019\/05\/Meeting190501lugano.pdf\" target=\"_blank\" rel=\"noreferrer noopener\" aria-label=\"o (opens in a new tab)\">o<\/a><\/p>\n\n\n\n<div class=\"wp-block-file\"><a href=\"https:\/\/uscatletica.ch\/wp\/wp-content\/uploads\/2019\/05\/Meeting190501lugano.pdf\">Meeting190501lugano<\/a><a href=\"https:\/\/uscatletica.ch\/wp\/wp-content\/uploads\/2019\/05\/Meeting190501lugano.pdf\" class=\"wp-block-file__button\" download>Scarica<\/a><\/div>\n\n\n\n<h2 class=\"wp-block-heading\">Chiara primato Europeo a Rovereto<\/h2>\n\n\n\n<p>Rovereto (Trentino-Italia): meeting di atletica Fidal\/Fisdir.<br>In una delle sue trasferte in Italia, una splendida giornata &#x1f31e;&#x1f60e;&#x1f31e;, ha visto oggi (primo maggio) Chiara vincere 2 medaglie d&#8217;oro.&nbsp;<br>I 100 metri piani in 16.30 (PB e nuovo Record Europeo, gi\u00e0 precedentemente suo con 16.75)Nel salto in lungo ha ottenuto un buon 3.18.<br>Una bellissima soddisfazione per l&#8217;atleta dell&#8217;USC, nella prima gara FISDIR outdoor di quest&#8217;anno.<\/p>\n\n\n\n<p><a href=\"https:\/\/www.facebook.com\/100019439010959\/videos\/pcb.344391502885481\/344392682885363\/?type=3&amp;theater\">https:\/\/www.facebook.com\/100019439010959\/videos\/pcb.344391502885481\/344392682885363\/?type=3&amp;theater<\/a><\/p>\n\n\n\n<h2 class=\"wp-block-heading\">Cornaredo prima uscita stagionale <br><\/h2>\n\n\n\n<p>Sugli 80 m la pi\u00f9 veloce \u00e8 Matilda in 11&#8243;28 das segnalare l&#8217;ottimo 10&#8217;40 della vincitrice Desir\u00e9e Regazzoni Morena chiude in 11&#8217;71, Pauline 11&#8243;77 Elody 11&#8243;83 e Carolina 12&#8243;13.  Tra i ragazzi Samuele corre in 11&#8243;94. Sui 300 vinti in 40&#8243;19 da Tessa Tedeschi Alessia debutta con un buon 47&#8217;33. <\/p>\n\n\n\n<p>Nelle pedane dei salti promettente debutto delle nostre atlete, nell&#8217;alto Gaia vola  a 1.45  Carolina a 1.25 m .Nel lungo a zona ottimi risultati per Pauline che vola a 4.77 m ed Elody 4.43 m.  l Nel lungo Gaia attera a 4.62 Morena a 4.58 m e Matilda a 4.32 Samuele a 3.62  m <\/p>\n\n\n\n<p>Sui 300 vinti in 40&#8243;19 da Tessa Tedeschi Alessia debutta con un buon 47&#8217;33. <\/p>\n\n\n\n<p class=\"has-drop-cap\">Nel miglio Roby dopo la cavalcata mattutina corre in 4&#8217;40 seguito da Elia St in 4&#8217;51 debutto sulla distanza per Louis 5&#8217;43&#8243;63 e Tommaso J. 6&#8217;03&#8243;02  Al femminile Giorgia in 5&#8217;58 abbatte la barriera sei 6&#8242; al primo tentativo  segue Matilde in 6&#8217;27&#8217;02 brava anche Nina 6&#8217;53&#8243;25 . Federica chiude i 600m in 1&#8217;47&#8243;30 <br><\/p>\n","protected":false},"excerpt":{"rendered":"<p>Il primo maggio tutti in pista a Cornaredo per il meeting d&#8217;apertura della SFG Chiasso in collaborazione con SAM e SAL. Bene le atlete impegnate nelle pedane dei salti e gli esperti mezzofondisti e le velociste. Ottime notizie da Rovereto dove Chiara ha stabilito il primato europeo sui 100 m Classifiche Lugano Chiara primato Europeo a Rovereto Rovereto (Trentino-Italia): meeting di atletica Fidal\/Fisdir.In una delle sue trasferte in Italia, una splendida giornata &#x1f31e;&#x1f60e;&#x1f31e;, ha visto&#8230;<\/p>\n","protected":false},"author":4,"featured_media":6224,"comment_status":"closed","ping_status":"closed","sticky":false,"template":"","format":"standard","meta":{"jetpack_post_was_ever_published":false,"_jetpack_newsletter_access":"","_jetpack_dont_email_post_to_subs":false,"_jetpack_newsletter_tier_id":0,"_jetpack_memberships_contains_paywalled_content":false,"_jetpack_memberships_contains_paid_content":false,"footnotes":"","jetpack_publicize_message":"","jetpack_publicize_feature_enabled":true,"jetpack_social_post_already_shared":true,"jetpack_social_options":{"image_generator_settings":{"template":"highway","default_image_id":0,"font":"","enabled":false},"version":2}},"categories":[4,9],"tags":[],"class_list":["post-8006","post","type-post","status-publish","format-standard","has-post-thumbnail","hentry","category-pista","category-sport"],"jetpack_publicize_connections":[],"jetpack_featured_media_url":"https:\/\/i0.wp.com\/uscatletica.ch\/wp\/wp-content\/uploads\/2018\/06\/altoP1510460.jpg?fit=432%2C324&ssl=1","jetpack_sharing_enabled":true,"jetpack_shortlink":"https:\/\/wp.me\/p6V7Ck-258","jetpack-related-posts":[{"id":8826,"url":"https:\/\/uscatletica.ch\/wp\/?p=8826","url_meta":{"origin":8006,"position":0},"title":"Chiara vince al Palio del Quercia di Rovereto","author":"Leonida Stampanoni","date":"27 Agosto 2019","format":false,"excerpt":"L'intensa settimana della nostra Chiara parte con una vittoria al Palio della Quercia di Rovereto sui i 100 m su di un palcoscenico internazionale in uno dei meeting pi\u00f9 importanti d'Italia. Sulla Pista Blu di Rovereto Chiara si tester\u00e0 in vista della finale del UBS KIDS CUP sulla mitica pista\u2026","rel":"","context":"In &quot;Pista&quot;","block_context":{"text":"Pista","link":"https:\/\/uscatletica.ch\/wp\/?cat=4"},"img":{"alt_text":"","src":"https:\/\/i0.wp.com\/uscatletica.ch\/wp\/wp-content\/uploads\/2019\/07\/chiaratamperemini4x419.jpg?fit=432%2C300&ssl=1&resize=350%2C200","width":350,"height":200},"classes":[]},{"id":15801,"url":"https:\/\/uscatletica.ch\/wp\/?p=15801","url_meta":{"origin":8006,"position":1},"title":"Chiara festeggia i 18 anni al Palio della Quercia","author":"Leonida Stampanoni","date":"31 Agosto 2022","format":false,"excerpt":"Il Palio del Quercia di Rovereto uno dei Meeting di maggior prestigio su territorio Italiano ed un appuntamento fisso nelle ultime stagione della nostra campionessa e primatista mondiale Chiara . L'edizione 2022 \u00e8 stata ancora pi\u00f9 particolare perche Chiara ha corso nel giorno del suo 18esimo compleanno festeggiando idealmente la\u2026","rel":"","context":"In &quot;Pista&quot;","block_context":{"text":"Pista","link":"https:\/\/uscatletica.ch\/wp\/?cat=4"},"img":{"alt_text":"","src":"https:\/\/i0.wp.com\/uscatletica.ch\/wp\/wp-content\/uploads\/2022\/06\/chiaraworldmini.jpg?fit=960%2C608&ssl=1&resize=350%2C200","width":350,"height":200,"srcset":"https:\/\/i0.wp.com\/uscatletica.ch\/wp\/wp-content\/uploads\/2022\/06\/chiaraworldmini.jpg?fit=960%2C608&ssl=1&resize=350%2C200 1x, https:\/\/i0.wp.com\/uscatletica.ch\/wp\/wp-content\/uploads\/2022\/06\/chiaraworldmini.jpg?fit=960%2C608&ssl=1&resize=525%2C300 1.5x, https:\/\/i0.wp.com\/uscatletica.ch\/wp\/wp-content\/uploads\/2022\/06\/chiaraworldmini.jpg?fit=960%2C608&ssl=1&resize=700%2C400 2x"},"classes":[]},{"id":6489,"url":"https:\/\/uscatletica.ch\/wp\/?p=6489","url_meta":{"origin":8006,"position":2},"title":"Campionati Ticinesi di olimpionca 12 Meeting Capriaschese Liste di partenza CT","author":"Leonida Stampanoni","date":"8 Settembre 2018","format":false,"excerpt":"Mercoled\u00ec 12 Settembre in palio ci saranno i titoli cantonali di Staffetta\u00a0olimpionica l'USC \u00e8 lieta di annunciare le liste di partenza Ufficiose delle due staffette, SAL Lugano e Virtus Locarno saranno in pista a difendere l'alloro del 2017. 8 squadre maschili e 6 femminili al via liste di partenza 2018\u2026","rel":"","context":"In &quot;I nostri appuntamenti&quot;","block_context":{"text":"I nostri appuntamenti","link":"https:\/\/uscatletica.ch\/wp\/?cat=12"},"img":{"alt_text":"","src":"https:\/\/i0.wp.com\/uscatletica.ch\/wp\/wp-content\/uploads\/2017\/09\/podi2017ctoliW.jpg?fit=532%2C399&ssl=1&resize=350%2C200","width":350,"height":200,"srcset":"https:\/\/i0.wp.com\/uscatletica.ch\/wp\/wp-content\/uploads\/2017\/09\/podi2017ctoliW.jpg?fit=532%2C399&ssl=1&resize=350%2C200 1x, https:\/\/i0.wp.com\/uscatletica.ch\/wp\/wp-content\/uploads\/2017\/09\/podi2017ctoliW.jpg?fit=532%2C399&ssl=1&resize=525%2C300 1.5x"},"classes":[]},{"id":13069,"url":"https:\/\/uscatletica.ch\/wp\/?p=13069","url_meta":{"origin":8006,"position":3},"title":"A Cornaredo riparte la stagione la nostra 4&#215;100 ambiziosa","author":"Leonida Stampanoni","date":"20 Agosto 2021","format":false,"excerpt":"Sabato sera saranno una decina gli atleti USC al via del Meeting Serale di Lugano abbinato ai campionati ticinesi di 4x100 e staffetta Olimpionica. Il nostro quartetto sar\u00e0 al via della 4x100 m femminile \u00a0sei atleti al via nelle gare individuali \u00a0su 100 m e 600 m. Nei prossimi due\u2026","rel":"","context":"In &quot;Pista&quot;","block_context":{"text":"Pista","link":"https:\/\/uscatletica.ch\/wp\/?cat=4"},"img":{"alt_text":"","src":"https:\/\/i0.wp.com\/uscatletica.ch\/wp\/wp-content\/uploads\/2021\/07\/210721leilamatilda.jpg?fit=432%2C324&ssl=1&resize=350%2C200","width":350,"height":200},"classes":[]},{"id":10640,"url":"https:\/\/uscatletica.ch\/wp\/?p=10640","url_meta":{"origin":8006,"position":4},"title":"CT 4X100 m e Meeting Lugano ultimo test prima dei tris di campionati","author":"Leonida Stampanoni","date":"18 Agosto 2020","format":false,"excerpt":"Marted\u00ec sera a Cornaredo\u00a0 si terranno i campionati ticinesi di 4x100 m ed il meeting di Lugano, a cui seguiranno 4 fine settimana dedicate ai campionati a cominciare dai campionati svizzeri U20 e U23 di Frauenfeld per finire con gli assoluti di Basel .Nella corsa al titolo della 4x100 m\u2026","rel":"","context":"In &quot;Pista&quot;","block_context":{"text":"Pista","link":"https:\/\/uscatletica.ch\/wp\/?cat=4"},"img":{"alt_text":"","src":"https:\/\/i0.wp.com\/uscatletica.ch\/wp\/wp-content\/uploads\/2019\/08\/IMG_0908.jpg?fit=640%2C480&ssl=1&resize=350%2C200","width":350,"height":200,"srcset":"https:\/\/i0.wp.com\/uscatletica.ch\/wp\/wp-content\/uploads\/2019\/08\/IMG_0908.jpg?fit=640%2C480&ssl=1&resize=350%2C200 1x, https:\/\/i0.wp.com\/uscatletica.ch\/wp\/wp-content\/uploads\/2019\/08\/IMG_0908.jpg?fit=640%2C480&ssl=1&resize=525%2C300 1.5x"},"classes":[]},{"id":6444,"url":"https:\/\/uscatletica.ch\/wp\/?p=6444","url_meta":{"origin":8006,"position":5},"title":"Campionati Ticinesi di Staffetta olimpionica Iscrizioni aperte orari meeting Capriaschese","author":"Leonida Stampanoni","date":"27 Agosto 2018","format":false,"excerpt":"Mercoled\u00ec 12 Settembre in palio ci saranno i titoli cantonali di Staffetta\u00a0olimpionica l'USC \u00e8 lieta di annunciare che le iscrizioni sono aperte\u00a0 si cercano i successori della Virtus Locarno tra gli uomini e della SA Lugano tra le donne \ufeff 12 edizione Meeting Capriaschese \u00a0Campionati Ticinesi Olimpionica 12 settembre 2018\u2026","rel":"","context":"In &quot;I nostri appuntamenti&quot;","block_context":{"text":"I nostri appuntamenti","link":"https:\/\/uscatletica.ch\/wp\/?cat=12"},"img":{"alt_text":"","src":"https:\/\/i0.wp.com\/uscatletica.ch\/wp\/wp-content\/uploads\/2018\/08\/meetingcapriasca2018.jpg?resize=350%2C200&ssl=1","width":350,"height":200,"srcset":"https:\/\/i0.wp.com\/uscatletica.ch\/wp\/wp-content\/uploads\/2018\/08\/meetingcapriasca2018.jpg?resize=350%2C200&ssl=1 1x, https:\/\/i0.wp.com\/uscatletica.ch\/wp\/wp-content\/uploads\/2018\/08\/meetingcapriasca2018.jpg?resize=525%2C300&ssl=1 1.5x"},"classes":[]}],"_links":{"self":[{"href":"https:\/\/uscatletica.ch\/wp\/index.php?rest_route=\/wp\/v2\/posts\/8006","targetHints":{"allow":["GET"]}}],"collection":[{"href":"https:\/\/uscatletica.ch\/wp\/index.php?rest_route=\/wp\/v2\/posts"}],"about":[{"href":"https:\/\/uscatletica.ch\/wp\/index.php?rest_route=\/wp\/v2\/types\/post"}],"author":[{"embeddable":true,"href":"https:\/\/uscatletica.ch\/wp\/index.php?rest_route=\/wp\/v2\/users\/4"}],"replies":[{"embeddable":true,"href":"https:\/\/uscatletica.ch\/wp\/index.php?rest_route=%2Fwp%2Fv2%2Fcomments&post=8006"}],"version-history":[{"count":6,"href":"https:\/\/uscatletica.ch\/wp\/index.php?rest_route=\/wp\/v2\/posts\/8006\/revisions"}],"predecessor-version":[{"id":8024,"href":"https:\/\/uscatletica.ch\/wp\/index.php?rest_route=\/wp\/v2\/posts\/8006\/revisions\/8024"}],"wp:featuredmedia":[{"embeddable":true,"href":"https:\/\/uscatletica.ch\/wp\/index.php?rest_route=\/wp\/v2\/media\/6224"}],"wp:attachment":[{"href":"https:\/\/uscatletica.ch\/wp\/index.php?rest_route=%2Fwp%2Fv2%2Fmedia&parent=8006"}],"wp:term":[{"taxonomy":"category","embeddable":true,"href":"https:\/\/uscatletica.ch\/wp\/index.php?rest_route=%2Fwp%2Fv2%2Fcategories&post=8006"},{"taxonomy":"post_tag","embeddable":true,"href":"https:\/\/uscatletica.ch\/wp\/index.php?rest_route=%2Fwp%2Fv2%2Ftags&post=8006"}],"curies":[{"name":"wp","href":"https:\/\/api.w.org\/{rel}","templated":true}]}}