{"id":8067,"date":"2019-05-10T09:01:26","date_gmt":"2019-05-10T07:01:26","guid":{"rendered":"http:\/\/uscatletica.ch\/wp\/?p=8067"},"modified":"2019-05-10T09:01:37","modified_gmt":"2019-05-10T07:01:37","slug":"csi-poker-usc-al-via-al-lido-gp-bern","status":"publish","type":"post","link":"https:\/\/uscatletica.ch\/wp\/?p=8067","title":{"rendered":"CSI POKER USC AL VIA AL LIDO GP BERN"},"content":{"rendered":"\n<p>Sabato al Lido grande giornata di atletica con i CSI Giovanili, i campionati svizzeri per societ\u00e0. Sulle rive del Verbano 10 societ\u00e0 ticinesi presenteranno 40 squadre al via nelle sei categorie. L&#8217;USC sar\u00e0 presente con 4 squadre una per categoria U18,U16, U14 al femminile e gli U16 Maschili . Tra i 40000 del GP Accanto al campione del mondo di mezza maratonaGeoffrey Kamworor ci saranno una ventina di USCini al via nella 10 miglia pii\u00f9 bella del mondo <\/p>\n\n\n\n<p> <a rel=\"noreferrer noopener\" aria-label=\"I dettagli  (opens in a new tab)\" href=\"http:\/\/virtus.ch\/wp-content\/uploads\/2019\/04\/csi-2019-orario-locandina.pdf\" target=\"_blank\">I dettagli <\/a><\/p>\n\n\n\n<p>U18W <\/p>\n\n\n\n<p>Giada (peso, giavellotto) Alessia (100 m 100m h) Gea (alto, lungo) Lia (Giavellotto, Lungo) Nicole (Lungo 100m) Giorgia (800)<\/p>\n\n\n\n<p>U16W<\/p>\n\n\n\n<p>Federica (80,1000) Carolina (alto,1000), Morena (Lungo Pesom Giavellotto), Gaia (lungo, Alto, Giavellott) ilaria (80, 1000 peso) Matilda (Peso, 80, lungo) Alice (alto, giavellotto)<\/p>\n\n\n\n<p>U16M <\/p>\n\n\n\n<p>Mattia,Ruben, Tommaso, Theo, FLorian, Sasha, Amedeo <\/p>\n\n\n\n<p>U14W<\/p>\n\n\n\n<p>Lara S., Casterina, Elody, Lea, Pauline, Lara G.<br><\/p>\n\n\n\n<h2 class=\"wp-block-heading\">\nComunicato FTAL 8.05.2019 CSI\nGiovanili \n<\/h2>\n\n\n\n<p>\n<em><strong>CSI\nLA SQUADRA PRIMA DI TUTTO <\/strong><\/em>\n<\/p>\n\n\n\n<p>LEST-\n<\/p>\n\n\n\n<p>Lo\nstadio del Lido, dopo aver ospitato sabato i campionati ticinesi di\nstaffette, saluter\u00e0 sabato prossimo i\ncampionati svizzeri interclub organizzati da USA Ascona e Virtus\nLocarno. L<strong>\u2018intensa\ngiornata di gare dei CSI veicola uno spirito di collaborazione sia\ntra gli atleti e tra le societ\u00e0 che contribuiscono in coro\nall\u2019ottima riuscita della giornata di gare<\/strong>.\nAl via 40 squadre di 10 societ\u00e0 cantonali che a partire dalle\nstaffette di prima mattina si sfideranno in corse, salti e lanci per\ncercare di ottenere il miglior punteggio. SAB Bellinzona presenta\nsette squadre al via, Virtus Locarno sei squadre una per categoria.\nAl via con 4 squadre AS Monteceneri, US Capriaschese, SAM Massagno,\nUSA Ascona e GAB Bellinzona. Completano il quadro la comunit\u00e0\natletica Tre Valli (3), Atletica Mendrisiotto e Vigor Ligornetto con\ndue squadre. Lo scorso anno diverse squadre ticinesi entrarono nella\ntop 5 nazionale a partire dagli U18 del GAB che sfiorarono il titolo\nnazionale, l\u2018USA\nottenne un quarto rango tra gli U14 e un quinto tra le U18 mentre le\nU16 del SAB chiusero quinte. \n<\/p>\n\n\n\n<p>Dieci\nsquadre al via equamente divise nella categoria U18. La 4&#215;100 m\nlancer\u00e0 la giornata che poi vedr\u00e0 le sfide su 100 m 800\/1500m,\n100\/110 m ostacoli lungo, alto, peso, giavellotto. GAB, SAB e Virtus\navranno due squadre al via al femminile completano la contesa USA ed\nUSC, mentre tra i ragazzi Atletica Mendrisiotto e SAM Massagno. \n<\/p>\n\n\n\n<p>Sei\nsquadre maschili e nove femminile tra le U16 che, dopo la staffetta\n5&#215;80, dovranno sfidarsi su 80 m, 1000, peso, lungo, alto,\ngiavellotto. CA Tre Valli, ASM, USC, Vigor e Virtus saranno presenti\nsui due fronti. Al maschile attenzione all\u2018USA\nmentre al femminile ATM, SAB, GAB, SAM proveranno a strappare la\nvittoria.<\/p>\n\n\n\n<p>Sei\nsquadre maschili e nove femminile al via tra gli U14 che dopo la\nstaffetta 5&#215;80, gareggeranno su 60 m, 1000, peso, lungo zona, alto,\ngiavellotto. Qui la SAB marca presenza con ben due squadre per\ncategoria, mentre su entrambi i fronti si batteranno Virtus, SAM,\nASM, USA. Al femminile al via anche USC, CA Tre Valli e GAB. \n<\/p>\n\n\n\n<p>Mercoled\u00ec,\ntempo permettendo, si partir\u00e0 con le eliminatorie regionali dI Swiss\nAthletics Sprint in palio, per i nati tra il 2004 ed il 2010, il\ntitolo di ragazzo o ragazza pi\u00f9 veloce delle 5 regioni: Locarnese,\nBellinzonese, Luganese, Mendrisiotto e Tre Valli.<\/p>\n\n\n\n<p><strong>Leonida\nStampanoni<\/strong><\/p>\n\n\n\n<table class=\"wp-block-table\"><tbody><tr><td>\n\t\t\tCAMPIONATI\n\t\t\tSVIZZERI INTERCLUB 2019 Lido di Locarno \n\t\t\t\n\t\t<\/td><\/tr><tr><td>\n\t\t\t<br>\n\n\t\t\t\n\t\t<\/td><td>\n\t\t\tU18M\n\t\t<\/td><td>\n\t\t\tU16M\n\t\t<\/td><td>\n\t\t\tU14M\n\t\t<\/td><td>\n\t\t\tU18W\n\t\t<\/td><td>\n\t\t\tU16W\n\t\t<\/td><td>\n\t\t\tU14W\n\t\t<\/td><td>\n\t\t\t<br>\n\n\t\t\t\n\t\t<\/td><\/tr><tr><td>\n\t\t\tCA\n\t\t\tTre Valli\n\t\t<\/td><td>\n\t\t\t<br>\n\n\t\t\t\n\t\t<\/td><td>\n\t\t\t1\n\t\t<\/td><td>\n\t\t\t<br>\n\n\t\t\t\n\t\t<\/td><td>\n\t\t\t<br>\n\n\t\t\t\n\t\t<\/td><td>\n\t\t\t1\n\t\t<\/td><td>\n\t\t\t1\n\t\t<\/td><td>\n\t\t\t3\n\t\t<\/td><\/tr><tr><td>\n\t\t\tAtl\n\t\t\tMendrisiotto\n\t\t<\/td><td>\n\t\t\t1\n\t\t<\/td><td>\n\t\t\t<br>\n\n\t\t\t\n\t\t<\/td><td>\n\t\t\t<br>\n\n\t\t\t\n\t\t<\/td><td>\n\t\t\t<br>\n\n\t\t\t\n\t\t<\/td><td>\n\t\t\t1\n\t\t<\/td><td>\n\t\t\t<br>\n\n\t\t\t\n\t\t<\/td><td>\n\t\t\t2\n\t\t<\/td><\/tr><tr><td>\n\t\t\tGAB\n\t\t\tBellinzona\n\t\t<\/td><td>\n\t\t\t1\n\t\t<\/td><td>\n\t\t\t<br>\n\n\t\t\t\n\t\t<\/td><td>\n\t\t\t<br>\n\n\t\t\t\n\t\t<\/td><td>\n\t\t\t1\n\t\t<\/td><td>\n\t\t\t1\n\t\t<\/td><td>\n\t\t\t1\n\t\t<\/td><td>\n\t\t\t4\n\t\t<\/td><\/tr><tr><td>\n\t\t\tSAB\n\t\t\tBellinzona\n\t\t<\/td><td>\n\t\t\t1\n\t\t<\/td><td>\n\t\t\t<br>\n\n\t\t\t\n\t\t<\/td><td>\n\t\t\t2\n\t\t<\/td><td>\n\t\t\t1\n\t\t<\/td><td>\n\t\t\t1\n\t\t<\/td><td>\n\t\t\t2\n\t\t<\/td><td>\n\t\t\t7\n\t\t<\/td><\/tr><tr><td>\n\t\t\tAS\n\t\t\tMonteceneri\n\t\t<\/td><td>\n\t\t\t<br>\n\n\t\t\t\n\t\t<\/td><td>\n\t\t\t1\n\t\t<\/td><td>\n\t\t\t1\n\t\t<\/td><td>\n\t\t\t<br>\n\n\t\t\t\n\t\t<\/td><td>\n\t\t\t1\n\t\t<\/td><td>\n\t\t\t1\n\t\t<\/td><td>\n\t\t\t4\n\t\t<\/td><\/tr><tr><td>\n\t\t\tSAM\n\t\t\tMassagno\n\t\t<\/td><td>\n\t\t\t1\n\t\t<\/td><td>\n\t\t\t<br>\n\n\t\t\t\n\t\t<\/td><td>\n\t\t\t1\n\t\t<\/td><td>\n\t\t\t<br>\n\n\t\t\t\n\t\t<\/td><td>\n\t\t\t1\n\t\t<\/td><td>\n\t\t\t1\n\t\t<\/td><td>\n\t\t\t4\n\t\t<\/td><\/tr><tr><td>\n\t\t\tUSA\n\t\t\tAscona\n\t\t<\/td><td>\n\t\t\t<br>\n\n\t\t\t\n\t\t<\/td><td>\n\t\t\t1\n\t\t<\/td><td>\n\t\t\t1\n\t\t<\/td><td>\n\t\t\t1\n\t\t<\/td><td>\n\t\t\t<br>\n\n\t\t\t\n\t\t<\/td><td>\n\t\t\t1\n\t\t<\/td><td>\n\t\t\t4\n\t\t<\/td><\/tr><tr><td>\n\t\t\tVigor\n\t\t\tLigornetto\n\t\t<\/td><td>\n\t\t\t<br>\n\n\t\t\t\n\t\t<\/td><td>\n\t\t\t1\n\t\t<\/td><td>\n\t\t\t<br>\n\n\t\t\t\n\t\t<\/td><td>\n\t\t\t<br>\n\n\t\t\t\n\t\t<\/td><td>\n\t\t\t1\n\t\t<\/td><td>\n\t\t\t<br>\n\n\t\t\t\n\t\t<\/td><td>\n\t\t\t2\n\t\t<\/td><\/tr><tr><td>\n\t\t\tUSC\n\t\t\tCapriaschese\n\t\t<\/td><td>\n\t\t\t<br>\n\n\t\t\t\n\t\t<\/td><td>\n\t\t\t1\n\t\t<\/td><td>\n\t\t\t<br>\n\n\t\t\t\n\t\t<\/td><td>\n\t\t\t1\n\t\t<\/td><td>\n\t\t\t1\n\t\t<\/td><td>\n\t\t\t1\n\t\t<\/td><td>\n\t\t\t4\n\t\t<\/td><\/tr><tr><td>\n\t\t\tVirtus\n\t\t\tLocarno \n\t\t\t\n\t\t<\/td><td>\n\t\t\t1\n\t\t<\/td><td>\n\t\t\t1\n\t\t<\/td><td>\n\t\t\t1\n\t\t<\/td><td>\n\t\t\t1\n\t\t<\/td><td>\n\t\t\t1\n\t\t<\/td><td>\n\t\t\t1\n\t\t<\/td><td>\n\t\t\t6\n\t\t<\/td><\/tr><tr><td>\n\t\t\tTotale\n\t\t\t\n\t\t\t\n\t\t<\/td><td>\n\t\t\t5\n\t\t<\/td><td>\n\t\t\t6\n\t\t<\/td><td>\n\t\t\t6\n\t\t<\/td><td>\n\t\t\t5\n\t\t<\/td><td>\n\t\t\t9\n\t\t<\/td><td>\n\t\t\t9\n\t\t<\/td><td>\n\t\t\t40\n\t\t<\/td><\/tr><\/tbody><\/table>\n\n\n\n<p><br><\/p>\n","protected":false},"excerpt":{"rendered":"<p>Sabato al Lido grande giornata di atletica con i CSI Giovanili, i campionati svizzeri per societ\u00e0. Sulle rive del Verbano 10 societ\u00e0 ticinesi presenteranno 40 squadre al via nelle sei categorie. L&#8217;USC sar\u00e0 presente con 4 squadre una per categoria U18,U16, U14 al femminile e gli U16 Maschili . Tra i 40000 del GP Accanto al campione del mondo di mezza maratonaGeoffrey Kamworor ci saranno una ventina di USCini al via nella 10 miglia pii\u00f9&#8230;<\/p>\n","protected":false},"author":4,"featured_media":4162,"comment_status":"closed","ping_status":"closed","sticky":false,"template":"","format":"standard","meta":{"jetpack_post_was_ever_published":false,"_jetpack_newsletter_access":"","_jetpack_dont_email_post_to_subs":false,"_jetpack_newsletter_tier_id":0,"_jetpack_memberships_contains_paywalled_content":false,"_jetpack_memberships_contains_paid_content":false,"footnotes":"","jetpack_publicize_message":"","jetpack_publicize_feature_enabled":true,"jetpack_social_post_already_shared":true,"jetpack_social_options":{"image_generator_settings":{"template":"highway","default_image_id":0,"font":"","enabled":false},"version":2}},"categories":[4,5,9],"tags":[],"class_list":["post-8067","post","type-post","status-publish","format-standard","has-post-thumbnail","hentry","category-pista","category-podismo","category-sport"],"jetpack_publicize_connections":[],"jetpack_featured_media_url":"https:\/\/i0.wp.com\/uscatletica.ch\/wp\/wp-content\/uploads\/2017\/05\/csi2017u16.jpg?fit=579%2C407&ssl=1","jetpack_sharing_enabled":true,"jetpack_shortlink":"https:\/\/wp.me\/p6V7Ck-267","jetpack-related-posts":[{"id":6017,"url":"https:\/\/uscatletica.ch\/wp\/?p=6017","url_meta":{"origin":8067,"position":0},"title":"CSI USCini al gran completo","author":"Leonida Stampanoni","date":"11 Maggio 2018","format":false,"excerpt":"Il Ticino \u00e8 in piena febbre dell'oro con gli orientisti rossocrociato che hanno una media di un titolo al giorno, l'atletica ticinese non si ferma e sabato lo Stadio di Cornaredo ospiter\u00e0 l'edizione 2018 dei CSI. Sabato 12 maggio sar\u00e0 una data storica per l'USC che presenter\u00e0 al via ben\u2026","rel":"","context":"In &quot;Pista&quot;","block_context":{"text":"Pista","link":"https:\/\/uscatletica.ch\/wp\/?cat=4"},"img":{"alt_text":"","src":"https:\/\/i0.wp.com\/uscatletica.ch\/wp\/wp-content\/uploads\/2017\/05\/P1470021.jpg?fit=563%2C422&ssl=1&resize=350%2C200","width":350,"height":200,"srcset":"https:\/\/i0.wp.com\/uscatletica.ch\/wp\/wp-content\/uploads\/2017\/05\/P1470021.jpg?fit=563%2C422&ssl=1&resize=350%2C200 1x, https:\/\/i0.wp.com\/uscatletica.ch\/wp\/wp-content\/uploads\/2017\/05\/P1470021.jpg?fit=563%2C422&ssl=1&resize=525%2C300 1.5x"},"classes":[]},{"id":4126,"url":"https:\/\/uscatletica.ch\/wp\/?p=4126","url_meta":{"origin":8067,"position":1},"title":"CSI il punto forte del fine settimana","author":"Leonida Stampanoni","date":"5 Maggio 2017","format":false,"excerpt":"Sabato a Locarno \u00a0l'USC avr\u00e0 ben 4 delle 31 squadre al via della giornata ticinese dei Campionati svizzeri interclub (CSI). A partire dalle 10.00 allo Stadio del Lido saranno 8 societ\u00e0 impegnate in una grande festa dell'atletica. Per l'USC al via le tre squadre femmnili U18.U16, U14 \u00a0mentre tra i\u2026","rel":"","context":"In &quot;Pista&quot;","block_context":{"text":"Pista","link":"https:\/\/uscatletica.ch\/wp\/?cat=4"},"img":{"alt_text":"","src":"https:\/\/i0.wp.com\/uscatletica.ch\/wp\/wp-content\/uploads\/2016\/05\/csi2016TEnero10.jpg?fit=563%2C422&ssl=1&resize=350%2C200","width":350,"height":200,"srcset":"https:\/\/i0.wp.com\/uscatletica.ch\/wp\/wp-content\/uploads\/2016\/05\/csi2016TEnero10.jpg?fit=563%2C422&ssl=1&resize=350%2C200 1x, https:\/\/i0.wp.com\/uscatletica.ch\/wp\/wp-content\/uploads\/2016\/05\/csi2016TEnero10.jpg?fit=563%2C422&ssl=1&resize=525%2C300 1.5x"},"classes":[]},{"id":12147,"url":"https:\/\/uscatletica.ch\/wp\/?p=12147","url_meta":{"origin":8067,"position":2},"title":"Da Locarno a Vacallo con lo spirito di squadra protagonista","author":"Leonida Stampanoni","date":"8 Maggio 2021","format":false,"excerpt":"Nel secondo fine settimana di Maggio tornano dopo un anno di pausa due appuntamenti dove lo spirito di squadra \u00e8 fondamentale. Sabato al Lido di Locarno una gran giornata di atletica con i CSI l'USC sar\u00e0 al via con due squadre femminili le U16 e le U14. Domenica al campo\u2026","rel":"","context":"In &quot;Pista&quot;","block_context":{"text":"Pista","link":"https:\/\/uscatletica.ch\/wp\/?cat=4"},"img":{"alt_text":"","src":"https:\/\/i0.wp.com\/uscatletica.ch\/wp\/wp-content\/uploads\/2021\/04\/5x80m210424podio.jpg?fit=432%2C324&ssl=1&resize=350%2C200","width":350,"height":200},"classes":[]},{"id":220,"url":"https:\/\/uscatletica.ch\/wp\/?p=220","url_meta":{"origin":8067,"position":3},"title":"La Stagione in pista 2015","author":"Leonida Stampanoni","date":"10 Ottobre 2015","format":false,"excerpt":"La Stagione 2016 si \u00e8 chiusa con il titolo di SImone nel pentathlon U18.Non sono mancate le soddisfazioni e la giusta dose di delusione che ci aiuteranno e sproneranno a crescere. Ecco i fatti salienti riassunti dal nostro allenatore Renato LA STAGIONE IN PISTA 2015. Il 2015 in pista inizia\u2026","rel":"","context":"In &quot;Pista&quot;","block_context":{"text":"Pista","link":"https:\/\/uscatletica.ch\/wp\/?cat=4"},"img":{"alt_text":"","src":"https:\/\/i0.wp.com\/uscatletica.ch\/wp\/wp-content\/uploads\/2015\/10\/cssiepi2015lan01-e1446309499445.jpg?fit=563%2C353&ssl=1&resize=350%2C200","width":350,"height":200,"srcset":"https:\/\/i0.wp.com\/uscatletica.ch\/wp\/wp-content\/uploads\/2015\/10\/cssiepi2015lan01-e1446309499445.jpg?fit=563%2C353&ssl=1&resize=350%2C200 1x, https:\/\/i0.wp.com\/uscatletica.ch\/wp\/wp-content\/uploads\/2015\/10\/cssiepi2015lan01-e1446309499445.jpg?fit=563%2C353&ssl=1&resize=525%2C300 1.5x"},"classes":[]},{"id":8069,"url":"https:\/\/uscatletica.ch\/wp\/?p=8069","url_meta":{"origin":8067,"position":4},"title":"CSI DUE PODI AL LIDO Chiara due ori ad ASTI","author":"Leonida Stampanoni","date":"11 Maggio 2019","format":false,"excerpt":"Lughissima giornata al Lido di Locarno per l'edizione 2019 dei Campionati svizzeri interclub. La tappa ticinese ha regalato ben due podi alle squadre USC sia le U18 che le U14 hanno chiuso al terzo posto a livello individuale spicca certamente il 13.87 nel getto del peso di 3kg per Giada.\u2026","rel":"","context":"In &quot;Pista&quot;","block_context":{"text":"Pista","link":"https:\/\/uscatletica.ch\/wp\/?cat=4"},"img":{"alt_text":"","src":"https:\/\/i0.wp.com\/uscatletica.ch\/wp\/wp-content\/uploads\/2019\/05\/csiU142019.jpg?fit=423%2C317&ssl=1&resize=350%2C200","width":350,"height":200},"classes":[]},{"id":1567,"url":"https:\/\/uscatletica.ch\/wp\/?p=1567","url_meta":{"origin":8067,"position":5},"title":"CSI a Tenero In pista a Chiasso e podisti a Losone (Rassegna stampa)","author":"Leonida Stampanoni","date":"29 Aprile 2016","format":false,"excerpt":"Fine settimana tra aprile e maggio ricco di appuntamenti \u00a0per gli atleti USC che gareggeranno su parecchi fronti. Sabato a Tenero giornata campale con i CSI per le nostre U16. Domenica\u00a0\u00a0al Riva IV di Chiasso \u00a0partir\u00e0 invece la stagione per U20 e attivi \u00a0con le corse su distanze spurie. Podismo\u2026","rel":"","context":"In &quot;Pista&quot;","block_context":{"text":"Pista","link":"https:\/\/uscatletica.ch\/wp\/?cat=4"},"img":{"alt_text":"","src":"https:\/\/i0.wp.com\/uscatletica.ch\/wp\/wp-content\/uploads\/2016\/03\/celle2016.png?fit=558%2C362&ssl=1&resize=350%2C200","width":350,"height":200,"srcset":"https:\/\/i0.wp.com\/uscatletica.ch\/wp\/wp-content\/uploads\/2016\/03\/celle2016.png?fit=558%2C362&ssl=1&resize=350%2C200 1x, https:\/\/i0.wp.com\/uscatletica.ch\/wp\/wp-content\/uploads\/2016\/03\/celle2016.png?fit=558%2C362&ssl=1&resize=525%2C300 1.5x"},"classes":[]}],"_links":{"self":[{"href":"https:\/\/uscatletica.ch\/wp\/index.php?rest_route=\/wp\/v2\/posts\/8067","targetHints":{"allow":["GET"]}}],"collection":[{"href":"https:\/\/uscatletica.ch\/wp\/index.php?rest_route=\/wp\/v2\/posts"}],"about":[{"href":"https:\/\/uscatletica.ch\/wp\/index.php?rest_route=\/wp\/v2\/types\/post"}],"author":[{"embeddable":true,"href":"https:\/\/uscatletica.ch\/wp\/index.php?rest_route=\/wp\/v2\/users\/4"}],"replies":[{"embeddable":true,"href":"https:\/\/uscatletica.ch\/wp\/index.php?rest_route=%2Fwp%2Fv2%2Fcomments&post=8067"}],"version-history":[{"count":1,"href":"https:\/\/uscatletica.ch\/wp\/index.php?rest_route=\/wp\/v2\/posts\/8067\/revisions"}],"predecessor-version":[{"id":8068,"href":"https:\/\/uscatletica.ch\/wp\/index.php?rest_route=\/wp\/v2\/posts\/8067\/revisions\/8068"}],"wp:featuredmedia":[{"embeddable":true,"href":"https:\/\/uscatletica.ch\/wp\/index.php?rest_route=\/wp\/v2\/media\/4162"}],"wp:attachment":[{"href":"https:\/\/uscatletica.ch\/wp\/index.php?rest_route=%2Fwp%2Fv2%2Fmedia&parent=8067"}],"wp:term":[{"taxonomy":"category","embeddable":true,"href":"https:\/\/uscatletica.ch\/wp\/index.php?rest_route=%2Fwp%2Fv2%2Fcategories&post=8067"},{"taxonomy":"post_tag","embeddable":true,"href":"https:\/\/uscatletica.ch\/wp\/index.php?rest_route=%2Fwp%2Fv2%2Ftags&post=8067"}],"curies":[{"name":"wp","href":"https:\/\/api.w.org\/{rel}","templated":true}]}}