{"id":8069,"date":"2019-05-11T22:10:39","date_gmt":"2019-05-11T20:10:39","guid":{"rendered":"http:\/\/uscatletica.ch\/wp\/?p=8069"},"modified":"2019-05-14T09:21:26","modified_gmt":"2019-05-14T07:21:26","slug":"csi-due-podi-al-lido-chiara-due-ori-ad-asti","status":"publish","type":"post","link":"https:\/\/uscatletica.ch\/wp\/?p=8069","title":{"rendered":"CSI DUE PODI AL LIDO Chiara due ori ad ASTI"},"content":{"rendered":"\n<p>Lughissima giornata al Lido di Locarno per l&#8217;edizione 2019 dei Campionati svizzeri interclub. La tappa ticinese ha regalato ben due podi alle squadre USC sia le U18 che le U14 hanno chiuso al terzo posto a livello individuale spicca certamente il 13.87 nel getto del peso di 3kg per Giada. Le due squadre U16 pur battendosi con grande grinta sono giunte lontano dal podio. Grazie alla grande passione di Renato, Sandra ,Loris, Lorenzo e  dei genitori che gentilmente hanno assicurato la giuria nella pedana del peso per il settimo anno consecutivo i nostri ragazzi hanno potuto gustarsi l&#8217;esperienza dei CSI.    Chiara impegnata ai campionati regionali ad ASTi si \u00e8 assicurata due medaglie d&#8217;oro con 16.78 sui 100 m abbinati alla vittoria nel salto in lungo.  <a rel=\"noreferrer noopener\" aria-label=\" LE CLASSIFICHE (opens in a new tab)\" href=\"https:\/\/uscatletica.ch\/wp\/wp-content\/uploads\/2019\/05\/csi2019risultati.pdf\" target=\"_blank\"> LE CLASSIFICHE  DEL LIDO . <\/a><\/p>\n\n\n\n<ul class=\"wp-block-gallery columns-2 is-cropped wp-block-gallery-1 is-layout-flex wp-block-gallery-is-layout-flex\"><li class=\"blocks-gallery-item\"><figure><img data-recalc-dims=\"1\" loading=\"lazy\" decoding=\"async\" width=\"640\" height=\"494\" data-attachment-id=\"8093\" data-permalink=\"https:\/\/uscatletica.ch\/wp\/?attachment_id=8093\" data-orig-file=\"https:\/\/i0.wp.com\/uscatletica.ch\/wp\/wp-content\/uploads\/2019\/05\/USCCSIDONNE.jpg?fit=1650%2C1275&amp;ssl=1\" data-orig-size=\"1650,1275\" data-comments-opened=\"0\" data-image-meta=\"{&quot;aperture&quot;:&quot;0&quot;,&quot;credit&quot;:&quot;&quot;,&quot;camera&quot;:&quot;&quot;,&quot;caption&quot;:&quot;&quot;,&quot;created_timestamp&quot;:&quot;0&quot;,&quot;copyright&quot;:&quot;&quot;,&quot;focal_length&quot;:&quot;0&quot;,&quot;iso&quot;:&quot;0&quot;,&quot;shutter_speed&quot;:&quot;0&quot;,&quot;title&quot;:&quot;&quot;,&quot;orientation&quot;:&quot;0&quot;}\" data-image-title=\"USCCSIDONNE\" data-image-description=\"\" data-image-caption=\"\" data-large-file=\"https:\/\/i0.wp.com\/uscatletica.ch\/wp\/wp-content\/uploads\/2019\/05\/USCCSIDONNE.jpg?fit=640%2C494&amp;ssl=1\" src=\"https:\/\/i0.wp.com\/uscatletica.ch\/wp\/wp-content\/uploads\/2019\/05\/USCCSIDONNE.jpg?resize=640%2C494&#038;ssl=1\" alt=\"\" data-id=\"8093\" data-link=\"https:\/\/uscatletica.ch\/wp\/?attachment_id=8093\" class=\"wp-image-8093\" srcset=\"https:\/\/i0.wp.com\/uscatletica.ch\/wp\/wp-content\/uploads\/2019\/05\/USCCSIDONNE.jpg?resize=1024%2C791&amp;ssl=1 1024w, https:\/\/i0.wp.com\/uscatletica.ch\/wp\/wp-content\/uploads\/2019\/05\/USCCSIDONNE.jpg?resize=300%2C232&amp;ssl=1 300w, https:\/\/i0.wp.com\/uscatletica.ch\/wp\/wp-content\/uploads\/2019\/05\/USCCSIDONNE.jpg?resize=768%2C593&amp;ssl=1 768w, https:\/\/i0.wp.com\/uscatletica.ch\/wp\/wp-content\/uploads\/2019\/05\/USCCSIDONNE.jpg?resize=117%2C91&amp;ssl=1 117w, https:\/\/i0.wp.com\/uscatletica.ch\/wp\/wp-content\/uploads\/2019\/05\/USCCSIDONNE.jpg?w=1650&amp;ssl=1 1650w, https:\/\/i0.wp.com\/uscatletica.ch\/wp\/wp-content\/uploads\/2019\/05\/USCCSIDONNE.jpg?w=1280&amp;ssl=1 1280w\" sizes=\"auto, (max-width: 640px) 100vw, 640px\" \/><\/figure><\/li><li class=\"blocks-gallery-item\"><figure><img data-recalc-dims=\"1\" loading=\"lazy\" decoding=\"async\" width=\"640\" height=\"494\" data-attachment-id=\"8094\" data-permalink=\"https:\/\/uscatletica.ch\/wp\/?attachment_id=8094\" data-orig-file=\"https:\/\/i0.wp.com\/uscatletica.ch\/wp\/wp-content\/uploads\/2019\/05\/USCCSIUOMINI-.jpg?fit=1650%2C1275&amp;ssl=1\" data-orig-size=\"1650,1275\" data-comments-opened=\"0\" data-image-meta=\"{&quot;aperture&quot;:&quot;0&quot;,&quot;credit&quot;:&quot;&quot;,&quot;camera&quot;:&quot;&quot;,&quot;caption&quot;:&quot;&quot;,&quot;created_timestamp&quot;:&quot;0&quot;,&quot;copyright&quot;:&quot;&quot;,&quot;focal_length&quot;:&quot;0&quot;,&quot;iso&quot;:&quot;0&quot;,&quot;shutter_speed&quot;:&quot;0&quot;,&quot;title&quot;:&quot;&quot;,&quot;orientation&quot;:&quot;0&quot;}\" data-image-title=\"USCCSIUOMINI\" data-image-description=\"\" data-image-caption=\"\" data-large-file=\"https:\/\/i0.wp.com\/uscatletica.ch\/wp\/wp-content\/uploads\/2019\/05\/USCCSIUOMINI-.jpg?fit=640%2C494&amp;ssl=1\" src=\"https:\/\/i0.wp.com\/uscatletica.ch\/wp\/wp-content\/uploads\/2019\/05\/USCCSIUOMINI-.jpg?resize=640%2C494&#038;ssl=1\" alt=\"\" data-id=\"8094\" data-link=\"https:\/\/uscatletica.ch\/wp\/?attachment_id=8094\" class=\"wp-image-8094\" srcset=\"https:\/\/i0.wp.com\/uscatletica.ch\/wp\/wp-content\/uploads\/2019\/05\/USCCSIUOMINI-.jpg?resize=1024%2C791&amp;ssl=1 1024w, https:\/\/i0.wp.com\/uscatletica.ch\/wp\/wp-content\/uploads\/2019\/05\/USCCSIUOMINI-.jpg?resize=300%2C232&amp;ssl=1 300w, https:\/\/i0.wp.com\/uscatletica.ch\/wp\/wp-content\/uploads\/2019\/05\/USCCSIUOMINI-.jpg?resize=768%2C593&amp;ssl=1 768w, https:\/\/i0.wp.com\/uscatletica.ch\/wp\/wp-content\/uploads\/2019\/05\/USCCSIUOMINI-.jpg?resize=117%2C91&amp;ssl=1 117w, https:\/\/i0.wp.com\/uscatletica.ch\/wp\/wp-content\/uploads\/2019\/05\/USCCSIUOMINI-.jpg?w=1650&amp;ssl=1 1650w, https:\/\/i0.wp.com\/uscatletica.ch\/wp\/wp-content\/uploads\/2019\/05\/USCCSIUOMINI-.jpg?w=1280&amp;ssl=1 1280w\" sizes=\"auto, (max-width: 640px) 100vw, 640px\" \/><\/figure><\/li><\/ul>\n\n\n\n<h2 class=\"wp-block-heading\">U18W Giada accarezza i 14 m <\/h2>\n\n\n\n<p>La squadra U18, e la classe 2002 si prendono l&#8217;ennesimo podio ai CSI probabilmente ad ogni edizioni Giada Alessia e le compagne sono riuscite a meritarsi il podio. Chiaramente spicca Giada con un ottimo 13.87 m che regala la vittoria  con il secondo miglior punteggio dell&#8217;intera gara. Nel Giavellotto arriva on 30.76 m abbinato al 22.75 di Lia .  Alessia ha abbinato un buon 13.63 sui 100 m al 18&#8243;40  al debutto sui 100 ostacoli sulla distanza piana da segnalare il 15&#8243;52 di Nicole. Nelle corse  Gea, Lia, Alessia,Giada chiudono la 4&#215;100 m in 54&#8243;09 Giorgia termina gli 800 m in 2&#8217;36&#8243;12.  Alcune difficolt\u00e0 nei salti Gea a 1.25 m in alto mentre 3.99 in lungo dove Lia \u00e8 la migliore con 4.12 m e Nicole atterra a 3.67. Lo sforzo collettivo porta a 4580 punti e permette alle ragzze di vincere di 8 punti la volata per il podio sull&#8217;USA Ascona. trionfa con 5108 la SAB Bellinzona con le fortissime Tahou, Rossi, Gervasoni.<\/p>\n\n\n\n<h2 class=\"wp-block-heading\">U14W LA FORZA DELLA SQUADRA<\/h2>\n\n\n\n<p>Le U14 che hanno terminato in serata le fatiche nella pedana dell&#8217;alto raggiungendo quota 3241 si sono prese un bel terzo  rango  grazie a Lara S. LaraG.  Pauline, Elody e Lea.  Vittoria ancora per la SAB.  Lara S. con 20.37 \u00e8  l&#8217;unica a passare i 20 m nel Giavellotto Lara G. si ferma a 8.60 m  Nel peso Lara S. \u00e8 seconda con  6.27 Lara G. getta a 5.80 m . Nell&#8217;alto Pauline e Lea salgono a 1.25  seconda miglior misura di giornata. Pauline \u00e8 terza in lungo con 4.50 m seguita da Elody a 4.34. Le ragazze chiudono la staffetta in 58&#8217;68. Sui 1000 m Lea corre in 3&#8217;41&#8243;47  Lara S. in 3&#8217;49&#8243;95. Pauline vola in 9&#8243;00 sui 60 m Lea ed Elody 9&#8243;07. <br><\/p>\n\n\n\n<h2 class=\"wp-block-heading\">U16W  GRINTA A DETERMINAZIONE <\/h2>\n\n\n\n<p>Le noste U16 Matilda, Carolina, Gaia, Federica, Alice, Ilaria si sono battute con grinta per rimediare all&#8217;assenza di Morena malata. alla fine un bel sesto rango con 3804 punti in una delle categorie pi\u00f9 combattute. La vittoria \u00e8 andata alle padrone di casa della VIrtus.  Matilda, Alice, Carolina,Gaia e Federica hanno corso la 5&#215;80 in 55&#8217;35.  Matilda vola in 11&#8243;05 sugli 80 m  Federica 11&#8217;46 Ilaria 11&#8243;99. Nell&#8217;alto Gaia \u00e8 seconda con 1.40 a cui abbina il personale di 4.66 nel lungo per un&#8217;altro secondo posto e 26&#8217;02 di giavellotto. Nel lungo Matilda atterra a 4.20 prima di gettare  nel peso con 7.08 m, Ilaria 6.53 m Federica 6.02. Sui 1000 m Federica corre in 3&#8217;38&#8243;21 Ilaria in 3&#8217;53&#8217;39. Alice infilza il giavellotto a 11.54.<\/p>\n\n\n\n<h2 class=\"wp-block-heading\">U16M BRAVI <\/h2>\n\n\n\n<p>Quinto posto per gli U16 CON 3151 punti nella gara vinta ancora dalla VIrtus. Mattia, Ruben, Tommas, TH\u00e9o, Florian lanciano la giornata con 56.75 nella 5&#215;80 m. Tommaso \u00e8 ottimo con 10.91 sui 60 m Th\u00e9o chiude in 11.78, Amedeo 12&#8243;98. Sui 1000 m Tommaso chiude in 3&#8217;18&#8243;24, Sasha 3&#8217;38&#8243;74, Amedeo 3&#8217;49&#8243;88. Nell&#8217;alto Florian sale fino a 1.50 m con un bel terzo rango  Th\u00e9o 1.35 m, Mattia 1.20. Nel lungo Mattia a 4.04 m , Ruben a 3.95 Sasha a 3.24.  Florian getta il peso a 7.08 m Ruben 4.97, Sasha, 4.26m . Tommaso raggiunge 27.99 con il giavellotto, Florian infilza a 25.21, Mattia a 17.50. <br><\/p>\n\n\n\n<ul class=\"wp-block-gallery columns-3 is-cropped wp-block-gallery-2 is-layout-flex wp-block-gallery-is-layout-flex\"><li class=\"blocks-gallery-item\"><figure><img data-recalc-dims=\"1\" loading=\"lazy\" decoding=\"async\" width=\"423\" height=\"317\" data-attachment-id=\"8073\" data-permalink=\"https:\/\/uscatletica.ch\/wp\/?attachment_id=8073\" data-orig-file=\"https:\/\/i0.wp.com\/uscatletica.ch\/wp\/wp-content\/uploads\/2019\/05\/csiU142019.jpg?fit=423%2C317&amp;ssl=1\" data-orig-size=\"423,317\" data-comments-opened=\"0\" data-image-meta=\"{&quot;aperture&quot;:&quot;0&quot;,&quot;credit&quot;:&quot;&quot;,&quot;camera&quot;:&quot;&quot;,&quot;caption&quot;:&quot;&quot;,&quot;created_timestamp&quot;:&quot;1557604908&quot;,&quot;copyright&quot;:&quot;&quot;,&quot;focal_length&quot;:&quot;0&quot;,&quot;iso&quot;:&quot;0&quot;,&quot;shutter_speed&quot;:&quot;0&quot;,&quot;title&quot;:&quot;&quot;,&quot;orientation&quot;:&quot;0&quot;}\" data-image-title=\"csiU142019\" data-image-description=\"\" data-image-caption=\"\" data-large-file=\"https:\/\/i0.wp.com\/uscatletica.ch\/wp\/wp-content\/uploads\/2019\/05\/csiU142019.jpg?fit=423%2C317&amp;ssl=1\" src=\"https:\/\/i0.wp.com\/uscatletica.ch\/wp\/wp-content\/uploads\/2019\/05\/csiU142019.jpg?resize=423%2C317&#038;ssl=1\" alt=\"\" data-id=\"8073\" data-link=\"https:\/\/uscatletica.ch\/wp\/?attachment_id=8073\" class=\"wp-image-8073\" srcset=\"https:\/\/i0.wp.com\/uscatletica.ch\/wp\/wp-content\/uploads\/2019\/05\/csiU142019.jpg?w=423&amp;ssl=1 423w, https:\/\/i0.wp.com\/uscatletica.ch\/wp\/wp-content\/uploads\/2019\/05\/csiU142019.jpg?resize=300%2C225&amp;ssl=1 300w\" sizes=\"auto, (max-width: 423px) 100vw, 423px\" \/><\/figure><\/li><li class=\"blocks-gallery-item\"><figure><img data-recalc-dims=\"1\" loading=\"lazy\" decoding=\"async\" width=\"266\" height=\"423\" data-attachment-id=\"8072\" data-permalink=\"https:\/\/uscatletica.ch\/wp\/?attachment_id=8072\" data-orig-file=\"https:\/\/i0.wp.com\/uscatletica.ch\/wp\/wp-content\/uploads\/2019\/05\/chiarasti190511bc.jpg?fit=266%2C423&amp;ssl=1\" data-orig-size=\"266,423\" data-comments-opened=\"0\" data-image-meta=\"{&quot;aperture&quot;:&quot;0&quot;,&quot;credit&quot;:&quot;&quot;,&quot;camera&quot;:&quot;&quot;,&quot;caption&quot;:&quot;&quot;,&quot;created_timestamp&quot;:&quot;1557572226&quot;,&quot;copyright&quot;:&quot;&quot;,&quot;focal_length&quot;:&quot;0&quot;,&quot;iso&quot;:&quot;0&quot;,&quot;shutter_speed&quot;:&quot;0&quot;,&quot;title&quot;:&quot;&quot;,&quot;orientation&quot;:&quot;0&quot;}\" data-image-title=\"chiarasti190511bc\" data-image-description=\"\" data-image-caption=\"\" data-large-file=\"https:\/\/i0.wp.com\/uscatletica.ch\/wp\/wp-content\/uploads\/2019\/05\/chiarasti190511bc.jpg?fit=266%2C423&amp;ssl=1\" src=\"https:\/\/i0.wp.com\/uscatletica.ch\/wp\/wp-content\/uploads\/2019\/05\/chiarasti190511bc.jpg?resize=266%2C423&#038;ssl=1\" alt=\"\" data-id=\"8072\" data-link=\"https:\/\/uscatletica.ch\/wp\/?attachment_id=8072\" class=\"wp-image-8072\" srcset=\"https:\/\/i0.wp.com\/uscatletica.ch\/wp\/wp-content\/uploads\/2019\/05\/chiarasti190511bc.jpg?w=266&amp;ssl=1 266w, https:\/\/i0.wp.com\/uscatletica.ch\/wp\/wp-content\/uploads\/2019\/05\/chiarasti190511bc.jpg?resize=189%2C300&amp;ssl=1 189w\" sizes=\"auto, (max-width: 266px) 100vw, 266px\" \/><\/figure><\/li><li class=\"blocks-gallery-item\"><figure><img data-recalc-dims=\"1\" loading=\"lazy\" decoding=\"async\" width=\"423\" height=\"273\" data-attachment-id=\"8071\" data-permalink=\"https:\/\/uscatletica.ch\/wp\/?attachment_id=8071\" data-orig-file=\"https:\/\/i0.wp.com\/uscatletica.ch\/wp\/wp-content\/uploads\/2019\/05\/chiarasti190511b.jpg?fit=423%2C273&amp;ssl=1\" data-orig-size=\"423,273\" data-comments-opened=\"0\" data-image-meta=\"{&quot;aperture&quot;:&quot;0&quot;,&quot;credit&quot;:&quot;&quot;,&quot;camera&quot;:&quot;&quot;,&quot;caption&quot;:&quot;&quot;,&quot;created_timestamp&quot;:&quot;0&quot;,&quot;copyright&quot;:&quot;&quot;,&quot;focal_length&quot;:&quot;0&quot;,&quot;iso&quot;:&quot;0&quot;,&quot;shutter_speed&quot;:&quot;0&quot;,&quot;title&quot;:&quot;&quot;,&quot;orientation&quot;:&quot;0&quot;}\" data-image-title=\"chiarasti190511b\" data-image-description=\"\" data-image-caption=\"\" data-large-file=\"https:\/\/i0.wp.com\/uscatletica.ch\/wp\/wp-content\/uploads\/2019\/05\/chiarasti190511b.jpg?fit=423%2C273&amp;ssl=1\" src=\"https:\/\/i0.wp.com\/uscatletica.ch\/wp\/wp-content\/uploads\/2019\/05\/chiarasti190511b.jpg?resize=423%2C273&#038;ssl=1\" alt=\"\" data-id=\"8071\" data-link=\"https:\/\/uscatletica.ch\/wp\/?attachment_id=8071\" class=\"wp-image-8071\" srcset=\"https:\/\/i0.wp.com\/uscatletica.ch\/wp\/wp-content\/uploads\/2019\/05\/chiarasti190511b.jpg?w=423&amp;ssl=1 423w, https:\/\/i0.wp.com\/uscatletica.ch\/wp\/wp-content\/uploads\/2019\/05\/chiarasti190511b.jpg?resize=300%2C194&amp;ssl=1 300w, https:\/\/i0.wp.com\/uscatletica.ch\/wp\/wp-content\/uploads\/2019\/05\/chiarasti190511b.jpg?resize=174%2C111&amp;ssl=1 174w, https:\/\/i0.wp.com\/uscatletica.ch\/wp\/wp-content\/uploads\/2019\/05\/chiarasti190511b.jpg?resize=95%2C62&amp;ssl=1 95w\" sizes=\"auto, (max-width: 423px) 100vw, 423px\" \/><\/figure><\/li><li class=\"blocks-gallery-item\"><figure><img data-recalc-dims=\"1\" loading=\"lazy\" decoding=\"async\" width=\"423\" height=\"312\" data-attachment-id=\"8070\" data-permalink=\"https:\/\/uscatletica.ch\/wp\/?attachment_id=8070\" data-orig-file=\"https:\/\/i0.wp.com\/uscatletica.ch\/wp\/wp-content\/uploads\/2019\/05\/chiarasti190511.jpg?fit=423%2C312&amp;ssl=1\" data-orig-size=\"423,312\" data-comments-opened=\"0\" data-image-meta=\"{&quot;aperture&quot;:&quot;0&quot;,&quot;credit&quot;:&quot;&quot;,&quot;camera&quot;:&quot;&quot;,&quot;caption&quot;:&quot;&quot;,&quot;created_timestamp&quot;:&quot;1557591893&quot;,&quot;copyright&quot;:&quot;&quot;,&quot;focal_length&quot;:&quot;0&quot;,&quot;iso&quot;:&quot;0&quot;,&quot;shutter_speed&quot;:&quot;0&quot;,&quot;title&quot;:&quot;&quot;,&quot;orientation&quot;:&quot;0&quot;}\" data-image-title=\"chiarasti190511\" data-image-description=\"\" data-image-caption=\"\" data-large-file=\"https:\/\/i0.wp.com\/uscatletica.ch\/wp\/wp-content\/uploads\/2019\/05\/chiarasti190511.jpg?fit=423%2C312&amp;ssl=1\" src=\"https:\/\/i0.wp.com\/uscatletica.ch\/wp\/wp-content\/uploads\/2019\/05\/chiarasti190511.jpg?resize=423%2C312&#038;ssl=1\" alt=\"\" data-id=\"8070\" data-link=\"https:\/\/uscatletica.ch\/wp\/?attachment_id=8070\" class=\"wp-image-8070\" srcset=\"https:\/\/i0.wp.com\/uscatletica.ch\/wp\/wp-content\/uploads\/2019\/05\/chiarasti190511.jpg?w=423&amp;ssl=1 423w, https:\/\/i0.wp.com\/uscatletica.ch\/wp\/wp-content\/uploads\/2019\/05\/chiarasti190511.jpg?resize=300%2C221&amp;ssl=1 300w\" sizes=\"auto, (max-width: 423px) 100vw, 423px\" \/><\/figure><\/li><\/ul>\n\n\n\n<ol class=\"wp-block-list\"><li><\/li><\/ol>\n\n\n\n<p>Comunicato FTAL 13.05.2019 CSI Giovanili  <\/p>\n\n\n\n<h2 class=\"wp-block-heading\"><em><strong>CSI\nTRIPLETTA SAB CHRISTIAN REBOLDI OTTIENE IL LIMITE PER I GIOCHI\nEUROPEI DI BAKU<\/strong><\/em><\/h2>\n\n\n\n<p>LEST-\n<\/p>\n\n\n\n<p>Lo\nstadio del Lido ha accolto le dieci societ\u00e0 ticinesi che con una\nquarantina di squadre e quasi 200 atleti hanno animato una lunga ed\nintensa giornata di atletica che partita in mattinata \u00e8 terminata in\nserata. Le gare avvincenti sono state disturbate da frequenti\nacquazzoni che non hanno per nulla intimorito i giovani talenti in\ngara ad immagini Christian Reboldi che correndo i 110 m ostacoli in\n14\u201d50 ha ottenuto il limite per i giochi europei della giovent\u00f9\nche si terranno a fine luglio a Baku. Mattia Fumagalli sempre sugli\nostacoli e Giada Battaini nel peso si sono decisamente avvicinati\nalle misure richieste. La SAB Bellinzona esce dalla giornata con tre\nsuccessi la doppietta nella categoria maggiore U18 ed una vittoria\ntra le U14. La Virtus Locarno festeggia il doppio successo tra gli\nU16. La SAM Massagno completa il quadro dei vincitori. \n<\/p>\n\n\n\n<p>Tra\ngli U18 Maschili la SAB vince con 6153 punti, lanciati idealmente con\nun ottimo 44\u201d21 nella 4&#215;100 m che ha visto la squalifica del GAB,\ntogliendo subito il pathos al derby capitolino. La Virtus si assicura\nil secondo posto in volata sulla SAM. Christian Reboldi \u00e8 in gran\nforma e dopo l\u2019ottimo 14\u201950 sui 110 m ostacoli, seguito a ruota\nda Mattia Fumagalli,14\u201d81,vince il lungo con 6.66 m e sale fino a\n1.80 m nell\u2019alto, dove si inchina al Massagnese Daniel Barta che\nfirmer\u00e0 anche i 400 m in 52\u201d56. Gioele Pasteris firma un bel 11\u201d34\nsui 100 m, mentre i lanci vedono protagonisti i padroni di casa dove\nGiona Erdmann con 11.42 firma il peso e\nNo\u00e9 Bondolfi il giavellotto con 29.17 m.\nAl femminile la squadra pi\u00f9 completa \u00e8 la SAB che trionfa con 5108\npunti davanti a Virtus 4697, USC (4580) ed USA (4572). Le\nBellinzonesi oltre alla staffetta vinta 51\u201d33 firmano un poker. A\nlivello individuale spicca il 13.87 m nel peso della capriaschese\nGiada Battaini che arriva a soli 13 cm dal limite per Baku. Brilla\nnell\u2019alto Ulla Rossi che sale a 1.63 m nell\u2019alto e vince i 100 m\nostacoli in 15\u201d55. Bernadette Gervasoni 5.27 m in lungo e Ma\u00ebva\nTahou 12\u201d81 sui 100 m completano il poker di vittorie SAB. Zoe\nRanzoni con un promettente 2\u201917\u201d92 sugli 800 m e Lisa Patocchi\n36.12 m nel giavellotto da 500 g regalano due ottime vittorie e\nconsegnano il secondo posto alla Virtus.<\/p>\n\n\n\n<p>Il\nsettore lanci in gran spolvero regala il doppio successo alla Virtus\nnelle categorie U16. La gara femminile vede il podio raccolto in 100\npunti: Locarno con 4126 precede la SAM Massagno 4106  53\u201942 ed il\nGAB 4041. Per la Virtus spiccano i 40.27 m di Joanne Hartmeier con il\ngiavellotto da 400 g e la vittoria di Mia Schaufelberger 10.25 m con\nil peso. Completa il quadro il 3\u201916\u201d47 di Cristina Maggetti sui\n1000 m. La SAM vince la staffetta e grazie a Sara Broggini festeggia\nanche  nell\u2019alto salendo a 1.45 m come e negli 80 m in 10\u201d59 \nGiulia Senese a 10\u201d96 chiude seconda. Nel lungo Alina Lazzaroni\nregala un successo all\u2019ATM con 4.69 m, di misura su Gaia Iten, gi\u00e0\nseconda nell\u2019alto. Nella gara maschile netta la vittoria della\nVirtus con 4092 punti su Vigor Ligornetto con 3708 e ASM con 3409. .\nEsplode il virtussino Elias Hadu che getta i 4 kg del peso a 13.57 m,\nottimo anche Nicolas Cerutti che si migliora fino a 11.28 m a cui\nabbina la vittoria nel salto in lungo con 5.41 m. L\u2019USA con Lucio\nArnaboldi si assicura Il giavellotto con 35.58 m e l\u2019alto con 1.60\nm. Nei 1000 m Vincent Bettosini in 3\u201908\u201d34 regala il successo\nall\u2019ASM. La Vigor ha debuttato vincendo la 5&#215;80 m in 51\u201d04. \n<\/p>\n\n\n\n<p>La\nSAB firma tra le U14 il terzo successo di giornata raggiungendo quota\n3463 punti davanti a USA e USC tra i ragazzi e la SAM Massagno che\nfesteggia la vittoria con 3307 punti davanti all\u2019AS Monteceneri ed\nall\u2019USA Ascona .<\/p>\n\n\n\n<p>\nMercoled\u00ec si partir\u00e0 con le\neliminatorie regionali del Swiss Athletics sprint con, in palio, per\ni nati tra il 2004 ed il 2010, il titolo di ragazzo o ragazza pi\u00f9\nveloce delle 5 regioni: Locarnese, Bellinzonese, Luganese,\nMendrisiotto e Tre Valli.<\/p>\n\n\n\n<p><strong>Leonida\nStampanoni<\/strong><\/p>\n\n\n\n<p><br><\/p>\n","protected":false},"excerpt":{"rendered":"<p>Lughissima giornata al Lido di Locarno per l&#8217;edizione 2019 dei Campionati svizzeri interclub. La tappa ticinese ha regalato ben due podi alle squadre USC sia le U18 che le U14 hanno chiuso al terzo posto a livello individuale spicca certamente il 13.87 nel getto del peso di 3kg per Giada. Le due squadre U16 pur battendosi con grande grinta sono giunte lontano dal podio. Grazie alla grande passione di Renato, Sandra ,Loris, Lorenzo e dei&#8230;<\/p>\n","protected":false},"author":4,"featured_media":8073,"comment_status":"closed","ping_status":"closed","sticky":false,"template":"","format":"standard","meta":{"jetpack_post_was_ever_published":false,"_jetpack_newsletter_access":"","_jetpack_dont_email_post_to_subs":false,"_jetpack_newsletter_tier_id":0,"_jetpack_memberships_contains_paywalled_content":false,"_jetpack_memberships_contains_paid_content":false,"footnotes":"","jetpack_publicize_message":"","jetpack_publicize_feature_enabled":true,"jetpack_social_post_already_shared":true,"jetpack_social_options":{"image_generator_settings":{"template":"highway","default_image_id":0,"font":"","enabled":false},"version":2}},"categories":[4,9],"tags":[],"class_list":["post-8069","post","type-post","status-publish","format-standard","has-post-thumbnail","hentry","category-pista","category-sport"],"jetpack_publicize_connections":[],"jetpack_featured_media_url":"https:\/\/i0.wp.com\/uscatletica.ch\/wp\/wp-content\/uploads\/2019\/05\/csiU142019.jpg?fit=423%2C317&ssl=1","jetpack_sharing_enabled":true,"jetpack_shortlink":"https:\/\/wp.me\/p6V7Ck-269","jetpack-related-posts":[{"id":12147,"url":"https:\/\/uscatletica.ch\/wp\/?p=12147","url_meta":{"origin":8069,"position":0},"title":"Da Locarno a Vacallo con lo spirito di squadra protagonista","author":"Leonida Stampanoni","date":"8 Maggio 2021","format":false,"excerpt":"Nel secondo fine settimana di Maggio tornano dopo un anno di pausa due appuntamenti dove lo spirito di squadra \u00e8 fondamentale. Sabato al Lido di Locarno una gran giornata di atletica con i CSI l'USC sar\u00e0 al via con due squadre femminili le U16 e le U14. Domenica al campo\u2026","rel":"","context":"In &quot;Pista&quot;","block_context":{"text":"Pista","link":"https:\/\/uscatletica.ch\/wp\/?cat=4"},"img":{"alt_text":"","src":"https:\/\/i0.wp.com\/uscatletica.ch\/wp\/wp-content\/uploads\/2021\/04\/5x80m210424podio.jpg?fit=432%2C324&ssl=1&resize=350%2C200","width":350,"height":200},"classes":[]},{"id":8067,"url":"https:\/\/uscatletica.ch\/wp\/?p=8067","url_meta":{"origin":8069,"position":1},"title":"CSI POKER USC AL VIA AL LIDO GP BERN","author":"Leonida Stampanoni","date":"10 Maggio 2019","format":false,"excerpt":"Sabato al Lido grande giornata di atletica con i CSI Giovanili, i campionati svizzeri per societ\u00e0. Sulle rive del Verbano 10 societ\u00e0 ticinesi presenteranno 40 squadre al via nelle sei categorie. L'USC sar\u00e0 presente con 4 squadre una per categoria U18,U16, U14 al femminile e gli U16 Maschili . Tra\u2026","rel":"","context":"In &quot;Pista&quot;","block_context":{"text":"Pista","link":"https:\/\/uscatletica.ch\/wp\/?cat=4"},"img":{"alt_text":"","src":"https:\/\/i0.wp.com\/uscatletica.ch\/wp\/wp-content\/uploads\/2017\/05\/csi2017u16.jpg?fit=579%2C407&ssl=1&resize=350%2C200","width":350,"height":200,"srcset":"https:\/\/i0.wp.com\/uscatletica.ch\/wp\/wp-content\/uploads\/2017\/05\/csi2017u16.jpg?fit=579%2C407&ssl=1&resize=350%2C200 1x, https:\/\/i0.wp.com\/uscatletica.ch\/wp\/wp-content\/uploads\/2017\/05\/csi2017u16.jpg?fit=579%2C407&ssl=1&resize=525%2C300 1.5x"},"classes":[]},{"id":2936,"url":"https:\/\/uscatletica.ch\/wp\/?p=2936","url_meta":{"origin":8069,"position":2},"title":"2016 ANNATA LUMINOSA IN PISTA","author":"Leonida Stampanoni","date":"10 Ottobre 2016","format":false,"excerpt":"La stagione in pista \u00e8 cominciata presto con i primi campionati ticinesi Indoor nei salti alla Regazzi a met\u00e0 gennaio per chiudersi lo scorso fine settimana sul nuovo RUB TAN dominator del Lido di Locarno. Molte le soddisfazione e una buona dose di medaglie. Molte soddisfazione anche come squadra la\u2026","rel":"","context":"In &quot;Pista&quot;","block_context":{"text":"Pista","link":"https:\/\/uscatletica.ch\/wp\/?cat=4"},"img":{"alt_text":"","src":"https:\/\/i0.wp.com\/uscatletica.ch\/wp\/wp-content\/uploads\/2016\/08\/ct4x100.jpg?fit=561%2C371&ssl=1&resize=350%2C200","width":350,"height":200,"srcset":"https:\/\/i0.wp.com\/uscatletica.ch\/wp\/wp-content\/uploads\/2016\/08\/ct4x100.jpg?fit=561%2C371&ssl=1&resize=350%2C200 1x, https:\/\/i0.wp.com\/uscatletica.ch\/wp\/wp-content\/uploads\/2016\/08\/ct4x100.jpg?fit=561%2C371&ssl=1&resize=525%2C300 1.5x"},"classes":[]},{"id":4126,"url":"https:\/\/uscatletica.ch\/wp\/?p=4126","url_meta":{"origin":8069,"position":3},"title":"CSI il punto forte del fine settimana","author":"Leonida Stampanoni","date":"5 Maggio 2017","format":false,"excerpt":"Sabato a Locarno \u00a0l'USC avr\u00e0 ben 4 delle 31 squadre al via della giornata ticinese dei Campionati svizzeri interclub (CSI). A partire dalle 10.00 allo Stadio del Lido saranno 8 societ\u00e0 impegnate in una grande festa dell'atletica. Per l'USC al via le tre squadre femmnili U18.U16, U14 \u00a0mentre tra i\u2026","rel":"","context":"In &quot;Pista&quot;","block_context":{"text":"Pista","link":"https:\/\/uscatletica.ch\/wp\/?cat=4"},"img":{"alt_text":"","src":"https:\/\/i0.wp.com\/uscatletica.ch\/wp\/wp-content\/uploads\/2016\/05\/csi2016TEnero10.jpg?fit=563%2C422&ssl=1&resize=350%2C200","width":350,"height":200,"srcset":"https:\/\/i0.wp.com\/uscatletica.ch\/wp\/wp-content\/uploads\/2016\/05\/csi2016TEnero10.jpg?fit=563%2C422&ssl=1&resize=350%2C200 1x, https:\/\/i0.wp.com\/uscatletica.ch\/wp\/wp-content\/uploads\/2016\/05\/csi2016TEnero10.jpg?fit=563%2C422&ssl=1&resize=525%2C300 1.5x"},"classes":[]},{"id":6017,"url":"https:\/\/uscatletica.ch\/wp\/?p=6017","url_meta":{"origin":8069,"position":4},"title":"CSI USCini al gran completo","author":"Leonida Stampanoni","date":"11 Maggio 2018","format":false,"excerpt":"Il Ticino \u00e8 in piena febbre dell'oro con gli orientisti rossocrociato che hanno una media di un titolo al giorno, l'atletica ticinese non si ferma e sabato lo Stadio di Cornaredo ospiter\u00e0 l'edizione 2018 dei CSI. Sabato 12 maggio sar\u00e0 una data storica per l'USC che presenter\u00e0 al via ben\u2026","rel":"","context":"In &quot;Pista&quot;","block_context":{"text":"Pista","link":"https:\/\/uscatletica.ch\/wp\/?cat=4"},"img":{"alt_text":"","src":"https:\/\/i0.wp.com\/uscatletica.ch\/wp\/wp-content\/uploads\/2017\/05\/P1470021.jpg?fit=563%2C422&ssl=1&resize=350%2C200","width":350,"height":200,"srcset":"https:\/\/i0.wp.com\/uscatletica.ch\/wp\/wp-content\/uploads\/2017\/05\/P1470021.jpg?fit=563%2C422&ssl=1&resize=350%2C200 1x, https:\/\/i0.wp.com\/uscatletica.ch\/wp\/wp-content\/uploads\/2017\/05\/P1470021.jpg?fit=563%2C422&ssl=1&resize=525%2C300 1.5x"},"classes":[]},{"id":19304,"url":"https:\/\/uscatletica.ch\/wp\/?p=19304","url_meta":{"origin":8069,"position":5},"title":"CSI LE U14 VOLANO SUL PODIO BENE LE SQUADRE COAS","author":"Leonida Stampanoni","date":"4 Maggio 2024","format":false,"excerpt":"Al Lido di Locarno la lunga giornata dei CSI. \u00e8 cominciata presto per concludersi nel tardo pomeriggio con i campionati ticinesi di staffetta Olimpionica. Asia, Anais Camilla, Maja, Matilde Viola . nel CSI U14 hanno chiuso al terzo posto l'affollata sfida tra ben dodici squadre. Alice. dal canto suo ha\u2026","rel":"","context":"In &quot;Pista&quot;","block_context":{"text":"Pista","link":"https:\/\/uscatletica.ch\/wp\/?cat=4"},"img":{"alt_text":"","src":"https:\/\/i0.wp.com\/uscatletica.ch\/wp\/wp-content\/uploads\/2024\/05\/20240504csiuscu14.jpg?fit=432%2C324&ssl=1&resize=350%2C200","width":350,"height":200},"classes":[]}],"_links":{"self":[{"href":"https:\/\/uscatletica.ch\/wp\/index.php?rest_route=\/wp\/v2\/posts\/8069","targetHints":{"allow":["GET"]}}],"collection":[{"href":"https:\/\/uscatletica.ch\/wp\/index.php?rest_route=\/wp\/v2\/posts"}],"about":[{"href":"https:\/\/uscatletica.ch\/wp\/index.php?rest_route=\/wp\/v2\/types\/post"}],"author":[{"embeddable":true,"href":"https:\/\/uscatletica.ch\/wp\/index.php?rest_route=\/wp\/v2\/users\/4"}],"replies":[{"embeddable":true,"href":"https:\/\/uscatletica.ch\/wp\/index.php?rest_route=%2Fwp%2Fv2%2Fcomments&post=8069"}],"version-history":[{"count":8,"href":"https:\/\/uscatletica.ch\/wp\/index.php?rest_route=\/wp\/v2\/posts\/8069\/revisions"}],"predecessor-version":[{"id":8103,"href":"https:\/\/uscatletica.ch\/wp\/index.php?rest_route=\/wp\/v2\/posts\/8069\/revisions\/8103"}],"wp:featuredmedia":[{"embeddable":true,"href":"https:\/\/uscatletica.ch\/wp\/index.php?rest_route=\/wp\/v2\/media\/8073"}],"wp:attachment":[{"href":"https:\/\/uscatletica.ch\/wp\/index.php?rest_route=%2Fwp%2Fv2%2Fmedia&parent=8069"}],"wp:term":[{"taxonomy":"category","embeddable":true,"href":"https:\/\/uscatletica.ch\/wp\/index.php?rest_route=%2Fwp%2Fv2%2Fcategories&post=8069"},{"taxonomy":"post_tag","embeddable":true,"href":"https:\/\/uscatletica.ch\/wp\/index.php?rest_route=%2Fwp%2Fv2%2Ftags&post=8069"}],"curies":[{"name":"wp","href":"https:\/\/api.w.org\/{rel}","templated":true}]}}