{"id":8114,"date":"2019-05-24T06:54:49","date_gmt":"2019-05-24T04:54:49","guid":{"rendered":"http:\/\/uscatletica.ch\/wp\/?p=8114"},"modified":"2019-05-25T08:57:12","modified_gmt":"2019-05-25T06:57:12","slug":"ubs-kids-cup-usc-venerdi-24","status":"publish","type":"post","link":"https:\/\/uscatletica.ch\/wp\/?p=8114","title":{"rendered":"UBS KIDS CUP USC venerdi 24"},"content":{"rendered":"\n<p>Venerdi 24 tutti in pista per la tradizionale UBS KIDS CUP  sociale,  occasione per divertirsi assieme saltando correndo lanciando,  Sar\u00e0 anche l&#8217;ulitma opportunit\u00e0 per i pi\u00f9 ambiziosi per strappare un biglietto per la finale cantonale in programma sabato 8 giugno al CST di Tenero <\/p>\n\n\n\n<figure class=\"wp-block-image\"><img data-recalc-dims=\"1\" loading=\"lazy\" decoding=\"async\" width=\"640\" height=\"905\" data-attachment-id=\"8115\" data-permalink=\"https:\/\/uscatletica.ch\/wp\/?attachment_id=8115\" data-orig-file=\"https:\/\/i0.wp.com\/uscatletica.ch\/wp\/wp-content\/uploads\/2019\/05\/kidscup2019.jpg?fit=1240%2C1753&amp;ssl=1\" data-orig-size=\"1240,1753\" data-comments-opened=\"0\" data-image-meta=\"{&quot;aperture&quot;:&quot;0&quot;,&quot;credit&quot;:&quot;&quot;,&quot;camera&quot;:&quot;&quot;,&quot;caption&quot;:&quot;&quot;,&quot;created_timestamp&quot;:&quot;0&quot;,&quot;copyright&quot;:&quot;&quot;,&quot;focal_length&quot;:&quot;0&quot;,&quot;iso&quot;:&quot;0&quot;,&quot;shutter_speed&quot;:&quot;0&quot;,&quot;title&quot;:&quot;&quot;,&quot;orientation&quot;:&quot;0&quot;}\" data-image-title=\"kidscup2019\" data-image-description=\"\" data-image-caption=\"\" data-large-file=\"https:\/\/i0.wp.com\/uscatletica.ch\/wp\/wp-content\/uploads\/2019\/05\/kidscup2019.jpg?fit=640%2C905&amp;ssl=1\" src=\"https:\/\/i0.wp.com\/uscatletica.ch\/wp\/wp-content\/uploads\/2019\/05\/kidscup2019.jpg?resize=640%2C905&#038;ssl=1\" alt=\"\" class=\"wp-image-8115\" srcset=\"https:\/\/i0.wp.com\/uscatletica.ch\/wp\/wp-content\/uploads\/2019\/05\/kidscup2019.jpg?resize=724%2C1024&amp;ssl=1 724w, https:\/\/i0.wp.com\/uscatletica.ch\/wp\/wp-content\/uploads\/2019\/05\/kidscup2019.jpg?resize=212%2C300&amp;ssl=1 212w, https:\/\/i0.wp.com\/uscatletica.ch\/wp\/wp-content\/uploads\/2019\/05\/kidscup2019.jpg?resize=768%2C1086&amp;ssl=1 768w, https:\/\/i0.wp.com\/uscatletica.ch\/wp\/wp-content\/uploads\/2019\/05\/kidscup2019.jpg?w=1240&amp;ssl=1 1240w\" sizes=\"auto, (max-width: 640px) 100vw, 640px\" \/><figcaption><a href=\"https:\/\/uscatletica.ch\/wp\/wp-content\/uploads\/2019\/05\/kidscup2019.pdf\" target=\"_blank\" rel=\"noreferrer noopener\" aria-label=\"La Locandina  (opens in a new tab)\">La Locandina <\/a><\/figcaption><\/figure>\n\n\n\n<div class=\"wp-block-file\"><a href=\"https:\/\/uscatletica.ch\/wp\/wp-content\/uploads\/2019\/05\/kidscup2019.pdf\">kidscup2019<\/a><a href=\"https:\/\/uscatletica.ch\/wp\/wp-content\/uploads\/2019\/05\/kidscup2019.pdf\" class=\"wp-block-file__button\" download>Scarica<\/a><\/div>\n","protected":false},"excerpt":{"rendered":"<p>Venerdi 24 tutti in pista per la tradizionale UBS KIDS CUP sociale, occasione per divertirsi assieme saltando correndo lanciando, Sar\u00e0 anche l&#8217;ulitma opportunit\u00e0 per i pi\u00f9 ambiziosi per strappare un biglietto per la finale cantonale in programma sabato 8 giugno al CST di Tenero<\/p>\n","protected":false},"author":4,"featured_media":7180,"comment_status":"closed","ping_status":"closed","sticky":false,"template":"","format":"standard","meta":{"jetpack_post_was_ever_published":false,"_jetpack_newsletter_access":"","_jetpack_dont_email_post_to_subs":false,"_jetpack_newsletter_tier_id":0,"_jetpack_memberships_contains_paywalled_content":false,"_jetpack_memberships_contains_paid_content":false,"footnotes":"","jetpack_publicize_message":"","jetpack_publicize_feature_enabled":true,"jetpack_social_post_already_shared":true,"jetpack_social_options":{"image_generator_settings":{"template":"highway","default_image_id":0,"font":"","enabled":false},"version":2}},"categories":[12,4],"tags":[],"class_list":["post-8114","post","type-post","status-publish","format-standard","has-post-thumbnail","hentry","category-nostregare","category-pista"],"jetpack_publicize_connections":[],"jetpack_featured_media_url":"https:\/\/i0.wp.com\/uscatletica.ch\/wp\/wp-content\/uploads\/2019\/02\/cUFFIE.jpg?fit=531%2C414&ssl=1","jetpack_sharing_enabled":true,"jetpack_shortlink":"https:\/\/wp.me\/p6V7Ck-26S","jetpack-related-posts":[{"id":7292,"url":"https:\/\/uscatletica.ch\/wp\/?p=7292","url_meta":{"origin":8114,"position":0},"title":"DALLA SARDEGNA A BELLINZONA IL FINE SETTIMANA DEGLI USCINI","author":"Leonida Stampanoni","date":"14 Febbraio 2019","format":false,"excerpt":"Sabato a Bellinzona per la prima volta in 8 edizioni la finale regionale della UBS Kids Team si disputer\u00e0 in Ticino,l'USC sar\u00e0 al via con tre squadre due U16 una femminile ed una maschile ed una femminile ed il sestetto misto delle U12. Domenica Rachele invece sar\u00e0 con la selezione\u2026","rel":"","context":"In &quot;Cross&quot;","block_context":{"text":"Cross","link":"https:\/\/uscatletica.ch\/wp\/?cat=7"},"img":{"alt_text":"","src":"https:\/\/i0.wp.com\/uscatletica.ch\/wp\/wp-content\/uploads\/2019\/01\/ukct19all.jpg?fit=532%2C399&ssl=1&resize=350%2C200","width":350,"height":200,"srcset":"https:\/\/i0.wp.com\/uscatletica.ch\/wp\/wp-content\/uploads\/2019\/01\/ukct19all.jpg?fit=532%2C399&ssl=1&resize=350%2C200 1x, https:\/\/i0.wp.com\/uscatletica.ch\/wp\/wp-content\/uploads\/2019\/01\/ukct19all.jpg?fit=532%2C399&ssl=1&resize=525%2C300 1.5x"},"classes":[]},{"id":6370,"url":"https:\/\/uscatletica.ch\/wp\/?p=6370","url_meta":{"origin":8114,"position":1},"title":"Giada allo scouting day di Swiss Athletics","author":"Leonida Stampanoni","date":"25 Luglio 2018","format":false,"excerpt":"Fine luglio \u00e8 tempo di campi di allenamento con Swiss Athletics e nel 2018 l'USC\u00a0 \u00e8 presente a Tenero con la nostra Giada finalista della Kids Cup lo scorso anno. La nostra Giada trascorrer\u00e0 una settimana in compagnia di alcune delle pi\u00f9 grandi promesse dell'atletica svizzera. Lunedi Giada ha avuto\u2026","rel":"","context":"In &quot;Pista&quot;","block_context":{"text":"Pista","link":"https:\/\/uscatletica.ch\/wp\/?cat=4"},"img":{"alt_text":"","src":"https:\/\/i0.wp.com\/uscatletica.ch\/wp\/wp-content\/uploads\/2018\/07\/ticino2018ukc.jpg?fit=432%2C288&ssl=1&resize=350%2C200","width":350,"height":200},"classes":[]},{"id":5917,"url":"https:\/\/uscatletica.ch\/wp\/?p=5917","url_meta":{"origin":8114,"position":2},"title":"milLe Gruyere UBS KIDS CUP largo ai giovani","author":"Leonida Stampanoni","date":"24 Aprile 2018","format":false,"excerpt":"Settimana intensa per i nostri allievi delle scuole medie, si parte infatti con i progetti giovanili di Swiss Athletics: Mercoled\u00ec a Bellinzona si correr\u00e0 la finale cantonale del MilLe Gruyere, mentre venerdi sera ci sar\u00e0 la KIDS CUP sociale all'Arena.\u00a0 La Kids Cup vivr\u00e0 poi le 3 eliminatorie cantonali in\u2026","rel":"","context":"In &quot;I nostri appuntamenti&quot;","block_context":{"text":"I nostri appuntamenti","link":"https:\/\/uscatletica.ch\/wp\/?cat=12"},"img":{"alt_text":"","src":"https:\/\/i0.wp.com\/uscatletica.ch\/wp\/wp-content\/uploads\/2016\/09\/CHIARALETZI16.jpg?fit=578%2C341&ssl=1&resize=350%2C200","width":350,"height":200,"srcset":"https:\/\/i0.wp.com\/uscatletica.ch\/wp\/wp-content\/uploads\/2016\/09\/CHIARALETZI16.jpg?fit=578%2C341&ssl=1&resize=350%2C200 1x, https:\/\/i0.wp.com\/uscatletica.ch\/wp\/wp-content\/uploads\/2016\/09\/CHIARALETZI16.jpg?fit=578%2C341&ssl=1&resize=525%2C300 1.5x"},"classes":[]},{"id":3408,"url":"https:\/\/uscatletica.ch\/wp\/?p=3408","url_meta":{"origin":8114,"position":3},"title":"kids cup una motivata decina a Buttikon","author":"Leonida Stampanoni","date":"1 Febbraio 2017","format":false,"excerpt":"Venerdi sera partir\u00e0 la trasferta USC verso la finale regionale della UBS KIDS CUP TEAM \u00a0la storica squadra che nel 2013 con le U12 assapor\u00f2 per la prima volta l'emozione della finale nazionale di Willisau potr\u00e0 vivere una seconda esperienza mentre per la U14 Mix sar\u00e0 un piacevole debutto","rel":"","context":"In &quot;Pista&quot;","block_context":{"text":"Pista","link":"https:\/\/uscatletica.ch\/wp\/?cat=4"},"img":{"alt_text":"","src":"https:\/\/i0.wp.com\/uscatletica.ch\/wp\/wp-content\/uploads\/2017\/01\/UKCTT2017CHIASSO05.png?fit=563%2C359&ssl=1&resize=350%2C200","width":350,"height":200,"srcset":"https:\/\/i0.wp.com\/uscatletica.ch\/wp\/wp-content\/uploads\/2017\/01\/UKCTT2017CHIASSO05.png?fit=563%2C359&ssl=1&resize=350%2C200 1x, https:\/\/i0.wp.com\/uscatletica.ch\/wp\/wp-content\/uploads\/2017\/01\/UKCTT2017CHIASSO05.png?fit=563%2C359&ssl=1&resize=525%2C300 1.5x"},"classes":[]},{"id":4776,"url":"https:\/\/uscatletica.ch\/wp\/?p=4776","url_meta":{"origin":8114,"position":4},"title":"Fine settimana ricco per gli USCini","author":"Leonida Stampanoni","date":"24 Agosto 2017","format":false,"excerpt":"L'ultimo fine settimana prima dell'inizio delle scuole sar\u00e0 particolarmente ricco di appuntamenti per gli atleti USC. Si comincia venerdi con la Bellinzona Go & Run valida per la coppa giovanile di Podismo con Ruben \u00a0e Federica al comando e Matilde ancora imbattuta. Venerdi gran finale anche per i Fragori .\u2026","rel":"","context":"In &quot;Pista&quot;","block_context":{"text":"Pista","link":"https:\/\/uscatletica.ch\/wp\/?cat=4"},"img":{"alt_text":"","src":"https:\/\/i0.wp.com\/uscatletica.ch\/wp\/wp-content\/uploads\/2017\/06\/alelungoukcfin17.jpg?fit=561%2C420&ssl=1&resize=350%2C200","width":350,"height":200,"srcset":"https:\/\/i0.wp.com\/uscatletica.ch\/wp\/wp-content\/uploads\/2017\/06\/alelungoukcfin17.jpg?fit=561%2C420&ssl=1&resize=350%2C200 1x, https:\/\/i0.wp.com\/uscatletica.ch\/wp\/wp-content\/uploads\/2017\/06\/alelungoukcfin17.jpg?fit=561%2C420&ssl=1&resize=525%2C300 1.5x"},"classes":[]},{"id":1660,"url":"https:\/\/uscatletica.ch\/wp\/?p=1660","url_meta":{"origin":8114,"position":5},"title":"UBS KIDS CUP TESSERETE UNA FESTA TUTTA USC (Locandina e tagliando iscrizione","author":"Leonida Stampanoni","date":"3 Maggio 2016","format":false,"excerpt":"Venerd\u00ec 20 maggo arriva la KIDS CUP USC la festa sociale dedicata in special modo ai ragazzi pi\u00f9 giovani che potranno cimentarsi nel triathlon salto in lungo lancio della pallina e 60 m . \u00a0 Prima di gustarsi la \u00a0deliziosa grigliata \u00a0di Roby&Renny. \u00a0Altre informazioni arriveranno presto. Le prime gare\u2026","rel":"","context":"In &quot;Pista&quot;","block_context":{"text":"Pista","link":"https:\/\/uscatletica.ch\/wp\/?cat=4"},"img":{"alt_text":"","src":"https:\/\/i0.wp.com\/uscatletica.ch\/wp\/wp-content\/uploads\/2016\/05\/copertinaukcusc.png?fit=563%2C269&ssl=1&resize=350%2C200","width":350,"height":200,"srcset":"https:\/\/i0.wp.com\/uscatletica.ch\/wp\/wp-content\/uploads\/2016\/05\/copertinaukcusc.png?fit=563%2C269&ssl=1&resize=350%2C200 1x, https:\/\/i0.wp.com\/uscatletica.ch\/wp\/wp-content\/uploads\/2016\/05\/copertinaukcusc.png?fit=563%2C269&ssl=1&resize=525%2C300 1.5x"},"classes":[]}],"_links":{"self":[{"href":"https:\/\/uscatletica.ch\/wp\/index.php?rest_route=\/wp\/v2\/posts\/8114","targetHints":{"allow":["GET"]}}],"collection":[{"href":"https:\/\/uscatletica.ch\/wp\/index.php?rest_route=\/wp\/v2\/posts"}],"about":[{"href":"https:\/\/uscatletica.ch\/wp\/index.php?rest_route=\/wp\/v2\/types\/post"}],"author":[{"embeddable":true,"href":"https:\/\/uscatletica.ch\/wp\/index.php?rest_route=\/wp\/v2\/users\/4"}],"replies":[{"embeddable":true,"href":"https:\/\/uscatletica.ch\/wp\/index.php?rest_route=%2Fwp%2Fv2%2Fcomments&post=8114"}],"version-history":[{"count":2,"href":"https:\/\/uscatletica.ch\/wp\/index.php?rest_route=\/wp\/v2\/posts\/8114\/revisions"}],"predecessor-version":[{"id":8118,"href":"https:\/\/uscatletica.ch\/wp\/index.php?rest_route=\/wp\/v2\/posts\/8114\/revisions\/8118"}],"wp:featuredmedia":[{"embeddable":true,"href":"https:\/\/uscatletica.ch\/wp\/index.php?rest_route=\/wp\/v2\/media\/7180"}],"wp:attachment":[{"href":"https:\/\/uscatletica.ch\/wp\/index.php?rest_route=%2Fwp%2Fv2%2Fmedia&parent=8114"}],"wp:term":[{"taxonomy":"category","embeddable":true,"href":"https:\/\/uscatletica.ch\/wp\/index.php?rest_route=%2Fwp%2Fv2%2Fcategories&post=8114"},{"taxonomy":"post_tag","embeddable":true,"href":"https:\/\/uscatletica.ch\/wp\/index.php?rest_route=%2Fwp%2Fv2%2Ftags&post=8114"}],"curies":[{"name":"wp","href":"https:\/\/api.w.org\/{rel}","templated":true}]}}