{"id":8238,"date":"2019-05-24T07:24:08","date_gmt":"2019-05-24T05:24:08","guid":{"rendered":"http:\/\/uscatletica.ch\/wp\/?p=8238"},"modified":"2019-05-28T07:18:11","modified_gmt":"2019-05-28T05:18:11","slug":"stralugano-brixia-il-fine-settimana-usc","status":"publish","type":"post","link":"https:\/\/uscatletica.ch\/wp\/?p=8238","title":{"rendered":"Stralugano Brixia il fine settimana USC"},"content":{"rendered":"\n<p>Nel fine settimana ci sar\u00e0 la classica trasferta a Bressanone per la selezione Ticino continua la tradzione USC nel settore lanci la nostra Giada scender\u00e0 infatti in pedana nel getto del peso e nel disco. L&#8217;impegno della selezione Ticino da spazio agli scolari che saranno alle olimpiadi rivensi. In Ticino \u00e8 la Stralugano l&#8217;evento del fine settimana con molti USCini al via le<a rel=\"noreferrer noopener\" aria-label=\" lsite di Partenza (opens in a new tab)\" href=\"https:\/\/services.datasport.com\/2019\/lauf\/stralugano\/regionch_ti.htm\" target=\"_blank\"> lsite di Partenza <\/a> Nella mezza saranno Roberto e Gionata a guidare la carica USC  mentre Sabato nella Stralugano Kids in palio preziosi punti in coppa ASTi giovanile per Lea,Selina ,Federica, Lara S. Molti atleti al via nella 10 km Enea e Flavie guidano la  truppa David invece prover\u00e0 la combinata sabato sera al via della 10 km  in mattinata invece affronter\u00e0 il Bre city Trail <\/p>\n\n\n\n<p><a rel=\"noreferrer noopener\" aria-label=\"Il BRIXIA MEETING  (opens in a new tab)\" href=\"http:\/\/www.brixia-athletics.org\/index.php\/de\/\" target=\"_blank\">Il BRIXIA MEETING <\/a> <a href=\"http:\/\/www.fidal.it\/risultati\/2019\/COD7707\/Index.htm\" target=\"_blank\" rel=\"noreferrer noopener\" aria-label=\"Le liste di partenza  (opens in a new tab)\">Le liste di partenza <\/a><br><\/p>\n","protected":false},"excerpt":{"rendered":"<p>Nel fine settimana ci sar\u00e0 la classica trasferta a Bressanone per la selezione Ticino continua la tradzione USC nel settore lanci la nostra Giada scender\u00e0 infatti in pedana nel getto del peso e nel disco. L&#8217;impegno della selezione Ticino da spazio agli scolari che saranno alle olimpiadi rivensi. In Ticino \u00e8 la Stralugano l&#8217;evento del fine settimana con molti USCini al via le lsite di Partenza Nella mezza saranno Roberto e Gionata a guidare la&#8230;<\/p>\n","protected":false},"author":4,"featured_media":7188,"comment_status":"closed","ping_status":"closed","sticky":false,"template":"","format":"standard","meta":{"jetpack_post_was_ever_published":false,"_jetpack_newsletter_access":"","_jetpack_dont_email_post_to_subs":false,"_jetpack_newsletter_tier_id":0,"_jetpack_memberships_contains_paywalled_content":false,"_jetpack_memberships_contains_paid_content":false,"footnotes":"","jetpack_publicize_message":"","jetpack_publicize_feature_enabled":true,"jetpack_social_post_already_shared":true,"jetpack_social_options":{"image_generator_settings":{"template":"highway","default_image_id":0,"font":"","enabled":false},"version":2}},"categories":[4,5],"tags":[],"class_list":["post-8238","post","type-post","status-publish","format-standard","has-post-thumbnail","hentry","category-pista","category-podismo"],"jetpack_publicize_connections":[],"jetpack_featured_media_url":"https:\/\/i0.wp.com\/uscatletica.ch\/wp\/wp-content\/uploads\/2019\/02\/cUFFIE2.jpg?fit=1523%2C915&ssl=1","jetpack_sharing_enabled":true,"jetpack_shortlink":"https:\/\/wp.me\/p6V7Ck-28S","jetpack-related-posts":[{"id":18140,"url":"https:\/\/uscatletica.ch\/wp\/?p=18140","url_meta":{"origin":8238,"position":0},"title":"Bene l&#8217;USC alla Stralugano bravo No\u00e9 al MilLe Gruy\u00e8re","author":"Leonida Stampanoni","date":"24 Settembre 2023","format":false,"excerpt":"Sabato intenso per l'USC a Lugano c'era la prima giornata della Stralugano con la 10 km e la 5 km mentre No\u00e9 ha corso la finale del MilLe Gruy\u00e8re a Regensdorf \u00a0cogliendo il suo nuovo primato personale. A Lugano erano una decina i podisti e le podiste USC \u00a0con quattro\u2026","rel":"","context":"In &quot;Pista&quot;","block_context":{"text":"Pista","link":"https:\/\/uscatletica.ch\/wp\/?cat=4"},"img":{"alt_text":"","src":"https:\/\/i0.wp.com\/uscatletica.ch\/wp\/wp-content\/uploads\/2022\/09\/martina220910stra-e1730451714638.png?fit=324%2C298&ssl=1&resize=350%2C200","width":350,"height":200},"classes":[]},{"id":6094,"url":"https:\/\/uscatletica.ch\/wp\/?p=6094","url_meta":{"origin":8238,"position":1},"title":"Stralugano GP FTAL per finire maggio in Bellezza (Elisa ai JWOC)","author":"Leonida Stampanoni","date":"25 Maggio 2018","format":false,"excerpt":"Nel fine settimana ci sar\u00e0 la Stralugano giunta alla dodicesima edizione della nuova gestione \u00e8 oramai l'evento podistico pi\u00f9 popolare del cantone e domenica ospiter\u00e0 i campionati svizzeri di mezza maratona; al via ci sar\u00e0 il campione europeo in carica Tadesse Abraham. Una decina gli USCini al via. Domenica a\u2026","rel":"","context":"In &quot;CO&quot;","block_context":{"text":"CO","link":"https:\/\/uscatletica.ch\/wp\/?cat=19"},"img":{"alt_text":"","src":"https:\/\/i0.wp.com\/uscatletica.ch\/wp\/wp-content\/uploads\/2016\/10\/runtade2.jpg?fit=500%2C328&ssl=1&resize=350%2C200","width":350,"height":200},"classes":[]},{"id":15854,"url":"https:\/\/uscatletica.ch\/wp\/?p=15854","url_meta":{"origin":8238,"position":2},"title":"DA Zurigo a Bellinzona passando per Lugano il fine settimana USC","author":"Leonida Stampanoni","date":"9 Settembre 2022","format":false,"excerpt":"Quattro appuntamenti agonistici per l'USC nel fine settimana \u00a0si parte sabato Mattina con la finale UBS Kids Cup \u00a0sulla mitica pista del Letzigrund fresca della finale della Diamond League con Alice, che raccoglie il testimone di Flavie, C\u00e9line, Giada, Morena \u00a0e Chiara capace anche di vincere. \u00a0Sabato a Lugano ci\u2026","rel":"","context":"In &quot;Pista&quot;","block_context":{"text":"Pista","link":"https:\/\/uscatletica.ch\/wp\/?cat=4"},"img":{"alt_text":"","src":"https:\/\/i0.wp.com\/uscatletica.ch\/wp\/wp-content\/uploads\/2021\/09\/210914U118eajla.jpg?fit=432%2C324&ssl=1&resize=350%2C200","width":350,"height":200},"classes":[]},{"id":20216,"url":"https:\/\/uscatletica.ch\/wp\/?p=20216","url_meta":{"origin":8238,"position":3},"title":"CT GIOVANILI E STRALUGANO GLI APPUNTAMENTI DEL FINE SETTIMANA","author":"Leonida Stampanoni","date":"27 Settembre 2024","format":false,"excerpt":"Intenso fine settimana per chiudere il mese di settembre la Stralunano accender\u00e0 il luganese mentre in pista saranno i giovani a chiudere la stagione con i campionati ticinesi giovanili che vantano ben 217 iscritti sette le presenze USC Marta, Alice e No\u00e9 sono i pi\u00f9 esperti ma Melissa, Am\u00e9lie, Mattia\u2026","rel":"","context":"In &quot;Pista&quot;","block_context":{"text":"Pista","link":"https:\/\/uscatletica.ch\/wp\/?cat=4"},"img":{"alt_text":"","src":"https:\/\/i0.wp.com\/uscatletica.ch\/wp\/wp-content\/uploads\/2022\/09\/NOah22.jpg?fit=432%2C242&ssl=1&resize=350%2C200","width":350,"height":200},"classes":[]},{"id":4294,"url":"https:\/\/uscatletica.ch\/wp\/?p=4294","url_meta":{"origin":8238,"position":4},"title":"Maria vince i CS salita W65 USCini a podio da Lugano al Ritom (Live da Lugano)","author":"Leonida Stampanoni","date":"20 Maggio 2017","format":false,"excerpt":"Sabato podistico tra Piotta \u00a0Monthey e Lugano, in mattinata in Leventina la specialit\u00e0 del Vertical ha debuttato in coppa Ticino con la durissima Stairway to the Heaven da Piotta al Ritom lungo gli scalini della Funicolare 1.6 km con 1000 m di dislivello. In serata erano 600 i ragazzi alla\u2026","rel":"","context":"In &quot;Montagna&quot;","block_context":{"text":"Montagna","link":"https:\/\/uscatletica.ch\/wp\/?cat=16"},"img":{"alt_text":"","src":"https:\/\/i0.wp.com\/uscatletica.ch\/wp\/wp-content\/uploads\/2016\/07\/cearco2016start.jpg?fit=563%2C373&ssl=1&resize=350%2C200","width":350,"height":200,"srcset":"https:\/\/i0.wp.com\/uscatletica.ch\/wp\/wp-content\/uploads\/2016\/07\/cearco2016start.jpg?fit=563%2C373&ssl=1&resize=350%2C200 1x, https:\/\/i0.wp.com\/uscatletica.ch\/wp\/wp-content\/uploads\/2016\/07\/cearco2016start.jpg?fit=563%2C373&ssl=1&resize=525%2C300 1.5x"},"classes":[]},{"id":21295,"url":"https:\/\/uscatletica.ch\/wp\/?p=21295","url_meta":{"origin":8238,"position":5},"title":"Il fine settimana tra Bellinzona e Lugano","author":"Leonida Stampanoni","date":"26 Settembre 2025","format":false,"excerpt":"Nel fine settimana \u00a0doppio impegni per l'USC i podisti saranno impegnati alla Stralunano la manifestazione pi\u00f9 popolare del cantone sabato si garegger\u00e0 sui 5 e 10 km mentre domenica la coppa Giovanile accompagner\u00e0 la gara in salita e la mezza maratona. Sabato al comunale di Bellinzonasaranno quasi. 300 gli atleti\u2026","rel":"","context":"In &quot;Pista&quot;","block_context":{"text":"Pista","link":"https:\/\/uscatletica.ch\/wp\/?cat=4"},"img":{"alt_text":"","src":"https:\/\/i0.wp.com\/uscatletica.ch\/wp\/wp-content\/uploads\/2022\/09\/Gala.jpg?fit=753%2C257&ssl=1&resize=350%2C200","width":350,"height":200,"srcset":"https:\/\/i0.wp.com\/uscatletica.ch\/wp\/wp-content\/uploads\/2022\/09\/Gala.jpg?fit=753%2C257&ssl=1&resize=350%2C200 1x, https:\/\/i0.wp.com\/uscatletica.ch\/wp\/wp-content\/uploads\/2022\/09\/Gala.jpg?fit=753%2C257&ssl=1&resize=525%2C300 1.5x, https:\/\/i0.wp.com\/uscatletica.ch\/wp\/wp-content\/uploads\/2022\/09\/Gala.jpg?fit=753%2C257&ssl=1&resize=700%2C400 2x"},"classes":[]}],"_links":{"self":[{"href":"https:\/\/uscatletica.ch\/wp\/index.php?rest_route=\/wp\/v2\/posts\/8238","targetHints":{"allow":["GET"]}}],"collection":[{"href":"https:\/\/uscatletica.ch\/wp\/index.php?rest_route=\/wp\/v2\/posts"}],"about":[{"href":"https:\/\/uscatletica.ch\/wp\/index.php?rest_route=\/wp\/v2\/types\/post"}],"author":[{"embeddable":true,"href":"https:\/\/uscatletica.ch\/wp\/index.php?rest_route=\/wp\/v2\/users\/4"}],"replies":[{"embeddable":true,"href":"https:\/\/uscatletica.ch\/wp\/index.php?rest_route=%2Fwp%2Fv2%2Fcomments&post=8238"}],"version-history":[{"count":1,"href":"https:\/\/uscatletica.ch\/wp\/index.php?rest_route=\/wp\/v2\/posts\/8238\/revisions"}],"predecessor-version":[{"id":8239,"href":"https:\/\/uscatletica.ch\/wp\/index.php?rest_route=\/wp\/v2\/posts\/8238\/revisions\/8239"}],"wp:featuredmedia":[{"embeddable":true,"href":"https:\/\/uscatletica.ch\/wp\/index.php?rest_route=\/wp\/v2\/media\/7188"}],"wp:attachment":[{"href":"https:\/\/uscatletica.ch\/wp\/index.php?rest_route=%2Fwp%2Fv2%2Fmedia&parent=8238"}],"wp:term":[{"taxonomy":"category","embeddable":true,"href":"https:\/\/uscatletica.ch\/wp\/index.php?rest_route=%2Fwp%2Fv2%2Fcategories&post=8238"},{"taxonomy":"post_tag","embeddable":true,"href":"https:\/\/uscatletica.ch\/wp\/index.php?rest_route=%2Fwp%2Fv2%2Ftags&post=8238"}],"curies":[{"name":"wp","href":"https:\/\/api.w.org\/{rel}","templated":true}]}}