{"id":8259,"date":"2019-05-26T00:04:24","date_gmt":"2019-05-25T22:04:24","guid":{"rendered":"http:\/\/uscatletica.ch\/wp\/?p=8259"},"modified":"2019-05-26T20:14:50","modified_gmt":"2019-05-26T18:14:50","slug":"stralugano-ottimo-sabato","status":"publish","type":"post","link":"https:\/\/uscatletica.ch\/wp\/?p=8259","title":{"rendered":"STRALUGANO SPLENDIDA USC"},"content":{"rendered":"\n<p>La prima giornata della Stralugano con quasi 2500 atleti al via di cui una trentina di USCini ha regalato parecchie soddisfazioni agli USCini. Nella 10 km Enea sesto assoluto e Flavie decima assoluta. Giorgia vince tra le U20. Nelle categorie giovanili vittoria per Jennis, secondo posto per Lea. Il naturale seguito dell&#8217;ottimo sabato \u00e8 stata un&#8217;eccellente domenica con la vittoria di Ralf negli m50 l&#8217;eccellente 1h11&#8217;17 di Roby bravi anche Valerio e GIonata. . Nelle Staffette trionfo per il nostro terzetto al via sotto le insegne ASTi, podio anche per Ralf, Leonida e Kalinka inserite in tre squadre aziendali . Al via della SOLA Basel Johanna ha corso i 8.6  della terza tratta in 39&#8217;37 portando la sua sqaudra Roadrunners al 15 rango finale<br><a rel=\"noreferrer noopener\" aria-label=\"Risultati datasport (opens in a new tab)\" href=\"https:\/\/services.datasport.com\/2019\/lauf\/stralugano\/\" target=\"_blank\">Risultati datasport<\/a> <a rel=\"noreferrer noopener\" aria-label=\"DS Live (opens in a new tab)\" href=\"https:\/\/www.datasport.com\/live\/ranking\/?racenr=21307\" target=\"_blank\">DS Live<\/a> <a rel=\"noreferrer noopener\" aria-label=\"Risultati SOLA Basel (opens in a new tab)\" href=\"https:\/\/trackmaxx.ch\/results\/?race=sbs19\" target=\"_blank\">Risultati SOLA Basel<\/a><\/p>\n\n\n\n<p><\/p>\n\n\n\n<h2 class=\"wp-block-heading\">Orientamento Triathlon<\/h2>\n\n\n\n<p>Nella quinta gara di Selezioni per i campionati giovanili di orientamento Elisa si prende un bel secondo rango, Manuele ottavo  seguono Martina 23 e Tommaso 28. Tra le sedicenni Giulia chiude 33.  Al triathlon di Sion valido per la National league Letizia chiude sesta di categoria. Nella <br><\/p>\n\n\n\n<h2 class=\"wp-block-heading\">Mezza e Staffetta incetta di podi<\/h2>\n\n\n\n<p class=\"has-drop-cap\">La gara principale della Stralugano, la mezza maratona dominano gli atleti degli altopiani africani. Una doppietta Etiope 1h00&#8217;50 per  Dagnachew Antenayehu, 1h09&#8217;22 per Tilahun Dinkesa Yenenesh che precede le due nazionali italiane Sara Dossena e Catherine Bertone. Roby in 1h11&#8217;17 \u00e8 il migliore dei ticinesi con il quindicesimo rango assoluto.Valerio corre in 1h17&#8217;18 correndo in scia di Evelyne Dietschi partita 302 prima di lui. Gionata corre in 1h19&#8217;05 seguito da Ralf che in 1h20&#8217;31 vince tra gli M50. Andri chiude in 1h37&#8217;58 seguito da Nicola F in1h39&#8217;15. Nella Staffette Luca (38&#8217;43) con il secondo tempo di tratta Emanuele 19&#8217;55 ed Elia 14&#8217;21 che vincono le rispettive tratte chiudono la mezza in 1h12&#8217;59 dominando la staffetta. La lotta per la vittoria delle squadre aziendali \u00e8 un duello tra Ralf (41&#8217;00) che corre la prima tratta e Leonida 22&#8217;00 che firma il secondo tempo nella seconda tratta. Nella tratta finale il compagno di squadra Leonida vince d&#8217;un soffio la volata finale.  Nelle squadre miste Kalinka <strong> (26&#8217;27<\/strong>) ottiene il terzo rango correndo la seconda frazione. Nella seconda squadra ASTi i fratelli Anghileri si distinguono Davide in 24&#8217;22 firma il quinto tempo, Maurizio 17&#8217;58 \u00e8 undicesimo. Nel city Trail 14 rango per David in 58&#8217;28 <br><\/p>\n\n\n\n<h2 class=\"wp-block-heading\">10 km City RuN<\/h2>\n\n\n\n<p>La 10 km city Run \u00e8 stata dominata Ahmed el Jaddar in 30&#8217;09 davanti ad Adriano Engelhardt 31&#8217;42 dopo una bella progressione finale. Ottimo sesto posto per Enea  in 34&#8217;01 dopo una bella gara in progressione sul podio ticinese assieme al vincitore U20 Isamil Sebghatullah. Tra le donne vince Sara Galimberti 35&#8217;03 piegando  Maja Neuenschwander 36&#8217;01. Flavie nella scia dei pacer da 15 km \/h chiude in un promettente 39&#8217;42 che vale il terzo tempo ticinese ed il decimo assoluto. Tra le U20 vince Giorgia in un promettente 43&#8217;32 preceduta di poco da Louis 43&#8217;30.  Il secondo USCino a tagliare il traguardo \u00e8 John che chiude in 37&#8217;38 seguito da David 38&#8217;11 che domani affronter\u00e0 il vertical.. Alessandro chiude in 41&#8217;08, Michele in 41&#8217;57, <br>Sergio Val. 42&#8217;15, Pablo 44.02 il vice presidente Cornelio 50&#8217;52 . Lucia 49&#8217;34 \u00e8 la terza USCine sotto i 50&#8242; . Prisca corre in 51&#8217;21 seguita da Sara 52&#8217;53, MariaChiara 55&#8217;17, Patrizia 55&#8217;29 Silvye 1h00&#8217;17. <\/p>\n\n\n\n<h2 class=\"wp-block-heading\">U14-U16 Coppa ASTi  2.1 km <\/h2>\n\n\n\n<p>Nella coppa ASTi gara sui 2.1 tre giri Lea in 9&#8217;01 chiude quinta assoluta seconda U14 e terza ticinese. Federica in 9&#8217;36 \u00e8 settima. Seguita da Selina 10.06 Lara10&#8217;06 ed Elody  10&#8217;08che chiudono in poco pi\u00f9 di 10&#8242; Noemi completa la sqaudra. <\/p>\n\n\n\n<h2 class=\"wp-block-heading\">U12 1.4 km <\/h2>\n\n\n\n<p>Tra le U12 dominala gara Jennis brava anche Olivia  ottava. <\/p>\n\n\n\n<h2 class=\"wp-block-heading\">U10 e cucciole <\/h2>\n\n\n\n<p>Si divertono nelle categotie dei pi\u00f9 piccoli Leonie, Simone e la piccola Alina. <br><\/p>\n","protected":false},"excerpt":{"rendered":"<p>La prima giornata della Stralugano con quasi 2500 atleti al via di cui una trentina di USCini ha regalato parecchie soddisfazioni agli USCini. Nella 10 km Enea sesto assoluto e Flavie decima assoluta. Giorgia vince tra le U20. Nelle categorie giovanili vittoria per Jennis, secondo posto per Lea. Il naturale seguito dell&#8217;ottimo sabato \u00e8 stata un&#8217;eccellente domenica con la vittoria di Ralf negli m50 l&#8217;eccellente 1h11&#8217;17 di Roby bravi anche Valerio e GIonata. . Nelle&#8230;<\/p>\n","protected":false},"author":4,"featured_media":7264,"comment_status":"closed","ping_status":"closed","sticky":false,"template":"","format":"standard","meta":{"jetpack_post_was_ever_published":false,"_jetpack_newsletter_access":"","_jetpack_dont_email_post_to_subs":false,"_jetpack_newsletter_tier_id":0,"_jetpack_memberships_contains_paywalled_content":false,"_jetpack_memberships_contains_paid_content":false,"footnotes":"","jetpack_publicize_message":"","jetpack_publicize_feature_enabled":true,"jetpack_social_post_already_shared":true,"jetpack_social_options":{"image_generator_settings":{"template":"highway","default_image_id":0,"font":"","enabled":false},"version":2}},"categories":[19,5,9],"tags":[],"class_list":["post-8259","post","type-post","status-publish","format-standard","has-post-thumbnail","hentry","category-corsa-dorientamento","category-podismo","category-sport"],"jetpack_publicize_connections":[],"jetpack_featured_media_url":"https:\/\/i0.wp.com\/uscatletica.ch\/wp\/wp-content\/uploads\/2019\/02\/P1010390.jpg?fit=1024%2C768&ssl=1","jetpack_sharing_enabled":true,"jetpack_shortlink":"https:\/\/wp.me\/p6V7Ck-29d","jetpack-related-posts":[{"id":6094,"url":"https:\/\/uscatletica.ch\/wp\/?p=6094","url_meta":{"origin":8259,"position":0},"title":"Stralugano GP FTAL per finire maggio in Bellezza (Elisa ai JWOC)","author":"Leonida Stampanoni","date":"25 Maggio 2018","format":false,"excerpt":"Nel fine settimana ci sar\u00e0 la Stralugano giunta alla dodicesima edizione della nuova gestione \u00e8 oramai l'evento podistico pi\u00f9 popolare del cantone e domenica ospiter\u00e0 i campionati svizzeri di mezza maratona; al via ci sar\u00e0 il campione europeo in carica Tadesse Abraham. Una decina gli USCini al via. Domenica a\u2026","rel":"","context":"In &quot;CO&quot;","block_context":{"text":"CO","link":"https:\/\/uscatletica.ch\/wp\/?cat=19"},"img":{"alt_text":"","src":"https:\/\/i0.wp.com\/uscatletica.ch\/wp\/wp-content\/uploads\/2016\/10\/runtade2.jpg?fit=500%2C328&ssl=1&resize=350%2C200","width":350,"height":200},"classes":[]},{"id":13104,"url":"https:\/\/uscatletica.ch\/wp\/?p=13104","url_meta":{"origin":8259,"position":1},"title":"StraLugano 2021, Roberto Campione sui 10 km e primo al Br\u00e9. Sui 5 km altra vittoria USC","author":"Stampa E","date":"30 Agosto 2021","format":false,"excerpt":"Fine settimana di gare a Lugano con la 15ima edizione della StraLugano. Sabato le gare dei bambini e la 10 km Domenica la Monte Br\u00e9 challenge, la mezza maratona e la 5 km. --- 10 km e Kids. Una decina gli USCini al via e brilla il titolo ticinese di\u2026","rel":"","context":"In &quot;Montagna&quot;","block_context":{"text":"Montagna","link":"https:\/\/uscatletica.ch\/wp\/?cat=16"},"img":{"alt_text":"","src":"https:\/\/i0.wp.com\/uscatletica.ch\/wp\/wp-content\/uploads\/2021\/08\/StraLugano2021.png?fit=603%2C276&ssl=1&resize=350%2C200","width":350,"height":200,"srcset":"https:\/\/i0.wp.com\/uscatletica.ch\/wp\/wp-content\/uploads\/2021\/08\/StraLugano2021.png?fit=603%2C276&ssl=1&resize=350%2C200 1x, https:\/\/i0.wp.com\/uscatletica.ch\/wp\/wp-content\/uploads\/2021\/08\/StraLugano2021.png?fit=603%2C276&ssl=1&resize=525%2C300 1.5x"},"classes":[]},{"id":6110,"url":"https:\/\/uscatletica.ch\/wp\/?p=6110","url_meta":{"origin":8259,"position":2},"title":"Stralugano Ralf campione svizzero Argento per Maria (FOTO GARBANI)","author":"Leonida Stampanoni","date":"27 Maggio 2018","format":false,"excerpt":"Grande festa sul lungolago di Lugano per la tredicesima edizione della Stralugano valida anche quale campionato svizzero di Mezzamaratona. La due giorni ha visto diversi atleti USC in evidenza\u00a0 Ralf ha vinto il titolo svizzero M55 , Maria ha colto l'argento tra le W65 ottima prova per Elazzazoui che chiude\u2026","rel":"","context":"In &quot;Montagna&quot;","block_context":{"text":"Montagna","link":"https:\/\/uscatletica.ch\/wp\/?cat=16"},"img":{"alt_text":"","src":"https:\/\/i0.wp.com\/uscatletica.ch\/wp\/wp-content\/uploads\/2016\/05\/P1400304.jpg?fit=563%2C422&ssl=1&resize=350%2C200","width":350,"height":200,"srcset":"https:\/\/i0.wp.com\/uscatletica.ch\/wp\/wp-content\/uploads\/2016\/05\/P1400304.jpg?fit=563%2C422&ssl=1&resize=350%2C200 1x, https:\/\/i0.wp.com\/uscatletica.ch\/wp\/wp-content\/uploads\/2016\/05\/P1400304.jpg?fit=563%2C422&ssl=1&resize=525%2C300 1.5x"},"classes":[]},{"id":176,"url":"https:\/\/uscatletica.ch\/wp\/?p=176","url_meta":{"origin":8259,"position":3},"title":"Stralugano 2015 USCini in forma","author":"Leonida Stampanoni","date":"3 Ottobre 2015","format":false,"excerpt":"Splendida 10 edizione per la Stralugano con oltre 4200 partenti,\u00a0Roberto ha vinto la 30 km U20 davanti a Marco, Patrizia ai piedi del podio, Nella 10 km Elia coglie il 14 tempo assoluto Leonida il 22\u00ba. tra le donne 12rango per Rachele 20\u00aa Karin, 24\u00aa Kalinka. Nella 30 km vinta\u2026","rel":"","context":"In &quot;Podismo&quot;","block_context":{"text":"Podismo","link":"https:\/\/uscatletica.ch\/wp\/?cat=5"},"img":{"alt_text":"","src":"https:\/\/i0.wp.com\/uscatletica.ch\/wp\/wp-content\/uploads\/2015\/09\/robichicostralugano.jpg?fit=466%2C700&ssl=1&resize=350%2C200","width":350,"height":200},"classes":[]},{"id":18140,"url":"https:\/\/uscatletica.ch\/wp\/?p=18140","url_meta":{"origin":8259,"position":4},"title":"Bene l&#8217;USC alla Stralugano bravo No\u00e9 al MilLe Gruy\u00e8re","author":"Leonida Stampanoni","date":"24 Settembre 2023","format":false,"excerpt":"Sabato intenso per l'USC a Lugano c'era la prima giornata della Stralugano con la 10 km e la 5 km mentre No\u00e9 ha corso la finale del MilLe Gruy\u00e8re a Regensdorf \u00a0cogliendo il suo nuovo primato personale. A Lugano erano una decina i podisti e le podiste USC \u00a0con quattro\u2026","rel":"","context":"In &quot;Pista&quot;","block_context":{"text":"Pista","link":"https:\/\/uscatletica.ch\/wp\/?cat=4"},"img":{"alt_text":"","src":"https:\/\/i0.wp.com\/uscatletica.ch\/wp\/wp-content\/uploads\/2022\/09\/martina220910stra-e1730451714638.png?fit=324%2C298&ssl=1&resize=350%2C200","width":350,"height":200},"classes":[]},{"id":15866,"url":"https:\/\/uscatletica.ch\/wp\/?p=15866","url_meta":{"origin":8259,"position":5},"title":"StraLugano: Martina vince la 5 km, Elia primo M40; bene Luca, Davide e Ralf sulla 10 km","author":"Leonida Stampanoni","date":"10 Settembre 2022","format":false,"excerpt":"La prima giornata della Stralugano ha regalato diverse soddisfazioni all'USC che oltre ad un buon numero di presenze ha registrato pure due vittorie nella 5 km con Martina ed Elia, e diversi piazzamenti nei pressi del podio nella 10 km.\u00a0 risultati live Nella 5 km (e forse qualcosa in pi\u00f9...)\u2026","rel":"","context":"In &quot;Podismo&quot;","block_context":{"text":"Podismo","link":"https:\/\/uscatletica.ch\/wp\/?cat=5"},"img":{"alt_text":"","src":"https:\/\/i0.wp.com\/uscatletica.ch\/wp\/wp-content\/uploads\/2022\/09\/StraLugano22.jpg?fit=790%2C638&ssl=1&resize=350%2C200","width":350,"height":200,"srcset":"https:\/\/i0.wp.com\/uscatletica.ch\/wp\/wp-content\/uploads\/2022\/09\/StraLugano22.jpg?fit=790%2C638&ssl=1&resize=350%2C200 1x, https:\/\/i0.wp.com\/uscatletica.ch\/wp\/wp-content\/uploads\/2022\/09\/StraLugano22.jpg?fit=790%2C638&ssl=1&resize=525%2C300 1.5x, https:\/\/i0.wp.com\/uscatletica.ch\/wp\/wp-content\/uploads\/2022\/09\/StraLugano22.jpg?fit=790%2C638&ssl=1&resize=700%2C400 2x"},"classes":[]}],"_links":{"self":[{"href":"https:\/\/uscatletica.ch\/wp\/index.php?rest_route=\/wp\/v2\/posts\/8259","targetHints":{"allow":["GET"]}}],"collection":[{"href":"https:\/\/uscatletica.ch\/wp\/index.php?rest_route=\/wp\/v2\/posts"}],"about":[{"href":"https:\/\/uscatletica.ch\/wp\/index.php?rest_route=\/wp\/v2\/types\/post"}],"author":[{"embeddable":true,"href":"https:\/\/uscatletica.ch\/wp\/index.php?rest_route=\/wp\/v2\/users\/4"}],"replies":[{"embeddable":true,"href":"https:\/\/uscatletica.ch\/wp\/index.php?rest_route=%2Fwp%2Fv2%2Fcomments&post=8259"}],"version-history":[{"count":5,"href":"https:\/\/uscatletica.ch\/wp\/index.php?rest_route=\/wp\/v2\/posts\/8259\/revisions"}],"predecessor-version":[{"id":8269,"href":"https:\/\/uscatletica.ch\/wp\/index.php?rest_route=\/wp\/v2\/posts\/8259\/revisions\/8269"}],"wp:featuredmedia":[{"embeddable":true,"href":"https:\/\/uscatletica.ch\/wp\/index.php?rest_route=\/wp\/v2\/media\/7264"}],"wp:attachment":[{"href":"https:\/\/uscatletica.ch\/wp\/index.php?rest_route=%2Fwp%2Fv2%2Fmedia&parent=8259"}],"wp:term":[{"taxonomy":"category","embeddable":true,"href":"https:\/\/uscatletica.ch\/wp\/index.php?rest_route=%2Fwp%2Fv2%2Fcategories&post=8259"},{"taxonomy":"post_tag","embeddable":true,"href":"https:\/\/uscatletica.ch\/wp\/index.php?rest_route=%2Fwp%2Fv2%2Ftags&post=8259"}],"curies":[{"name":"wp","href":"https:\/\/api.w.org\/{rel}","templated":true}]}}