{"id":8279,"date":"2019-05-29T21:00:26","date_gmt":"2019-05-29T19:00:26","guid":{"rendered":"http:\/\/uscatletica.ch\/wp\/?p=8279"},"modified":"2019-05-30T23:50:25","modified_gmt":"2019-05-30T21:50:25","slug":"finale-del-ragazza-piu-veloce-tris-usc-a-cornaredo","status":"publish","type":"post","link":"https:\/\/uscatletica.ch\/wp\/?p=8279","title":{"rendered":"FINALE DEL RAGAZZA PIU VELOCE TRIS USC A CORNAREDO"},"content":{"rendered":"\n<p>Gioved\u00ec sul rettilineo dello stadio di Cornaredo torna la finale del ragazzo pi\u00f9 veloce del Ticino che consegner\u00e0 12 biglietti per la finale svizzera del 21 settembre a Langenthal, dove domani Giada sar\u00e0 impegnata nel getto del peso e nel lancio del giavellotto.  Domani a Cornaredo Pauline, Marta ed Alice si sono meritate il posto nella finale sui 60 m, Gli U16 invece potranno presentarsi allo stadio per affrontare la gara siamo sicuri che i nostri non mancheranno l&#8217;occasione . <\/p>\n\n\n\n<h2 class=\"wp-block-heading\"><a href=\"http:\/\/lvl.ch\/athletica\/LiveResultate\/timetable1.php\" target=\"_blank\" rel=\"noreferrer noopener\" aria-label=\"RISULTATI LIVE DA LANGENTHAL (opens in a new tab)\">RISULTATI LIVE DA LANGENTHAL<\/a><br><\/h2>\n\n\n\n<h2 class=\"wp-block-heading\">\nComunicato FTAL 28.05.2019<\/h2>\n\n\n\n<p>\n<strong>A\nCORNAREDO SI SCENDE IN PISTA PER LA FINALE CANTONALE SWISS ATHLETICS\nSPRINT<\/strong><\/p>\n\n\n\n<p>\n<em>Ajla\nDel Ponte, Luca Bernaschina, Mattia Tajana con la nazionale alle\nuniversiadi di Napoli <\/em>\n<\/p>\n\n\n\n<p>LEST-\n<\/p>\n\n\n\n<p>Gioved\u00ec\n30 giugno lo stadio di Cornaredo torner\u00e0 ad ospitare la finale\ncantonale di Swiss Athletics sprint, a partire dalle 13.30 un\ncentinaio di giovani sprinteranno in cerca di gloria sul rettilineo\nprincipale preservato con dai lavori di ristrutturazione dello stadio\ndalla passione della SAL Lugano.\nDal 1955 Swiss Athletics sprint si propone di scovare tra gli scolari\ni talenti della velocit\u00e0 pura una storia lunga oltre 60 anni che\npartendo da prove locali  porta alle 26 finali cantonali ed alla\nfinale nazionale che il 21 settembre a Langenthal  incoroner\u00e0 i\nragazzi pi\u00f9 veloci della svizzera.Per il Ticino  nel 2017  Giulio\nFugazzi fu il pi\u00f9 veloce tra i nati nel 2006 sfrecciando su corso\nVolta di Chiasso . Lo scorso anno a Lausanne sul lungolago di Ouchy\nfu Ma\u00ebva Tahou a vincere il titolo tra le nate nel 2003. Negli\nultimi anni hanno trionfato anche Bernadette Gervasoni, Gian\nVetterli, Giovanni Pirolli, Emma Piffaretti ed Eleonora De Putti.<\/p>\n\n\n\n<p>Due\nsettimane orsono , mercoled\u00ec 15, le cinque eliminatorie regionali\nsvoltesi tra le Semine di  Bellinzona, Dongio, Riva San Vitale ,\nLocarno e Savosa   hanno ospitato quasi 600 ragazzi che con\nentusiasmo si sono cimentati nello sprint, a Dongio e Locarno era\nabbinata pure una eliminatoria UBS Kids Cup. I 60 m sono la distanza\nche raccoglier\u00e0 le sfide dei primi 4 atleti per ogni regione nati\ntra il 2009 ed il 2006. Per il vincitore in palio ci sar\u00e0 il posto\nalla finale nazionale ed il titolo di ragazzo pi\u00f9 veloce del Ticino.\n\n<\/p>\n\n\n\n<p>Le\nsfide sugli 80 m per le categorie U16 apriranno le danze alle 13.30.\nI migliori otto tempi si guadagneranno il posto per la finalissima\nche incoroner\u00e0 il ragazzo pi\u00f9 veloce del Ticino, mentre i migliori\ntempi di ogni annata nelle batterie varranno il biglietto per\nLangenthal. Tra le ragazze una brillantissima Desir\u00e9e Regazzoni \u00e8\ntra le favorite assieme a Sara Broggini, Matilda Rosa, Giulia Senese\ne Giulia Pozzi. Tra i ragazzi Nathan Codiroli e Gioele Pasteris  sono\ngli unici in stagione ad avere un tempo omologato sotto i10 secondi\nattenzione anche a Marco Ventura come ai fortissimi Giovanni Pirolli\ne Andre Da Cruz non ancora scesi in pista. \n<\/p>\n\n\n\n<p>L\u2019atletica\nticinese sar\u00e0 presente anche alle Universiadi di Napoli con un\nterzetto di prestigio composto da Ajla Del Ponte (USA) sui 100 e\nnella 4&#215;100, Mattia Tajana (GAB) sui 400 m ostacoli e Luca\nBernaschina (ASSPO) nel decathlon<\/p>\n\n\n\n<p>(Leonida\nStampanoni) \n<\/p>\n","protected":false},"excerpt":{"rendered":"<p>Gioved\u00ec sul rettilineo dello stadio di Cornaredo torna la finale del ragazzo pi\u00f9 veloce del Ticino che consegner\u00e0 12 biglietti per la finale svizzera del 21 settembre a Langenthal, dove domani Giada sar\u00e0 impegnata nel getto del peso e nel lancio del giavellotto. Domani a Cornaredo Pauline, Marta ed Alice si sono meritate il posto nella finale sui 60 m, Gli U16 invece potranno presentarsi allo stadio per affrontare la gara siamo sicuri che i&#8230;<\/p>\n","protected":false},"author":4,"featured_media":6148,"comment_status":"closed","ping_status":"closed","sticky":false,"template":"","format":"standard","meta":{"jetpack_post_was_ever_published":false,"_jetpack_newsletter_access":"","_jetpack_dont_email_post_to_subs":false,"_jetpack_newsletter_tier_id":0,"_jetpack_memberships_contains_paywalled_content":false,"_jetpack_memberships_contains_paid_content":false,"footnotes":"","jetpack_publicize_message":"","jetpack_publicize_feature_enabled":true,"jetpack_social_post_already_shared":true,"jetpack_social_options":{"image_generator_settings":{"template":"highway","default_image_id":0,"font":"","enabled":false},"version":2}},"categories":[4,5],"tags":[],"class_list":["post-8279","post","type-post","status-publish","format-standard","has-post-thumbnail","hentry","category-pista","category-podismo"],"jetpack_publicize_connections":[],"jetpack_featured_media_url":"https:\/\/i0.wp.com\/uscatletica.ch\/wp\/wp-content\/uploads\/2018\/05\/rv2018.jpg?fit=532%2C357&ssl=1","jetpack_sharing_enabled":true,"jetpack_shortlink":"https:\/\/wp.me\/p6V7Ck-29x","jetpack-related-posts":[{"id":17404,"url":"https:\/\/uscatletica.ch\/wp\/?p=17404","url_meta":{"origin":8279,"position":0},"title":"Sette USCine  alla Finale Visana Sprint a Cornaredo","author":"Leonida Stampanoni","date":"27 Maggio 2023","format":false,"excerpt":"Domenica il vecchio e storico stadio di Cornaredo \u00a0vivr\u00e0 la sua ultima gara di atletica prima di lasciare spazio al cantiere del nuovo polo sportivo luganese. La finale cantonale VIsana Sprint vedr\u00e0 al via quasi 200 ragazzi \u00a0tra cui 5 USCine (Alice, Anais, Asia, Jennis, Melissa ed un due USCini\u2026","rel":"","context":"In &quot;Pista&quot;","block_context":{"text":"Pista","link":"https:\/\/uscatletica.ch\/wp\/?cat=4"},"img":{"alt_text":"","src":"https:\/\/i0.wp.com\/uscatletica.ch\/wp\/wp-content\/uploads\/2022\/05\/P1180261.jpeg?fit=432%2C324&ssl=1&resize=350%2C200","width":350,"height":200},"classes":[]},{"id":8281,"url":"https:\/\/uscatletica.ch\/wp\/?p=8281","url_meta":{"origin":8279,"position":1},"title":"Swiss Athletics Sprint Matilda e Alice seconde","author":"Leonida Stampanoni","date":"30 Maggio 2019","format":false,"excerpt":"Lo stadio di Cornaredo riscaldato da una piacevole giornata primaverile ha accolto la finale del ragazzo pi\u00f9 veloce del Ticino. Una delle migliori edizioni per l'USC che con 7 atleti al via ha conquistatato ben tre podi. Matilda seconda nella finale valida per Swiss Athletics Sprint ha pure conquistato il\u2026","rel":"","context":"In &quot;Non catalogato&quot;","block_context":{"text":"Non catalogato","link":"https:\/\/uscatletica.ch\/wp\/?cat=6"},"img":{"alt_text":"","src":"https:\/\/i0.wp.com\/uscatletica.ch\/wp\/wp-content\/uploads\/2019\/05\/rvmatilda190529.jpg?fit=432%2C231&ssl=1&resize=350%2C200","width":350,"height":200},"classes":[]},{"id":12413,"url":"https:\/\/uscatletica.ch\/wp\/?p=12413","url_meta":{"origin":8279,"position":2},"title":"Swiss Athletics Sprint Anais e Alice in finale","author":"Leonida Stampanoni","date":"2 Giugno 2021","format":false,"excerpt":"Lo scorso anno la finale cantonale di Swiss Athletics Sprint regal\u00f2 all'USC una rara e preziosa vittoria grazie a Matilda che poi colse il quarto posto alla finale svizzera di Interlaken. Domani a Cornaredo \u00a0saranno Anais ed Alice brave. a qualificarsi a Valgersa a battersi sui 60 m mentre sugli\u2026","rel":"","context":"In &quot;Pista&quot;","block_context":{"text":"Pista","link":"https:\/\/uscatletica.ch\/wp\/?cat=4"},"img":{"alt_text":"","src":"https:\/\/i0.wp.com\/uscatletica.ch\/wp\/wp-content\/uploads\/2021\/05\/210519rv2008OO.jpg?fit=432%2C324&ssl=1&resize=350%2C200","width":350,"height":200},"classes":[]},{"id":15303,"url":"https:\/\/uscatletica.ch\/wp\/?p=15303","url_meta":{"origin":8279,"position":3},"title":"Gare a Lugano, Bressanone e Ligornetto","author":"Leonida Stampanoni","date":"28 Maggio 2022","format":false,"excerpt":"Il fine settimana USC sar\u00e0 intenso per l'USC tre impegni si comincia sabato allo stadio di Cornaredo con la finale cantonale Visana Sprint con sei uscine al via Aubree, Anais, Alice, Jennis, Melissa, Marta.\u00a0 Morena e Matilda invece con la selezione Ticino andranno per il fine settimana a Bressanone per\u2026","rel":"","context":"In &quot;Pista&quot;","block_context":{"text":"Pista","link":"https:\/\/uscatletica.ch\/wp\/?cat=4"},"img":{"alt_text":"","src":"https:\/\/i0.wp.com\/uscatletica.ch\/wp\/wp-content\/uploads\/2022\/05\/220105stralos.png?fit=432%2C288&ssl=1&resize=350%2C200","width":350,"height":200},"classes":[]},{"id":4311,"url":"https:\/\/uscatletica.ch\/wp\/?p=4311","url_meta":{"origin":8279,"position":4},"title":"In pista per l&#8217;ascensione Swiss athletics Sprint e 5000 m ASTi","author":"Leonida Stampanoni","date":"24 Maggio 2017","format":false,"excerpt":"Arriva l'Ascensione e tutti i giovani velocisti scalpitano sui blocchi \u00a0per la finale del ragazzo pi\u00f9 veloce del Ticino che da oltre 60 anni premia i miglior talenti della velocit\u00e0. Domani a Cornaredo un poker di USCini si era qualificato a Valgersa \u00a0con Morena, Elena, Pauline e Oliver. Al via\u2026","rel":"","context":"In &quot;Pista&quot;","block_context":{"text":"Pista","link":"https:\/\/uscatletica.ch\/wp\/?cat=4"},"img":{"alt_text":"","src":"https:\/\/i0.wp.com\/uscatletica.ch\/wp\/wp-content\/uploads\/2017\/04\/P1460145.jpg?fit=563%2C422&ssl=1&resize=350%2C200","width":350,"height":200,"srcset":"https:\/\/i0.wp.com\/uscatletica.ch\/wp\/wp-content\/uploads\/2017\/04\/P1460145.jpg?fit=563%2C422&ssl=1&resize=350%2C200 1x, https:\/\/i0.wp.com\/uscatletica.ch\/wp\/wp-content\/uploads\/2017\/04\/P1460145.jpg?fit=563%2C422&ssl=1&resize=525%2C300 1.5x"},"classes":[]},{"id":19392,"url":"https:\/\/uscatletica.ch\/wp\/?p=19392","url_meta":{"origin":8279,"position":5},"title":"Alice e Martino secondi a Cornaredo","author":"Leonida Stampanoni","date":"26 Maggio 2024","format":false,"excerpt":"Nella cornice dello stadio di Cornaredo la finale cantonale Visana Sprint cercava i ragazzi e le ragazze pi\u00f9 veloci del Ticino ben 10 le presenze USC. Alice che lo scorso anno vinse il titolo per il 2009 ha ottenuto un ottimo secondo rango alle spalle di Azzurra Visetti . Alla\u2026","rel":"","context":"In &quot;Pista&quot;","block_context":{"text":"Pista","link":"https:\/\/uscatletica.ch\/wp\/?cat=4"},"img":{"alt_text":"","src":"https:\/\/i0.wp.com\/uscatletica.ch\/wp\/wp-content\/uploads\/2023\/05\/230528alpeotopb.jpg?fit=450%2C338&ssl=1&resize=350%2C200","width":350,"height":200},"classes":[]}],"_links":{"self":[{"href":"https:\/\/uscatletica.ch\/wp\/index.php?rest_route=\/wp\/v2\/posts\/8279","targetHints":{"allow":["GET"]}}],"collection":[{"href":"https:\/\/uscatletica.ch\/wp\/index.php?rest_route=\/wp\/v2\/posts"}],"about":[{"href":"https:\/\/uscatletica.ch\/wp\/index.php?rest_route=\/wp\/v2\/types\/post"}],"author":[{"embeddable":true,"href":"https:\/\/uscatletica.ch\/wp\/index.php?rest_route=\/wp\/v2\/users\/4"}],"replies":[{"embeddable":true,"href":"https:\/\/uscatletica.ch\/wp\/index.php?rest_route=%2Fwp%2Fv2%2Fcomments&post=8279"}],"version-history":[{"count":1,"href":"https:\/\/uscatletica.ch\/wp\/index.php?rest_route=\/wp\/v2\/posts\/8279\/revisions"}],"predecessor-version":[{"id":8280,"href":"https:\/\/uscatletica.ch\/wp\/index.php?rest_route=\/wp\/v2\/posts\/8279\/revisions\/8280"}],"wp:featuredmedia":[{"embeddable":true,"href":"https:\/\/uscatletica.ch\/wp\/index.php?rest_route=\/wp\/v2\/media\/6148"}],"wp:attachment":[{"href":"https:\/\/uscatletica.ch\/wp\/index.php?rest_route=%2Fwp%2Fv2%2Fmedia&parent=8279"}],"wp:term":[{"taxonomy":"category","embeddable":true,"href":"https:\/\/uscatletica.ch\/wp\/index.php?rest_route=%2Fwp%2Fv2%2Fcategories&post=8279"},{"taxonomy":"post_tag","embeddable":true,"href":"https:\/\/uscatletica.ch\/wp\/index.php?rest_route=%2Fwp%2Fv2%2Ftags&post=8279"}],"curies":[{"name":"wp","href":"https:\/\/api.w.org\/{rel}","templated":true}]}}