{"id":8453,"date":"2019-06-07T15:21:29","date_gmt":"2019-06-07T13:21:29","guid":{"rendered":"http:\/\/uscatletica.ch\/wp\/?p=8453"},"modified":"2019-06-17T12:29:21","modified_gmt":"2019-06-17T10:29:21","slug":"ukc-la-gran-finale-a-tenero","status":"publish","type":"post","link":"https:\/\/uscatletica.ch\/wp\/?p=8453","title":{"rendered":"UKC LA GRAN FINALE A TENERO"},"content":{"rendered":"\n<p>La finale della UBS KIDS 2019 si disputer\u00e0 a Tenero tra i 350 atleti al via sulle rive del Verbano una ventina i ragazzi USC. Chiara reduce dalla magnifica esperienza di Roma sar\u00e0 accompagnata da 13 ragazze e 6 ragazzi. Spiccano 5 ragazze del 2005 Un terzetto per gli anni 2012, 2010, 2009. <\/p>\n\n\n\n<h2 class=\"wp-block-heading\">W14 ALL&#8217;ATTACCO<\/h2>\n\n\n\n<p>Quattro delle 5 ragazze 2005 sono nella top ten cantonale guidata da Gaia con Matilda terza,  Morena quarta ed Elena decima completa la squadra Federica. Tra i nati nel 2004 ci sar\u00e0 Elia al via e poi la nostra Chiara al via nella categoria Special Olympics. <\/p>\n\n\n\n<h2 class=\"wp-block-heading\">U14 Tris di ragazze<\/h2>\n\n\n\n<p>Tre ragazze U14 al via Pauline con il quinto punteggio, Elody e Marta che dopo Cornaredo si guster\u00e0 una seconda finale.<\/p>\n\n\n\n<h2 class=\"wp-block-heading\">U10 una gran squadra <\/h2>\n\n\n\n<p>Tra i nati nel 2012 un tris  composta da Viola tra le bimbe e Tommaso e Giosu\u00e8 tra i ragazzi.Tra le W08 Asia C. firma la seconda finale. Matteo e Tobia sono tra i primi 10 del 2010 dove ci sar\u00e0 anche No\u00e9 G. e  Noemi tra le ragazze. <\/p>\n\n\n\n<h2 class=\"wp-block-heading\">U12 Poker USC al via <\/h2>\n\n\n\n<p>Per l&#8217;anno 2009 Alice, dopo l&#8217;ottimo secondo posto a Swiss Athletics sprint,  affronta la seconda finale stagionale mentre tra i ragazzi ci sono No\u00e9 V.e Samuele G. Jennis sar\u00e0 al via tra le nate del 2008 <br><\/p>\n\n\n\n<table class=\"wp-block-table\"><tbody><tr><td>11<\/td><td>Viola Groppi<\/td><td>W07<\/td><td>14<\/td><td>Giosu\u00e9 Caissutti<\/td><td>M07<\/td><\/tr><tr><td>22<\/td><td>Asia Corti<\/td><td>W08<\/td><td>17<\/td><td>Tommaso Mulattieri<\/td><td>M07<\/td><\/tr><tr><td>13<\/td><td>Noemi Vucic<\/td><td>W09<\/td><td>5<\/td><td>Tobia Naiaretti<\/td><td>M09<\/td><\/tr><tr><td>11<\/td><td>Alice Petralli<\/td><td>W10<\/td><td>9<\/td><td>Matteo Galati<\/td><td>M09<\/td><\/tr><tr><td>16<\/td><td>Jennis Berger<\/td><td>W11<\/td><td>17<\/td><td>No\u00e9 Groppi<\/td><td>M09<\/td><\/tr><tr><td>21<\/td><td>Marta Mulattieri<\/td><td>W12<\/td><td>11<\/td><td>No\u00e9 Volger<\/td><td>M10<\/td><\/tr><tr><td>5<\/td><td>Pauline Magistra<\/td><td>W13<\/td><td>22<\/td><td>Samuele Gioia<\/td><td>M10<\/td><\/tr><tr><td>15<\/td><td>Elody Berger<\/td><td>W13<\/td><td>18<\/td><td>Elia Saletti<\/td><td>M15<\/td><\/tr><tr><td>1<\/td><td>Gaia Iten<\/td><td>W14<\/td><td>4<\/td><td>Morena Hutter<\/td><td>W14<\/td><\/tr><tr><td>3<\/td><td>Matilda Rosa<\/td><td>W14<\/td><td>10<\/td><td>Elena Cicmilovic<\/td><td>W14<\/td><\/tr><tr><td><br><\/td><td>Chiara Zeni<\/td><td>Sp Olympics<\/td><td>22<\/td><td>Federica Baldi<\/td><td>W14<\/td><\/tr><\/tbody><\/table>\n\n\n\n<h2 class=\"wp-block-heading\">Comunicato FTAL 05.06.2019 FINALE CANTONALE UBS KIDS CUP Tenero 08.06.2019<\/h2>\n\n\n\n<h2 class=\"wp-block-heading\">Atletica leggera: finale cantonale UBS Kids Cup di Tenero del 08.06.2019<\/h2>\n\n\n\n<h2 class=\"wp-block-heading\">UBS Kids Cup: IN RIVA AL VERBANO SOGNANDO IL LETZI<\/h2>\n\n\n\n<p>350 talenti sportivi da tutto il cantone gareggeranno il sabato al CST di Tenero nella finale cantonale della UBS Kids Cup. Il decatleta Luca Bernaschina sar\u00e0 il padrino della prima delle 25 finali previste in tutta la svizzera.&nbsp;<\/p>\n\n\n\n<p>La UBS KIDS CUP ha visto brillare negli ultimi anni uno dei talenti pi\u00f9 promettenti del panorama cantonale Emma Piffaretti che lo scorso anno vinse l\u2018argento europeo di categoria e termino quarta ai giochi olimpici della giovent\u00f9Solo i 25 migliori atleti del cantone, suddivisi per anno di nascita, sono riusciti a qualificarsi per la finale cantonale della UBS Kids Cup. A Tenero ci aspettano quindi gare di alto livello con i migliori giovani atleti del cantone tra cui . Reduce dalla sua seconda esperienza nella mecca del Decathlon di G\u00f6tzis il decatleta Luca Bernaschina sar\u00e0 al CST ad incitare i ragazzi ed a firmare autografi.<\/p>\n\n\n\n<p>Obiettivo: finale \u00abWeltklasse Z\u00fcrich\u00bb<\/p>\n\n\n\n<p>La SAB Bellinzona organizzatrice della finale cantonale UBS KIDS, vista la carenza di piste disponibili , ha dovuto moltiplicare gli sforzi per organizzare una splendida giornata di atletica sulle rive del Verbano. Il CST sar\u00e0 la cornice ideale per ammirare i migliori atleti ticinesi che si sfideranno nel triathlon pi\u00f9 popolare della svizzera. Andr\u00e9 Da Cruz (Vigor) terzo nella finale del Letzigrund lo scorso anno avr\u00e0 nel 2019 l\u2018ultima occasione per raggiungere Eleonora De Putti, Emma Piffaretti, Gian Vetterli nella lista dei vincitori.Tra i nati nel 2005 attenzione a Joao Sepulveda (ASSPO) che detiene attualmente la quarta prestazioni nazionale. Una finale avvincente sar\u00e0 delle delle W14 Sara Broggini la vincitrice di Swiss Athletics sprint dovr\u00e0 vedersela con Gaia Iten (USC) per ora le uniche ad avere passato i 2000 punti assieme ad Alina Lazzaroni la migliore tra le nate nel 2004. Gli U12 hanno quattro atleti nei primi sei delle liste svizzere,in cui spicca il terzetto SAM parte della squadra che nel 2018 vinse la UBS Kids Cup Team. Elisa Tricarico, Gianmarco Bielli e Mattia Genini. Tra le W10 Sara Gorza (ASSPO) \u00e8 seconda come la giovanissima Alessia Asmus (FGM)<\/p>\n\n\n\n<p>.&nbsp;<\/p>\n\n\n\n<p>Sabato 31 agosto in occasione della finale svizzera I giovani talenti daranno il meglio di s\u00e9 nel leggendario stadio Letzigrund solo due giorni dopo il meeting di atletica leggera di fama mondiale. I bambini e i ragazzi d\u2019et\u00e0 compresa tra i 7 e i 15 anni saranno accompagnati durante questa importante giornata dalle star mondiali dell\u2019atletica leggera. Per completare un grande fine settimana di atletica domenica 1 settembre il comunale di Bellinzona ospiter\u00e0 il Gal\u00e4 dei Castelli.&nbsp;<\/p>\n\n\n\n<p>Solo i 18 vincitori di categoria della finale cantonale organizzata dal SAB Bellinzona con il sostegno della FTAL si qualificheranno direttamente per la finale svizzera a Zurigo. La garainizia alle ore 10.00 al CST di Tenero ritiro numeri entro le 9.00.&nbsp;<\/p>\n\n\n\n<p>il pi\u00f9 grande progetto giovanile di sport individuali in Svizzera&nbsp;<\/p>\n\n\n\n<p>Per la UBS Kids Cup 2019 sono attesi in tutta la Svizzera oltre 150 000 atleti partecipanti a circa 900 manifestazioni. Il progetto, ideato da Weltklasse Z\u00fcrich e da Swiss Athletics, \u00e8 di gran lunga la manifestazione giovanile di sport individuali pi\u00f9 importante in Svizzera<\/p>\n\n\n\n<p>I risultati dei Ticinesi nelle liste svizzere<\/p>\n\n\n\n<p>2012 2 Alessia Asmus 758 pti 10\u201d92,16.08, 3.16 45 Tyler Gamboni 991 pti 10\u201d86, 17.30, 2.85&nbsp;<\/p>\n\n\n\n<p>2011 16 Erin Pagani 834 pti 10\u201d56, 19.74 ,2.97 13 Raphael Pontarolo 849 pti 10\u201d18, 27.15, 3.30<\/p>\n\n\n\n<p>17 Alissa Scanzio 834 pti 10\u201d60, 19.78 ,3.15<\/p>\n\n\n\n<p>2010 76 Nathalie Del Siro 834 pti 10\u201d50, 22.44 ,3.26 19 Novak Stosic 991 pti 9\u201d20, 23.95, 3.39<\/p>\n\n\n\n<p>2009 2 Sara Gorza 1509 pti 9\u201d23, 32.72. ,3.99 6 Mattia Genini 1271 pti 9\u201d30, 37.77, 4.17<\/p>\n\n\n\n<p>2008 5 Elisa Tricarico 1693 pti 9\u201d04, 42.08, 3.95 5 Gianmarco Bielli 1470 pti 8\u201d85, 42.71, 4.44<\/p>\n\n\n\n<p>16. Tosca Del Siro 1601 pti 9\u201d07, 32.25, 4.28 19 Cedric Tognetti 1351pti 8\u201d95, 37.53, 4.24&nbsp;<\/p>\n\n\n\n<p>2007 26 Marianna Bettega 1693 pti 9\u201d01, 36.52, 4.30 29 C\u00e9dric M\u00fcller 1425 pti 8\u201d67, 39.30 4.18<\/p>\n\n\n\n<p>16. Tosca Del Siro 1601 pti 9\u201d07, 32.25, 4.28<\/p>\n\n\n\n<p>2006 12 Daria Rigatti 1778 pti 8\u201d32, 28.20, 4.47 13 Loris Perosa 1716 pti 8&#8243;51, 59.86, 4.44<\/p>\n\n\n\n<p>18 Giulio Fugazzi 1683 pti 8\u201d36, 49.13, 4.58<\/p>\n\n\n\n<p>2005 19 Gaia Iten 2074 pti 8\u201d67, 44.51, 5.11 4 Joao Sepulveda 2199 pti 7\u201d53, 62.50, 5.37<\/p>\n\n\n\n<p>21 Sara Broggini 2069 pti 8\u201d33, 38.35, 5.09 14 Nathan Codiroli 2057 pti 7\u201d66, 49.09, 5.68<\/p>\n\n\n\n<p>19 Nicolas Cerutti 1993 pti 7\u201d99, 50.83, 5.72<\/p>\n\n\n\n<p>2004 30 Alina Lazzaroni 2048 pti 8\u201d36 ,38.10 ,5.05 3 Andr\u00e9 Da Cruz 2324 pti 7\u201d50, 68.00, 6.08<\/p>\n\n\n\n<p><em><strong>Internet:<\/strong><\/em><a href=\"http:\/\/www.ubs-kidscup.ch\/it\/startmoeglichkeiten-2016.html\">http:\/\/www.ubs-kidscup.ch\/it\/<\/a><\/p>\n\n\n\n<p><em><strong>Foto stampa e altre informazioni per i media:<\/strong><\/em><em><\/em><em>http:\/\/www.ubs-kidscup.ch\/files\/veranstalter_download\/medien\/Auswahl_Medienbilder.zip<\/em><\/p>\n\n\n\n<p>\u2018<\/p>\n","protected":false},"excerpt":{"rendered":"<p>La finale della UBS KIDS 2019 si disputer\u00e0 a Tenero tra i 350 atleti al via sulle rive del Verbano una ventina i ragazzi USC. Chiara reduce dalla magnifica esperienza di Roma sar\u00e0 accompagnata da 13 ragazze e 6 ragazzi. Spiccano 5 ragazze del 2005 Un terzetto per gli anni 2012, 2010, 2009. W14 ALL&#8217;ATTACCO Quattro delle 5 ragazze 2005 sono nella top ten cantonale guidata da Gaia con Matilda terza, Morena quarta ed Elena&#8230;<\/p>\n","protected":false},"author":4,"featured_media":7082,"comment_status":"closed","ping_status":"closed","sticky":false,"template":"","format":"standard","meta":{"jetpack_post_was_ever_published":false,"_jetpack_newsletter_access":"","_jetpack_dont_email_post_to_subs":false,"_jetpack_newsletter_tier_id":0,"_jetpack_memberships_contains_paywalled_content":false,"_jetpack_memberships_contains_paid_content":false,"footnotes":"","jetpack_publicize_message":"","jetpack_publicize_feature_enabled":true,"jetpack_social_post_already_shared":true,"jetpack_social_options":{"image_generator_settings":{"template":"highway","default_image_id":0,"font":"","enabled":false},"version":2}},"categories":[4],"tags":[],"class_list":["post-8453","post","type-post","status-publish","format-standard","has-post-thumbnail","hentry","category-pista"],"jetpack_publicize_connections":[],"jetpack_featured_media_url":"https:\/\/i0.wp.com\/uscatletica.ch\/wp\/wp-content\/uploads\/2019\/01\/ukct19u16.jpg?fit=423%2C317&ssl=1","jetpack_sharing_enabled":true,"jetpack_shortlink":"https:\/\/wp.me\/p6V7Ck-2cl","jetpack-related-posts":[{"id":4126,"url":"https:\/\/uscatletica.ch\/wp\/?p=4126","url_meta":{"origin":8453,"position":0},"title":"CSI il punto forte del fine settimana","author":"Leonida Stampanoni","date":"5 Maggio 2017","format":false,"excerpt":"Sabato a Locarno \u00a0l'USC avr\u00e0 ben 4 delle 31 squadre al via della giornata ticinese dei Campionati svizzeri interclub (CSI). A partire dalle 10.00 allo Stadio del Lido saranno 8 societ\u00e0 impegnate in una grande festa dell'atletica. Per l'USC al via le tre squadre femmnili U18.U16, U14 \u00a0mentre tra i\u2026","rel":"","context":"In &quot;Pista&quot;","block_context":{"text":"Pista","link":"https:\/\/uscatletica.ch\/wp\/?cat=4"},"img":{"alt_text":"","src":"https:\/\/i0.wp.com\/uscatletica.ch\/wp\/wp-content\/uploads\/2016\/05\/csi2016TEnero10.jpg?fit=563%2C422&ssl=1&resize=350%2C200","width":350,"height":200,"srcset":"https:\/\/i0.wp.com\/uscatletica.ch\/wp\/wp-content\/uploads\/2016\/05\/csi2016TEnero10.jpg?fit=563%2C422&ssl=1&resize=350%2C200 1x, https:\/\/i0.wp.com\/uscatletica.ch\/wp\/wp-content\/uploads\/2016\/05\/csi2016TEnero10.jpg?fit=563%2C422&ssl=1&resize=525%2C300 1.5x"},"classes":[]},{"id":6104,"url":"https:\/\/uscatletica.ch\/wp\/?p=6104","url_meta":{"origin":8453,"position":1},"title":"UKC  E SWISS ATHLETICS SPRINT  TUTTI I FINALISTI USC","author":"Leonida Stampanoni","date":"26 Maggio 2018","format":false,"excerpt":"Al comunale le finali cantonali Gioved\u00ec 31 maggio la SAB , in collaborazione con la SAL, organizzer\u00e0 al comunale di Bellinzona le finali cantonali del ragazzo pi\u00f9 veloce del Ticino. Quattro i qualificati nelle categorie U14 e pi\u00f9 giovani, mentre gara aperta per tutti gli U16. Domenica il gran finale\u2026","rel":"","context":"In &quot;Pista&quot;","block_context":{"text":"Pista","link":"https:\/\/uscatletica.ch\/wp\/?cat=4"},"img":{"alt_text":"","src":"https:\/\/i0.wp.com\/uscatletica.ch\/wp\/wp-content\/uploads\/2018\/04\/podiow13ukcbe18.jpg?fit=532%2C407&ssl=1&resize=350%2C200","width":350,"height":200,"srcset":"https:\/\/i0.wp.com\/uscatletica.ch\/wp\/wp-content\/uploads\/2018\/04\/podiow13ukcbe18.jpg?fit=532%2C407&ssl=1&resize=350%2C200 1x, https:\/\/i0.wp.com\/uscatletica.ch\/wp\/wp-content\/uploads\/2018\/04\/podiow13ukcbe18.jpg?fit=532%2C407&ssl=1&resize=525%2C300 1.5x"},"classes":[]},{"id":8105,"url":"https:\/\/uscatletica.ch\/wp\/?p=8105","url_meta":{"origin":8453,"position":2},"title":"R+V VALGERSA PAULINE  MARTA ALICE P. IN FINALE Chiara campionessa Regionale","author":"Leonida Stampanoni","date":"15 Maggio 2019","format":false,"excerpt":"Una ventina gli USCini tra i 250 partecipanti all'eliminatoria luganese del Ragazzo + veloce del Ticino. Nelle categorie U12 ed u14 in palio c'erano quattro posti per la finale cantonale di gioved\u00ec 30 maggio a Cornaredo. La nostra Pauline in 9\"63 si \u00e8 guadagnata la terza finale imitata da Marta,\u2026","rel":"","context":"In &quot;Pista&quot;","block_context":{"text":"Pista","link":"https:\/\/uscatletica.ch\/wp\/?cat=4"},"img":{"alt_text":"","src":"https:\/\/i0.wp.com\/uscatletica.ch\/wp\/wp-content\/uploads\/2018\/06\/u14ukcfinti18.jpg?fit=432%2C323&ssl=1&resize=350%2C200","width":350,"height":200},"classes":[]},{"id":6719,"url":"https:\/\/uscatletica.ch\/wp\/?p=6719","url_meta":{"origin":8453,"position":3},"title":"Gran finale ad Isone vincono le U14","author":"Leonida Stampanoni","date":"15 Ottobre 2018","format":false,"excerpt":"Domenica ad Isone oltre 200 ragazzi erano presenti all'ultima prova del TAS; la Sagra della Staffetta. Una decina abbondante di piccolini impegnati nelle gare individuali e ben 6 squadre femminile e purtroppo una sola maschile al via per l'USC. Alla fine vincono\u00a0 Pauline Federica e Lea tra le U14 nelle\u2026","rel":"","context":"In &quot;Sport&quot;","block_context":{"text":"Sport","link":"https:\/\/uscatletica.ch\/wp\/?cat=9"},"img":{"alt_text":"","src":"https:\/\/i0.wp.com\/uscatletica.ch\/wp\/wp-content\/uploads\/2018\/10\/IMGu14w2018is.jpg?fit=480%2C270&ssl=1&resize=350%2C200","width":350,"height":200},"classes":[]},{"id":4061,"url":"https:\/\/uscatletica.ch\/wp\/?p=4061","url_meta":{"origin":8453,"position":4},"title":"MilLe Gruy\u00e8re Matilde e Samuele volano in finale","author":"Leonida Stampanoni","date":"27 Aprile 2017","format":false,"excerpt":"Un'altra serata uggiosa per la finale cantonale del MilLe Gruy\u00e8re\u00a0che ha comunque raggiunto quota 203 partenti, sempre solo una dozzina gli USCini al via per la sfida sui 1000 m. Alla 7 edizione Matilde ha portato in Capriasca la prima vittoria nella finale cantonale, Samuele secondo tra i ragazzi del\u2026","rel":"","context":"In &quot;Pista&quot;","block_context":{"text":"Pista","link":"https:\/\/uscatletica.ch\/wp\/?cat=4"},"img":{"alt_text":"","src":"https:\/\/i0.wp.com\/uscatletica.ch\/wp\/wp-content\/uploads\/2016\/04\/copertinarassstam.png?fit=556%2C346&ssl=1&resize=350%2C200","width":350,"height":200,"srcset":"https:\/\/i0.wp.com\/uscatletica.ch\/wp\/wp-content\/uploads\/2016\/04\/copertinarassstam.png?fit=556%2C346&ssl=1&resize=350%2C200 1x, https:\/\/i0.wp.com\/uscatletica.ch\/wp\/wp-content\/uploads\/2016\/04\/copertinarassstam.png?fit=556%2C346&ssl=1&resize=525%2C300 1.5x"},"classes":[]},{"id":4244,"url":"https:\/\/uscatletica.ch\/wp\/?p=4244","url_meta":{"origin":8453,"position":5},"title":"Atleti da Rivera a Cornaredo Podisti da Bern a Gravesano fine settimana ricco","author":"Leonida Stampanoni","date":"12 Maggio 2017","format":false,"excerpt":"Fine settimana ricco per l'USC la stagione in pista \u00e8 oramai lanciata \u00a0\u00e8 vivr\u00e0 un doppio appuntamento tra Rivera con l'ultima occasione per strappare un biglietto per la finale Kids Cup di Bellinzona ed il bel meeting SAM di Cornaredo \u00a0con discipline per tutti i gusti. \u00a0Per i podisti la\u2026","rel":"","context":"In &quot;Pista&quot;","block_context":{"text":"Pista","link":"https:\/\/uscatletica.ch\/wp\/?cat=4"},"img":{"alt_text":"","src":"https:\/\/i0.wp.com\/uscatletica.ch\/wp\/wp-content\/uploads\/2017\/04\/P1460145.jpg?fit=563%2C422&ssl=1&resize=350%2C200","width":350,"height":200,"srcset":"https:\/\/i0.wp.com\/uscatletica.ch\/wp\/wp-content\/uploads\/2017\/04\/P1460145.jpg?fit=563%2C422&ssl=1&resize=350%2C200 1x, https:\/\/i0.wp.com\/uscatletica.ch\/wp\/wp-content\/uploads\/2017\/04\/P1460145.jpg?fit=563%2C422&ssl=1&resize=525%2C300 1.5x"},"classes":[]}],"_links":{"self":[{"href":"https:\/\/uscatletica.ch\/wp\/index.php?rest_route=\/wp\/v2\/posts\/8453","targetHints":{"allow":["GET"]}}],"collection":[{"href":"https:\/\/uscatletica.ch\/wp\/index.php?rest_route=\/wp\/v2\/posts"}],"about":[{"href":"https:\/\/uscatletica.ch\/wp\/index.php?rest_route=\/wp\/v2\/types\/post"}],"author":[{"embeddable":true,"href":"https:\/\/uscatletica.ch\/wp\/index.php?rest_route=\/wp\/v2\/users\/4"}],"replies":[{"embeddable":true,"href":"https:\/\/uscatletica.ch\/wp\/index.php?rest_route=%2Fwp%2Fv2%2Fcomments&post=8453"}],"version-history":[{"count":1,"href":"https:\/\/uscatletica.ch\/wp\/index.php?rest_route=\/wp\/v2\/posts\/8453\/revisions"}],"predecessor-version":[{"id":8454,"href":"https:\/\/uscatletica.ch\/wp\/index.php?rest_route=\/wp\/v2\/posts\/8453\/revisions\/8454"}],"wp:featuredmedia":[{"embeddable":true,"href":"https:\/\/uscatletica.ch\/wp\/index.php?rest_route=\/wp\/v2\/media\/7082"}],"wp:attachment":[{"href":"https:\/\/uscatletica.ch\/wp\/index.php?rest_route=%2Fwp%2Fv2%2Fmedia&parent=8453"}],"wp:term":[{"taxonomy":"category","embeddable":true,"href":"https:\/\/uscatletica.ch\/wp\/index.php?rest_route=%2Fwp%2Fv2%2Fcategories&post=8453"},{"taxonomy":"post_tag","embeddable":true,"href":"https:\/\/uscatletica.ch\/wp\/index.php?rest_route=%2Fwp%2Fv2%2Ftags&post=8453"}],"curies":[{"name":"wp","href":"https:\/\/api.w.org\/{rel}","templated":true}]}}