{"id":8504,"date":"2019-06-17T10:39:38","date_gmt":"2019-06-17T08:39:38","guid":{"rendered":"http:\/\/uscatletica.ch\/wp\/?p=8504"},"modified":"2019-06-21T06:10:53","modified_gmt":"2019-06-21T04:10:53","slug":"8504","status":"publish","type":"post","link":"https:\/\/uscatletica.ch\/wp\/?p=8504","title":{"rendered":"Cronoascesa al Bigorio. Siamo pronti! La presentazione."},"content":{"rendered":"\n<p>Gioved\u00ec 20 giugno, giorno festivo del Corpus Domini, la Coppa ASTi di podismo salita e vertical torna in Capriasca con la <a href=\"https:\/\/uscatletica.ch\/wp\/?page_id=299\"><strong>Cronoascesa al Bigorio<\/strong><\/a>. A soli quattro giorni dalla prova svolta domenica sulle pendici del Motto della Croce, il Vertical della Croce, Tesserete sar\u00e0 di nuovo luogo di partenza, ma questa volta la salita sar\u00e0 su un altro versante, pi\u00f9 rapida e scorrevole, con 3,2 chilometri e 201 metri di dislivello.<\/p>\n\n\n\n<p> Le iscrizioni, sono da effettuare preferibilmente <strong>entro oggi, luned\u00ec 17 giugno<\/strong>, scrivendo a <a href=\"mailto:info@uscatletica.ch\">info@uscatletica.ch<\/a>, ma saranno ancora possibili anche sul posto entro le ore 17.30.    <\/p>\n\n\n\n<p>I preiscritti dovranno ritirare il pettorale e l\u2019orario di partenza gioved\u00ec 20 giugno all\u2019Arena sportiva di Tesserete.<\/p>\n\n\n\n<p><a href=\"https:\/\/uscatletica.ch\/wp\/?page_id=299\"><strong>Il programma<\/strong><\/a><\/p>\n\n\n\n<div class=\"wp-block-file\"><a href=\"https:\/\/uscatletica.ch\/wp\/wp-content\/uploads\/2019\/06\/Lancio-Crono-2019.pdf\">Lancio Crono 2019<\/a><a href=\"https:\/\/uscatletica.ch\/wp\/wp-content\/uploads\/2019\/06\/Lancio-Crono-2019.pdf\" class=\"wp-block-file__button\" download>Scarica<\/a><\/div>\n\n\n\n<p><br><\/p>\n","protected":false},"excerpt":{"rendered":"<p>Gioved\u00ec 20 giugno, giorno festivo del Corpus Domini, la Coppa ASTi di podismo salita e vertical torna in Capriasca con la Cronoascesa al Bigorio. A soli quattro giorni dalla prova svolta domenica sulle pendici del Motto della Croce, il Vertical della Croce, Tesserete sar\u00e0 di nuovo luogo di partenza, ma questa volta la salita sar\u00e0 su un altro versante, pi\u00f9 rapida e scorrevole, con 3,2 chilometri e 201 metri di dislivello. Le iscrizioni, sono da&#8230;<\/p>\n","protected":false},"author":3,"featured_media":2353,"comment_status":"closed","ping_status":"closed","sticky":false,"template":"","format":"standard","meta":{"jetpack_post_was_ever_published":false,"_jetpack_newsletter_access":"","_jetpack_dont_email_post_to_subs":false,"_jetpack_newsletter_tier_id":0,"_jetpack_memberships_contains_paywalled_content":false,"_jetpack_memberships_contains_paid_content":false,"footnotes":"","jetpack_publicize_message":"","jetpack_publicize_feature_enabled":true,"jetpack_social_post_already_shared":true,"jetpack_social_options":{"image_generator_settings":{"template":"highway","default_image_id":0,"font":"","enabled":false},"version":2}},"categories":[12,10,16,5],"tags":[],"class_list":["post-8504","post","type-post","status-publish","format-standard","has-post-thumbnail","hentry","category-nostregare","category-info","category-montagna","category-podismo"],"jetpack_publicize_connections":[],"jetpack_featured_media_url":"https:\/\/i0.wp.com\/uscatletica.ch\/wp\/wp-content\/uploads\/2016\/06\/P1420601.jpg?fit=563%2C422&ssl=1","jetpack_sharing_enabled":true,"jetpack_shortlink":"https:\/\/wp.me\/s6V7Ck-8504","jetpack-related-posts":[{"id":4553,"url":"https:\/\/uscatletica.ch\/wp\/?p=4553","url_meta":{"origin":8504,"position":0},"title":"Cronoascesa al Bigorio la seconda tappa di un tour de force di coppa 5 gare in 21 giorni","author":"Leonida Stampanoni","date":"16 Giugno 2017","format":false,"excerpt":"15 giugno 2017 Coppa ASTi, dal podismo alla montagna con 5 gare in 21 giorni La Coppa ASTi ha appena vissuto un fine settimana intenso che ha segnato il passaggio di consegne tra il podismo e le gare in montagna, le quali vivranno ora la fase cruciale della stagione con\u2026","rel":"","context":"In &quot;I nostri appuntamenti&quot;","block_context":{"text":"I nostri appuntamenti","link":"https:\/\/uscatletica.ch\/wp\/?cat=12"},"img":{"alt_text":"","src":"https:\/\/i0.wp.com\/uscatletica.ch\/wp\/wp-content\/uploads\/2016\/06\/P1420595.jpg?fit=563%2C422&ssl=1&resize=350%2C200","width":350,"height":200,"srcset":"https:\/\/i0.wp.com\/uscatletica.ch\/wp\/wp-content\/uploads\/2016\/06\/P1420595.jpg?fit=563%2C422&ssl=1&resize=350%2C200 1x, https:\/\/i0.wp.com\/uscatletica.ch\/wp\/wp-content\/uploads\/2016\/06\/P1420595.jpg?fit=563%2C422&ssl=1&resize=525%2C300 1.5x"},"classes":[]},{"id":4557,"url":"https:\/\/uscatletica.ch\/wp\/?p=4557","url_meta":{"origin":8504,"position":1},"title":"CRONOASCESA TUTTO PRONTO PER LA QUINTA EDIZIONE","author":"Leonida Stampanoni","date":"19 Giugno 2017","format":false,"excerpt":"Articolo sul cdt Mercoled\u00ec 21 giugno 2017 la quinta edizione della Cronoascesa al Bigorio Di corsa da Tesserete al Convento del Bigorio Il 21 giugno si corre in serata al Convento del Bigorio: Lukas Oehen in grande forma potrebbe correre a tempo di record Mancano due giorni alla quinta edizione\u2026","rel":"","context":"In &quot;Altro&quot;","block_context":{"text":"Altro","link":"https:\/\/uscatletica.ch\/wp\/?cat=11"},"img":{"alt_text":"cronoascesa","src":"https:\/\/i0.wp.com\/uscatletica.ch\/wp\/wp-content\/uploads\/2015\/11\/cronoascesa.png?resize=350%2C200&ssl=1","width":350,"height":200},"classes":[]},{"id":4482,"url":"https:\/\/uscatletica.ch\/wp\/?p=4482","url_meta":{"origin":8504,"position":2},"title":"CINQUE ANNI DI CRONOASCESA AL SOLSTIZIO 21 GIUGNO","author":"Leonida Stampanoni","date":"9 Giugno 2017","format":false,"excerpt":"Mercoled\u00ec 21 giugno 2016 la quinta edizione della Cronoascesa al Bigorio Di corsa da Tesserete al Convento del Bigorio Il 21 giugno, solstizio d\u2019estate e giorno pi\u00f9 lungo dell\u2019anno, si corre in serata al Convento del Bigorio Mancano 15 giorni alla quinta edizione della Cronoascesa del Bigorio che, nata in\u2026","rel":"","context":"In &quot;Altro&quot;","block_context":{"text":"Altro","link":"https:\/\/uscatletica.ch\/wp\/?cat=11"},"img":{"alt_text":"cronoascesa","src":"https:\/\/i0.wp.com\/uscatletica.ch\/wp\/wp-content\/uploads\/2015\/11\/cronoascesa.png?resize=350%2C200&ssl=1","width":350,"height":200},"classes":[]},{"id":5978,"url":"https:\/\/uscatletica.ch\/wp\/?p=5978","url_meta":{"origin":8504,"position":3},"title":"BENVENUTI ALLA 38 EDIZIONE DELLA TESSERETE GOLA DI LAGO","author":"Leonida Stampanoni","date":"5 Maggio 2018","format":false,"excerpt":"BENVENUTI ALLA 38A\u00a0EDIZIONE DELLA TESSERETE GOLA DI LAGO 5 Maggio 2018 38 edizione\u00a0 Tesserete Gola Di Lago Informazioni per la gara del 5 Maggio\u00a02018 L'USC vi da il Benvenuto alla 38 edizione della Tesserete Gola Di Lago tutto \u00e8 pronto La 38 edizione della Tesserete Gola di Lago in programma\u2026","rel":"","context":"In &quot;I nostri appuntamenti&quot;","block_context":{"text":"I nostri appuntamenti","link":"https:\/\/uscatletica.ch\/wp\/?cat=12"},"img":{"alt_text":"","src":"https:\/\/i0.wp.com\/uscatletica.ch\/wp\/wp-content\/uploads\/2018\/03\/tgdllogo2018.jpg?resize=350%2C200&ssl=1","width":350,"height":200,"srcset":"https:\/\/i0.wp.com\/uscatletica.ch\/wp\/wp-content\/uploads\/2018\/03\/tgdllogo2018.jpg?resize=350%2C200&ssl=1 1x, https:\/\/i0.wp.com\/uscatletica.ch\/wp\/wp-content\/uploads\/2018\/03\/tgdllogo2018.jpg?resize=525%2C300&ssl=1 1.5x, https:\/\/i0.wp.com\/uscatletica.ch\/wp\/wp-content\/uploads\/2018\/03\/tgdllogo2018.jpg?resize=700%2C400&ssl=1 2x"},"classes":[]},{"id":12230,"url":"https:\/\/uscatletica.ch\/wp\/?p=12230","url_meta":{"origin":8504,"position":4},"title":"Delorenzi e Stampanoni primi alla Crono del Bigorio -> RISULTATI e ARTICOLO","author":"Stampa E","date":"24 Giugno 2021","format":false,"excerpt":"Il 24 giugno si \u00e8 disputata la Cronoascesa al Bigorio, prova che ha aperto il calendario ASTi 2021. Vittorie per Marco Delorenzi e Paola Stampanoni. Sul podio anche Michele Lardi, Elia Stampanoni, Stefania Barloggio e Elisa Bertozzi. COMPLIMENTI A TUTTI E GRAZIE PER LA PARTECIPAZIONE. UN GRANDE GRAZIE ANCHE A\u2026","rel":"","context":"In &quot;I nostri appuntamenti&quot;","block_context":{"text":"I nostri appuntamenti","link":"https:\/\/uscatletica.ch\/wp\/?cat=12"},"img":{"alt_text":"","src":"https:\/\/i0.wp.com\/uscatletica.ch\/wp\/wp-content\/uploads\/2021\/06\/Cronoascesa-Bigorio-24-giugno-2021-risultati.jpg?fit=540%2C748&ssl=1&resize=350%2C200","width":350,"height":200,"srcset":"https:\/\/i0.wp.com\/uscatletica.ch\/wp\/wp-content\/uploads\/2021\/06\/Cronoascesa-Bigorio-24-giugno-2021-risultati.jpg?fit=540%2C748&ssl=1&resize=350%2C200 1x, https:\/\/i0.wp.com\/uscatletica.ch\/wp\/wp-content\/uploads\/2021\/06\/Cronoascesa-Bigorio-24-giugno-2021-risultati.jpg?fit=540%2C748&ssl=1&resize=525%2C300 1.5x"},"classes":[]},{"id":2292,"url":"https:\/\/uscatletica.ch\/wp\/?p=2292","url_meta":{"origin":8504,"position":5},"title":"Cronoascesa al Bigorio 4 edizione","author":"Leonida Stampanoni","date":"21 Giugno 2016","format":false,"excerpt":"Sabato 25 giugno 2016 la quarta edizione della Cronoascesa al Bigorio Torna la crono del Bigorio Aperte le preiscrizioni alla corsa in salita di sabato 25 giugno Sono ufficialmente aperte le iscrizioni alla quarta edizione della Cronoascesa del Bigorio che, nata in sordina, sta viepi\u00f9 affermandosi nel calendario cantonale delle\u2026","rel":"","context":"In &quot;Montagna&quot;","block_context":{"text":"Montagna","link":"https:\/\/uscatletica.ch\/wp\/?cat=16"},"img":{"alt_text":"","src":"https:\/\/i0.wp.com\/uscatletica.ch\/wp\/wp-content\/uploads\/2016\/06\/Cronoascesa2016programma.jpg?resize=350%2C200&ssl=1","width":350,"height":200,"srcset":"https:\/\/i0.wp.com\/uscatletica.ch\/wp\/wp-content\/uploads\/2016\/06\/Cronoascesa2016programma.jpg?resize=350%2C200&ssl=1 1x, https:\/\/i0.wp.com\/uscatletica.ch\/wp\/wp-content\/uploads\/2016\/06\/Cronoascesa2016programma.jpg?resize=525%2C300&ssl=1 1.5x"},"classes":[]}],"_links":{"self":[{"href":"https:\/\/uscatletica.ch\/wp\/index.php?rest_route=\/wp\/v2\/posts\/8504","targetHints":{"allow":["GET"]}}],"collection":[{"href":"https:\/\/uscatletica.ch\/wp\/index.php?rest_route=\/wp\/v2\/posts"}],"about":[{"href":"https:\/\/uscatletica.ch\/wp\/index.php?rest_route=\/wp\/v2\/types\/post"}],"author":[{"embeddable":true,"href":"https:\/\/uscatletica.ch\/wp\/index.php?rest_route=\/wp\/v2\/users\/3"}],"replies":[{"embeddable":true,"href":"https:\/\/uscatletica.ch\/wp\/index.php?rest_route=%2Fwp%2Fv2%2Fcomments&post=8504"}],"version-history":[{"count":9,"href":"https:\/\/uscatletica.ch\/wp\/index.php?rest_route=\/wp\/v2\/posts\/8504\/revisions"}],"predecessor-version":[{"id":8525,"href":"https:\/\/uscatletica.ch\/wp\/index.php?rest_route=\/wp\/v2\/posts\/8504\/revisions\/8525"}],"wp:featuredmedia":[{"embeddable":true,"href":"https:\/\/uscatletica.ch\/wp\/index.php?rest_route=\/wp\/v2\/media\/2353"}],"wp:attachment":[{"href":"https:\/\/uscatletica.ch\/wp\/index.php?rest_route=%2Fwp%2Fv2%2Fmedia&parent=8504"}],"wp:term":[{"taxonomy":"category","embeddable":true,"href":"https:\/\/uscatletica.ch\/wp\/index.php?rest_route=%2Fwp%2Fv2%2Fcategories&post=8504"},{"taxonomy":"post_tag","embeddable":true,"href":"https:\/\/uscatletica.ch\/wp\/index.php?rest_route=%2Fwp%2Fv2%2Ftags&post=8504"}],"curies":[{"name":"wp","href":"https:\/\/api.w.org\/{rel}","templated":true}]}}