{"id":8529,"date":"2019-06-20T23:30:49","date_gmt":"2019-06-20T21:30:49","guid":{"rendered":"http:\/\/uscatletica.ch\/wp\/?p=8529"},"modified":"2019-06-29T15:45:30","modified_gmt":"2019-06-29T13:45:30","slug":"cronoascesa-dominio-capriaschese","status":"publish","type":"post","link":"https:\/\/uscatletica.ch\/wp\/?p=8529","title":{"rendered":"CRONOASCESA DOMINIO CAPRIASCHESE (FOTO)"},"content":{"rendered":"\n<p>Una giornata estiva per la settima edizione della Cronoascesa al Bigorio, che ha salutato al via una sessantina di atleti. Gli atleti di casa sono stati i grandi protagonisti e Robi ha vinto sfiorando il primato del percorso in 13\u201921\u2019\u2019 (record di 13\u201918\u2019\u2019). Secondo assoluto Elia in 15\u2019 netti, alla prima partecipazione come concorrente, seguito da Luca Pezzani in 15\u201912\u2019\u2019. Quinto Enea. Al femminile Paola Stampanoni (GAB) ha preceduto di una decina di secondi la nostra Elisa B., oramai nella fase finale di preparazione in vista dei mondiali Junior di CO. Terza Patrizia, prima W40. Sempre ottima la prestazione dei collaboratori che ancora una volta con semplicit\u00e0 hanno offerto una gara interessante ed avvincente. Sotto potete trovare la foto d&#8217;arrivo grazie ad Aaron Rezzonico <\/p>\n\n\n\n<p><\/p>\n\n\n\n<h2 class=\"wp-block-heading\"><a href=\"https:\/\/uscatletica.ch\/wp\/wp-content\/uploads\/2019\/06\/cronorisultati20190620.pdf\">LE CLASSIFICHE<\/a><\/h2>\n\n\n\n<div class=\"wp-block-file\"><a href=\"https:\/\/uscatletica.ch\/wp\/wp-content\/uploads\/2019\/06\/Cronoascesa2019vincDelorenzi.pdf\">Cronoascesa2019vincDelorenzi<\/a><a href=\"https:\/\/uscatletica.ch\/wp\/wp-content\/uploads\/2019\/06\/Cronoascesa2019vincDelorenzi.pdf\" class=\"wp-block-file__button\" download>Scarica<\/a><\/div>\n\n\n\n<a href=\"https:\/\/uscatletica.ch\/wp\/wp-content\/uploads\/2019\/06\/cronorisultati20190620.pdf\" target=\"_blank\" rel=\"noreferrer noopener\" aria-label=\" (opens in a new tab)\">LE CLASSIFICHE<\/figcaption><figure class=\"wp-block-image\"><img data-recalc-dims=\"1\" loading=\"lazy\" decoding=\"async\" width=\"640\" height=\"905\" data-attachment-id=\"8532\" data-permalink=\"https:\/\/uscatletica.ch\/wp\/?attachment_id=8532\" data-orig-file=\"https:\/\/i0.wp.com\/uscatletica.ch\/wp\/wp-content\/uploads\/2019\/06\/primapagina.jpg?fit=1240%2C1753&amp;ssl=1\" data-orig-size=\"1240,1753\" data-comments-opened=\"0\" data-image-meta=\"{&quot;aperture&quot;:&quot;0&quot;,&quot;credit&quot;:&quot;&quot;,&quot;camera&quot;:&quot;&quot;,&quot;caption&quot;:&quot;&quot;,&quot;created_timestamp&quot;:&quot;0&quot;,&quot;copyright&quot;:&quot;&quot;,&quot;focal_length&quot;:&quot;0&quot;,&quot;iso&quot;:&quot;0&quot;,&quot;shutter_speed&quot;:&quot;0&quot;,&quot;title&quot;:&quot;&quot;,&quot;orientation&quot;:&quot;0&quot;}\" data-image-title=\"primapagina\" data-image-description=\"\" data-image-caption=\"\" data-large-file=\"https:\/\/i0.wp.com\/uscatletica.ch\/wp\/wp-content\/uploads\/2019\/06\/primapagina.jpg?fit=640%2C905&amp;ssl=1\" src=\"https:\/\/i0.wp.com\/uscatletica.ch\/wp\/wp-content\/uploads\/2019\/06\/primapagina.jpg?resize=640%2C905&#038;ssl=1\" alt=\"\" class=\"wp-image-8532\" srcset=\"https:\/\/i0.wp.com\/uscatletica.ch\/wp\/wp-content\/uploads\/2019\/06\/primapagina.jpg?resize=724%2C1024&amp;ssl=1 724w, https:\/\/i0.wp.com\/uscatletica.ch\/wp\/wp-content\/uploads\/2019\/06\/primapagina.jpg?resize=212%2C300&amp;ssl=1 212w, https:\/\/i0.wp.com\/uscatletica.ch\/wp\/wp-content\/uploads\/2019\/06\/primapagina.jpg?resize=768%2C1086&amp;ssl=1 768w, https:\/\/i0.wp.com\/uscatletica.ch\/wp\/wp-content\/uploads\/2019\/06\/primapagina.jpg?w=1240&amp;ssl=1 1240w\" sizes=\"auto, (max-width: 640px) 100vw, 640px\" \/><figcaption><a href=\"https:\/\/uscatletica.ch\/wp\/wp-content\/uploads\/2019\/06\/cronorisultati20190620.pdf\" target=\"_blank\" rel=\"noreferrer noopener\" aria-label=\" (opens in a new tab)\">LE CLASSIFICHE<\/a><\/figcaption><\/figure><\/a>\n\n\n\n<figure class=\"wp-block-image\"><img data-recalc-dims=\"1\" loading=\"lazy\" decoding=\"async\" width=\"430\" height=\"287\" data-attachment-id=\"8530\" data-permalink=\"https:\/\/uscatletica.ch\/wp\/?attachment_id=8530\" data-orig-file=\"https:\/\/i0.wp.com\/uscatletica.ch\/wp\/wp-content\/uploads\/2019\/06\/crn2019prem.jpg?fit=430%2C287&amp;ssl=1\" data-orig-size=\"430,287\" data-comments-opened=\"0\" data-image-meta=\"{&quot;aperture&quot;:&quot;0&quot;,&quot;credit&quot;:&quot;&quot;,&quot;camera&quot;:&quot;&quot;,&quot;caption&quot;:&quot;&quot;,&quot;created_timestamp&quot;:&quot;0&quot;,&quot;copyright&quot;:&quot;&quot;,&quot;focal_length&quot;:&quot;0&quot;,&quot;iso&quot;:&quot;0&quot;,&quot;shutter_speed&quot;:&quot;0&quot;,&quot;title&quot;:&quot;&quot;,&quot;orientation&quot;:&quot;0&quot;}\" data-image-title=\"crn2019prem\" data-image-description=\"\" data-image-caption=\"\" data-large-file=\"https:\/\/i0.wp.com\/uscatletica.ch\/wp\/wp-content\/uploads\/2019\/06\/crn2019prem.jpg?fit=430%2C287&amp;ssl=1\" src=\"https:\/\/i0.wp.com\/uscatletica.ch\/wp\/wp-content\/uploads\/2019\/06\/crn2019prem.jpg?resize=430%2C287&#038;ssl=1\" alt=\"\" class=\"wp-image-8530\" srcset=\"https:\/\/i0.wp.com\/uscatletica.ch\/wp\/wp-content\/uploads\/2019\/06\/crn2019prem.jpg?w=430&amp;ssl=1 430w, https:\/\/i0.wp.com\/uscatletica.ch\/wp\/wp-content\/uploads\/2019\/06\/crn2019prem.jpg?resize=300%2C200&amp;ssl=1 300w, https:\/\/i0.wp.com\/uscatletica.ch\/wp\/wp-content\/uploads\/2019\/06\/crn2019prem.jpg?resize=95%2C62&amp;ssl=1 95w\" sizes=\"auto, (max-width: 430px) 100vw, 430px\" \/><figcaption>iL PODIO FEMMINILE E QUELLO MASCHILE (FOTO LUCA BOTTI)<br><br><\/figcaption><\/figure>\n\n\n\n<p>Una sessantina gli atleti al via nella gara maschile grande prestazione di Robi che in 13&#8217;21 arriva a soli 32 dal primato di Lukas Oehen. Al debutto Elia, ideatore della gara, correndo in 15&#8217;00 riesce ad aggiudicarsi il primo secondo rango davanti a Luca Pezzani. Enea in 15&#8217;36 \u00e8 sesto. Tommaso in 16&#8217;38 \u00fc primo di categoria. Tra le donne Paola Stampanoni vince in 17&#8217;32 davanti alla nostra Elisa che si migliora di un minuto chiudendo in 17&#8217;44. Tra un paio di settimane sar\u00e0 al via dei mondiali Junior di CO Patrizia in 19&#8217;40 \u00e8 terza e prima W40. John corre in 16&#8217;46,  Leonida in 17&#8217;03 Stefano in 19&#8217;34,  Matteo B. in 20&#8217;25. Lara A. chiude arriva al convento in 20&#8217;48 seguita da Matilde 22&#8217;14 , Cornelio in 22&#8217;43, Selina in 24&#8243;58. <\/p>\n\n\n\n<p>Vincitori di categoria <\/p>\n\n\n\n<p>M20 Roberto Delorenzi USC 13&#8217;21 W20 Paola Stampanoni GAB 17&#8217;32M40 Elia Stampanoni USC 15&#8217;00 W40 Patrizia Besomi USC 19&#8217;40<\/p>\n\n\n\n<p>M50 Fabio Massera SAIM 16.34  W50 Angela Borgna SFGBia 22&#8217;21<\/p>\n\n\n\n<p>U20M Tommaso Besomi USC 16&#8242; 38 M60 Fabrizio Moghini  19&#8217;03<\/p>\n\n\n\n<ul class=\"wp-block-gallery columns-3 is-cropped wp-block-gallery-1 is-layout-flex wp-block-gallery-is-layout-flex\"><li class=\"blocks-gallery-item\"><figure><img data-recalc-dims=\"1\" loading=\"lazy\" decoding=\"async\" width=\"480\" height=\"360\" data-attachment-id=\"8555\" data-permalink=\"https:\/\/uscatletica.ch\/wp\/?attachment_id=8555\" data-orig-file=\"https:\/\/i0.wp.com\/uscatletica.ch\/wp\/wp-content\/uploads\/2019\/06\/ARFOTOCRONO201901.jpg?fit=480%2C360&amp;ssl=1\" data-orig-size=\"480,360\" data-comments-opened=\"0\" data-image-meta=\"{&quot;aperture&quot;:&quot;0&quot;,&quot;credit&quot;:&quot;&quot;,&quot;camera&quot;:&quot;&quot;,&quot;caption&quot;:&quot;&quot;,&quot;created_timestamp&quot;:&quot;0&quot;,&quot;copyright&quot;:&quot;&quot;,&quot;focal_length&quot;:&quot;0&quot;,&quot;iso&quot;:&quot;0&quot;,&quot;shutter_speed&quot;:&quot;0&quot;,&quot;title&quot;:&quot;&quot;,&quot;orientation&quot;:&quot;0&quot;}\" data-image-title=\"ARFOTOCRONO201901\" data-image-description=\"\" data-image-caption=\"&lt;p&gt;Foto Aaron Rezzonico &lt;\/p&gt;\n\" data-large-file=\"https:\/\/i0.wp.com\/uscatletica.ch\/wp\/wp-content\/uploads\/2019\/06\/ARFOTOCRONO201901.jpg?fit=480%2C360&amp;ssl=1\" src=\"https:\/\/i0.wp.com\/uscatletica.ch\/wp\/wp-content\/uploads\/2019\/06\/ARFOTOCRONO201901.jpg?resize=480%2C360&#038;ssl=1\" alt=\"\" data-id=\"8555\" data-link=\"https:\/\/uscatletica.ch\/wp\/?attachment_id=8555\" class=\"wp-image-8555\" srcset=\"https:\/\/i0.wp.com\/uscatletica.ch\/wp\/wp-content\/uploads\/2019\/06\/ARFOTOCRONO201901.jpg?w=480&amp;ssl=1 480w, https:\/\/i0.wp.com\/uscatletica.ch\/wp\/wp-content\/uploads\/2019\/06\/ARFOTOCRONO201901.jpg?resize=300%2C225&amp;ssl=1 300w\" sizes=\"auto, (max-width: 480px) 100vw, 480px\" \/><figcaption>Foto Aaron Rezzonico <\/figcaption><\/figure><\/li><li class=\"blocks-gallery-item\"><figure><img data-recalc-dims=\"1\" loading=\"lazy\" decoding=\"async\" width=\"480\" height=\"360\" data-attachment-id=\"8556\" data-permalink=\"https:\/\/uscatletica.ch\/wp\/?attachment_id=8556\" data-orig-file=\"https:\/\/i0.wp.com\/uscatletica.ch\/wp\/wp-content\/uploads\/2019\/06\/ARFOTOCRONO201902.jpg?fit=480%2C360&amp;ssl=1\" data-orig-size=\"480,360\" data-comments-opened=\"0\" data-image-meta=\"{&quot;aperture&quot;:&quot;0&quot;,&quot;credit&quot;:&quot;&quot;,&quot;camera&quot;:&quot;&quot;,&quot;caption&quot;:&quot;&quot;,&quot;created_timestamp&quot;:&quot;0&quot;,&quot;copyright&quot;:&quot;&quot;,&quot;focal_length&quot;:&quot;0&quot;,&quot;iso&quot;:&quot;0&quot;,&quot;shutter_speed&quot;:&quot;0&quot;,&quot;title&quot;:&quot;&quot;,&quot;orientation&quot;:&quot;0&quot;}\" data-image-title=\"ARFOTOCRONO201902\" data-image-description=\"\" data-image-caption=\"&lt;p&gt;Foto Aaron Rezzonico &lt;\/p&gt;\n\" data-large-file=\"https:\/\/i0.wp.com\/uscatletica.ch\/wp\/wp-content\/uploads\/2019\/06\/ARFOTOCRONO201902.jpg?fit=480%2C360&amp;ssl=1\" src=\"https:\/\/i0.wp.com\/uscatletica.ch\/wp\/wp-content\/uploads\/2019\/06\/ARFOTOCRONO201902.jpg?resize=480%2C360&#038;ssl=1\" alt=\"\" data-id=\"8556\" data-link=\"https:\/\/uscatletica.ch\/wp\/?attachment_id=8556\" class=\"wp-image-8556\" srcset=\"https:\/\/i0.wp.com\/uscatletica.ch\/wp\/wp-content\/uploads\/2019\/06\/ARFOTOCRONO201902.jpg?w=480&amp;ssl=1 480w, https:\/\/i0.wp.com\/uscatletica.ch\/wp\/wp-content\/uploads\/2019\/06\/ARFOTOCRONO201902.jpg?resize=300%2C225&amp;ssl=1 300w\" sizes=\"auto, (max-width: 480px) 100vw, 480px\" \/><figcaption>Foto Aaron Rezzonico <\/figcaption><\/figure><\/li><li class=\"blocks-gallery-item\"><figure><img data-recalc-dims=\"1\" loading=\"lazy\" decoding=\"async\" width=\"480\" height=\"360\" data-attachment-id=\"8557\" data-permalink=\"https:\/\/uscatletica.ch\/wp\/?attachment_id=8557\" data-orig-file=\"https:\/\/i0.wp.com\/uscatletica.ch\/wp\/wp-content\/uploads\/2019\/06\/ARFOTOCRONO201903.jpg?fit=480%2C360&amp;ssl=1\" data-orig-size=\"480,360\" data-comments-opened=\"0\" data-image-meta=\"{&quot;aperture&quot;:&quot;0&quot;,&quot;credit&quot;:&quot;&quot;,&quot;camera&quot;:&quot;&quot;,&quot;caption&quot;:&quot;&quot;,&quot;created_timestamp&quot;:&quot;0&quot;,&quot;copyright&quot;:&quot;&quot;,&quot;focal_length&quot;:&quot;0&quot;,&quot;iso&quot;:&quot;0&quot;,&quot;shutter_speed&quot;:&quot;0&quot;,&quot;title&quot;:&quot;&quot;,&quot;orientation&quot;:&quot;0&quot;}\" data-image-title=\"ARFOTOCRONO201903\" data-image-description=\"\" data-image-caption=\"&lt;p&gt;Foto Aaron Rezzonico &lt;\/p&gt;\n\" data-large-file=\"https:\/\/i0.wp.com\/uscatletica.ch\/wp\/wp-content\/uploads\/2019\/06\/ARFOTOCRONO201903.jpg?fit=480%2C360&amp;ssl=1\" src=\"https:\/\/i0.wp.com\/uscatletica.ch\/wp\/wp-content\/uploads\/2019\/06\/ARFOTOCRONO201903.jpg?resize=480%2C360&#038;ssl=1\" alt=\"\" data-id=\"8557\" data-link=\"https:\/\/uscatletica.ch\/wp\/?attachment_id=8557\" class=\"wp-image-8557\" srcset=\"https:\/\/i0.wp.com\/uscatletica.ch\/wp\/wp-content\/uploads\/2019\/06\/ARFOTOCRONO201903.jpg?w=480&amp;ssl=1 480w, https:\/\/i0.wp.com\/uscatletica.ch\/wp\/wp-content\/uploads\/2019\/06\/ARFOTOCRONO201903.jpg?resize=300%2C225&amp;ssl=1 300w\" sizes=\"auto, (max-width: 480px) 100vw, 480px\" \/><figcaption>Foto Aaron Rezzonico <\/figcaption><\/figure><\/li><li class=\"blocks-gallery-item\"><figure><img data-recalc-dims=\"1\" loading=\"lazy\" decoding=\"async\" width=\"480\" height=\"360\" data-attachment-id=\"8558\" data-permalink=\"https:\/\/uscatletica.ch\/wp\/?attachment_id=8558\" data-orig-file=\"https:\/\/i0.wp.com\/uscatletica.ch\/wp\/wp-content\/uploads\/2019\/06\/ARFOTOCRONO201904.jpeg?fit=480%2C360&amp;ssl=1\" data-orig-size=\"480,360\" data-comments-opened=\"0\" data-image-meta=\"{&quot;aperture&quot;:&quot;0&quot;,&quot;credit&quot;:&quot;&quot;,&quot;camera&quot;:&quot;&quot;,&quot;caption&quot;:&quot;&quot;,&quot;created_timestamp&quot;:&quot;0&quot;,&quot;copyright&quot;:&quot;&quot;,&quot;focal_length&quot;:&quot;0&quot;,&quot;iso&quot;:&quot;0&quot;,&quot;shutter_speed&quot;:&quot;0&quot;,&quot;title&quot;:&quot;&quot;,&quot;orientation&quot;:&quot;0&quot;}\" data-image-title=\"ARFOTOCRONO201904\" data-image-description=\"\" data-image-caption=\"&lt;p&gt;Foto Aaron Rezzonico &lt;\/p&gt;\n\" data-large-file=\"https:\/\/i0.wp.com\/uscatletica.ch\/wp\/wp-content\/uploads\/2019\/06\/ARFOTOCRONO201904.jpeg?fit=480%2C360&amp;ssl=1\" src=\"https:\/\/i0.wp.com\/uscatletica.ch\/wp\/wp-content\/uploads\/2019\/06\/ARFOTOCRONO201904.jpeg?resize=480%2C360&#038;ssl=1\" alt=\"\" data-id=\"8558\" data-link=\"https:\/\/uscatletica.ch\/wp\/?attachment_id=8558\" class=\"wp-image-8558\" srcset=\"https:\/\/i0.wp.com\/uscatletica.ch\/wp\/wp-content\/uploads\/2019\/06\/ARFOTOCRONO201904.jpeg?w=480&amp;ssl=1 480w, https:\/\/i0.wp.com\/uscatletica.ch\/wp\/wp-content\/uploads\/2019\/06\/ARFOTOCRONO201904.jpeg?resize=300%2C225&amp;ssl=1 300w\" sizes=\"auto, (max-width: 480px) 100vw, 480px\" \/><figcaption>Foto Aaron Rezzonico <\/figcaption><\/figure><\/li><li class=\"blocks-gallery-item\"><figure><img data-recalc-dims=\"1\" loading=\"lazy\" decoding=\"async\" width=\"480\" height=\"360\" data-attachment-id=\"8559\" data-permalink=\"https:\/\/uscatletica.ch\/wp\/?attachment_id=8559\" data-orig-file=\"https:\/\/i0.wp.com\/uscatletica.ch\/wp\/wp-content\/uploads\/2019\/06\/ARFOTOCRONO201905.jpg?fit=480%2C360&amp;ssl=1\" data-orig-size=\"480,360\" data-comments-opened=\"0\" data-image-meta=\"{&quot;aperture&quot;:&quot;0&quot;,&quot;credit&quot;:&quot;&quot;,&quot;camera&quot;:&quot;&quot;,&quot;caption&quot;:&quot;&quot;,&quot;created_timestamp&quot;:&quot;0&quot;,&quot;copyright&quot;:&quot;&quot;,&quot;focal_length&quot;:&quot;0&quot;,&quot;iso&quot;:&quot;0&quot;,&quot;shutter_speed&quot;:&quot;0&quot;,&quot;title&quot;:&quot;&quot;,&quot;orientation&quot;:&quot;0&quot;}\" data-image-title=\"ARFOTOCRONO201905\" data-image-description=\"\" data-image-caption=\"&lt;p&gt;Foto Aaron Rezzonico &lt;\/p&gt;\n\" data-large-file=\"https:\/\/i0.wp.com\/uscatletica.ch\/wp\/wp-content\/uploads\/2019\/06\/ARFOTOCRONO201905.jpg?fit=480%2C360&amp;ssl=1\" src=\"https:\/\/i0.wp.com\/uscatletica.ch\/wp\/wp-content\/uploads\/2019\/06\/ARFOTOCRONO201905.jpg?resize=480%2C360&#038;ssl=1\" alt=\"\" data-id=\"8559\" data-link=\"https:\/\/uscatletica.ch\/wp\/?attachment_id=8559\" class=\"wp-image-8559\" srcset=\"https:\/\/i0.wp.com\/uscatletica.ch\/wp\/wp-content\/uploads\/2019\/06\/ARFOTOCRONO201905.jpg?w=480&amp;ssl=1 480w, https:\/\/i0.wp.com\/uscatletica.ch\/wp\/wp-content\/uploads\/2019\/06\/ARFOTOCRONO201905.jpg?resize=300%2C225&amp;ssl=1 300w\" sizes=\"auto, (max-width: 480px) 100vw, 480px\" \/><figcaption>Foto Aaron Rezzonico <\/figcaption><\/figure><\/li><li class=\"blocks-gallery-item\"><figure><img data-recalc-dims=\"1\" loading=\"lazy\" decoding=\"async\" width=\"480\" height=\"360\" data-attachment-id=\"8560\" data-permalink=\"https:\/\/uscatletica.ch\/wp\/?attachment_id=8560\" data-orig-file=\"https:\/\/i0.wp.com\/uscatletica.ch\/wp\/wp-content\/uploads\/2019\/06\/ARFOTOCRONO201906.jpg?fit=480%2C360&amp;ssl=1\" data-orig-size=\"480,360\" data-comments-opened=\"0\" data-image-meta=\"{&quot;aperture&quot;:&quot;0&quot;,&quot;credit&quot;:&quot;&quot;,&quot;camera&quot;:&quot;&quot;,&quot;caption&quot;:&quot;&quot;,&quot;created_timestamp&quot;:&quot;0&quot;,&quot;copyright&quot;:&quot;&quot;,&quot;focal_length&quot;:&quot;0&quot;,&quot;iso&quot;:&quot;0&quot;,&quot;shutter_speed&quot;:&quot;0&quot;,&quot;title&quot;:&quot;&quot;,&quot;orientation&quot;:&quot;0&quot;}\" data-image-title=\"ARFOTOCRONO201906\" data-image-description=\"\" data-image-caption=\"&lt;p&gt;Foto Aaron Rezzonico &lt;\/p&gt;\n\" data-large-file=\"https:\/\/i0.wp.com\/uscatletica.ch\/wp\/wp-content\/uploads\/2019\/06\/ARFOTOCRONO201906.jpg?fit=480%2C360&amp;ssl=1\" src=\"https:\/\/i0.wp.com\/uscatletica.ch\/wp\/wp-content\/uploads\/2019\/06\/ARFOTOCRONO201906.jpg?resize=480%2C360&#038;ssl=1\" alt=\"\" data-id=\"8560\" data-link=\"https:\/\/uscatletica.ch\/wp\/?attachment_id=8560\" class=\"wp-image-8560\" srcset=\"https:\/\/i0.wp.com\/uscatletica.ch\/wp\/wp-content\/uploads\/2019\/06\/ARFOTOCRONO201906.jpg?w=480&amp;ssl=1 480w, https:\/\/i0.wp.com\/uscatletica.ch\/wp\/wp-content\/uploads\/2019\/06\/ARFOTOCRONO201906.jpg?resize=300%2C225&amp;ssl=1 300w\" sizes=\"auto, (max-width: 480px) 100vw, 480px\" \/><figcaption>Foto Aaron Rezzonico <\/figcaption><\/figure><\/li><li class=\"blocks-gallery-item\"><figure><img data-recalc-dims=\"1\" loading=\"lazy\" decoding=\"async\" width=\"480\" height=\"360\" data-attachment-id=\"8562\" data-permalink=\"https:\/\/uscatletica.ch\/wp\/?attachment_id=8562\" data-orig-file=\"https:\/\/i0.wp.com\/uscatletica.ch\/wp\/wp-content\/uploads\/2019\/06\/ARFOTOCRONO201907.jpg?fit=480%2C360&amp;ssl=1\" data-orig-size=\"480,360\" data-comments-opened=\"0\" data-image-meta=\"{&quot;aperture&quot;:&quot;0&quot;,&quot;credit&quot;:&quot;&quot;,&quot;camera&quot;:&quot;&quot;,&quot;caption&quot;:&quot;&quot;,&quot;created_timestamp&quot;:&quot;0&quot;,&quot;copyright&quot;:&quot;&quot;,&quot;focal_length&quot;:&quot;0&quot;,&quot;iso&quot;:&quot;0&quot;,&quot;shutter_speed&quot;:&quot;0&quot;,&quot;title&quot;:&quot;&quot;,&quot;orientation&quot;:&quot;0&quot;}\" data-image-title=\"ARFOTOCRONO201907\" data-image-description=\"\" data-image-caption=\"&lt;p&gt;Foto Aaron Rezzonico &lt;\/p&gt;\n\" data-large-file=\"https:\/\/i0.wp.com\/uscatletica.ch\/wp\/wp-content\/uploads\/2019\/06\/ARFOTOCRONO201907.jpg?fit=480%2C360&amp;ssl=1\" src=\"https:\/\/i0.wp.com\/uscatletica.ch\/wp\/wp-content\/uploads\/2019\/06\/ARFOTOCRONO201907.jpg?resize=480%2C360&#038;ssl=1\" alt=\"\" data-id=\"8562\" data-link=\"https:\/\/uscatletica.ch\/wp\/?attachment_id=8562\" class=\"wp-image-8562\" srcset=\"https:\/\/i0.wp.com\/uscatletica.ch\/wp\/wp-content\/uploads\/2019\/06\/ARFOTOCRONO201907.jpg?w=480&amp;ssl=1 480w, https:\/\/i0.wp.com\/uscatletica.ch\/wp\/wp-content\/uploads\/2019\/06\/ARFOTOCRONO201907.jpg?resize=300%2C225&amp;ssl=1 300w\" sizes=\"auto, (max-width: 480px) 100vw, 480px\" \/><figcaption>Foto Aaron Rezzonico <\/figcaption><\/figure><\/li><li class=\"blocks-gallery-item\"><figure><img data-recalc-dims=\"1\" loading=\"lazy\" decoding=\"async\" width=\"480\" height=\"360\" data-attachment-id=\"8563\" data-permalink=\"https:\/\/uscatletica.ch\/wp\/?attachment_id=8563\" data-orig-file=\"https:\/\/i0.wp.com\/uscatletica.ch\/wp\/wp-content\/uploads\/2019\/06\/ARFOTOCRONO201908.jpg?fit=480%2C360&amp;ssl=1\" data-orig-size=\"480,360\" data-comments-opened=\"0\" data-image-meta=\"{&quot;aperture&quot;:&quot;0&quot;,&quot;credit&quot;:&quot;&quot;,&quot;camera&quot;:&quot;&quot;,&quot;caption&quot;:&quot;&quot;,&quot;created_timestamp&quot;:&quot;0&quot;,&quot;copyright&quot;:&quot;&quot;,&quot;focal_length&quot;:&quot;0&quot;,&quot;iso&quot;:&quot;0&quot;,&quot;shutter_speed&quot;:&quot;0&quot;,&quot;title&quot;:&quot;&quot;,&quot;orientation&quot;:&quot;0&quot;}\" data-image-title=\"ARFOTOCRONO201908\" data-image-description=\"\" data-image-caption=\"&lt;p&gt;Foto Aaron Rezzonico &lt;\/p&gt;\n\" data-large-file=\"https:\/\/i0.wp.com\/uscatletica.ch\/wp\/wp-content\/uploads\/2019\/06\/ARFOTOCRONO201908.jpg?fit=480%2C360&amp;ssl=1\" src=\"https:\/\/i0.wp.com\/uscatletica.ch\/wp\/wp-content\/uploads\/2019\/06\/ARFOTOCRONO201908.jpg?resize=480%2C360&#038;ssl=1\" alt=\"\" data-id=\"8563\" data-link=\"https:\/\/uscatletica.ch\/wp\/?attachment_id=8563\" class=\"wp-image-8563\" srcset=\"https:\/\/i0.wp.com\/uscatletica.ch\/wp\/wp-content\/uploads\/2019\/06\/ARFOTOCRONO201908.jpg?w=480&amp;ssl=1 480w, https:\/\/i0.wp.com\/uscatletica.ch\/wp\/wp-content\/uploads\/2019\/06\/ARFOTOCRONO201908.jpg?resize=300%2C225&amp;ssl=1 300w\" sizes=\"auto, (max-width: 480px) 100vw, 480px\" \/><figcaption>Foto Aaron Rezzonico <\/figcaption><\/figure><\/li><li class=\"blocks-gallery-item\"><figure><img data-recalc-dims=\"1\" loading=\"lazy\" decoding=\"async\" width=\"480\" height=\"360\" data-attachment-id=\"8564\" data-permalink=\"https:\/\/uscatletica.ch\/wp\/?attachment_id=8564\" data-orig-file=\"https:\/\/i0.wp.com\/uscatletica.ch\/wp\/wp-content\/uploads\/2019\/06\/ARFOTOCRONO201909.jpg?fit=480%2C360&amp;ssl=1\" data-orig-size=\"480,360\" data-comments-opened=\"0\" data-image-meta=\"{&quot;aperture&quot;:&quot;0&quot;,&quot;credit&quot;:&quot;&quot;,&quot;camera&quot;:&quot;&quot;,&quot;caption&quot;:&quot;&quot;,&quot;created_timestamp&quot;:&quot;0&quot;,&quot;copyright&quot;:&quot;&quot;,&quot;focal_length&quot;:&quot;0&quot;,&quot;iso&quot;:&quot;0&quot;,&quot;shutter_speed&quot;:&quot;0&quot;,&quot;title&quot;:&quot;&quot;,&quot;orientation&quot;:&quot;0&quot;}\" data-image-title=\"ARFOTOCRONO201909\" data-image-description=\"\" data-image-caption=\"&lt;p&gt;Foto Aaron Rezzonico &lt;\/p&gt;\n\" data-large-file=\"https:\/\/i0.wp.com\/uscatletica.ch\/wp\/wp-content\/uploads\/2019\/06\/ARFOTOCRONO201909.jpg?fit=480%2C360&amp;ssl=1\" src=\"https:\/\/i0.wp.com\/uscatletica.ch\/wp\/wp-content\/uploads\/2019\/06\/ARFOTOCRONO201909.jpg?resize=480%2C360&#038;ssl=1\" alt=\"\" data-id=\"8564\" data-link=\"https:\/\/uscatletica.ch\/wp\/?attachment_id=8564\" class=\"wp-image-8564\" srcset=\"https:\/\/i0.wp.com\/uscatletica.ch\/wp\/wp-content\/uploads\/2019\/06\/ARFOTOCRONO201909.jpg?w=480&amp;ssl=1 480w, https:\/\/i0.wp.com\/uscatletica.ch\/wp\/wp-content\/uploads\/2019\/06\/ARFOTOCRONO201909.jpg?resize=300%2C225&amp;ssl=1 300w\" sizes=\"auto, (max-width: 480px) 100vw, 480px\" \/><figcaption>Foto Aaron Rezzonico <\/figcaption><\/figure><\/li><li class=\"blocks-gallery-item\"><figure><img data-recalc-dims=\"1\" loading=\"lazy\" decoding=\"async\" width=\"480\" height=\"360\" data-attachment-id=\"8565\" data-permalink=\"https:\/\/uscatletica.ch\/wp\/?attachment_id=8565\" data-orig-file=\"https:\/\/i0.wp.com\/uscatletica.ch\/wp\/wp-content\/uploads\/2019\/06\/ARFOTOCRONO201910.jpg?fit=480%2C360&amp;ssl=1\" data-orig-size=\"480,360\" data-comments-opened=\"0\" data-image-meta=\"{&quot;aperture&quot;:&quot;0&quot;,&quot;credit&quot;:&quot;&quot;,&quot;camera&quot;:&quot;&quot;,&quot;caption&quot;:&quot;&quot;,&quot;created_timestamp&quot;:&quot;0&quot;,&quot;copyright&quot;:&quot;&quot;,&quot;focal_length&quot;:&quot;0&quot;,&quot;iso&quot;:&quot;0&quot;,&quot;shutter_speed&quot;:&quot;0&quot;,&quot;title&quot;:&quot;&quot;,&quot;orientation&quot;:&quot;0&quot;}\" data-image-title=\"ARFOTOCRONO201910\" data-image-description=\"\" data-image-caption=\"&lt;p&gt;Foto Aaron Rezzonico &lt;\/p&gt;\n\" data-large-file=\"https:\/\/i0.wp.com\/uscatletica.ch\/wp\/wp-content\/uploads\/2019\/06\/ARFOTOCRONO201910.jpg?fit=480%2C360&amp;ssl=1\" src=\"https:\/\/i0.wp.com\/uscatletica.ch\/wp\/wp-content\/uploads\/2019\/06\/ARFOTOCRONO201910.jpg?resize=480%2C360&#038;ssl=1\" alt=\"\" data-id=\"8565\" data-link=\"https:\/\/uscatletica.ch\/wp\/?attachment_id=8565\" class=\"wp-image-8565\" srcset=\"https:\/\/i0.wp.com\/uscatletica.ch\/wp\/wp-content\/uploads\/2019\/06\/ARFOTOCRONO201910.jpg?w=480&amp;ssl=1 480w, https:\/\/i0.wp.com\/uscatletica.ch\/wp\/wp-content\/uploads\/2019\/06\/ARFOTOCRONO201910.jpg?resize=300%2C225&amp;ssl=1 300w\" sizes=\"auto, (max-width: 480px) 100vw, 480px\" \/><figcaption>Foto Aaron Rezzonico <\/figcaption><\/figure><\/li><li class=\"blocks-gallery-item\"><figure><img data-recalc-dims=\"1\" loading=\"lazy\" decoding=\"async\" width=\"480\" height=\"360\" data-attachment-id=\"8566\" data-permalink=\"https:\/\/uscatletica.ch\/wp\/?attachment_id=8566\" data-orig-file=\"https:\/\/i0.wp.com\/uscatletica.ch\/wp\/wp-content\/uploads\/2019\/06\/ARFOTOCRONO201911.jpg?fit=480%2C360&amp;ssl=1\" data-orig-size=\"480,360\" data-comments-opened=\"0\" data-image-meta=\"{&quot;aperture&quot;:&quot;0&quot;,&quot;credit&quot;:&quot;&quot;,&quot;camera&quot;:&quot;&quot;,&quot;caption&quot;:&quot;&quot;,&quot;created_timestamp&quot;:&quot;0&quot;,&quot;copyright&quot;:&quot;&quot;,&quot;focal_length&quot;:&quot;0&quot;,&quot;iso&quot;:&quot;0&quot;,&quot;shutter_speed&quot;:&quot;0&quot;,&quot;title&quot;:&quot;&quot;,&quot;orientation&quot;:&quot;0&quot;}\" data-image-title=\"ARFOTOCRONO201911\" data-image-description=\"\" data-image-caption=\"&lt;p&gt;Foto Aaron Rezzonico &lt;\/p&gt;\n\" data-large-file=\"https:\/\/i0.wp.com\/uscatletica.ch\/wp\/wp-content\/uploads\/2019\/06\/ARFOTOCRONO201911.jpg?fit=480%2C360&amp;ssl=1\" src=\"https:\/\/i0.wp.com\/uscatletica.ch\/wp\/wp-content\/uploads\/2019\/06\/ARFOTOCRONO201911.jpg?resize=480%2C360&#038;ssl=1\" alt=\"\" data-id=\"8566\" data-link=\"https:\/\/uscatletica.ch\/wp\/?attachment_id=8566\" class=\"wp-image-8566\" srcset=\"https:\/\/i0.wp.com\/uscatletica.ch\/wp\/wp-content\/uploads\/2019\/06\/ARFOTOCRONO201911.jpg?w=480&amp;ssl=1 480w, https:\/\/i0.wp.com\/uscatletica.ch\/wp\/wp-content\/uploads\/2019\/06\/ARFOTOCRONO201911.jpg?resize=300%2C225&amp;ssl=1 300w\" sizes=\"auto, (max-width: 480px) 100vw, 480px\" \/><figcaption>Foto Aaron Rezzonico <\/figcaption><\/figure><\/li><li class=\"blocks-gallery-item\"><figure><img data-recalc-dims=\"1\" loading=\"lazy\" decoding=\"async\" width=\"480\" height=\"360\" data-attachment-id=\"8567\" data-permalink=\"https:\/\/uscatletica.ch\/wp\/?attachment_id=8567\" data-orig-file=\"https:\/\/i0.wp.com\/uscatletica.ch\/wp\/wp-content\/uploads\/2019\/06\/ARFOTOCRONO201912.jpg?fit=480%2C360&amp;ssl=1\" data-orig-size=\"480,360\" data-comments-opened=\"0\" data-image-meta=\"{&quot;aperture&quot;:&quot;0&quot;,&quot;credit&quot;:&quot;&quot;,&quot;camera&quot;:&quot;&quot;,&quot;caption&quot;:&quot;&quot;,&quot;created_timestamp&quot;:&quot;0&quot;,&quot;copyright&quot;:&quot;&quot;,&quot;focal_length&quot;:&quot;0&quot;,&quot;iso&quot;:&quot;0&quot;,&quot;shutter_speed&quot;:&quot;0&quot;,&quot;title&quot;:&quot;&quot;,&quot;orientation&quot;:&quot;0&quot;}\" data-image-title=\"ARFOTOCRONO201912\" data-image-description=\"\" data-image-caption=\"&lt;p&gt;Foto Aaron Rezzonico &lt;\/p&gt;\n\" data-large-file=\"https:\/\/i0.wp.com\/uscatletica.ch\/wp\/wp-content\/uploads\/2019\/06\/ARFOTOCRONO201912.jpg?fit=480%2C360&amp;ssl=1\" src=\"https:\/\/i0.wp.com\/uscatletica.ch\/wp\/wp-content\/uploads\/2019\/06\/ARFOTOCRONO201912.jpg?resize=480%2C360&#038;ssl=1\" alt=\"\" data-id=\"8567\" data-link=\"https:\/\/uscatletica.ch\/wp\/?attachment_id=8567\" class=\"wp-image-8567\" srcset=\"https:\/\/i0.wp.com\/uscatletica.ch\/wp\/wp-content\/uploads\/2019\/06\/ARFOTOCRONO201912.jpg?w=480&amp;ssl=1 480w, https:\/\/i0.wp.com\/uscatletica.ch\/wp\/wp-content\/uploads\/2019\/06\/ARFOTOCRONO201912.jpg?resize=300%2C225&amp;ssl=1 300w\" sizes=\"auto, (max-width: 480px) 100vw, 480px\" \/><figcaption>Foto Aaron Rezzonico <\/figcaption><\/figure><\/li><li class=\"blocks-gallery-item\"><figure><img data-recalc-dims=\"1\" loading=\"lazy\" decoding=\"async\" width=\"480\" height=\"360\" data-attachment-id=\"8568\" data-permalink=\"https:\/\/uscatletica.ch\/wp\/?attachment_id=8568\" data-orig-file=\"https:\/\/i0.wp.com\/uscatletica.ch\/wp\/wp-content\/uploads\/2019\/06\/ARFOTOCRONO201913.jpg?fit=480%2C360&amp;ssl=1\" data-orig-size=\"480,360\" data-comments-opened=\"0\" data-image-meta=\"{&quot;aperture&quot;:&quot;0&quot;,&quot;credit&quot;:&quot;&quot;,&quot;camera&quot;:&quot;&quot;,&quot;caption&quot;:&quot;&quot;,&quot;created_timestamp&quot;:&quot;0&quot;,&quot;copyright&quot;:&quot;&quot;,&quot;focal_length&quot;:&quot;0&quot;,&quot;iso&quot;:&quot;0&quot;,&quot;shutter_speed&quot;:&quot;0&quot;,&quot;title&quot;:&quot;&quot;,&quot;orientation&quot;:&quot;0&quot;}\" data-image-title=\"ARFOTOCRONO201913\" data-image-description=\"\" data-image-caption=\"&lt;p&gt;Foto Aaron Rezzonico &lt;\/p&gt;\n\" data-large-file=\"https:\/\/i0.wp.com\/uscatletica.ch\/wp\/wp-content\/uploads\/2019\/06\/ARFOTOCRONO201913.jpg?fit=480%2C360&amp;ssl=1\" src=\"https:\/\/i0.wp.com\/uscatletica.ch\/wp\/wp-content\/uploads\/2019\/06\/ARFOTOCRONO201913.jpg?resize=480%2C360&#038;ssl=1\" alt=\"\" data-id=\"8568\" data-link=\"https:\/\/uscatletica.ch\/wp\/?attachment_id=8568\" class=\"wp-image-8568\" srcset=\"https:\/\/i0.wp.com\/uscatletica.ch\/wp\/wp-content\/uploads\/2019\/06\/ARFOTOCRONO201913.jpg?w=480&amp;ssl=1 480w, https:\/\/i0.wp.com\/uscatletica.ch\/wp\/wp-content\/uploads\/2019\/06\/ARFOTOCRONO201913.jpg?resize=300%2C225&amp;ssl=1 300w\" sizes=\"auto, (max-width: 480px) 100vw, 480px\" \/><figcaption>Foto Aaron Rezzonico <\/figcaption><\/figure><\/li><li class=\"blocks-gallery-item\"><figure><img data-recalc-dims=\"1\" loading=\"lazy\" decoding=\"async\" width=\"480\" height=\"360\" data-attachment-id=\"8569\" data-permalink=\"https:\/\/uscatletica.ch\/wp\/?attachment_id=8569\" data-orig-file=\"https:\/\/i0.wp.com\/uscatletica.ch\/wp\/wp-content\/uploads\/2019\/06\/ARFOTOCRONO201914.jpg?fit=480%2C360&amp;ssl=1\" data-orig-size=\"480,360\" data-comments-opened=\"0\" data-image-meta=\"{&quot;aperture&quot;:&quot;0&quot;,&quot;credit&quot;:&quot;&quot;,&quot;camera&quot;:&quot;&quot;,&quot;caption&quot;:&quot;&quot;,&quot;created_timestamp&quot;:&quot;0&quot;,&quot;copyright&quot;:&quot;&quot;,&quot;focal_length&quot;:&quot;0&quot;,&quot;iso&quot;:&quot;0&quot;,&quot;shutter_speed&quot;:&quot;0&quot;,&quot;title&quot;:&quot;&quot;,&quot;orientation&quot;:&quot;0&quot;}\" data-image-title=\"ARFOTOCRONO201914\" data-image-description=\"\" data-image-caption=\"&lt;p&gt;Foto Aaron Rezzonico &lt;\/p&gt;\n\" data-large-file=\"https:\/\/i0.wp.com\/uscatletica.ch\/wp\/wp-content\/uploads\/2019\/06\/ARFOTOCRONO201914.jpg?fit=480%2C360&amp;ssl=1\" src=\"https:\/\/i0.wp.com\/uscatletica.ch\/wp\/wp-content\/uploads\/2019\/06\/ARFOTOCRONO201914.jpg?resize=480%2C360&#038;ssl=1\" alt=\"\" data-id=\"8569\" data-link=\"https:\/\/uscatletica.ch\/wp\/?attachment_id=8569\" class=\"wp-image-8569\" srcset=\"https:\/\/i0.wp.com\/uscatletica.ch\/wp\/wp-content\/uploads\/2019\/06\/ARFOTOCRONO201914.jpg?w=480&amp;ssl=1 480w, https:\/\/i0.wp.com\/uscatletica.ch\/wp\/wp-content\/uploads\/2019\/06\/ARFOTOCRONO201914.jpg?resize=300%2C225&amp;ssl=1 300w\" sizes=\"auto, (max-width: 480px) 100vw, 480px\" \/><figcaption>Foto Aaron Rezzonico <\/figcaption><\/figure><\/li><li class=\"blocks-gallery-item\"><figure><img data-recalc-dims=\"1\" loading=\"lazy\" decoding=\"async\" width=\"480\" height=\"360\" data-attachment-id=\"8570\" data-permalink=\"https:\/\/uscatletica.ch\/wp\/?attachment_id=8570\" data-orig-file=\"https:\/\/i0.wp.com\/uscatletica.ch\/wp\/wp-content\/uploads\/2019\/06\/ARFOTOCRONO201915.jpg?fit=480%2C360&amp;ssl=1\" data-orig-size=\"480,360\" data-comments-opened=\"0\" data-image-meta=\"{&quot;aperture&quot;:&quot;0&quot;,&quot;credit&quot;:&quot;&quot;,&quot;camera&quot;:&quot;&quot;,&quot;caption&quot;:&quot;&quot;,&quot;created_timestamp&quot;:&quot;0&quot;,&quot;copyright&quot;:&quot;&quot;,&quot;focal_length&quot;:&quot;0&quot;,&quot;iso&quot;:&quot;0&quot;,&quot;shutter_speed&quot;:&quot;0&quot;,&quot;title&quot;:&quot;&quot;,&quot;orientation&quot;:&quot;0&quot;}\" data-image-title=\"ARFOTOCRONO201915\" data-image-description=\"\" data-image-caption=\"&lt;p&gt;Foto Aaron Rezzonico &lt;\/p&gt;\n\" data-large-file=\"https:\/\/i0.wp.com\/uscatletica.ch\/wp\/wp-content\/uploads\/2019\/06\/ARFOTOCRONO201915.jpg?fit=480%2C360&amp;ssl=1\" src=\"https:\/\/i0.wp.com\/uscatletica.ch\/wp\/wp-content\/uploads\/2019\/06\/ARFOTOCRONO201915.jpg?resize=480%2C360&#038;ssl=1\" alt=\"\" data-id=\"8570\" data-link=\"https:\/\/uscatletica.ch\/wp\/?attachment_id=8570\" class=\"wp-image-8570\" srcset=\"https:\/\/i0.wp.com\/uscatletica.ch\/wp\/wp-content\/uploads\/2019\/06\/ARFOTOCRONO201915.jpg?w=480&amp;ssl=1 480w, https:\/\/i0.wp.com\/uscatletica.ch\/wp\/wp-content\/uploads\/2019\/06\/ARFOTOCRONO201915.jpg?resize=300%2C225&amp;ssl=1 300w\" sizes=\"auto, (max-width: 480px) 100vw, 480px\" \/><figcaption>Foto Aaron Rezzonico <\/figcaption><\/figure><\/li><li class=\"blocks-gallery-item\"><figure><img data-recalc-dims=\"1\" loading=\"lazy\" decoding=\"async\" width=\"480\" height=\"360\" data-attachment-id=\"8571\" data-permalink=\"https:\/\/uscatletica.ch\/wp\/?attachment_id=8571\" data-orig-file=\"https:\/\/i0.wp.com\/uscatletica.ch\/wp\/wp-content\/uploads\/2019\/06\/ARFOTOCRONO201916.jpg?fit=480%2C360&amp;ssl=1\" data-orig-size=\"480,360\" data-comments-opened=\"0\" data-image-meta=\"{&quot;aperture&quot;:&quot;0&quot;,&quot;credit&quot;:&quot;&quot;,&quot;camera&quot;:&quot;&quot;,&quot;caption&quot;:&quot;&quot;,&quot;created_timestamp&quot;:&quot;0&quot;,&quot;copyright&quot;:&quot;&quot;,&quot;focal_length&quot;:&quot;0&quot;,&quot;iso&quot;:&quot;0&quot;,&quot;shutter_speed&quot;:&quot;0&quot;,&quot;title&quot;:&quot;&quot;,&quot;orientation&quot;:&quot;0&quot;}\" data-image-title=\"ARFOTOCRONO201916\" data-image-description=\"\" data-image-caption=\"&lt;p&gt;Foto Aaron Rezzonico &lt;\/p&gt;\n\" data-large-file=\"https:\/\/i0.wp.com\/uscatletica.ch\/wp\/wp-content\/uploads\/2019\/06\/ARFOTOCRONO201916.jpg?fit=480%2C360&amp;ssl=1\" src=\"https:\/\/i0.wp.com\/uscatletica.ch\/wp\/wp-content\/uploads\/2019\/06\/ARFOTOCRONO201916.jpg?resize=480%2C360&#038;ssl=1\" alt=\"\" data-id=\"8571\" data-link=\"https:\/\/uscatletica.ch\/wp\/?attachment_id=8571\" class=\"wp-image-8571\" srcset=\"https:\/\/i0.wp.com\/uscatletica.ch\/wp\/wp-content\/uploads\/2019\/06\/ARFOTOCRONO201916.jpg?w=480&amp;ssl=1 480w, https:\/\/i0.wp.com\/uscatletica.ch\/wp\/wp-content\/uploads\/2019\/06\/ARFOTOCRONO201916.jpg?resize=300%2C225&amp;ssl=1 300w\" sizes=\"auto, (max-width: 480px) 100vw, 480px\" \/><figcaption>Foto Aaron Rezzonico <\/figcaption><\/figure><\/li><li class=\"blocks-gallery-item\"><figure><img data-recalc-dims=\"1\" loading=\"lazy\" decoding=\"async\" width=\"480\" height=\"360\" data-attachment-id=\"8572\" data-permalink=\"https:\/\/uscatletica.ch\/wp\/?attachment_id=8572\" data-orig-file=\"https:\/\/i0.wp.com\/uscatletica.ch\/wp\/wp-content\/uploads\/2019\/06\/ARFOTOCRONO201917.jpg?fit=480%2C360&amp;ssl=1\" data-orig-size=\"480,360\" data-comments-opened=\"0\" data-image-meta=\"{&quot;aperture&quot;:&quot;0&quot;,&quot;credit&quot;:&quot;&quot;,&quot;camera&quot;:&quot;&quot;,&quot;caption&quot;:&quot;&quot;,&quot;created_timestamp&quot;:&quot;0&quot;,&quot;copyright&quot;:&quot;&quot;,&quot;focal_length&quot;:&quot;0&quot;,&quot;iso&quot;:&quot;0&quot;,&quot;shutter_speed&quot;:&quot;0&quot;,&quot;title&quot;:&quot;&quot;,&quot;orientation&quot;:&quot;0&quot;}\" data-image-title=\"ARFOTOCRONO201917\" data-image-description=\"\" data-image-caption=\"&lt;p&gt;Foto Aaron Rezzonico &lt;\/p&gt;\n\" data-large-file=\"https:\/\/i0.wp.com\/uscatletica.ch\/wp\/wp-content\/uploads\/2019\/06\/ARFOTOCRONO201917.jpg?fit=480%2C360&amp;ssl=1\" src=\"https:\/\/i0.wp.com\/uscatletica.ch\/wp\/wp-content\/uploads\/2019\/06\/ARFOTOCRONO201917.jpg?resize=480%2C360&#038;ssl=1\" alt=\"\" data-id=\"8572\" data-link=\"https:\/\/uscatletica.ch\/wp\/?attachment_id=8572\" class=\"wp-image-8572\" srcset=\"https:\/\/i0.wp.com\/uscatletica.ch\/wp\/wp-content\/uploads\/2019\/06\/ARFOTOCRONO201917.jpg?w=480&amp;ssl=1 480w, https:\/\/i0.wp.com\/uscatletica.ch\/wp\/wp-content\/uploads\/2019\/06\/ARFOTOCRONO201917.jpg?resize=300%2C225&amp;ssl=1 300w\" sizes=\"auto, (max-width: 480px) 100vw, 480px\" \/><figcaption>Foto Aaron Rezzonico <\/figcaption><\/figure><\/li><li class=\"blocks-gallery-item\"><figure><img data-recalc-dims=\"1\" loading=\"lazy\" decoding=\"async\" width=\"480\" height=\"360\" data-attachment-id=\"8573\" data-permalink=\"https:\/\/uscatletica.ch\/wp\/?attachment_id=8573\" data-orig-file=\"https:\/\/i0.wp.com\/uscatletica.ch\/wp\/wp-content\/uploads\/2019\/06\/ARFOTOCRONO201918.jpg?fit=480%2C360&amp;ssl=1\" data-orig-size=\"480,360\" data-comments-opened=\"0\" data-image-meta=\"{&quot;aperture&quot;:&quot;0&quot;,&quot;credit&quot;:&quot;&quot;,&quot;camera&quot;:&quot;&quot;,&quot;caption&quot;:&quot;&quot;,&quot;created_timestamp&quot;:&quot;0&quot;,&quot;copyright&quot;:&quot;&quot;,&quot;focal_length&quot;:&quot;0&quot;,&quot;iso&quot;:&quot;0&quot;,&quot;shutter_speed&quot;:&quot;0&quot;,&quot;title&quot;:&quot;&quot;,&quot;orientation&quot;:&quot;0&quot;}\" data-image-title=\"ARFOTOCRONO201918\" data-image-description=\"\" data-image-caption=\"&lt;p&gt;Foto Aaron Rezzonico &lt;\/p&gt;\n\" data-large-file=\"https:\/\/i0.wp.com\/uscatletica.ch\/wp\/wp-content\/uploads\/2019\/06\/ARFOTOCRONO201918.jpg?fit=480%2C360&amp;ssl=1\" src=\"https:\/\/i0.wp.com\/uscatletica.ch\/wp\/wp-content\/uploads\/2019\/06\/ARFOTOCRONO201918.jpg?resize=480%2C360&#038;ssl=1\" alt=\"\" data-id=\"8573\" data-link=\"https:\/\/uscatletica.ch\/wp\/?attachment_id=8573\" class=\"wp-image-8573\" srcset=\"https:\/\/i0.wp.com\/uscatletica.ch\/wp\/wp-content\/uploads\/2019\/06\/ARFOTOCRONO201918.jpg?w=480&amp;ssl=1 480w, https:\/\/i0.wp.com\/uscatletica.ch\/wp\/wp-content\/uploads\/2019\/06\/ARFOTOCRONO201918.jpg?resize=300%2C225&amp;ssl=1 300w\" sizes=\"auto, (max-width: 480px) 100vw, 480px\" \/><figcaption>Foto Aaron Rezzonico <\/figcaption><\/figure><\/li><li class=\"blocks-gallery-item\"><figure><img data-recalc-dims=\"1\" loading=\"lazy\" decoding=\"async\" width=\"480\" height=\"360\" data-attachment-id=\"8574\" data-permalink=\"https:\/\/uscatletica.ch\/wp\/?attachment_id=8574\" data-orig-file=\"https:\/\/i0.wp.com\/uscatletica.ch\/wp\/wp-content\/uploads\/2019\/06\/ARFOTOCRONO201919.jpg?fit=480%2C360&amp;ssl=1\" data-orig-size=\"480,360\" data-comments-opened=\"0\" data-image-meta=\"{&quot;aperture&quot;:&quot;0&quot;,&quot;credit&quot;:&quot;&quot;,&quot;camera&quot;:&quot;&quot;,&quot;caption&quot;:&quot;&quot;,&quot;created_timestamp&quot;:&quot;0&quot;,&quot;copyright&quot;:&quot;&quot;,&quot;focal_length&quot;:&quot;0&quot;,&quot;iso&quot;:&quot;0&quot;,&quot;shutter_speed&quot;:&quot;0&quot;,&quot;title&quot;:&quot;&quot;,&quot;orientation&quot;:&quot;0&quot;}\" data-image-title=\"ARFOTOCRONO201919\" data-image-description=\"\" data-image-caption=\"&lt;p&gt;Foto Aaron Rezzonico &lt;\/p&gt;\n\" data-large-file=\"https:\/\/i0.wp.com\/uscatletica.ch\/wp\/wp-content\/uploads\/2019\/06\/ARFOTOCRONO201919.jpg?fit=480%2C360&amp;ssl=1\" src=\"https:\/\/i0.wp.com\/uscatletica.ch\/wp\/wp-content\/uploads\/2019\/06\/ARFOTOCRONO201919.jpg?resize=480%2C360&#038;ssl=1\" alt=\"\" data-id=\"8574\" data-link=\"https:\/\/uscatletica.ch\/wp\/?attachment_id=8574\" class=\"wp-image-8574\" srcset=\"https:\/\/i0.wp.com\/uscatletica.ch\/wp\/wp-content\/uploads\/2019\/06\/ARFOTOCRONO201919.jpg?w=480&amp;ssl=1 480w, https:\/\/i0.wp.com\/uscatletica.ch\/wp\/wp-content\/uploads\/2019\/06\/ARFOTOCRONO201919.jpg?resize=300%2C225&amp;ssl=1 300w\" sizes=\"auto, (max-width: 480px) 100vw, 480px\" \/><figcaption>Foto Aaron Rezzonico <\/figcaption><\/figure><\/li><li class=\"blocks-gallery-item\"><figure><img data-recalc-dims=\"1\" loading=\"lazy\" decoding=\"async\" width=\"480\" height=\"360\" data-attachment-id=\"8575\" data-permalink=\"https:\/\/uscatletica.ch\/wp\/?attachment_id=8575\" data-orig-file=\"https:\/\/i0.wp.com\/uscatletica.ch\/wp\/wp-content\/uploads\/2019\/06\/ARFOTOCRONO201920.jpg?fit=480%2C360&amp;ssl=1\" data-orig-size=\"480,360\" data-comments-opened=\"0\" data-image-meta=\"{&quot;aperture&quot;:&quot;0&quot;,&quot;credit&quot;:&quot;&quot;,&quot;camera&quot;:&quot;&quot;,&quot;caption&quot;:&quot;&quot;,&quot;created_timestamp&quot;:&quot;0&quot;,&quot;copyright&quot;:&quot;&quot;,&quot;focal_length&quot;:&quot;0&quot;,&quot;iso&quot;:&quot;0&quot;,&quot;shutter_speed&quot;:&quot;0&quot;,&quot;title&quot;:&quot;&quot;,&quot;orientation&quot;:&quot;0&quot;}\" data-image-title=\"ARFOTOCRONO201920\" data-image-description=\"\" data-image-caption=\"&lt;p&gt;Foto Aaron Rezzonico &lt;\/p&gt;\n\" data-large-file=\"https:\/\/i0.wp.com\/uscatletica.ch\/wp\/wp-content\/uploads\/2019\/06\/ARFOTOCRONO201920.jpg?fit=480%2C360&amp;ssl=1\" src=\"https:\/\/i0.wp.com\/uscatletica.ch\/wp\/wp-content\/uploads\/2019\/06\/ARFOTOCRONO201920.jpg?resize=480%2C360&#038;ssl=1\" alt=\"\" data-id=\"8575\" data-link=\"https:\/\/uscatletica.ch\/wp\/?attachment_id=8575\" class=\"wp-image-8575\" srcset=\"https:\/\/i0.wp.com\/uscatletica.ch\/wp\/wp-content\/uploads\/2019\/06\/ARFOTOCRONO201920.jpg?w=480&amp;ssl=1 480w, https:\/\/i0.wp.com\/uscatletica.ch\/wp\/wp-content\/uploads\/2019\/06\/ARFOTOCRONO201920.jpg?resize=300%2C225&amp;ssl=1 300w\" sizes=\"auto, (max-width: 480px) 100vw, 480px\" \/><figcaption>Foto Aaron Rezzonico <\/figcaption><\/figure><\/li><li class=\"blocks-gallery-item\"><figure><img data-recalc-dims=\"1\" loading=\"lazy\" decoding=\"async\" width=\"480\" height=\"360\" data-attachment-id=\"8576\" data-permalink=\"https:\/\/uscatletica.ch\/wp\/?attachment_id=8576\" data-orig-file=\"https:\/\/i0.wp.com\/uscatletica.ch\/wp\/wp-content\/uploads\/2019\/06\/ARFOTOCRONO201921.jpg?fit=480%2C360&amp;ssl=1\" data-orig-size=\"480,360\" data-comments-opened=\"0\" data-image-meta=\"{&quot;aperture&quot;:&quot;0&quot;,&quot;credit&quot;:&quot;&quot;,&quot;camera&quot;:&quot;&quot;,&quot;caption&quot;:&quot;&quot;,&quot;created_timestamp&quot;:&quot;0&quot;,&quot;copyright&quot;:&quot;&quot;,&quot;focal_length&quot;:&quot;0&quot;,&quot;iso&quot;:&quot;0&quot;,&quot;shutter_speed&quot;:&quot;0&quot;,&quot;title&quot;:&quot;&quot;,&quot;orientation&quot;:&quot;0&quot;}\" data-image-title=\"ARFOTOCRONO201921\" data-image-description=\"\" data-image-caption=\"&lt;p&gt;Foto Aaron Rezzonico &lt;\/p&gt;\n\" data-large-file=\"https:\/\/i0.wp.com\/uscatletica.ch\/wp\/wp-content\/uploads\/2019\/06\/ARFOTOCRONO201921.jpg?fit=480%2C360&amp;ssl=1\" src=\"https:\/\/i0.wp.com\/uscatletica.ch\/wp\/wp-content\/uploads\/2019\/06\/ARFOTOCRONO201921.jpg?resize=480%2C360&#038;ssl=1\" alt=\"\" data-id=\"8576\" data-link=\"https:\/\/uscatletica.ch\/wp\/?attachment_id=8576\" class=\"wp-image-8576\" srcset=\"https:\/\/i0.wp.com\/uscatletica.ch\/wp\/wp-content\/uploads\/2019\/06\/ARFOTOCRONO201921.jpg?w=480&amp;ssl=1 480w, https:\/\/i0.wp.com\/uscatletica.ch\/wp\/wp-content\/uploads\/2019\/06\/ARFOTOCRONO201921.jpg?resize=300%2C225&amp;ssl=1 300w\" sizes=\"auto, (max-width: 480px) 100vw, 480px\" \/><figcaption>Foto Aaron Rezzonico <\/figcaption><\/figure><\/li><li class=\"blocks-gallery-item\"><figure><img data-recalc-dims=\"1\" loading=\"lazy\" decoding=\"async\" width=\"480\" height=\"360\" data-attachment-id=\"8577\" data-permalink=\"https:\/\/uscatletica.ch\/wp\/?attachment_id=8577\" data-orig-file=\"https:\/\/i0.wp.com\/uscatletica.ch\/wp\/wp-content\/uploads\/2019\/06\/ARFOTOCRONO201922.jpg?fit=480%2C360&amp;ssl=1\" data-orig-size=\"480,360\" data-comments-opened=\"0\" data-image-meta=\"{&quot;aperture&quot;:&quot;0&quot;,&quot;credit&quot;:&quot;&quot;,&quot;camera&quot;:&quot;&quot;,&quot;caption&quot;:&quot;&quot;,&quot;created_timestamp&quot;:&quot;0&quot;,&quot;copyright&quot;:&quot;&quot;,&quot;focal_length&quot;:&quot;0&quot;,&quot;iso&quot;:&quot;0&quot;,&quot;shutter_speed&quot;:&quot;0&quot;,&quot;title&quot;:&quot;&quot;,&quot;orientation&quot;:&quot;0&quot;}\" data-image-title=\"ARFOTOCRONO201922\" data-image-description=\"\" data-image-caption=\"&lt;p&gt;Foto Aaron Rezzonico &lt;\/p&gt;\n\" data-large-file=\"https:\/\/i0.wp.com\/uscatletica.ch\/wp\/wp-content\/uploads\/2019\/06\/ARFOTOCRONO201922.jpg?fit=480%2C360&amp;ssl=1\" src=\"https:\/\/i0.wp.com\/uscatletica.ch\/wp\/wp-content\/uploads\/2019\/06\/ARFOTOCRONO201922.jpg?resize=480%2C360&#038;ssl=1\" alt=\"\" data-id=\"8577\" data-link=\"https:\/\/uscatletica.ch\/wp\/?attachment_id=8577\" class=\"wp-image-8577\" srcset=\"https:\/\/i0.wp.com\/uscatletica.ch\/wp\/wp-content\/uploads\/2019\/06\/ARFOTOCRONO201922.jpg?w=480&amp;ssl=1 480w, https:\/\/i0.wp.com\/uscatletica.ch\/wp\/wp-content\/uploads\/2019\/06\/ARFOTOCRONO201922.jpg?resize=300%2C225&amp;ssl=1 300w\" sizes=\"auto, (max-width: 480px) 100vw, 480px\" \/><figcaption>Foto Aaron Rezzonico <\/figcaption><\/figure><\/li><li class=\"blocks-gallery-item\"><figure><img data-recalc-dims=\"1\" loading=\"lazy\" decoding=\"async\" width=\"480\" height=\"360\" data-attachment-id=\"8578\" data-permalink=\"https:\/\/uscatletica.ch\/wp\/?attachment_id=8578\" data-orig-file=\"https:\/\/i0.wp.com\/uscatletica.ch\/wp\/wp-content\/uploads\/2019\/06\/ARFOTOCRONO201923.jpg?fit=480%2C360&amp;ssl=1\" data-orig-size=\"480,360\" data-comments-opened=\"0\" data-image-meta=\"{&quot;aperture&quot;:&quot;0&quot;,&quot;credit&quot;:&quot;&quot;,&quot;camera&quot;:&quot;&quot;,&quot;caption&quot;:&quot;&quot;,&quot;created_timestamp&quot;:&quot;0&quot;,&quot;copyright&quot;:&quot;&quot;,&quot;focal_length&quot;:&quot;0&quot;,&quot;iso&quot;:&quot;0&quot;,&quot;shutter_speed&quot;:&quot;0&quot;,&quot;title&quot;:&quot;&quot;,&quot;orientation&quot;:&quot;0&quot;}\" data-image-title=\"ARFOTOCRONO201923\" data-image-description=\"\" data-image-caption=\"&lt;p&gt;Foto Aaron Rezzonico &lt;\/p&gt;\n\" data-large-file=\"https:\/\/i0.wp.com\/uscatletica.ch\/wp\/wp-content\/uploads\/2019\/06\/ARFOTOCRONO201923.jpg?fit=480%2C360&amp;ssl=1\" src=\"https:\/\/i0.wp.com\/uscatletica.ch\/wp\/wp-content\/uploads\/2019\/06\/ARFOTOCRONO201923.jpg?resize=480%2C360&#038;ssl=1\" alt=\"\" data-id=\"8578\" data-link=\"https:\/\/uscatletica.ch\/wp\/?attachment_id=8578\" class=\"wp-image-8578\" srcset=\"https:\/\/i0.wp.com\/uscatletica.ch\/wp\/wp-content\/uploads\/2019\/06\/ARFOTOCRONO201923.jpg?w=480&amp;ssl=1 480w, https:\/\/i0.wp.com\/uscatletica.ch\/wp\/wp-content\/uploads\/2019\/06\/ARFOTOCRONO201923.jpg?resize=300%2C225&amp;ssl=1 300w\" sizes=\"auto, (max-width: 480px) 100vw, 480px\" \/><figcaption>Foto Aaron Rezzonico <\/figcaption><\/figure><\/li><li class=\"blocks-gallery-item\"><figure><img data-recalc-dims=\"1\" loading=\"lazy\" decoding=\"async\" width=\"480\" height=\"360\" data-attachment-id=\"8579\" data-permalink=\"https:\/\/uscatletica.ch\/wp\/?attachment_id=8579\" data-orig-file=\"https:\/\/i0.wp.com\/uscatletica.ch\/wp\/wp-content\/uploads\/2019\/06\/ARFOTOCRONO201924.jpg?fit=480%2C360&amp;ssl=1\" data-orig-size=\"480,360\" data-comments-opened=\"0\" data-image-meta=\"{&quot;aperture&quot;:&quot;0&quot;,&quot;credit&quot;:&quot;&quot;,&quot;camera&quot;:&quot;&quot;,&quot;caption&quot;:&quot;&quot;,&quot;created_timestamp&quot;:&quot;0&quot;,&quot;copyright&quot;:&quot;&quot;,&quot;focal_length&quot;:&quot;0&quot;,&quot;iso&quot;:&quot;0&quot;,&quot;shutter_speed&quot;:&quot;0&quot;,&quot;title&quot;:&quot;&quot;,&quot;orientation&quot;:&quot;0&quot;}\" data-image-title=\"ARFOTOCRONO201924\" data-image-description=\"\" data-image-caption=\"&lt;p&gt;Foto Aaron Rezzonico &lt;\/p&gt;\n\" data-large-file=\"https:\/\/i0.wp.com\/uscatletica.ch\/wp\/wp-content\/uploads\/2019\/06\/ARFOTOCRONO201924.jpg?fit=480%2C360&amp;ssl=1\" src=\"https:\/\/i0.wp.com\/uscatletica.ch\/wp\/wp-content\/uploads\/2019\/06\/ARFOTOCRONO201924.jpg?resize=480%2C360&#038;ssl=1\" alt=\"\" data-id=\"8579\" data-link=\"https:\/\/uscatletica.ch\/wp\/?attachment_id=8579\" class=\"wp-image-8579\" srcset=\"https:\/\/i0.wp.com\/uscatletica.ch\/wp\/wp-content\/uploads\/2019\/06\/ARFOTOCRONO201924.jpg?w=480&amp;ssl=1 480w, https:\/\/i0.wp.com\/uscatletica.ch\/wp\/wp-content\/uploads\/2019\/06\/ARFOTOCRONO201924.jpg?resize=300%2C225&amp;ssl=1 300w\" sizes=\"auto, (max-width: 480px) 100vw, 480px\" \/><figcaption>Foto Aaron Rezzonico <\/figcaption><\/figure><\/li><li class=\"blocks-gallery-item\"><figure><img data-recalc-dims=\"1\" loading=\"lazy\" decoding=\"async\" width=\"480\" height=\"360\" data-attachment-id=\"8580\" data-permalink=\"https:\/\/uscatletica.ch\/wp\/?attachment_id=8580\" data-orig-file=\"https:\/\/i0.wp.com\/uscatletica.ch\/wp\/wp-content\/uploads\/2019\/06\/ARFOTOCRONO201925.jpeg?fit=480%2C360&amp;ssl=1\" data-orig-size=\"480,360\" data-comments-opened=\"0\" data-image-meta=\"{&quot;aperture&quot;:&quot;0&quot;,&quot;credit&quot;:&quot;&quot;,&quot;camera&quot;:&quot;&quot;,&quot;caption&quot;:&quot;&quot;,&quot;created_timestamp&quot;:&quot;0&quot;,&quot;copyright&quot;:&quot;&quot;,&quot;focal_length&quot;:&quot;0&quot;,&quot;iso&quot;:&quot;0&quot;,&quot;shutter_speed&quot;:&quot;0&quot;,&quot;title&quot;:&quot;&quot;,&quot;orientation&quot;:&quot;0&quot;}\" data-image-title=\"ARFOTOCRONO201925\" data-image-description=\"\" data-image-caption=\"&lt;p&gt;Foto Aaron Rezzonico &lt;\/p&gt;\n\" data-large-file=\"https:\/\/i0.wp.com\/uscatletica.ch\/wp\/wp-content\/uploads\/2019\/06\/ARFOTOCRONO201925.jpeg?fit=480%2C360&amp;ssl=1\" src=\"https:\/\/i0.wp.com\/uscatletica.ch\/wp\/wp-content\/uploads\/2019\/06\/ARFOTOCRONO201925.jpeg?resize=480%2C360&#038;ssl=1\" alt=\"\" data-id=\"8580\" data-link=\"https:\/\/uscatletica.ch\/wp\/?attachment_id=8580\" class=\"wp-image-8580\" srcset=\"https:\/\/i0.wp.com\/uscatletica.ch\/wp\/wp-content\/uploads\/2019\/06\/ARFOTOCRONO201925.jpeg?w=480&amp;ssl=1 480w, https:\/\/i0.wp.com\/uscatletica.ch\/wp\/wp-content\/uploads\/2019\/06\/ARFOTOCRONO201925.jpeg?resize=300%2C225&amp;ssl=1 300w\" sizes=\"auto, (max-width: 480px) 100vw, 480px\" \/><figcaption>Foto Aaron Rezzonico <\/figcaption><\/figure><\/li><li class=\"blocks-gallery-item\"><figure><img data-recalc-dims=\"1\" loading=\"lazy\" decoding=\"async\" width=\"480\" height=\"360\" data-attachment-id=\"8581\" data-permalink=\"https:\/\/uscatletica.ch\/wp\/?attachment_id=8581\" data-orig-file=\"https:\/\/i0.wp.com\/uscatletica.ch\/wp\/wp-content\/uploads\/2019\/06\/ARFOTOCRONO201926.jpg?fit=480%2C360&amp;ssl=1\" data-orig-size=\"480,360\" data-comments-opened=\"0\" data-image-meta=\"{&quot;aperture&quot;:&quot;0&quot;,&quot;credit&quot;:&quot;&quot;,&quot;camera&quot;:&quot;&quot;,&quot;caption&quot;:&quot;&quot;,&quot;created_timestamp&quot;:&quot;0&quot;,&quot;copyright&quot;:&quot;&quot;,&quot;focal_length&quot;:&quot;0&quot;,&quot;iso&quot;:&quot;0&quot;,&quot;shutter_speed&quot;:&quot;0&quot;,&quot;title&quot;:&quot;&quot;,&quot;orientation&quot;:&quot;0&quot;}\" data-image-title=\"ARFOTOCRONO201926\" data-image-description=\"\" data-image-caption=\"&lt;p&gt;Foto Aaron Rezzonico &lt;\/p&gt;\n\" data-large-file=\"https:\/\/i0.wp.com\/uscatletica.ch\/wp\/wp-content\/uploads\/2019\/06\/ARFOTOCRONO201926.jpg?fit=480%2C360&amp;ssl=1\" src=\"https:\/\/i0.wp.com\/uscatletica.ch\/wp\/wp-content\/uploads\/2019\/06\/ARFOTOCRONO201926.jpg?resize=480%2C360&#038;ssl=1\" alt=\"\" data-id=\"8581\" data-link=\"https:\/\/uscatletica.ch\/wp\/?attachment_id=8581\" class=\"wp-image-8581\" srcset=\"https:\/\/i0.wp.com\/uscatletica.ch\/wp\/wp-content\/uploads\/2019\/06\/ARFOTOCRONO201926.jpg?w=480&amp;ssl=1 480w, https:\/\/i0.wp.com\/uscatletica.ch\/wp\/wp-content\/uploads\/2019\/06\/ARFOTOCRONO201926.jpg?resize=300%2C225&amp;ssl=1 300w\" sizes=\"auto, (max-width: 480px) 100vw, 480px\" \/><figcaption>Foto Aaron Rezzonico <\/figcaption><\/figure><\/li><li class=\"blocks-gallery-item\"><figure><img data-recalc-dims=\"1\" loading=\"lazy\" decoding=\"async\" width=\"480\" height=\"360\" data-attachment-id=\"8582\" data-permalink=\"https:\/\/uscatletica.ch\/wp\/?attachment_id=8582\" data-orig-file=\"https:\/\/i0.wp.com\/uscatletica.ch\/wp\/wp-content\/uploads\/2019\/06\/ARFOTOCRONO201927.jpg?fit=480%2C360&amp;ssl=1\" data-orig-size=\"480,360\" data-comments-opened=\"0\" data-image-meta=\"{&quot;aperture&quot;:&quot;0&quot;,&quot;credit&quot;:&quot;&quot;,&quot;camera&quot;:&quot;&quot;,&quot;caption&quot;:&quot;&quot;,&quot;created_timestamp&quot;:&quot;0&quot;,&quot;copyright&quot;:&quot;&quot;,&quot;focal_length&quot;:&quot;0&quot;,&quot;iso&quot;:&quot;0&quot;,&quot;shutter_speed&quot;:&quot;0&quot;,&quot;title&quot;:&quot;&quot;,&quot;orientation&quot;:&quot;0&quot;}\" data-image-title=\"ARFOTOCRONO201927\" data-image-description=\"\" data-image-caption=\"&lt;p&gt;Foto Aaron Rezzonico &lt;\/p&gt;\n\" data-large-file=\"https:\/\/i0.wp.com\/uscatletica.ch\/wp\/wp-content\/uploads\/2019\/06\/ARFOTOCRONO201927.jpg?fit=480%2C360&amp;ssl=1\" src=\"https:\/\/i0.wp.com\/uscatletica.ch\/wp\/wp-content\/uploads\/2019\/06\/ARFOTOCRONO201927.jpg?resize=480%2C360&#038;ssl=1\" alt=\"\" data-id=\"8582\" data-link=\"https:\/\/uscatletica.ch\/wp\/?attachment_id=8582\" class=\"wp-image-8582\" srcset=\"https:\/\/i0.wp.com\/uscatletica.ch\/wp\/wp-content\/uploads\/2019\/06\/ARFOTOCRONO201927.jpg?w=480&amp;ssl=1 480w, https:\/\/i0.wp.com\/uscatletica.ch\/wp\/wp-content\/uploads\/2019\/06\/ARFOTOCRONO201927.jpg?resize=300%2C225&amp;ssl=1 300w\" sizes=\"auto, (max-width: 480px) 100vw, 480px\" \/><figcaption>Foto Aaron Rezzonico <\/figcaption><\/figure><\/li><li class=\"blocks-gallery-item\"><figure><img data-recalc-dims=\"1\" loading=\"lazy\" decoding=\"async\" width=\"480\" height=\"360\" data-attachment-id=\"8583\" data-permalink=\"https:\/\/uscatletica.ch\/wp\/?attachment_id=8583\" data-orig-file=\"https:\/\/i0.wp.com\/uscatletica.ch\/wp\/wp-content\/uploads\/2019\/06\/ARFOTOCRONO201928.jpg?fit=480%2C360&amp;ssl=1\" data-orig-size=\"480,360\" data-comments-opened=\"0\" data-image-meta=\"{&quot;aperture&quot;:&quot;0&quot;,&quot;credit&quot;:&quot;&quot;,&quot;camera&quot;:&quot;&quot;,&quot;caption&quot;:&quot;&quot;,&quot;created_timestamp&quot;:&quot;0&quot;,&quot;copyright&quot;:&quot;&quot;,&quot;focal_length&quot;:&quot;0&quot;,&quot;iso&quot;:&quot;0&quot;,&quot;shutter_speed&quot;:&quot;0&quot;,&quot;title&quot;:&quot;&quot;,&quot;orientation&quot;:&quot;0&quot;}\" data-image-title=\"ARFOTOCRONO201928\" data-image-description=\"\" data-image-caption=\"&lt;p&gt;Foto Aaron Rezzonico &lt;\/p&gt;\n\" data-large-file=\"https:\/\/i0.wp.com\/uscatletica.ch\/wp\/wp-content\/uploads\/2019\/06\/ARFOTOCRONO201928.jpg?fit=480%2C360&amp;ssl=1\" src=\"https:\/\/i0.wp.com\/uscatletica.ch\/wp\/wp-content\/uploads\/2019\/06\/ARFOTOCRONO201928.jpg?resize=480%2C360&#038;ssl=1\" alt=\"\" data-id=\"8583\" data-link=\"https:\/\/uscatletica.ch\/wp\/?attachment_id=8583\" class=\"wp-image-8583\" srcset=\"https:\/\/i0.wp.com\/uscatletica.ch\/wp\/wp-content\/uploads\/2019\/06\/ARFOTOCRONO201928.jpg?w=480&amp;ssl=1 480w, https:\/\/i0.wp.com\/uscatletica.ch\/wp\/wp-content\/uploads\/2019\/06\/ARFOTOCRONO201928.jpg?resize=300%2C225&amp;ssl=1 300w\" sizes=\"auto, (max-width: 480px) 100vw, 480px\" \/><figcaption>Foto Aaron Rezzonico <\/figcaption><\/figure><\/li><li class=\"blocks-gallery-item\"><figure><img data-recalc-dims=\"1\" loading=\"lazy\" decoding=\"async\" width=\"480\" height=\"360\" data-attachment-id=\"8584\" data-permalink=\"https:\/\/uscatletica.ch\/wp\/?attachment_id=8584\" data-orig-file=\"https:\/\/i0.wp.com\/uscatletica.ch\/wp\/wp-content\/uploads\/2019\/06\/ARFOTOCRONO201929.jpg?fit=480%2C360&amp;ssl=1\" data-orig-size=\"480,360\" data-comments-opened=\"0\" data-image-meta=\"{&quot;aperture&quot;:&quot;0&quot;,&quot;credit&quot;:&quot;&quot;,&quot;camera&quot;:&quot;&quot;,&quot;caption&quot;:&quot;&quot;,&quot;created_timestamp&quot;:&quot;0&quot;,&quot;copyright&quot;:&quot;&quot;,&quot;focal_length&quot;:&quot;0&quot;,&quot;iso&quot;:&quot;0&quot;,&quot;shutter_speed&quot;:&quot;0&quot;,&quot;title&quot;:&quot;&quot;,&quot;orientation&quot;:&quot;0&quot;}\" data-image-title=\"ARFOTOCRONO201929\" data-image-description=\"\" data-image-caption=\"&lt;p&gt;Foto Aaron Rezzonico &lt;\/p&gt;\n\" data-large-file=\"https:\/\/i0.wp.com\/uscatletica.ch\/wp\/wp-content\/uploads\/2019\/06\/ARFOTOCRONO201929.jpg?fit=480%2C360&amp;ssl=1\" src=\"https:\/\/i0.wp.com\/uscatletica.ch\/wp\/wp-content\/uploads\/2019\/06\/ARFOTOCRONO201929.jpg?resize=480%2C360&#038;ssl=1\" alt=\"\" data-id=\"8584\" data-link=\"https:\/\/uscatletica.ch\/wp\/?attachment_id=8584\" class=\"wp-image-8584\" srcset=\"https:\/\/i0.wp.com\/uscatletica.ch\/wp\/wp-content\/uploads\/2019\/06\/ARFOTOCRONO201929.jpg?w=480&amp;ssl=1 480w, https:\/\/i0.wp.com\/uscatletica.ch\/wp\/wp-content\/uploads\/2019\/06\/ARFOTOCRONO201929.jpg?resize=300%2C225&amp;ssl=1 300w\" sizes=\"auto, (max-width: 480px) 100vw, 480px\" \/><figcaption>Foto Aaron Rezzonico <\/figcaption><\/figure><\/li><li class=\"blocks-gallery-item\"><figure><img data-recalc-dims=\"1\" loading=\"lazy\" decoding=\"async\" width=\"480\" height=\"360\" data-attachment-id=\"8585\" data-permalink=\"https:\/\/uscatletica.ch\/wp\/?attachment_id=8585\" data-orig-file=\"https:\/\/i0.wp.com\/uscatletica.ch\/wp\/wp-content\/uploads\/2019\/06\/ARFOTOCRONO201930.jpg?fit=480%2C360&amp;ssl=1\" data-orig-size=\"480,360\" data-comments-opened=\"0\" data-image-meta=\"{&quot;aperture&quot;:&quot;0&quot;,&quot;credit&quot;:&quot;&quot;,&quot;camera&quot;:&quot;&quot;,&quot;caption&quot;:&quot;&quot;,&quot;created_timestamp&quot;:&quot;0&quot;,&quot;copyright&quot;:&quot;&quot;,&quot;focal_length&quot;:&quot;0&quot;,&quot;iso&quot;:&quot;0&quot;,&quot;shutter_speed&quot;:&quot;0&quot;,&quot;title&quot;:&quot;&quot;,&quot;orientation&quot;:&quot;0&quot;}\" data-image-title=\"ARFOTOCRONO201930\" data-image-description=\"\" data-image-caption=\"&lt;p&gt;Foto Aaron Rezzonico &lt;\/p&gt;\n\" data-large-file=\"https:\/\/i0.wp.com\/uscatletica.ch\/wp\/wp-content\/uploads\/2019\/06\/ARFOTOCRONO201930.jpg?fit=480%2C360&amp;ssl=1\" src=\"https:\/\/i0.wp.com\/uscatletica.ch\/wp\/wp-content\/uploads\/2019\/06\/ARFOTOCRONO201930.jpg?resize=480%2C360&#038;ssl=1\" alt=\"\" data-id=\"8585\" data-link=\"https:\/\/uscatletica.ch\/wp\/?attachment_id=8585\" class=\"wp-image-8585\" srcset=\"https:\/\/i0.wp.com\/uscatletica.ch\/wp\/wp-content\/uploads\/2019\/06\/ARFOTOCRONO201930.jpg?w=480&amp;ssl=1 480w, https:\/\/i0.wp.com\/uscatletica.ch\/wp\/wp-content\/uploads\/2019\/06\/ARFOTOCRONO201930.jpg?resize=300%2C225&amp;ssl=1 300w\" sizes=\"auto, (max-width: 480px) 100vw, 480px\" \/><figcaption>Foto Aaron Rezzonico <\/figcaption><\/figure><\/li><li class=\"blocks-gallery-item\"><figure><img data-recalc-dims=\"1\" loading=\"lazy\" decoding=\"async\" width=\"480\" height=\"360\" data-attachment-id=\"8586\" data-permalink=\"https:\/\/uscatletica.ch\/wp\/?attachment_id=8586\" data-orig-file=\"https:\/\/i0.wp.com\/uscatletica.ch\/wp\/wp-content\/uploads\/2019\/06\/ARFOTOCRONO201931.jpg?fit=480%2C360&amp;ssl=1\" data-orig-size=\"480,360\" data-comments-opened=\"0\" data-image-meta=\"{&quot;aperture&quot;:&quot;0&quot;,&quot;credit&quot;:&quot;&quot;,&quot;camera&quot;:&quot;&quot;,&quot;caption&quot;:&quot;&quot;,&quot;created_timestamp&quot;:&quot;0&quot;,&quot;copyright&quot;:&quot;&quot;,&quot;focal_length&quot;:&quot;0&quot;,&quot;iso&quot;:&quot;0&quot;,&quot;shutter_speed&quot;:&quot;0&quot;,&quot;title&quot;:&quot;&quot;,&quot;orientation&quot;:&quot;0&quot;}\" data-image-title=\"ARFOTOCRONO201931\" data-image-description=\"\" data-image-caption=\"&lt;p&gt;Foto Aaron Rezzonico &lt;\/p&gt;\n\" data-large-file=\"https:\/\/i0.wp.com\/uscatletica.ch\/wp\/wp-content\/uploads\/2019\/06\/ARFOTOCRONO201931.jpg?fit=480%2C360&amp;ssl=1\" src=\"https:\/\/i0.wp.com\/uscatletica.ch\/wp\/wp-content\/uploads\/2019\/06\/ARFOTOCRONO201931.jpg?resize=480%2C360&#038;ssl=1\" alt=\"\" data-id=\"8586\" data-link=\"https:\/\/uscatletica.ch\/wp\/?attachment_id=8586\" class=\"wp-image-8586\" srcset=\"https:\/\/i0.wp.com\/uscatletica.ch\/wp\/wp-content\/uploads\/2019\/06\/ARFOTOCRONO201931.jpg?w=480&amp;ssl=1 480w, https:\/\/i0.wp.com\/uscatletica.ch\/wp\/wp-content\/uploads\/2019\/06\/ARFOTOCRONO201931.jpg?resize=300%2C225&amp;ssl=1 300w\" sizes=\"auto, (max-width: 480px) 100vw, 480px\" \/><figcaption>Foto Aaron Rezzonico <\/figcaption><\/figure><\/li><li class=\"blocks-gallery-item\"><figure><img data-recalc-dims=\"1\" loading=\"lazy\" decoding=\"async\" width=\"480\" height=\"360\" data-attachment-id=\"8587\" data-permalink=\"https:\/\/uscatletica.ch\/wp\/?attachment_id=8587\" data-orig-file=\"https:\/\/i0.wp.com\/uscatletica.ch\/wp\/wp-content\/uploads\/2019\/06\/ARFOTOCRONO201932.jpg?fit=480%2C360&amp;ssl=1\" data-orig-size=\"480,360\" data-comments-opened=\"0\" data-image-meta=\"{&quot;aperture&quot;:&quot;0&quot;,&quot;credit&quot;:&quot;&quot;,&quot;camera&quot;:&quot;&quot;,&quot;caption&quot;:&quot;&quot;,&quot;created_timestamp&quot;:&quot;0&quot;,&quot;copyright&quot;:&quot;&quot;,&quot;focal_length&quot;:&quot;0&quot;,&quot;iso&quot;:&quot;0&quot;,&quot;shutter_speed&quot;:&quot;0&quot;,&quot;title&quot;:&quot;&quot;,&quot;orientation&quot;:&quot;0&quot;}\" data-image-title=\"ARFOTOCRONO201932\" data-image-description=\"\" data-image-caption=\"&lt;p&gt;Foto Aaron Rezzonico &lt;\/p&gt;\n\" data-large-file=\"https:\/\/i0.wp.com\/uscatletica.ch\/wp\/wp-content\/uploads\/2019\/06\/ARFOTOCRONO201932.jpg?fit=480%2C360&amp;ssl=1\" src=\"https:\/\/i0.wp.com\/uscatletica.ch\/wp\/wp-content\/uploads\/2019\/06\/ARFOTOCRONO201932.jpg?resize=480%2C360&#038;ssl=1\" alt=\"\" data-id=\"8587\" data-link=\"https:\/\/uscatletica.ch\/wp\/?attachment_id=8587\" class=\"wp-image-8587\" srcset=\"https:\/\/i0.wp.com\/uscatletica.ch\/wp\/wp-content\/uploads\/2019\/06\/ARFOTOCRONO201932.jpg?w=480&amp;ssl=1 480w, https:\/\/i0.wp.com\/uscatletica.ch\/wp\/wp-content\/uploads\/2019\/06\/ARFOTOCRONO201932.jpg?resize=300%2C225&amp;ssl=1 300w\" sizes=\"auto, (max-width: 480px) 100vw, 480px\" \/><figcaption>Foto Aaron Rezzonico <\/figcaption><\/figure><\/li><li class=\"blocks-gallery-item\"><figure><img data-recalc-dims=\"1\" loading=\"lazy\" decoding=\"async\" width=\"480\" height=\"360\" data-attachment-id=\"8588\" data-permalink=\"https:\/\/uscatletica.ch\/wp\/?attachment_id=8588\" data-orig-file=\"https:\/\/i0.wp.com\/uscatletica.ch\/wp\/wp-content\/uploads\/2019\/06\/ARFOTOCRONO201933.jpg?fit=480%2C360&amp;ssl=1\" data-orig-size=\"480,360\" data-comments-opened=\"0\" data-image-meta=\"{&quot;aperture&quot;:&quot;0&quot;,&quot;credit&quot;:&quot;&quot;,&quot;camera&quot;:&quot;&quot;,&quot;caption&quot;:&quot;&quot;,&quot;created_timestamp&quot;:&quot;0&quot;,&quot;copyright&quot;:&quot;&quot;,&quot;focal_length&quot;:&quot;0&quot;,&quot;iso&quot;:&quot;0&quot;,&quot;shutter_speed&quot;:&quot;0&quot;,&quot;title&quot;:&quot;&quot;,&quot;orientation&quot;:&quot;0&quot;}\" data-image-title=\"ARFOTOCRONO201933\" data-image-description=\"\" data-image-caption=\"&lt;p&gt;Foto Aaron Rezzonico &lt;\/p&gt;\n\" data-large-file=\"https:\/\/i0.wp.com\/uscatletica.ch\/wp\/wp-content\/uploads\/2019\/06\/ARFOTOCRONO201933.jpg?fit=480%2C360&amp;ssl=1\" src=\"https:\/\/i0.wp.com\/uscatletica.ch\/wp\/wp-content\/uploads\/2019\/06\/ARFOTOCRONO201933.jpg?resize=480%2C360&#038;ssl=1\" alt=\"\" data-id=\"8588\" data-link=\"https:\/\/uscatletica.ch\/wp\/?attachment_id=8588\" class=\"wp-image-8588\" srcset=\"https:\/\/i0.wp.com\/uscatletica.ch\/wp\/wp-content\/uploads\/2019\/06\/ARFOTOCRONO201933.jpg?w=480&amp;ssl=1 480w, https:\/\/i0.wp.com\/uscatletica.ch\/wp\/wp-content\/uploads\/2019\/06\/ARFOTOCRONO201933.jpg?resize=300%2C225&amp;ssl=1 300w\" sizes=\"auto, (max-width: 480px) 100vw, 480px\" \/><figcaption>Foto Aaron Rezzonico <\/figcaption><\/figure><\/li><li class=\"blocks-gallery-item\"><figure><img data-recalc-dims=\"1\" loading=\"lazy\" decoding=\"async\" width=\"480\" height=\"360\" data-attachment-id=\"8589\" data-permalink=\"https:\/\/uscatletica.ch\/wp\/?attachment_id=8589\" data-orig-file=\"https:\/\/i0.wp.com\/uscatletica.ch\/wp\/wp-content\/uploads\/2019\/06\/ARFOTOCRONO201934.jpg?fit=480%2C360&amp;ssl=1\" data-orig-size=\"480,360\" data-comments-opened=\"0\" data-image-meta=\"{&quot;aperture&quot;:&quot;0&quot;,&quot;credit&quot;:&quot;&quot;,&quot;camera&quot;:&quot;&quot;,&quot;caption&quot;:&quot;&quot;,&quot;created_timestamp&quot;:&quot;0&quot;,&quot;copyright&quot;:&quot;&quot;,&quot;focal_length&quot;:&quot;0&quot;,&quot;iso&quot;:&quot;0&quot;,&quot;shutter_speed&quot;:&quot;0&quot;,&quot;title&quot;:&quot;&quot;,&quot;orientation&quot;:&quot;0&quot;}\" data-image-title=\"ARFOTOCRONO201934\" data-image-description=\"\" data-image-caption=\"&lt;p&gt;Foto Aaron Rezzonico &lt;\/p&gt;\n\" data-large-file=\"https:\/\/i0.wp.com\/uscatletica.ch\/wp\/wp-content\/uploads\/2019\/06\/ARFOTOCRONO201934.jpg?fit=480%2C360&amp;ssl=1\" src=\"https:\/\/i0.wp.com\/uscatletica.ch\/wp\/wp-content\/uploads\/2019\/06\/ARFOTOCRONO201934.jpg?resize=480%2C360&#038;ssl=1\" alt=\"\" data-id=\"8589\" data-link=\"https:\/\/uscatletica.ch\/wp\/?attachment_id=8589\" class=\"wp-image-8589\" srcset=\"https:\/\/i0.wp.com\/uscatletica.ch\/wp\/wp-content\/uploads\/2019\/06\/ARFOTOCRONO201934.jpg?w=480&amp;ssl=1 480w, https:\/\/i0.wp.com\/uscatletica.ch\/wp\/wp-content\/uploads\/2019\/06\/ARFOTOCRONO201934.jpg?resize=300%2C225&amp;ssl=1 300w\" sizes=\"auto, (max-width: 480px) 100vw, 480px\" \/><figcaption>Foto Aaron Rezzonico <\/figcaption><\/figure><\/li><li class=\"blocks-gallery-item\"><figure><img data-recalc-dims=\"1\" loading=\"lazy\" decoding=\"async\" width=\"480\" height=\"360\" data-attachment-id=\"8590\" data-permalink=\"https:\/\/uscatletica.ch\/wp\/?attachment_id=8590\" data-orig-file=\"https:\/\/i0.wp.com\/uscatletica.ch\/wp\/wp-content\/uploads\/2019\/06\/ARFOTOCRONO201935.jpg?fit=480%2C360&amp;ssl=1\" data-orig-size=\"480,360\" data-comments-opened=\"0\" data-image-meta=\"{&quot;aperture&quot;:&quot;0&quot;,&quot;credit&quot;:&quot;&quot;,&quot;camera&quot;:&quot;&quot;,&quot;caption&quot;:&quot;&quot;,&quot;created_timestamp&quot;:&quot;0&quot;,&quot;copyright&quot;:&quot;&quot;,&quot;focal_length&quot;:&quot;0&quot;,&quot;iso&quot;:&quot;0&quot;,&quot;shutter_speed&quot;:&quot;0&quot;,&quot;title&quot;:&quot;&quot;,&quot;orientation&quot;:&quot;0&quot;}\" data-image-title=\"ARFOTOCRONO201935\" data-image-description=\"\" data-image-caption=\"&lt;p&gt;Foto Aaron Rezzonico &lt;\/p&gt;\n\" data-large-file=\"https:\/\/i0.wp.com\/uscatletica.ch\/wp\/wp-content\/uploads\/2019\/06\/ARFOTOCRONO201935.jpg?fit=480%2C360&amp;ssl=1\" src=\"https:\/\/i0.wp.com\/uscatletica.ch\/wp\/wp-content\/uploads\/2019\/06\/ARFOTOCRONO201935.jpg?resize=480%2C360&#038;ssl=1\" alt=\"\" data-id=\"8590\" data-link=\"https:\/\/uscatletica.ch\/wp\/?attachment_id=8590\" class=\"wp-image-8590\" srcset=\"https:\/\/i0.wp.com\/uscatletica.ch\/wp\/wp-content\/uploads\/2019\/06\/ARFOTOCRONO201935.jpg?w=480&amp;ssl=1 480w, https:\/\/i0.wp.com\/uscatletica.ch\/wp\/wp-content\/uploads\/2019\/06\/ARFOTOCRONO201935.jpg?resize=300%2C225&amp;ssl=1 300w\" sizes=\"auto, (max-width: 480px) 100vw, 480px\" \/><figcaption>Foto Aaron Rezzonico <\/figcaption><\/figure><\/li><li class=\"blocks-gallery-item\"><figure><img data-recalc-dims=\"1\" loading=\"lazy\" decoding=\"async\" width=\"480\" height=\"360\" data-attachment-id=\"8591\" data-permalink=\"https:\/\/uscatletica.ch\/wp\/?attachment_id=8591\" data-orig-file=\"https:\/\/i0.wp.com\/uscatletica.ch\/wp\/wp-content\/uploads\/2019\/06\/ARFOTOCRONO201936.jpg?fit=480%2C360&amp;ssl=1\" data-orig-size=\"480,360\" data-comments-opened=\"0\" data-image-meta=\"{&quot;aperture&quot;:&quot;0&quot;,&quot;credit&quot;:&quot;&quot;,&quot;camera&quot;:&quot;&quot;,&quot;caption&quot;:&quot;&quot;,&quot;created_timestamp&quot;:&quot;0&quot;,&quot;copyright&quot;:&quot;&quot;,&quot;focal_length&quot;:&quot;0&quot;,&quot;iso&quot;:&quot;0&quot;,&quot;shutter_speed&quot;:&quot;0&quot;,&quot;title&quot;:&quot;&quot;,&quot;orientation&quot;:&quot;0&quot;}\" data-image-title=\"ARFOTOCRONO201936\" data-image-description=\"\" data-image-caption=\"&lt;p&gt;Foto Aaron Rezzonico &lt;\/p&gt;\n\" data-large-file=\"https:\/\/i0.wp.com\/uscatletica.ch\/wp\/wp-content\/uploads\/2019\/06\/ARFOTOCRONO201936.jpg?fit=480%2C360&amp;ssl=1\" src=\"https:\/\/i0.wp.com\/uscatletica.ch\/wp\/wp-content\/uploads\/2019\/06\/ARFOTOCRONO201936.jpg?resize=480%2C360&#038;ssl=1\" alt=\"\" data-id=\"8591\" data-link=\"https:\/\/uscatletica.ch\/wp\/?attachment_id=8591\" class=\"wp-image-8591\" srcset=\"https:\/\/i0.wp.com\/uscatletica.ch\/wp\/wp-content\/uploads\/2019\/06\/ARFOTOCRONO201936.jpg?w=480&amp;ssl=1 480w, https:\/\/i0.wp.com\/uscatletica.ch\/wp\/wp-content\/uploads\/2019\/06\/ARFOTOCRONO201936.jpg?resize=300%2C225&amp;ssl=1 300w\" sizes=\"auto, (max-width: 480px) 100vw, 480px\" \/><figcaption>Foto Aaron Rezzonico <\/figcaption><\/figure><\/li><li class=\"blocks-gallery-item\"><figure><img data-recalc-dims=\"1\" loading=\"lazy\" decoding=\"async\" width=\"480\" height=\"360\" data-attachment-id=\"8592\" data-permalink=\"https:\/\/uscatletica.ch\/wp\/?attachment_id=8592\" data-orig-file=\"https:\/\/i0.wp.com\/uscatletica.ch\/wp\/wp-content\/uploads\/2019\/06\/ARFOTOCRONO201937.jpg?fit=480%2C360&amp;ssl=1\" data-orig-size=\"480,360\" data-comments-opened=\"0\" data-image-meta=\"{&quot;aperture&quot;:&quot;0&quot;,&quot;credit&quot;:&quot;&quot;,&quot;camera&quot;:&quot;&quot;,&quot;caption&quot;:&quot;&quot;,&quot;created_timestamp&quot;:&quot;0&quot;,&quot;copyright&quot;:&quot;&quot;,&quot;focal_length&quot;:&quot;0&quot;,&quot;iso&quot;:&quot;0&quot;,&quot;shutter_speed&quot;:&quot;0&quot;,&quot;title&quot;:&quot;&quot;,&quot;orientation&quot;:&quot;0&quot;}\" data-image-title=\"ARFOTOCRONO201937\" data-image-description=\"\" data-image-caption=\"&lt;p&gt;Foto Aaron Rezzonico &lt;\/p&gt;\n\" data-large-file=\"https:\/\/i0.wp.com\/uscatletica.ch\/wp\/wp-content\/uploads\/2019\/06\/ARFOTOCRONO201937.jpg?fit=480%2C360&amp;ssl=1\" src=\"https:\/\/i0.wp.com\/uscatletica.ch\/wp\/wp-content\/uploads\/2019\/06\/ARFOTOCRONO201937.jpg?resize=480%2C360&#038;ssl=1\" alt=\"\" data-id=\"8592\" data-link=\"https:\/\/uscatletica.ch\/wp\/?attachment_id=8592\" class=\"wp-image-8592\" srcset=\"https:\/\/i0.wp.com\/uscatletica.ch\/wp\/wp-content\/uploads\/2019\/06\/ARFOTOCRONO201937.jpg?w=480&amp;ssl=1 480w, https:\/\/i0.wp.com\/uscatletica.ch\/wp\/wp-content\/uploads\/2019\/06\/ARFOTOCRONO201937.jpg?resize=300%2C225&amp;ssl=1 300w\" sizes=\"auto, (max-width: 480px) 100vw, 480px\" \/><figcaption>Foto Aaron Rezzonico <\/figcaption><\/figure><\/li><li class=\"blocks-gallery-item\"><figure><img data-recalc-dims=\"1\" loading=\"lazy\" decoding=\"async\" width=\"480\" height=\"360\" data-attachment-id=\"8593\" data-permalink=\"https:\/\/uscatletica.ch\/wp\/?attachment_id=8593\" data-orig-file=\"https:\/\/i0.wp.com\/uscatletica.ch\/wp\/wp-content\/uploads\/2019\/06\/ARFOTOCRONO201938.jpg?fit=480%2C360&amp;ssl=1\" data-orig-size=\"480,360\" data-comments-opened=\"0\" data-image-meta=\"{&quot;aperture&quot;:&quot;0&quot;,&quot;credit&quot;:&quot;&quot;,&quot;camera&quot;:&quot;&quot;,&quot;caption&quot;:&quot;&quot;,&quot;created_timestamp&quot;:&quot;0&quot;,&quot;copyright&quot;:&quot;&quot;,&quot;focal_length&quot;:&quot;0&quot;,&quot;iso&quot;:&quot;0&quot;,&quot;shutter_speed&quot;:&quot;0&quot;,&quot;title&quot;:&quot;&quot;,&quot;orientation&quot;:&quot;0&quot;}\" data-image-title=\"ARFOTOCRONO201938\" data-image-description=\"\" data-image-caption=\"&lt;p&gt;Foto Aaron Rezzonico &lt;\/p&gt;\n\" data-large-file=\"https:\/\/i0.wp.com\/uscatletica.ch\/wp\/wp-content\/uploads\/2019\/06\/ARFOTOCRONO201938.jpg?fit=480%2C360&amp;ssl=1\" src=\"https:\/\/i0.wp.com\/uscatletica.ch\/wp\/wp-content\/uploads\/2019\/06\/ARFOTOCRONO201938.jpg?resize=480%2C360&#038;ssl=1\" alt=\"\" data-id=\"8593\" data-link=\"https:\/\/uscatletica.ch\/wp\/?attachment_id=8593\" class=\"wp-image-8593\" srcset=\"https:\/\/i0.wp.com\/uscatletica.ch\/wp\/wp-content\/uploads\/2019\/06\/ARFOTOCRONO201938.jpg?w=480&amp;ssl=1 480w, https:\/\/i0.wp.com\/uscatletica.ch\/wp\/wp-content\/uploads\/2019\/06\/ARFOTOCRONO201938.jpg?resize=300%2C225&amp;ssl=1 300w\" sizes=\"auto, (max-width: 480px) 100vw, 480px\" \/><figcaption>Foto Aaron Rezzonico <\/figcaption><\/figure><\/li><li class=\"blocks-gallery-item\"><figure><img data-recalc-dims=\"1\" loading=\"lazy\" decoding=\"async\" width=\"480\" height=\"360\" data-attachment-id=\"8594\" data-permalink=\"https:\/\/uscatletica.ch\/wp\/?attachment_id=8594\" data-orig-file=\"https:\/\/i0.wp.com\/uscatletica.ch\/wp\/wp-content\/uploads\/2019\/06\/ARFOTOCRONO201939.jpg?fit=480%2C360&amp;ssl=1\" data-orig-size=\"480,360\" data-comments-opened=\"0\" data-image-meta=\"{&quot;aperture&quot;:&quot;0&quot;,&quot;credit&quot;:&quot;&quot;,&quot;camera&quot;:&quot;&quot;,&quot;caption&quot;:&quot;&quot;,&quot;created_timestamp&quot;:&quot;0&quot;,&quot;copyright&quot;:&quot;&quot;,&quot;focal_length&quot;:&quot;0&quot;,&quot;iso&quot;:&quot;0&quot;,&quot;shutter_speed&quot;:&quot;0&quot;,&quot;title&quot;:&quot;&quot;,&quot;orientation&quot;:&quot;0&quot;}\" data-image-title=\"ARFOTOCRONO201939\" data-image-description=\"\" data-image-caption=\"&lt;p&gt;Foto Aaron Rezzonico &lt;\/p&gt;\n\" data-large-file=\"https:\/\/i0.wp.com\/uscatletica.ch\/wp\/wp-content\/uploads\/2019\/06\/ARFOTOCRONO201939.jpg?fit=480%2C360&amp;ssl=1\" src=\"https:\/\/i0.wp.com\/uscatletica.ch\/wp\/wp-content\/uploads\/2019\/06\/ARFOTOCRONO201939.jpg?resize=480%2C360&#038;ssl=1\" alt=\"\" data-id=\"8594\" data-link=\"https:\/\/uscatletica.ch\/wp\/?attachment_id=8594\" class=\"wp-image-8594\" srcset=\"https:\/\/i0.wp.com\/uscatletica.ch\/wp\/wp-content\/uploads\/2019\/06\/ARFOTOCRONO201939.jpg?w=480&amp;ssl=1 480w, https:\/\/i0.wp.com\/uscatletica.ch\/wp\/wp-content\/uploads\/2019\/06\/ARFOTOCRONO201939.jpg?resize=300%2C225&amp;ssl=1 300w\" sizes=\"auto, (max-width: 480px) 100vw, 480px\" \/><figcaption>Foto Aaron Rezzonico <\/figcaption><\/figure><\/li><li class=\"blocks-gallery-item\"><figure><img data-recalc-dims=\"1\" loading=\"lazy\" decoding=\"async\" width=\"480\" height=\"360\" data-attachment-id=\"8595\" data-permalink=\"https:\/\/uscatletica.ch\/wp\/?attachment_id=8595\" data-orig-file=\"https:\/\/i0.wp.com\/uscatletica.ch\/wp\/wp-content\/uploads\/2019\/06\/ARFOTOCRONO201940.jpg?fit=480%2C360&amp;ssl=1\" data-orig-size=\"480,360\" data-comments-opened=\"0\" data-image-meta=\"{&quot;aperture&quot;:&quot;0&quot;,&quot;credit&quot;:&quot;&quot;,&quot;camera&quot;:&quot;&quot;,&quot;caption&quot;:&quot;&quot;,&quot;created_timestamp&quot;:&quot;0&quot;,&quot;copyright&quot;:&quot;&quot;,&quot;focal_length&quot;:&quot;0&quot;,&quot;iso&quot;:&quot;0&quot;,&quot;shutter_speed&quot;:&quot;0&quot;,&quot;title&quot;:&quot;&quot;,&quot;orientation&quot;:&quot;0&quot;}\" data-image-title=\"ARFOTOCRONO201940\" data-image-description=\"\" data-image-caption=\"&lt;p&gt;Foto Aaron Rezzonico &lt;\/p&gt;\n\" data-large-file=\"https:\/\/i0.wp.com\/uscatletica.ch\/wp\/wp-content\/uploads\/2019\/06\/ARFOTOCRONO201940.jpg?fit=480%2C360&amp;ssl=1\" src=\"https:\/\/i0.wp.com\/uscatletica.ch\/wp\/wp-content\/uploads\/2019\/06\/ARFOTOCRONO201940.jpg?resize=480%2C360&#038;ssl=1\" alt=\"\" data-id=\"8595\" data-link=\"https:\/\/uscatletica.ch\/wp\/?attachment_id=8595\" class=\"wp-image-8595\" srcset=\"https:\/\/i0.wp.com\/uscatletica.ch\/wp\/wp-content\/uploads\/2019\/06\/ARFOTOCRONO201940.jpg?w=480&amp;ssl=1 480w, https:\/\/i0.wp.com\/uscatletica.ch\/wp\/wp-content\/uploads\/2019\/06\/ARFOTOCRONO201940.jpg?resize=300%2C225&amp;ssl=1 300w\" sizes=\"auto, (max-width: 480px) 100vw, 480px\" \/><figcaption>Foto Aaron Rezzonico <\/figcaption><\/figure><\/li><li class=\"blocks-gallery-item\"><figure><img data-recalc-dims=\"1\" loading=\"lazy\" decoding=\"async\" width=\"480\" height=\"360\" data-attachment-id=\"8596\" data-permalink=\"https:\/\/uscatletica.ch\/wp\/?attachment_id=8596\" data-orig-file=\"https:\/\/i0.wp.com\/uscatletica.ch\/wp\/wp-content\/uploads\/2019\/06\/ARFOTOCRONO201941.jpg?fit=480%2C360&amp;ssl=1\" data-orig-size=\"480,360\" data-comments-opened=\"0\" data-image-meta=\"{&quot;aperture&quot;:&quot;0&quot;,&quot;credit&quot;:&quot;&quot;,&quot;camera&quot;:&quot;&quot;,&quot;caption&quot;:&quot;&quot;,&quot;created_timestamp&quot;:&quot;0&quot;,&quot;copyright&quot;:&quot;&quot;,&quot;focal_length&quot;:&quot;0&quot;,&quot;iso&quot;:&quot;0&quot;,&quot;shutter_speed&quot;:&quot;0&quot;,&quot;title&quot;:&quot;&quot;,&quot;orientation&quot;:&quot;0&quot;}\" data-image-title=\"ARFOTOCRONO201941\" data-image-description=\"\" data-image-caption=\"&lt;p&gt;Foto Aaron Rezzonico &lt;\/p&gt;\n\" data-large-file=\"https:\/\/i0.wp.com\/uscatletica.ch\/wp\/wp-content\/uploads\/2019\/06\/ARFOTOCRONO201941.jpg?fit=480%2C360&amp;ssl=1\" src=\"https:\/\/i0.wp.com\/uscatletica.ch\/wp\/wp-content\/uploads\/2019\/06\/ARFOTOCRONO201941.jpg?resize=480%2C360&#038;ssl=1\" alt=\"\" data-id=\"8596\" data-link=\"https:\/\/uscatletica.ch\/wp\/?attachment_id=8596\" class=\"wp-image-8596\" srcset=\"https:\/\/i0.wp.com\/uscatletica.ch\/wp\/wp-content\/uploads\/2019\/06\/ARFOTOCRONO201941.jpg?w=480&amp;ssl=1 480w, https:\/\/i0.wp.com\/uscatletica.ch\/wp\/wp-content\/uploads\/2019\/06\/ARFOTOCRONO201941.jpg?resize=300%2C225&amp;ssl=1 300w\" sizes=\"auto, (max-width: 480px) 100vw, 480px\" \/><figcaption>Foto Aaron Rezzonico <\/figcaption><\/figure><\/li><li class=\"blocks-gallery-item\"><figure><img data-recalc-dims=\"1\" loading=\"lazy\" decoding=\"async\" width=\"480\" height=\"360\" data-attachment-id=\"8597\" data-permalink=\"https:\/\/uscatletica.ch\/wp\/?attachment_id=8597\" data-orig-file=\"https:\/\/i0.wp.com\/uscatletica.ch\/wp\/wp-content\/uploads\/2019\/06\/ARFOTOCRONO201942.jpeg?fit=480%2C360&amp;ssl=1\" data-orig-size=\"480,360\" data-comments-opened=\"0\" data-image-meta=\"{&quot;aperture&quot;:&quot;0&quot;,&quot;credit&quot;:&quot;&quot;,&quot;camera&quot;:&quot;&quot;,&quot;caption&quot;:&quot;&quot;,&quot;created_timestamp&quot;:&quot;0&quot;,&quot;copyright&quot;:&quot;&quot;,&quot;focal_length&quot;:&quot;0&quot;,&quot;iso&quot;:&quot;0&quot;,&quot;shutter_speed&quot;:&quot;0&quot;,&quot;title&quot;:&quot;&quot;,&quot;orientation&quot;:&quot;0&quot;}\" data-image-title=\"ARFOTOCRONO201942\" data-image-description=\"\" data-image-caption=\"&lt;p&gt;Foto Aaron Rezzonico &lt;\/p&gt;\n\" data-large-file=\"https:\/\/i0.wp.com\/uscatletica.ch\/wp\/wp-content\/uploads\/2019\/06\/ARFOTOCRONO201942.jpeg?fit=480%2C360&amp;ssl=1\" src=\"https:\/\/i0.wp.com\/uscatletica.ch\/wp\/wp-content\/uploads\/2019\/06\/ARFOTOCRONO201942.jpeg?resize=480%2C360&#038;ssl=1\" alt=\"\" data-id=\"8597\" data-link=\"https:\/\/uscatletica.ch\/wp\/?attachment_id=8597\" class=\"wp-image-8597\" srcset=\"https:\/\/i0.wp.com\/uscatletica.ch\/wp\/wp-content\/uploads\/2019\/06\/ARFOTOCRONO201942.jpeg?w=480&amp;ssl=1 480w, https:\/\/i0.wp.com\/uscatletica.ch\/wp\/wp-content\/uploads\/2019\/06\/ARFOTOCRONO201942.jpeg?resize=300%2C225&amp;ssl=1 300w\" sizes=\"auto, (max-width: 480px) 100vw, 480px\" \/><figcaption>Foto Aaron Rezzonico <\/figcaption><\/figure><\/li><li class=\"blocks-gallery-item\"><figure><img data-recalc-dims=\"1\" loading=\"lazy\" decoding=\"async\" width=\"480\" height=\"360\" data-attachment-id=\"8598\" data-permalink=\"https:\/\/uscatletica.ch\/wp\/?attachment_id=8598\" data-orig-file=\"https:\/\/i0.wp.com\/uscatletica.ch\/wp\/wp-content\/uploads\/2019\/06\/ARFOTOCRONO201943.jpg?fit=480%2C360&amp;ssl=1\" data-orig-size=\"480,360\" data-comments-opened=\"0\" data-image-meta=\"{&quot;aperture&quot;:&quot;0&quot;,&quot;credit&quot;:&quot;&quot;,&quot;camera&quot;:&quot;&quot;,&quot;caption&quot;:&quot;&quot;,&quot;created_timestamp&quot;:&quot;0&quot;,&quot;copyright&quot;:&quot;&quot;,&quot;focal_length&quot;:&quot;0&quot;,&quot;iso&quot;:&quot;0&quot;,&quot;shutter_speed&quot;:&quot;0&quot;,&quot;title&quot;:&quot;&quot;,&quot;orientation&quot;:&quot;0&quot;}\" data-image-title=\"ARFOTOCRONO201943\" data-image-description=\"\" data-image-caption=\"&lt;p&gt;Foto Aaron Rezzonico &lt;\/p&gt;\n\" data-large-file=\"https:\/\/i0.wp.com\/uscatletica.ch\/wp\/wp-content\/uploads\/2019\/06\/ARFOTOCRONO201943.jpg?fit=480%2C360&amp;ssl=1\" src=\"https:\/\/i0.wp.com\/uscatletica.ch\/wp\/wp-content\/uploads\/2019\/06\/ARFOTOCRONO201943.jpg?resize=480%2C360&#038;ssl=1\" alt=\"\" data-id=\"8598\" data-link=\"https:\/\/uscatletica.ch\/wp\/?attachment_id=8598\" class=\"wp-image-8598\" srcset=\"https:\/\/i0.wp.com\/uscatletica.ch\/wp\/wp-content\/uploads\/2019\/06\/ARFOTOCRONO201943.jpg?w=480&amp;ssl=1 480w, https:\/\/i0.wp.com\/uscatletica.ch\/wp\/wp-content\/uploads\/2019\/06\/ARFOTOCRONO201943.jpg?resize=300%2C225&amp;ssl=1 300w\" sizes=\"auto, (max-width: 480px) 100vw, 480px\" \/><figcaption>Foto Aaron Rezzonico <\/figcaption><\/figure><\/li><li class=\"blocks-gallery-item\"><figure><img data-recalc-dims=\"1\" loading=\"lazy\" decoding=\"async\" width=\"480\" height=\"360\" data-attachment-id=\"8599\" data-permalink=\"https:\/\/uscatletica.ch\/wp\/?attachment_id=8599\" data-orig-file=\"https:\/\/i0.wp.com\/uscatletica.ch\/wp\/wp-content\/uploads\/2019\/06\/ARFOTOCRONO201944.jpg?fit=480%2C360&amp;ssl=1\" data-orig-size=\"480,360\" data-comments-opened=\"0\" data-image-meta=\"{&quot;aperture&quot;:&quot;0&quot;,&quot;credit&quot;:&quot;&quot;,&quot;camera&quot;:&quot;&quot;,&quot;caption&quot;:&quot;&quot;,&quot;created_timestamp&quot;:&quot;0&quot;,&quot;copyright&quot;:&quot;&quot;,&quot;focal_length&quot;:&quot;0&quot;,&quot;iso&quot;:&quot;0&quot;,&quot;shutter_speed&quot;:&quot;0&quot;,&quot;title&quot;:&quot;&quot;,&quot;orientation&quot;:&quot;0&quot;}\" data-image-title=\"ARFOTOCRONO201944\" data-image-description=\"\" data-image-caption=\"&lt;p&gt;Foto Aaron Rezzonico &lt;\/p&gt;\n\" data-large-file=\"https:\/\/i0.wp.com\/uscatletica.ch\/wp\/wp-content\/uploads\/2019\/06\/ARFOTOCRONO201944.jpg?fit=480%2C360&amp;ssl=1\" src=\"https:\/\/i0.wp.com\/uscatletica.ch\/wp\/wp-content\/uploads\/2019\/06\/ARFOTOCRONO201944.jpg?resize=480%2C360&#038;ssl=1\" alt=\"\" data-id=\"8599\" data-link=\"https:\/\/uscatletica.ch\/wp\/?attachment_id=8599\" class=\"wp-image-8599\" srcset=\"https:\/\/i0.wp.com\/uscatletica.ch\/wp\/wp-content\/uploads\/2019\/06\/ARFOTOCRONO201944.jpg?w=480&amp;ssl=1 480w, https:\/\/i0.wp.com\/uscatletica.ch\/wp\/wp-content\/uploads\/2019\/06\/ARFOTOCRONO201944.jpg?resize=300%2C225&amp;ssl=1 300w\" sizes=\"auto, (max-width: 480px) 100vw, 480px\" \/><figcaption>Foto Aaron Rezzonico <\/figcaption><\/figure><\/li><li class=\"blocks-gallery-item\"><figure><img data-recalc-dims=\"1\" loading=\"lazy\" decoding=\"async\" width=\"480\" height=\"360\" data-attachment-id=\"8600\" data-permalink=\"https:\/\/uscatletica.ch\/wp\/?attachment_id=8600\" data-orig-file=\"https:\/\/i0.wp.com\/uscatletica.ch\/wp\/wp-content\/uploads\/2019\/06\/ARFOTOCRONO201945.jpg?fit=480%2C360&amp;ssl=1\" data-orig-size=\"480,360\" data-comments-opened=\"0\" data-image-meta=\"{&quot;aperture&quot;:&quot;0&quot;,&quot;credit&quot;:&quot;&quot;,&quot;camera&quot;:&quot;&quot;,&quot;caption&quot;:&quot;&quot;,&quot;created_timestamp&quot;:&quot;0&quot;,&quot;copyright&quot;:&quot;&quot;,&quot;focal_length&quot;:&quot;0&quot;,&quot;iso&quot;:&quot;0&quot;,&quot;shutter_speed&quot;:&quot;0&quot;,&quot;title&quot;:&quot;&quot;,&quot;orientation&quot;:&quot;0&quot;}\" data-image-title=\"ARFOTOCRONO201945\" data-image-description=\"\" data-image-caption=\"&lt;p&gt;Foto Aaron Rezzonico &lt;\/p&gt;\n\" data-large-file=\"https:\/\/i0.wp.com\/uscatletica.ch\/wp\/wp-content\/uploads\/2019\/06\/ARFOTOCRONO201945.jpg?fit=480%2C360&amp;ssl=1\" src=\"https:\/\/i0.wp.com\/uscatletica.ch\/wp\/wp-content\/uploads\/2019\/06\/ARFOTOCRONO201945.jpg?resize=480%2C360&#038;ssl=1\" alt=\"\" data-id=\"8600\" data-link=\"https:\/\/uscatletica.ch\/wp\/?attachment_id=8600\" class=\"wp-image-8600\" srcset=\"https:\/\/i0.wp.com\/uscatletica.ch\/wp\/wp-content\/uploads\/2019\/06\/ARFOTOCRONO201945.jpg?w=480&amp;ssl=1 480w, https:\/\/i0.wp.com\/uscatletica.ch\/wp\/wp-content\/uploads\/2019\/06\/ARFOTOCRONO201945.jpg?resize=300%2C225&amp;ssl=1 300w\" sizes=\"auto, (max-width: 480px) 100vw, 480px\" \/><figcaption>Foto Aaron Rezzonico <\/figcaption><\/figure><\/li><li class=\"blocks-gallery-item\"><figure><img data-recalc-dims=\"1\" loading=\"lazy\" decoding=\"async\" width=\"480\" height=\"360\" data-attachment-id=\"8601\" data-permalink=\"https:\/\/uscatletica.ch\/wp\/?attachment_id=8601\" data-orig-file=\"https:\/\/i0.wp.com\/uscatletica.ch\/wp\/wp-content\/uploads\/2019\/06\/ARFOTOCRONO201946.jpg?fit=480%2C360&amp;ssl=1\" data-orig-size=\"480,360\" data-comments-opened=\"0\" data-image-meta=\"{&quot;aperture&quot;:&quot;0&quot;,&quot;credit&quot;:&quot;&quot;,&quot;camera&quot;:&quot;&quot;,&quot;caption&quot;:&quot;&quot;,&quot;created_timestamp&quot;:&quot;0&quot;,&quot;copyright&quot;:&quot;&quot;,&quot;focal_length&quot;:&quot;0&quot;,&quot;iso&quot;:&quot;0&quot;,&quot;shutter_speed&quot;:&quot;0&quot;,&quot;title&quot;:&quot;&quot;,&quot;orientation&quot;:&quot;0&quot;}\" data-image-title=\"ARFOTOCRONO201946\" data-image-description=\"\" data-image-caption=\"&lt;p&gt;Foto Aaron Rezzonico &lt;\/p&gt;\n\" data-large-file=\"https:\/\/i0.wp.com\/uscatletica.ch\/wp\/wp-content\/uploads\/2019\/06\/ARFOTOCRONO201946.jpg?fit=480%2C360&amp;ssl=1\" src=\"https:\/\/i0.wp.com\/uscatletica.ch\/wp\/wp-content\/uploads\/2019\/06\/ARFOTOCRONO201946.jpg?resize=480%2C360&#038;ssl=1\" alt=\"\" data-id=\"8601\" data-link=\"https:\/\/uscatletica.ch\/wp\/?attachment_id=8601\" class=\"wp-image-8601\" srcset=\"https:\/\/i0.wp.com\/uscatletica.ch\/wp\/wp-content\/uploads\/2019\/06\/ARFOTOCRONO201946.jpg?w=480&amp;ssl=1 480w, https:\/\/i0.wp.com\/uscatletica.ch\/wp\/wp-content\/uploads\/2019\/06\/ARFOTOCRONO201946.jpg?resize=300%2C225&amp;ssl=1 300w\" sizes=\"auto, (max-width: 480px) 100vw, 480px\" \/><figcaption>Foto Aaron Rezzonico <\/figcaption><\/figure><\/li><li class=\"blocks-gallery-item\"><figure><img data-recalc-dims=\"1\" loading=\"lazy\" decoding=\"async\" width=\"480\" height=\"360\" data-attachment-id=\"8602\" data-permalink=\"https:\/\/uscatletica.ch\/wp\/?attachment_id=8602\" data-orig-file=\"https:\/\/i0.wp.com\/uscatletica.ch\/wp\/wp-content\/uploads\/2019\/06\/ARFOTOCRONO201947.jpg?fit=480%2C360&amp;ssl=1\" data-orig-size=\"480,360\" data-comments-opened=\"0\" data-image-meta=\"{&quot;aperture&quot;:&quot;0&quot;,&quot;credit&quot;:&quot;&quot;,&quot;camera&quot;:&quot;&quot;,&quot;caption&quot;:&quot;&quot;,&quot;created_timestamp&quot;:&quot;0&quot;,&quot;copyright&quot;:&quot;&quot;,&quot;focal_length&quot;:&quot;0&quot;,&quot;iso&quot;:&quot;0&quot;,&quot;shutter_speed&quot;:&quot;0&quot;,&quot;title&quot;:&quot;&quot;,&quot;orientation&quot;:&quot;0&quot;}\" data-image-title=\"ARFOTOCRONO201947\" data-image-description=\"\" data-image-caption=\"&lt;p&gt;Foto Aaron Rezzonico &lt;\/p&gt;\n\" data-large-file=\"https:\/\/i0.wp.com\/uscatletica.ch\/wp\/wp-content\/uploads\/2019\/06\/ARFOTOCRONO201947.jpg?fit=480%2C360&amp;ssl=1\" src=\"https:\/\/i0.wp.com\/uscatletica.ch\/wp\/wp-content\/uploads\/2019\/06\/ARFOTOCRONO201947.jpg?resize=480%2C360&#038;ssl=1\" alt=\"\" data-id=\"8602\" data-link=\"https:\/\/uscatletica.ch\/wp\/?attachment_id=8602\" class=\"wp-image-8602\" srcset=\"https:\/\/i0.wp.com\/uscatletica.ch\/wp\/wp-content\/uploads\/2019\/06\/ARFOTOCRONO201947.jpg?w=480&amp;ssl=1 480w, https:\/\/i0.wp.com\/uscatletica.ch\/wp\/wp-content\/uploads\/2019\/06\/ARFOTOCRONO201947.jpg?resize=300%2C225&amp;ssl=1 300w\" sizes=\"auto, (max-width: 480px) 100vw, 480px\" \/><figcaption>Foto Aaron Rezzonico <\/figcaption><\/figure><\/li><li class=\"blocks-gallery-item\"><figure><img data-recalc-dims=\"1\" loading=\"lazy\" decoding=\"async\" width=\"480\" height=\"360\" data-attachment-id=\"8603\" data-permalink=\"https:\/\/uscatletica.ch\/wp\/?attachment_id=8603\" data-orig-file=\"https:\/\/i0.wp.com\/uscatletica.ch\/wp\/wp-content\/uploads\/2019\/06\/ARFOTOCRONO201948.jpg?fit=480%2C360&amp;ssl=1\" data-orig-size=\"480,360\" data-comments-opened=\"0\" data-image-meta=\"{&quot;aperture&quot;:&quot;0&quot;,&quot;credit&quot;:&quot;&quot;,&quot;camera&quot;:&quot;&quot;,&quot;caption&quot;:&quot;&quot;,&quot;created_timestamp&quot;:&quot;0&quot;,&quot;copyright&quot;:&quot;&quot;,&quot;focal_length&quot;:&quot;0&quot;,&quot;iso&quot;:&quot;0&quot;,&quot;shutter_speed&quot;:&quot;0&quot;,&quot;title&quot;:&quot;&quot;,&quot;orientation&quot;:&quot;0&quot;}\" data-image-title=\"ARFOTOCRONO201948\" data-image-description=\"\" data-image-caption=\"&lt;p&gt;Foto Aaron Rezzonico &lt;\/p&gt;\n\" data-large-file=\"https:\/\/i0.wp.com\/uscatletica.ch\/wp\/wp-content\/uploads\/2019\/06\/ARFOTOCRONO201948.jpg?fit=480%2C360&amp;ssl=1\" src=\"https:\/\/i0.wp.com\/uscatletica.ch\/wp\/wp-content\/uploads\/2019\/06\/ARFOTOCRONO201948.jpg?resize=480%2C360&#038;ssl=1\" alt=\"\" data-id=\"8603\" data-link=\"https:\/\/uscatletica.ch\/wp\/?attachment_id=8603\" class=\"wp-image-8603\" srcset=\"https:\/\/i0.wp.com\/uscatletica.ch\/wp\/wp-content\/uploads\/2019\/06\/ARFOTOCRONO201948.jpg?w=480&amp;ssl=1 480w, https:\/\/i0.wp.com\/uscatletica.ch\/wp\/wp-content\/uploads\/2019\/06\/ARFOTOCRONO201948.jpg?resize=300%2C225&amp;ssl=1 300w\" sizes=\"auto, (max-width: 480px) 100vw, 480px\" \/><figcaption>Foto Aaron Rezzonico <\/figcaption><\/figure><\/li><li class=\"blocks-gallery-item\"><figure><img data-recalc-dims=\"1\" loading=\"lazy\" decoding=\"async\" width=\"480\" height=\"360\" data-attachment-id=\"8604\" data-permalink=\"https:\/\/uscatletica.ch\/wp\/?attachment_id=8604\" data-orig-file=\"https:\/\/i0.wp.com\/uscatletica.ch\/wp\/wp-content\/uploads\/2019\/06\/ARFOTOCRONO201949.jpg?fit=480%2C360&amp;ssl=1\" data-orig-size=\"480,360\" data-comments-opened=\"0\" data-image-meta=\"{&quot;aperture&quot;:&quot;0&quot;,&quot;credit&quot;:&quot;&quot;,&quot;camera&quot;:&quot;&quot;,&quot;caption&quot;:&quot;&quot;,&quot;created_timestamp&quot;:&quot;0&quot;,&quot;copyright&quot;:&quot;&quot;,&quot;focal_length&quot;:&quot;0&quot;,&quot;iso&quot;:&quot;0&quot;,&quot;shutter_speed&quot;:&quot;0&quot;,&quot;title&quot;:&quot;&quot;,&quot;orientation&quot;:&quot;0&quot;}\" data-image-title=\"ARFOTOCRONO201949\" data-image-description=\"\" data-image-caption=\"&lt;p&gt;Foto Aaron Rezzonico &lt;\/p&gt;\n\" data-large-file=\"https:\/\/i0.wp.com\/uscatletica.ch\/wp\/wp-content\/uploads\/2019\/06\/ARFOTOCRONO201949.jpg?fit=480%2C360&amp;ssl=1\" src=\"https:\/\/i0.wp.com\/uscatletica.ch\/wp\/wp-content\/uploads\/2019\/06\/ARFOTOCRONO201949.jpg?resize=480%2C360&#038;ssl=1\" alt=\"\" data-id=\"8604\" data-link=\"https:\/\/uscatletica.ch\/wp\/?attachment_id=8604\" class=\"wp-image-8604\" srcset=\"https:\/\/i0.wp.com\/uscatletica.ch\/wp\/wp-content\/uploads\/2019\/06\/ARFOTOCRONO201949.jpg?w=480&amp;ssl=1 480w, https:\/\/i0.wp.com\/uscatletica.ch\/wp\/wp-content\/uploads\/2019\/06\/ARFOTOCRONO201949.jpg?resize=300%2C225&amp;ssl=1 300w\" sizes=\"auto, (max-width: 480px) 100vw, 480px\" \/><figcaption>Foto Aaron Rezzonico <\/figcaption><\/figure><\/li><li class=\"blocks-gallery-item\"><figure><img data-recalc-dims=\"1\" loading=\"lazy\" decoding=\"async\" width=\"480\" height=\"360\" data-attachment-id=\"8605\" data-permalink=\"https:\/\/uscatletica.ch\/wp\/?attachment_id=8605\" data-orig-file=\"https:\/\/i0.wp.com\/uscatletica.ch\/wp\/wp-content\/uploads\/2019\/06\/ARFOTOCRONO201950.jpg?fit=480%2C360&amp;ssl=1\" data-orig-size=\"480,360\" data-comments-opened=\"0\" data-image-meta=\"{&quot;aperture&quot;:&quot;0&quot;,&quot;credit&quot;:&quot;&quot;,&quot;camera&quot;:&quot;&quot;,&quot;caption&quot;:&quot;&quot;,&quot;created_timestamp&quot;:&quot;0&quot;,&quot;copyright&quot;:&quot;&quot;,&quot;focal_length&quot;:&quot;0&quot;,&quot;iso&quot;:&quot;0&quot;,&quot;shutter_speed&quot;:&quot;0&quot;,&quot;title&quot;:&quot;&quot;,&quot;orientation&quot;:&quot;0&quot;}\" data-image-title=\"ARFOTOCRONO201950\" data-image-description=\"\" data-image-caption=\"&lt;p&gt;Foto Aaron Rezzonico &lt;\/p&gt;\n\" data-large-file=\"https:\/\/i0.wp.com\/uscatletica.ch\/wp\/wp-content\/uploads\/2019\/06\/ARFOTOCRONO201950.jpg?fit=480%2C360&amp;ssl=1\" src=\"https:\/\/i0.wp.com\/uscatletica.ch\/wp\/wp-content\/uploads\/2019\/06\/ARFOTOCRONO201950.jpg?resize=480%2C360&#038;ssl=1\" alt=\"\" data-id=\"8605\" data-link=\"https:\/\/uscatletica.ch\/wp\/?attachment_id=8605\" class=\"wp-image-8605\" srcset=\"https:\/\/i0.wp.com\/uscatletica.ch\/wp\/wp-content\/uploads\/2019\/06\/ARFOTOCRONO201950.jpg?w=480&amp;ssl=1 480w, https:\/\/i0.wp.com\/uscatletica.ch\/wp\/wp-content\/uploads\/2019\/06\/ARFOTOCRONO201950.jpg?resize=300%2C225&amp;ssl=1 300w\" sizes=\"auto, (max-width: 480px) 100vw, 480px\" \/><figcaption>Foto Aaron Rezzonico <\/figcaption><\/figure><\/li><li class=\"blocks-gallery-item\"><figure><img data-recalc-dims=\"1\" loading=\"lazy\" decoding=\"async\" width=\"480\" height=\"360\" data-attachment-id=\"8606\" data-permalink=\"https:\/\/uscatletica.ch\/wp\/?attachment_id=8606\" data-orig-file=\"https:\/\/i0.wp.com\/uscatletica.ch\/wp\/wp-content\/uploads\/2019\/06\/ARFOTOCRONO201951.jpg?fit=480%2C360&amp;ssl=1\" data-orig-size=\"480,360\" data-comments-opened=\"0\" data-image-meta=\"{&quot;aperture&quot;:&quot;0&quot;,&quot;credit&quot;:&quot;&quot;,&quot;camera&quot;:&quot;&quot;,&quot;caption&quot;:&quot;&quot;,&quot;created_timestamp&quot;:&quot;0&quot;,&quot;copyright&quot;:&quot;&quot;,&quot;focal_length&quot;:&quot;0&quot;,&quot;iso&quot;:&quot;0&quot;,&quot;shutter_speed&quot;:&quot;0&quot;,&quot;title&quot;:&quot;&quot;,&quot;orientation&quot;:&quot;0&quot;}\" data-image-title=\"ARFOTOCRONO201951\" data-image-description=\"\" data-image-caption=\"&lt;p&gt;Foto Aaron Rezzonico &lt;\/p&gt;\n\" data-large-file=\"https:\/\/i0.wp.com\/uscatletica.ch\/wp\/wp-content\/uploads\/2019\/06\/ARFOTOCRONO201951.jpg?fit=480%2C360&amp;ssl=1\" src=\"https:\/\/i0.wp.com\/uscatletica.ch\/wp\/wp-content\/uploads\/2019\/06\/ARFOTOCRONO201951.jpg?resize=480%2C360&#038;ssl=1\" alt=\"\" data-id=\"8606\" data-link=\"https:\/\/uscatletica.ch\/wp\/?attachment_id=8606\" class=\"wp-image-8606\" srcset=\"https:\/\/i0.wp.com\/uscatletica.ch\/wp\/wp-content\/uploads\/2019\/06\/ARFOTOCRONO201951.jpg?w=480&amp;ssl=1 480w, https:\/\/i0.wp.com\/uscatletica.ch\/wp\/wp-content\/uploads\/2019\/06\/ARFOTOCRONO201951.jpg?resize=300%2C225&amp;ssl=1 300w\" sizes=\"auto, (max-width: 480px) 100vw, 480px\" \/><figcaption>Foto Aaron Rezzonico <\/figcaption><\/figure><\/li><li class=\"blocks-gallery-item\"><figure><img data-recalc-dims=\"1\" loading=\"lazy\" decoding=\"async\" width=\"480\" height=\"360\" data-attachment-id=\"8607\" data-permalink=\"https:\/\/uscatletica.ch\/wp\/?attachment_id=8607\" data-orig-file=\"https:\/\/i0.wp.com\/uscatletica.ch\/wp\/wp-content\/uploads\/2019\/06\/ARFOTOCRONO201952.jpg?fit=480%2C360&amp;ssl=1\" data-orig-size=\"480,360\" data-comments-opened=\"0\" data-image-meta=\"{&quot;aperture&quot;:&quot;0&quot;,&quot;credit&quot;:&quot;&quot;,&quot;camera&quot;:&quot;&quot;,&quot;caption&quot;:&quot;&quot;,&quot;created_timestamp&quot;:&quot;0&quot;,&quot;copyright&quot;:&quot;&quot;,&quot;focal_length&quot;:&quot;0&quot;,&quot;iso&quot;:&quot;0&quot;,&quot;shutter_speed&quot;:&quot;0&quot;,&quot;title&quot;:&quot;&quot;,&quot;orientation&quot;:&quot;0&quot;}\" data-image-title=\"ARFOTOCRONO201952\" data-image-description=\"\" data-image-caption=\"&lt;p&gt;Foto Aaron Rezzonico &lt;\/p&gt;\n\" data-large-file=\"https:\/\/i0.wp.com\/uscatletica.ch\/wp\/wp-content\/uploads\/2019\/06\/ARFOTOCRONO201952.jpg?fit=480%2C360&amp;ssl=1\" src=\"https:\/\/i0.wp.com\/uscatletica.ch\/wp\/wp-content\/uploads\/2019\/06\/ARFOTOCRONO201952.jpg?resize=480%2C360&#038;ssl=1\" alt=\"\" data-id=\"8607\" data-link=\"https:\/\/uscatletica.ch\/wp\/?attachment_id=8607\" class=\"wp-image-8607\" srcset=\"https:\/\/i0.wp.com\/uscatletica.ch\/wp\/wp-content\/uploads\/2019\/06\/ARFOTOCRONO201952.jpg?w=480&amp;ssl=1 480w, https:\/\/i0.wp.com\/uscatletica.ch\/wp\/wp-content\/uploads\/2019\/06\/ARFOTOCRONO201952.jpg?resize=300%2C225&amp;ssl=1 300w\" sizes=\"auto, (max-width: 480px) 100vw, 480px\" \/><figcaption>Foto Aaron Rezzonico <\/figcaption><\/figure><\/li><li class=\"blocks-gallery-item\"><figure><img data-recalc-dims=\"1\" loading=\"lazy\" decoding=\"async\" width=\"480\" height=\"360\" data-attachment-id=\"8608\" data-permalink=\"https:\/\/uscatletica.ch\/wp\/?attachment_id=8608\" data-orig-file=\"https:\/\/i0.wp.com\/uscatletica.ch\/wp\/wp-content\/uploads\/2019\/06\/ARFOTOCRONO201953.jpeg?fit=480%2C360&amp;ssl=1\" data-orig-size=\"480,360\" data-comments-opened=\"0\" data-image-meta=\"{&quot;aperture&quot;:&quot;0&quot;,&quot;credit&quot;:&quot;&quot;,&quot;camera&quot;:&quot;&quot;,&quot;caption&quot;:&quot;&quot;,&quot;created_timestamp&quot;:&quot;0&quot;,&quot;copyright&quot;:&quot;&quot;,&quot;focal_length&quot;:&quot;0&quot;,&quot;iso&quot;:&quot;0&quot;,&quot;shutter_speed&quot;:&quot;0&quot;,&quot;title&quot;:&quot;&quot;,&quot;orientation&quot;:&quot;0&quot;}\" data-image-title=\"ARFOTOCRONO201953\" data-image-description=\"\" data-image-caption=\"&lt;p&gt;Foto Aaron Rezzonico &lt;\/p&gt;\n\" data-large-file=\"https:\/\/i0.wp.com\/uscatletica.ch\/wp\/wp-content\/uploads\/2019\/06\/ARFOTOCRONO201953.jpeg?fit=480%2C360&amp;ssl=1\" src=\"https:\/\/i0.wp.com\/uscatletica.ch\/wp\/wp-content\/uploads\/2019\/06\/ARFOTOCRONO201953.jpeg?resize=480%2C360&#038;ssl=1\" alt=\"\" data-id=\"8608\" data-link=\"https:\/\/uscatletica.ch\/wp\/?attachment_id=8608\" class=\"wp-image-8608\" srcset=\"https:\/\/i0.wp.com\/uscatletica.ch\/wp\/wp-content\/uploads\/2019\/06\/ARFOTOCRONO201953.jpeg?w=480&amp;ssl=1 480w, https:\/\/i0.wp.com\/uscatletica.ch\/wp\/wp-content\/uploads\/2019\/06\/ARFOTOCRONO201953.jpeg?resize=300%2C225&amp;ssl=1 300w\" sizes=\"auto, (max-width: 480px) 100vw, 480px\" \/><figcaption>Foto Aaron Rezzonico <\/figcaption><\/figure><\/li><li class=\"blocks-gallery-item\"><figure><img data-recalc-dims=\"1\" loading=\"lazy\" decoding=\"async\" width=\"480\" height=\"360\" data-attachment-id=\"8609\" data-permalink=\"https:\/\/uscatletica.ch\/wp\/?attachment_id=8609\" data-orig-file=\"https:\/\/i0.wp.com\/uscatletica.ch\/wp\/wp-content\/uploads\/2019\/06\/ARFOTOCRONO201954.jpg?fit=480%2C360&amp;ssl=1\" data-orig-size=\"480,360\" data-comments-opened=\"0\" data-image-meta=\"{&quot;aperture&quot;:&quot;0&quot;,&quot;credit&quot;:&quot;&quot;,&quot;camera&quot;:&quot;&quot;,&quot;caption&quot;:&quot;&quot;,&quot;created_timestamp&quot;:&quot;0&quot;,&quot;copyright&quot;:&quot;&quot;,&quot;focal_length&quot;:&quot;0&quot;,&quot;iso&quot;:&quot;0&quot;,&quot;shutter_speed&quot;:&quot;0&quot;,&quot;title&quot;:&quot;&quot;,&quot;orientation&quot;:&quot;0&quot;}\" data-image-title=\"ARFOTOCRONO201954\" data-image-description=\"\" data-image-caption=\"&lt;p&gt;Foto Aaron Rezzonico &lt;\/p&gt;\n\" data-large-file=\"https:\/\/i0.wp.com\/uscatletica.ch\/wp\/wp-content\/uploads\/2019\/06\/ARFOTOCRONO201954.jpg?fit=480%2C360&amp;ssl=1\" src=\"https:\/\/i0.wp.com\/uscatletica.ch\/wp\/wp-content\/uploads\/2019\/06\/ARFOTOCRONO201954.jpg?resize=480%2C360&#038;ssl=1\" alt=\"\" data-id=\"8609\" data-link=\"https:\/\/uscatletica.ch\/wp\/?attachment_id=8609\" class=\"wp-image-8609\" srcset=\"https:\/\/i0.wp.com\/uscatletica.ch\/wp\/wp-content\/uploads\/2019\/06\/ARFOTOCRONO201954.jpg?w=480&amp;ssl=1 480w, https:\/\/i0.wp.com\/uscatletica.ch\/wp\/wp-content\/uploads\/2019\/06\/ARFOTOCRONO201954.jpg?resize=300%2C225&amp;ssl=1 300w\" sizes=\"auto, (max-width: 480px) 100vw, 480px\" \/><figcaption>Foto Aaron Rezzonico <\/figcaption><\/figure><\/li><li class=\"blocks-gallery-item\"><figure><img data-recalc-dims=\"1\" loading=\"lazy\" decoding=\"async\" width=\"480\" height=\"360\" data-attachment-id=\"8610\" data-permalink=\"https:\/\/uscatletica.ch\/wp\/?attachment_id=8610\" data-orig-file=\"https:\/\/i0.wp.com\/uscatletica.ch\/wp\/wp-content\/uploads\/2019\/06\/ARFOTOCRONO201955.jpg?fit=480%2C360&amp;ssl=1\" data-orig-size=\"480,360\" data-comments-opened=\"0\" data-image-meta=\"{&quot;aperture&quot;:&quot;0&quot;,&quot;credit&quot;:&quot;&quot;,&quot;camera&quot;:&quot;&quot;,&quot;caption&quot;:&quot;&quot;,&quot;created_timestamp&quot;:&quot;0&quot;,&quot;copyright&quot;:&quot;&quot;,&quot;focal_length&quot;:&quot;0&quot;,&quot;iso&quot;:&quot;0&quot;,&quot;shutter_speed&quot;:&quot;0&quot;,&quot;title&quot;:&quot;&quot;,&quot;orientation&quot;:&quot;0&quot;}\" data-image-title=\"ARFOTOCRONO201955\" data-image-description=\"\" data-image-caption=\"&lt;p&gt;Foto Aaron Rezzonico &lt;\/p&gt;\n\" data-large-file=\"https:\/\/i0.wp.com\/uscatletica.ch\/wp\/wp-content\/uploads\/2019\/06\/ARFOTOCRONO201955.jpg?fit=480%2C360&amp;ssl=1\" src=\"https:\/\/i0.wp.com\/uscatletica.ch\/wp\/wp-content\/uploads\/2019\/06\/ARFOTOCRONO201955.jpg?resize=480%2C360&#038;ssl=1\" alt=\"\" data-id=\"8610\" data-link=\"https:\/\/uscatletica.ch\/wp\/?attachment_id=8610\" class=\"wp-image-8610\" srcset=\"https:\/\/i0.wp.com\/uscatletica.ch\/wp\/wp-content\/uploads\/2019\/06\/ARFOTOCRONO201955.jpg?w=480&amp;ssl=1 480w, https:\/\/i0.wp.com\/uscatletica.ch\/wp\/wp-content\/uploads\/2019\/06\/ARFOTOCRONO201955.jpg?resize=300%2C225&amp;ssl=1 300w\" sizes=\"auto, (max-width: 480px) 100vw, 480px\" \/><figcaption>Foto Aaron Rezzonico <\/figcaption><\/figure><\/li><li class=\"blocks-gallery-item\"><figure><img data-recalc-dims=\"1\" loading=\"lazy\" decoding=\"async\" width=\"480\" height=\"360\" data-attachment-id=\"8611\" data-permalink=\"https:\/\/uscatletica.ch\/wp\/?attachment_id=8611\" data-orig-file=\"https:\/\/i0.wp.com\/uscatletica.ch\/wp\/wp-content\/uploads\/2019\/06\/ARFOTOCRONO201956.jpeg?fit=480%2C360&amp;ssl=1\" data-orig-size=\"480,360\" data-comments-opened=\"0\" data-image-meta=\"{&quot;aperture&quot;:&quot;0&quot;,&quot;credit&quot;:&quot;&quot;,&quot;camera&quot;:&quot;&quot;,&quot;caption&quot;:&quot;&quot;,&quot;created_timestamp&quot;:&quot;0&quot;,&quot;copyright&quot;:&quot;&quot;,&quot;focal_length&quot;:&quot;0&quot;,&quot;iso&quot;:&quot;0&quot;,&quot;shutter_speed&quot;:&quot;0&quot;,&quot;title&quot;:&quot;&quot;,&quot;orientation&quot;:&quot;0&quot;}\" data-image-title=\"ARFOTOCRONO201956\" data-image-description=\"\" data-image-caption=\"&lt;p&gt;Foto Aaron Rezzonico &lt;\/p&gt;\n\" data-large-file=\"https:\/\/i0.wp.com\/uscatletica.ch\/wp\/wp-content\/uploads\/2019\/06\/ARFOTOCRONO201956.jpeg?fit=480%2C360&amp;ssl=1\" src=\"https:\/\/i0.wp.com\/uscatletica.ch\/wp\/wp-content\/uploads\/2019\/06\/ARFOTOCRONO201956.jpeg?resize=480%2C360&#038;ssl=1\" alt=\"\" data-id=\"8611\" data-link=\"https:\/\/uscatletica.ch\/wp\/?attachment_id=8611\" class=\"wp-image-8611\" srcset=\"https:\/\/i0.wp.com\/uscatletica.ch\/wp\/wp-content\/uploads\/2019\/06\/ARFOTOCRONO201956.jpeg?w=480&amp;ssl=1 480w, https:\/\/i0.wp.com\/uscatletica.ch\/wp\/wp-content\/uploads\/2019\/06\/ARFOTOCRONO201956.jpeg?resize=300%2C225&amp;ssl=1 300w\" sizes=\"auto, (max-width: 480px) 100vw, 480px\" \/><figcaption>Foto Aaron Rezzonico <\/figcaption><\/figure><\/li><li class=\"blocks-gallery-item\"><figure><img data-recalc-dims=\"1\" loading=\"lazy\" decoding=\"async\" width=\"480\" height=\"360\" data-attachment-id=\"8612\" data-permalink=\"https:\/\/uscatletica.ch\/wp\/?attachment_id=8612\" data-orig-file=\"https:\/\/i0.wp.com\/uscatletica.ch\/wp\/wp-content\/uploads\/2019\/06\/ARFOTOCRONO201957.jpg?fit=480%2C360&amp;ssl=1\" data-orig-size=\"480,360\" data-comments-opened=\"0\" data-image-meta=\"{&quot;aperture&quot;:&quot;0&quot;,&quot;credit&quot;:&quot;&quot;,&quot;camera&quot;:&quot;&quot;,&quot;caption&quot;:&quot;&quot;,&quot;created_timestamp&quot;:&quot;0&quot;,&quot;copyright&quot;:&quot;&quot;,&quot;focal_length&quot;:&quot;0&quot;,&quot;iso&quot;:&quot;0&quot;,&quot;shutter_speed&quot;:&quot;0&quot;,&quot;title&quot;:&quot;&quot;,&quot;orientation&quot;:&quot;0&quot;}\" data-image-title=\"ARFOTOCRONO201957\" data-image-description=\"\" data-image-caption=\"&lt;p&gt;Foto Aaron Rezzonico &lt;\/p&gt;\n\" data-large-file=\"https:\/\/i0.wp.com\/uscatletica.ch\/wp\/wp-content\/uploads\/2019\/06\/ARFOTOCRONO201957.jpg?fit=480%2C360&amp;ssl=1\" src=\"https:\/\/i0.wp.com\/uscatletica.ch\/wp\/wp-content\/uploads\/2019\/06\/ARFOTOCRONO201957.jpg?resize=480%2C360&#038;ssl=1\" alt=\"\" data-id=\"8612\" data-link=\"https:\/\/uscatletica.ch\/wp\/?attachment_id=8612\" class=\"wp-image-8612\" srcset=\"https:\/\/i0.wp.com\/uscatletica.ch\/wp\/wp-content\/uploads\/2019\/06\/ARFOTOCRONO201957.jpg?w=480&amp;ssl=1 480w, https:\/\/i0.wp.com\/uscatletica.ch\/wp\/wp-content\/uploads\/2019\/06\/ARFOTOCRONO201957.jpg?resize=300%2C225&amp;ssl=1 300w\" sizes=\"auto, (max-width: 480px) 100vw, 480px\" \/><figcaption>Foto Aaron Rezzonico <\/figcaption><\/figure><\/li><li class=\"blocks-gallery-item\"><figure><img data-recalc-dims=\"1\" loading=\"lazy\" decoding=\"async\" width=\"480\" height=\"360\" data-attachment-id=\"8613\" data-permalink=\"https:\/\/uscatletica.ch\/wp\/?attachment_id=8613\" data-orig-file=\"https:\/\/i0.wp.com\/uscatletica.ch\/wp\/wp-content\/uploads\/2019\/06\/ARFOTOCRONO201958.jpg?fit=480%2C360&amp;ssl=1\" data-orig-size=\"480,360\" data-comments-opened=\"0\" data-image-meta=\"{&quot;aperture&quot;:&quot;0&quot;,&quot;credit&quot;:&quot;&quot;,&quot;camera&quot;:&quot;&quot;,&quot;caption&quot;:&quot;&quot;,&quot;created_timestamp&quot;:&quot;0&quot;,&quot;copyright&quot;:&quot;&quot;,&quot;focal_length&quot;:&quot;0&quot;,&quot;iso&quot;:&quot;0&quot;,&quot;shutter_speed&quot;:&quot;0&quot;,&quot;title&quot;:&quot;&quot;,&quot;orientation&quot;:&quot;0&quot;}\" data-image-title=\"ARFOTOCRONO201958\" data-image-description=\"\" data-image-caption=\"&lt;p&gt;Foto Aaron Rezzonico &lt;\/p&gt;\n\" data-large-file=\"https:\/\/i0.wp.com\/uscatletica.ch\/wp\/wp-content\/uploads\/2019\/06\/ARFOTOCRONO201958.jpg?fit=480%2C360&amp;ssl=1\" src=\"https:\/\/i0.wp.com\/uscatletica.ch\/wp\/wp-content\/uploads\/2019\/06\/ARFOTOCRONO201958.jpg?resize=480%2C360&#038;ssl=1\" alt=\"\" data-id=\"8613\" data-link=\"https:\/\/uscatletica.ch\/wp\/?attachment_id=8613\" class=\"wp-image-8613\" srcset=\"https:\/\/i0.wp.com\/uscatletica.ch\/wp\/wp-content\/uploads\/2019\/06\/ARFOTOCRONO201958.jpg?w=480&amp;ssl=1 480w, https:\/\/i0.wp.com\/uscatletica.ch\/wp\/wp-content\/uploads\/2019\/06\/ARFOTOCRONO201958.jpg?resize=300%2C225&amp;ssl=1 300w\" sizes=\"auto, (max-width: 480px) 100vw, 480px\" \/><figcaption>Foto Aaron Rezzonico <\/figcaption><\/figure><\/li><\/ul>\n\n\n\n<p>\n\n\t\n\t\t\n\t\tMicrosoft Word &#8211; Cronoascesa al Bigorio 2019-risultati\n\t\n\t\n\t\t\n\t\t\t\n\t\t\t\t\n\t\t\t\t\t<\/p>\n\n\n\n<p>Cronoascesa al Bigorio 2019-risultati\n<\/p>\n\n\n\n<p>Delorenzi sfiora il record al Bigorio\n<\/p>\n\n\n\n<p>Alla Cronoascesa al Bigorio Roberto Delorenzi vince la gara a soli 3 secondi dal\nrecord del tracciato, tra le donne vittoria per Paola Stampanoni\n<\/p>\n\n\n\n<p>Gioved\u00ec 20 giugno si \u00e8 svolta la settima edizione della Cronoascesa al Bigorio, gara podistica in salita\ncon partenza individuale ogni 15 secondi. La societ\u00e0 organizzatrice dell\u2019USC Capriaschese ha accolto\ncon sano spirito d\u2019allegria i partecipanti giunti a Tesserete, in un bel pomeriggio baciato dal sole. Il\ngiorno festivo del Corpus Domini ha sorriso a Roberto Delorenzi dell\u2019USC che ha dominato la prova\ncorrendo in 13\u201921\u2019\u2019, a soli tre secondi dal primato del tracciato stabilito nel 2017 da Lukas Oehen.\nDelorenzi si \u00e8 cos\u00ec assicurato anche 30 punti per la Coppa ASTi di podismo salita e vertical,\nprecedendo un terzetto racchiuso in pochi secondi. Secondo rango per il primo M40, l\u2019atleta di casa\nElia Stampanoni che ha chiuso in 15\u2019 netti, seguito da Luca Pezzani (OCR Ticino) in 15\u201912\u2019\u2019 e da Edo\nRossetti (2\u00b0 M40, SFG Locarno) in 15\u201916\u2019\u2019. Quinto il triatleta dell\u2019USC Enea Iten in 15\u201936 e sesto\nSilvano Turati del Moesa Runners (3\u00b0 M40), pure sotto i 16\u2019.\n<\/p>\n\n\n\n<p>Tra le donne la pi\u00f9 rapida sui 3,2 chilometri e 201 metri di dislivello che portano al convento Santa\nMaria \u00e8 stata Paola Stampanoni del GAB, che sui sentieri di casa ha trovato in 17\u201932\u2019\u2019 la seconda\nvittoria in cinque giorni, dopo il successo ottenuto domenica al Vertical della Croce. Alle sue spalle la\ngiovane orientista Elisa Bertozzi dell\u2019USC che, in piena preparazione per i Mondiali junior di corsa\nd\u2019orientamento (dal 3 al 7 luglio in Danimarca), ha concesso soli 12 secondi alla vincitrice. Terza la\nprima donna 40, Patrizia Besomi dell\u2019USC, specialista delle lunghe distanze che ha chiuso la gara in\n19\u201940\u2019\u2019, mentre tra le donne 50 s\u2019\u00e8 imposta in 22\u201921\u2019\u2019 Angela Borgna della SFG Biasca. Nelle categorie\nmaschili, detto degli M20 e M40, tra gli M50 bella vittoria per Fabio Massera della SAIM Isone-\nMedeglia che ha chiuso in 16\u201934\u2019\u2019, mentre tra gli uomini 60 il miglior tempo \u00e8 stato ottenuto da\nFabrizio Moghini di Comano in 19\u201903\u2019\u2019. Tra gli U20, infine, altra vittoria per l\u2019USC con Tommaso\nBesomi di Tesserete che ha chiuso al decimo rango assoluto in 16\u201938\u2019\u2019. Risultati completi su\nwww.uscatletica.ch\n<\/p>\n\n\n\n<p>USC atletica\n<\/p>\n\n\n\n<p>Primi e secondi uomini e donne. Foto: Luca Botti\n<\/p>\n","protected":false},"excerpt":{"rendered":"<p>Una giornata estiva per la settima edizione della Cronoascesa al Bigorio, che ha salutato al via una sessantina di atleti. Gli atleti di casa sono stati i grandi protagonisti e Robi ha vinto sfiorando il primato del percorso in 13\u201921\u2019\u2019 (record di 13\u201918\u2019\u2019). Secondo assoluto Elia in 15\u2019 netti, alla prima partecipazione come concorrente, seguito da Luca Pezzani in 15\u201912\u2019\u2019. Quinto Enea. Al femminile Paola Stampanoni (GAB) ha preceduto di una decina di secondi la&#8230;<\/p>\n","protected":false},"author":4,"featured_media":8530,"comment_status":"closed","ping_status":"closed","sticky":false,"template":"","format":"standard","meta":{"jetpack_post_was_ever_published":false,"_jetpack_newsletter_access":"","_jetpack_dont_email_post_to_subs":false,"_jetpack_newsletter_tier_id":0,"_jetpack_memberships_contains_paywalled_content":false,"_jetpack_memberships_contains_paid_content":false,"footnotes":"","jetpack_publicize_message":"","jetpack_publicize_feature_enabled":true,"jetpack_social_post_already_shared":true,"jetpack_social_options":{"image_generator_settings":{"template":"highway","default_image_id":0,"font":"","enabled":false},"version":2}},"categories":[10,16,9],"tags":[],"class_list":["post-8529","post","type-post","status-publish","format-standard","has-post-thumbnail","hentry","category-info","category-montagna","category-sport"],"jetpack_publicize_connections":[],"jetpack_featured_media_url":"https:\/\/i0.wp.com\/uscatletica.ch\/wp\/wp-content\/uploads\/2019\/06\/crn2019prem.jpg?fit=430%2C287&ssl=1","jetpack_sharing_enabled":true,"jetpack_shortlink":"https:\/\/wp.me\/p6V7Ck-2dz","jetpack-related-posts":[{"id":11399,"url":"https:\/\/uscatletica.ch\/wp\/?p=11399","url_meta":{"origin":8529,"position":0},"title":"Cronoascesa da record","author":"Stampa E","date":"13 Ottobre 2020","format":false,"excerpt":"Commento, risultati, servizio TV e foto Paola Stampanoni e Lukas Oehen si confermano in Capriasca. Ottima riuscita per l'ottava edizione della Cronoascesa al Bigorio, con una partecipazione quasi da record di 86 iscritti e 78 classificati. Il record \u00e8 per\u00f2 arrivato a livello femminile, dove Paola Stampanoni del GAB ha\u2026","rel":"","context":"In &quot;I nostri appuntamenti&quot;","block_context":{"text":"I nostri appuntamenti","link":"https:\/\/uscatletica.ch\/wp\/?cat=12"},"img":{"alt_text":"","src":"https:\/\/i0.wp.com\/uscatletica.ch\/wp\/wp-content\/uploads\/2020\/10\/P1050176.jpeg?resize=350%2C200","width":350,"height":200},"classes":[]},{"id":2323,"url":"https:\/\/uscatletica.ch\/wp\/?p=2323","url_meta":{"origin":8529,"position":1},"title":"Cronoascesa Vassalli Rossi e Sonderegger vincono al Convento (Classifica per Categoria foto foto Antonio Imbesi)","author":"Leonida Stampanoni","date":"25 Giugno 2016","format":false,"excerpt":"La quarta edizione della Cronoascesa al Bigorio \u00a0corsa con sotto il sole e con un forte vento nella prima parte di gara ha salutato al via 63 partecipanti. Ottima lavoro dei collaboratori che hanno saputo creare una vivace atmosfera. \u00a0I pi\u00f9 veloci sono stati Christian Sonderegger 15'10 e Rosalba Vassalli\u2026","rel":"","context":"In &quot;Montagna&quot;","block_context":{"text":"Montagna","link":"https:\/\/uscatletica.ch\/wp\/?cat=16"},"img":{"alt_text":"P1420970","src":"https:\/\/i0.wp.com\/uscatletica.ch\/wp\/wp-content\/uploads\/2016\/06\/P1420970-225x300.jpg?resize=350%2C200&ssl=1","width":350,"height":200},"classes":[]},{"id":4557,"url":"https:\/\/uscatletica.ch\/wp\/?p=4557","url_meta":{"origin":8529,"position":2},"title":"CRONOASCESA TUTTO PRONTO PER LA QUINTA EDIZIONE","author":"Leonida Stampanoni","date":"19 Giugno 2017","format":false,"excerpt":"Articolo sul cdt Mercoled\u00ec 21 giugno 2017 la quinta edizione della Cronoascesa al Bigorio Di corsa da Tesserete al Convento del Bigorio Il 21 giugno si corre in serata al Convento del Bigorio: Lukas Oehen in grande forma potrebbe correre a tempo di record Mancano due giorni alla quinta edizione\u2026","rel":"","context":"In &quot;Altro&quot;","block_context":{"text":"Altro","link":"https:\/\/uscatletica.ch\/wp\/?cat=11"},"img":{"alt_text":"cronoascesa","src":"https:\/\/i0.wp.com\/uscatletica.ch\/wp\/wp-content\/uploads\/2015\/11\/cronoascesa.png?resize=350%2C200&ssl=1","width":350,"height":200},"classes":[]},{"id":4482,"url":"https:\/\/uscatletica.ch\/wp\/?p=4482","url_meta":{"origin":8529,"position":3},"title":"CINQUE ANNI DI CRONOASCESA AL SOLSTIZIO 21 GIUGNO","author":"Leonida Stampanoni","date":"9 Giugno 2017","format":false,"excerpt":"Mercoled\u00ec 21 giugno 2016 la quinta edizione della Cronoascesa al Bigorio Di corsa da Tesserete al Convento del Bigorio Il 21 giugno, solstizio d\u2019estate e giorno pi\u00f9 lungo dell\u2019anno, si corre in serata al Convento del Bigorio Mancano 15 giorni alla quinta edizione della Cronoascesa del Bigorio che, nata in\u2026","rel":"","context":"In &quot;Altro&quot;","block_context":{"text":"Altro","link":"https:\/\/uscatletica.ch\/wp\/?cat=11"},"img":{"alt_text":"cronoascesa","src":"https:\/\/i0.wp.com\/uscatletica.ch\/wp\/wp-content\/uploads\/2015\/11\/cronoascesa.png?resize=350%2C200&ssl=1","width":350,"height":200},"classes":[]},{"id":4584,"url":"https:\/\/uscatletica.ch\/wp\/?p=4584","url_meta":{"origin":8529,"position":4},"title":"Cronoascesa quinta sinfonia da primato","author":"Leonida Stampanoni","date":"21 Giugno 2017","format":false,"excerpt":"Il gran caldo ha attirato a Tesserete ben 91 atleti che hanno cos\u00ec stabilito il primato di partecipazione alla quinta edizione della Cronoascesa al Bigorio. La perfetta intesa del team organizzativo ha permesso un perfetto svolgimento della gara . Tra gli uomini edizione indimenticabile con Lukas Oehen e Roberto Delorenzi\u2026","rel":"","context":"In &quot;Montagna&quot;","block_context":{"text":"Montagna","link":"https:\/\/uscatletica.ch\/wp\/?cat=16"},"img":{"alt_text":"","src":"https:\/\/i0.wp.com\/uscatletica.ch\/wp\/wp-content\/uploads\/2016\/06\/P1420601.jpg?fit=563%2C422&ssl=1&resize=350%2C200","width":350,"height":200,"srcset":"https:\/\/i0.wp.com\/uscatletica.ch\/wp\/wp-content\/uploads\/2016\/06\/P1420601.jpg?fit=563%2C422&ssl=1&resize=350%2C200 1x, https:\/\/i0.wp.com\/uscatletica.ch\/wp\/wp-content\/uploads\/2016\/06\/P1420601.jpg?fit=563%2C422&ssl=1&resize=525%2C300 1.5x"},"classes":[]},{"id":6250,"url":"https:\/\/uscatletica.ch\/wp\/?p=6250","url_meta":{"origin":8529,"position":5},"title":"Cronoascesa  Oehen e Casanova firmano la sesta splendida edizione (classifica ufficiale)","author":"Leonida Stampanoni","date":"20 Giugno 2018","format":false,"excerpt":"La sesta edizione della Cronoascesa al Bigorio in una splendida giornata estiva ha accolto 75 atleti che lungo i 3.2 km hanno lottato per la vittoria il pi\u00f9 veloce per superare i 201 m di dislivello tra il Giasci\u00f2n ed convento \u00e8 stato per la quarta volta, la prima in\u2026","rel":"","context":"In &quot;Informazioni&quot;","block_context":{"text":"Informazioni","link":"https:\/\/uscatletica.ch\/wp\/?cat=10"},"img":{"alt_text":"","src":"https:\/\/i0.wp.com\/uscatletica.ch\/wp\/wp-content\/uploads\/2018\/06\/crnascesa18.jpg?fit=422%2C317&ssl=1&resize=350%2C200","width":350,"height":200},"classes":[]}],"_links":{"self":[{"href":"https:\/\/uscatletica.ch\/wp\/index.php?rest_route=\/wp\/v2\/posts\/8529","targetHints":{"allow":["GET"]}}],"collection":[{"href":"https:\/\/uscatletica.ch\/wp\/index.php?rest_route=\/wp\/v2\/posts"}],"about":[{"href":"https:\/\/uscatletica.ch\/wp\/index.php?rest_route=\/wp\/v2\/types\/post"}],"author":[{"embeddable":true,"href":"https:\/\/uscatletica.ch\/wp\/index.php?rest_route=\/wp\/v2\/users\/4"}],"replies":[{"embeddable":true,"href":"https:\/\/uscatletica.ch\/wp\/index.php?rest_route=%2Fwp%2Fv2%2Fcomments&post=8529"}],"version-history":[{"count":13,"href":"https:\/\/uscatletica.ch\/wp\/index.php?rest_route=\/wp\/v2\/posts\/8529\/revisions"}],"predecessor-version":[{"id":8684,"href":"https:\/\/uscatletica.ch\/wp\/index.php?rest_route=\/wp\/v2\/posts\/8529\/revisions\/8684"}],"wp:featuredmedia":[{"embeddable":true,"href":"https:\/\/uscatletica.ch\/wp\/index.php?rest_route=\/wp\/v2\/media\/8530"}],"wp:attachment":[{"href":"https:\/\/uscatletica.ch\/wp\/index.php?rest_route=%2Fwp%2Fv2%2Fmedia&parent=8529"}],"wp:term":[{"taxonomy":"category","embeddable":true,"href":"https:\/\/uscatletica.ch\/wp\/index.php?rest_route=%2Fwp%2Fv2%2Fcategories&post=8529"},{"taxonomy":"post_tag","embeddable":true,"href":"https:\/\/uscatletica.ch\/wp\/index.php?rest_route=%2Fwp%2Fv2%2Ftags&post=8529"}],"curies":[{"name":"wp","href":"https:\/\/api.w.org\/{rel}","templated":true}]}}