{"id":8540,"date":"2019-06-21T00:16:27","date_gmt":"2019-06-20T22:16:27","guid":{"rendered":"http:\/\/uscatletica.ch\/wp\/?p=8540"},"modified":"2019-06-23T22:31:26","modified_gmt":"2019-06-23T20:31:26","slug":"letizia-in-finale-ai-campionati-europei-giovanili","status":"publish","type":"post","link":"https:\/\/uscatletica.ch\/wp\/?p=8540","title":{"rendered":"LETIZIA SFIORA LA TOP TEN AI CAMPIONATI EUROPEI GIOVANILI"},"content":{"rendered":"\n<p>Letizia ha chiuso il suo primo europeo con un nono posto nella staffeta sprint mista  disputando la prima frazione per la squadra svizzera. La nostra atleta ha chiuso la usa prima esperienza poco soddisfatta e particolarmente affaticato dalle emozioni e dal grande sforzo bravissima Letizia. <\/p>\n\n\n\n<p class=\"has-drop-cap\">Ottima prova di Letizia ai campionati Europei di Triathlon per Letizia, nella finale A. la nostra atleta ha chiuso all&#8217;undicesimo rango . Dopo i 250 m di nuoto chiusi in sedicesimo posizione  \u00e8 riuscita a risalire fino all&#8217;undiceismo posto facendo  nei 9 km in vbicicletta e i 2 kon a corsa. La Svizzera si assicura una medaglia grazie a Rebecca  Beti terza<\/p>\n\n\n\n<ul class=\"wp-block-gallery columns-3 is-cropped wp-block-gallery-1 is-layout-flex wp-block-gallery-is-layout-flex\"><li class=\"blocks-gallery-item\"><figure><img data-recalc-dims=\"1\" loading=\"lazy\" decoding=\"async\" width=\"284\" height=\"432\" data-attachment-id=\"8652\" data-permalink=\"https:\/\/uscatletica.ch\/wp\/?attachment_id=8652\" data-orig-file=\"https:\/\/i0.wp.com\/uscatletica.ch\/wp\/wp-content\/uploads\/2019\/06\/leticeltitz190620.jpg?fit=284%2C432&amp;ssl=1\" data-orig-size=\"284,432\" data-comments-opened=\"0\" data-image-meta=\"{&quot;aperture&quot;:&quot;0&quot;,&quot;credit&quot;:&quot;&quot;,&quot;camera&quot;:&quot;&quot;,&quot;caption&quot;:&quot;&quot;,&quot;created_timestamp&quot;:&quot;0&quot;,&quot;copyright&quot;:&quot;&quot;,&quot;focal_length&quot;:&quot;0&quot;,&quot;iso&quot;:&quot;0&quot;,&quot;shutter_speed&quot;:&quot;0&quot;,&quot;title&quot;:&quot;&quot;,&quot;orientation&quot;:&quot;0&quot;}\" data-image-title=\"leticeltitz190620\" data-image-description=\"\" data-image-caption=\"\" data-large-file=\"https:\/\/i0.wp.com\/uscatletica.ch\/wp\/wp-content\/uploads\/2019\/06\/leticeltitz190620.jpg?fit=284%2C432&amp;ssl=1\" src=\"https:\/\/i0.wp.com\/uscatletica.ch\/wp\/wp-content\/uploads\/2019\/06\/leticeltitz190620.jpg?resize=284%2C432&#038;ssl=1\" alt=\"\" data-id=\"8652\" data-link=\"https:\/\/uscatletica.ch\/wp\/?attachment_id=8652\" class=\"wp-image-8652\" srcset=\"https:\/\/i0.wp.com\/uscatletica.ch\/wp\/wp-content\/uploads\/2019\/06\/leticeltitz190620.jpg?w=284&amp;ssl=1 284w, https:\/\/i0.wp.com\/uscatletica.ch\/wp\/wp-content\/uploads\/2019\/06\/leticeltitz190620.jpg?resize=197%2C300&amp;ssl=1 197w\" sizes=\"auto, (max-width: 284px) 100vw, 284px\" \/><\/figure><\/li><li class=\"blocks-gallery-item\"><figure><img data-recalc-dims=\"1\" loading=\"lazy\" decoding=\"async\" width=\"640\" height=\"1004\" data-attachment-id=\"8654\" data-permalink=\"https:\/\/uscatletica.ch\/wp\/?attachment_id=8654\" data-orig-file=\"https:\/\/i0.wp.com\/uscatletica.ch\/wp\/wp-content\/uploads\/2019\/06\/LETIZIA.jpg?fit=708%2C1110&amp;ssl=1\" data-orig-size=\"708,1110\" data-comments-opened=\"0\" data-image-meta=\"{&quot;aperture&quot;:&quot;0&quot;,&quot;credit&quot;:&quot;&quot;,&quot;camera&quot;:&quot;&quot;,&quot;caption&quot;:&quot;&quot;,&quot;created_timestamp&quot;:&quot;0&quot;,&quot;copyright&quot;:&quot;&quot;,&quot;focal_length&quot;:&quot;0&quot;,&quot;iso&quot;:&quot;0&quot;,&quot;shutter_speed&quot;:&quot;0&quot;,&quot;title&quot;:&quot;&quot;,&quot;orientation&quot;:&quot;0&quot;}\" data-image-title=\"LETIZIA\" data-image-description=\"\" data-image-caption=\"\" data-large-file=\"https:\/\/i0.wp.com\/uscatletica.ch\/wp\/wp-content\/uploads\/2019\/06\/LETIZIA.jpg?fit=640%2C1004&amp;ssl=1\" src=\"https:\/\/i0.wp.com\/uscatletica.ch\/wp\/wp-content\/uploads\/2019\/06\/LETIZIA.jpg?resize=640%2C1004&#038;ssl=1\" alt=\"\" data-id=\"8654\" data-link=\"https:\/\/uscatletica.ch\/wp\/?attachment_id=8654\" class=\"wp-image-8654\" srcset=\"https:\/\/i0.wp.com\/uscatletica.ch\/wp\/wp-content\/uploads\/2019\/06\/LETIZIA.jpg?resize=653%2C1024&amp;ssl=1 653w, https:\/\/i0.wp.com\/uscatletica.ch\/wp\/wp-content\/uploads\/2019\/06\/LETIZIA.jpg?resize=191%2C300&amp;ssl=1 191w, https:\/\/i0.wp.com\/uscatletica.ch\/wp\/wp-content\/uploads\/2019\/06\/LETIZIA.jpg?w=708&amp;ssl=1 708w\" sizes=\"auto, (max-width: 640px) 100vw, 640px\" \/><\/figure><\/li><li class=\"blocks-gallery-item\"><figure><img data-recalc-dims=\"1\" loading=\"lazy\" decoding=\"async\" width=\"540\" height=\"960\" data-attachment-id=\"8655\" data-permalink=\"https:\/\/uscatletica.ch\/wp\/?attachment_id=8655\" data-orig-file=\"https:\/\/i0.wp.com\/uscatletica.ch\/wp\/wp-content\/uploads\/2019\/06\/letiziaeurktz19.jpg?fit=540%2C960&amp;ssl=1\" data-orig-size=\"540,960\" data-comments-opened=\"0\" data-image-meta=\"{&quot;aperture&quot;:&quot;0&quot;,&quot;credit&quot;:&quot;&quot;,&quot;camera&quot;:&quot;&quot;,&quot;caption&quot;:&quot;&quot;,&quot;created_timestamp&quot;:&quot;0&quot;,&quot;copyright&quot;:&quot;&quot;,&quot;focal_length&quot;:&quot;0&quot;,&quot;iso&quot;:&quot;0&quot;,&quot;shutter_speed&quot;:&quot;0&quot;,&quot;title&quot;:&quot;&quot;,&quot;orientation&quot;:&quot;0&quot;}\" data-image-title=\"letiziaeurktz19\" data-image-description=\"\" data-image-caption=\"\" data-large-file=\"https:\/\/i0.wp.com\/uscatletica.ch\/wp\/wp-content\/uploads\/2019\/06\/letiziaeurktz19.jpg?fit=540%2C960&amp;ssl=1\" src=\"https:\/\/i0.wp.com\/uscatletica.ch\/wp\/wp-content\/uploads\/2019\/06\/letiziaeurktz19.jpg?resize=540%2C960&#038;ssl=1\" alt=\"\" data-id=\"8655\" data-link=\"https:\/\/uscatletica.ch\/wp\/?attachment_id=8655\" class=\"wp-image-8655\" srcset=\"https:\/\/i0.wp.com\/uscatletica.ch\/wp\/wp-content\/uploads\/2019\/06\/letiziaeurktz19.jpg?w=540&amp;ssl=1 540w, https:\/\/i0.wp.com\/uscatletica.ch\/wp\/wp-content\/uploads\/2019\/06\/letiziaeurktz19.jpg?resize=169%2C300&amp;ssl=1 169w\" sizes=\"auto, (max-width: 540px) 100vw, 540px\" \/><\/figure><\/li><\/ul>\n\n\n\n<p class=\"has-drop-cap\">Ottimo debutto per Letizia ai <a rel=\"noreferrer noopener\" aria-label=\"campionati europei giovanili di triathlon a Kitzbuhel  (opens in a new tab)\" href=\"https:\/\/www.triathlon-kitzbuehel.com\/de\/bewerbe\/youthchampionships\" target=\"_blank\">campionati europei giovanili di triathlon a Kitzbuhel <\/a> nella seconda batteria di semifinale la nostra atleta dopo 500 m a nuoto 12 km in bici e 3.3 km a corsa ha chiuso al sesto rango in 42&#8217;06 . Tra le ragazze svizzere ha fatto segnare il miglior tempo sabato alle 9.45  Letizia disputer\u00e0 la finale sulla distanza 250 m, 9 km 2 km . <\/p>\n\n\n\n<figure class=\"wp-block-image\"><img data-recalc-dims=\"1\" loading=\"lazy\" decoding=\"async\" width=\"640\" height=\"913\" data-attachment-id=\"8548\" data-permalink=\"https:\/\/uscatletica.ch\/wp\/?attachment_id=8548\" data-orig-file=\"https:\/\/i0.wp.com\/uscatletica.ch\/wp\/wp-content\/uploads\/2019\/06\/letiziakitybuhel.jpg?fit=750%2C1069&amp;ssl=1\" data-orig-size=\"750,1069\" data-comments-opened=\"0\" data-image-meta=\"{&quot;aperture&quot;:&quot;0&quot;,&quot;credit&quot;:&quot;&quot;,&quot;camera&quot;:&quot;&quot;,&quot;caption&quot;:&quot;&quot;,&quot;created_timestamp&quot;:&quot;0&quot;,&quot;copyright&quot;:&quot;&quot;,&quot;focal_length&quot;:&quot;0&quot;,&quot;iso&quot;:&quot;0&quot;,&quot;shutter_speed&quot;:&quot;0&quot;,&quot;title&quot;:&quot;&quot;,&quot;orientation&quot;:&quot;0&quot;}\" data-image-title=\"letiziakitybuhel\" data-image-description=\"\" data-image-caption=\"\" data-large-file=\"https:\/\/i0.wp.com\/uscatletica.ch\/wp\/wp-content\/uploads\/2019\/06\/letiziakitybuhel.jpg?fit=640%2C913&amp;ssl=1\" src=\"https:\/\/i0.wp.com\/uscatletica.ch\/wp\/wp-content\/uploads\/2019\/06\/letiziakitybuhel.jpg?resize=640%2C913&#038;ssl=1\" alt=\"\" class=\"wp-image-8548\" srcset=\"https:\/\/i0.wp.com\/uscatletica.ch\/wp\/wp-content\/uploads\/2019\/06\/letiziakitybuhel.jpg?resize=718%2C1024&amp;ssl=1 718w, https:\/\/i0.wp.com\/uscatletica.ch\/wp\/wp-content\/uploads\/2019\/06\/letiziakitybuhel.jpg?resize=210%2C300&amp;ssl=1 210w, https:\/\/i0.wp.com\/uscatletica.ch\/wp\/wp-content\/uploads\/2019\/06\/letiziakitybuhel.jpg?w=750&amp;ssl=1 750w\" sizes=\"auto, (max-width: 640px) 100vw, 640px\" \/><figcaption>Letizia s&#8217;invola verso la finale <\/figcaption><\/figure>\n\n\n\n<figure class=\"wp-block-embed-facebook wp-block-embed is-type-video is-provider-facebook\"><div class=\"wp-block-embed__wrapper\">\n<div class=\"fb-video\" data-allowfullscreen=\"true\" data-href=\"https:\/\/www.facebook.com\/ETUtriathlon\/videos\/424668768371027\/UzpfSTExNjY4MDc1NTg6MTAyMTkxODE3MTQ4NzE1MDM\/\" style=\"background-color: #fff; display: inline-block;\"><\/div>\n<\/div><\/figure>\n\n\n\n<p><a href=\"https:\/\/www.triathlon-kitzbuehel.com\/de\/news-infos\/ergebnisse\" target=\"_blank\" rel=\"noreferrer noopener\" aria-label=\"risultati (opens in a new tab)\">risultati<\/a><\/p>\n\n\n\n<p>Domenica sar\u00e0 impegnata nella staffetta mista. <\/p>\n\n\n\n<p><a href=\"https:\/\/www.triathlon-kitzbuehel.com\/files\/doc\/2019\/RaceCourses_Youth.pdf\" target=\"_blank\" rel=\"noreferrer noopener\" aria-label=\"Tutti i dettagli  (opens in a new tab)\">Tutti i dettagli <\/a><\/p>\n","protected":false},"excerpt":{"rendered":"<p>Letizia ha chiuso il suo primo europeo con un nono posto nella staffeta sprint mista disputando la prima frazione per la squadra svizzera. La nostra atleta ha chiuso la usa prima esperienza poco soddisfatta e particolarmente affaticato dalle emozioni e dal grande sforzo bravissima Letizia. Ottima prova di Letizia ai campionati Europei di Triathlon per Letizia, nella finale A. la nostra atleta ha chiuso all&#8217;undicesimo rango . Dopo i 250 m di nuoto chiusi in&#8230;<\/p>\n","protected":false},"author":4,"featured_media":7390,"comment_status":"closed","ping_status":"closed","sticky":false,"template":"","format":"standard","meta":{"jetpack_post_was_ever_published":false,"_jetpack_newsletter_access":"","_jetpack_dont_email_post_to_subs":false,"_jetpack_newsletter_tier_id":0,"_jetpack_memberships_contains_paywalled_content":false,"_jetpack_memberships_contains_paid_content":false,"footnotes":"","jetpack_publicize_message":"","jetpack_publicize_feature_enabled":true,"jetpack_social_post_already_shared":true,"jetpack_social_options":{"image_generator_settings":{"template":"highway","default_image_id":0,"font":"","enabled":false},"version":2}},"categories":[30,9],"tags":[],"class_list":["post-8540","post","type-post","status-publish","format-standard","has-post-thumbnail","hentry","category-diversi","category-sport"],"jetpack_publicize_connections":[],"jetpack_featured_media_url":"https:\/\/i0.wp.com\/uscatletica.ch\/wp\/wp-content\/uploads\/2019\/03\/DSC00300.jpg?fit=256%2C192&ssl=1","jetpack_sharing_enabled":true,"jetpack_shortlink":"https:\/\/wp.me\/p6V7Ck-2dK","jetpack-related-posts":[{"id":8181,"url":"https:\/\/uscatletica.ch\/wp\/?p=8181","url_meta":{"origin":8540,"position":0},"title":"CHIARA AL GOLDEN GALA LETIZIA AGLI EUROPEI DI TRIATHLON","author":"Leonida Stampanoni","date":"22 Maggio 2019","format":false,"excerpt":"La nostra Chiara \u00e8 stata convocata per partecipare alla terza tappa delle Diamond League al Golden Gala Pietro Mennea di Roma giovedi 6 giugno Un grande onore per la nostra atleta che sar\u00e0 la prima a gareggiare in Diamond League fuori dal suolo svizzero. La nostra Chiara raggiunge un'altra perla\u2026","rel":"","context":"In &quot;Altro&quot;","block_context":{"text":"Altro","link":"https:\/\/uscatletica.ch\/wp\/?cat=11"},"img":{"alt_text":"","src":"https:\/\/i0.wp.com\/uscatletica.ch\/wp\/wp-content\/uploads\/2019\/05\/chiarasti190511b.jpg?fit=423%2C273&ssl=1&resize=350%2C200","width":350,"height":200},"classes":[]},{"id":21549,"url":"https:\/\/uscatletica.ch\/wp\/?p=21549","url_meta":{"origin":8540,"position":1},"title":"TRE USCINI AL ESCALADE Benissimo Letizia ed Elia R negli elite","author":"Leonida Stampanoni","date":"7 Dicembre 2025","format":false,"excerpt":"La course de l'Escalade \u00e8 una delle maggior corse del panorama europeo con oltre cinquantamila partecipanti nell'intensa due giorni di gare. Lungo lo spettacolare circuito tra saliscendi e pav\u00e9 nell'edizione 2025 \u00a0tre gli USCini al via. La vittoria nella gara \u00e9lite maschile \u00e8 andata al campione del mondo dei 10000\u2026","rel":"","context":"In &quot;Podismo&quot;","block_context":{"text":"Podismo","link":"https:\/\/uscatletica.ch\/wp\/?cat=5"},"img":{"alt_text":"","src":"https:\/\/i0.wp.com\/uscatletica.ch\/wp\/wp-content\/uploads\/2024\/03\/240302CHCROSSTEAM.jpg?fit=432%2C324&ssl=1&resize=350%2C200","width":350,"height":200},"classes":[]},{"id":16388,"url":"https:\/\/uscatletica.ch\/wp\/?p=16388","url_meta":{"origin":8540,"position":2},"title":"Roberto Rachele Letizia in corsa per il premio di sportivo\/a ticinese 2022 i Risultati","author":"Leonida Stampanoni","date":"31 Ottobre 2022","format":false,"excerpt":"Luned\u00ec sera si sono svolte le premiazioni dei migliori sportivi e sportive ticinesi promosse da AiutoSport \u00a0con il sostegno di RSI. Nella bella serata all'auditorium erano presenti anche tre USCini. Letizia \u00a0nella categoria giovani ha chiuso al secondo rango dietro Giorgia Barelli. Ottava nella classifica assoluta \u00e8 stata preceduta da\u2026","rel":"","context":"In &quot;Sport&quot;","block_context":{"text":"Sport","link":"https:\/\/uscatletica.ch\/wp\/?cat=9"},"img":{"alt_text":"","src":"https:\/\/i0.wp.com\/uscatletica.ch\/wp\/wp-content\/uploads\/2022\/10\/Torta-diavol-rotated.jpg?fit=900%2C1200&ssl=1&resize=350%2C200","width":350,"height":200,"srcset":"https:\/\/i0.wp.com\/uscatletica.ch\/wp\/wp-content\/uploads\/2022\/10\/Torta-diavol-rotated.jpg?fit=900%2C1200&ssl=1&resize=350%2C200 1x, https:\/\/i0.wp.com\/uscatletica.ch\/wp\/wp-content\/uploads\/2022\/10\/Torta-diavol-rotated.jpg?fit=900%2C1200&ssl=1&resize=525%2C300 1.5x, https:\/\/i0.wp.com\/uscatletica.ch\/wp\/wp-content\/uploads\/2022\/10\/Torta-diavol-rotated.jpg?fit=900%2C1200&ssl=1&resize=700%2C400 2x"},"classes":[]},{"id":8940,"url":"https:\/\/uscatletica.ch\/wp\/?p=8940","url_meta":{"origin":8540,"position":3},"title":"Roby vicecampione europeo di Skyrace (triathlon CO","author":"Leonida Stampanoni","date":"5 Settembre 2019","format":false,"excerpt":"La VeiaSkyrace in Val Bognanco \u00fc il teatro dei campionati europei di Skyrace Gioved\u00ec il programma prevede il Vertical Terme di Bognanco Bognanco 3.4 km per 1100 m di dislivello sabato sar\u00e0 il turno della Skyrace. Nella prima giornata dei campionati sul Vertical vittoria per l'italian Nadir Mguet i n\u2026","rel":"","context":"In &quot;Montagna&quot;","block_context":{"text":"Montagna","link":"https:\/\/uscatletica.ch\/wp\/?cat=16"},"img":{"alt_text":"","src":"https:\/\/i0.wp.com\/uscatletica.ch\/wp\/wp-content\/uploads\/2019\/09\/ROBICESKYRACE2019.jpg?fit=1024%2C768&ssl=1&resize=350%2C200","width":350,"height":200,"srcset":"https:\/\/i0.wp.com\/uscatletica.ch\/wp\/wp-content\/uploads\/2019\/09\/ROBICESKYRACE2019.jpg?fit=1024%2C768&ssl=1&resize=350%2C200 1x, https:\/\/i0.wp.com\/uscatletica.ch\/wp\/wp-content\/uploads\/2019\/09\/ROBICESKYRACE2019.jpg?fit=1024%2C768&ssl=1&resize=525%2C300 1.5x, https:\/\/i0.wp.com\/uscatletica.ch\/wp\/wp-content\/uploads\/2019\/09\/ROBICESKYRACE2019.jpg?fit=1024%2C768&ssl=1&resize=700%2C400 2x"},"classes":[]},{"id":8152,"url":"https:\/\/uscatletica.ch\/wp\/?p=8152","url_meta":{"origin":8540,"position":4},"title":"Giada ed Elia in forma al GP FTAL bene gli USCini alla Comano Run","author":"Leonida Stampanoni","date":"19 Maggio 2019","format":false,"excerpt":"Domenica intensa per gli USCini a Locarno in programma una delle gare pi\u00f9 importanti della stagione cantonale la prima tappa del GP FTAL al via solo due USCini Giada trova un bel lancio a 29.01 nel disco Elia debutta sui 1500 m con una prestazione promettente Nel disco ieri primato\u2026","rel":"","context":"In &quot;Diversi&quot;","block_context":{"text":"Diversi","link":"https:\/\/uscatletica.ch\/wp\/?cat=30"},"img":{"alt_text":"","src":"https:\/\/i0.wp.com\/uscatletica.ch\/wp\/wp-content\/uploads\/2019\/02\/giadaargentoamcolin2019.jpg?fit=640%2C480&ssl=1&resize=350%2C200","width":350,"height":200,"srcset":"https:\/\/i0.wp.com\/uscatletica.ch\/wp\/wp-content\/uploads\/2019\/02\/giadaargentoamcolin2019.jpg?fit=640%2C480&ssl=1&resize=350%2C200 1x, https:\/\/i0.wp.com\/uscatletica.ch\/wp\/wp-content\/uploads\/2019\/02\/giadaargentoamcolin2019.jpg?fit=640%2C480&ssl=1&resize=525%2C300 1.5x"},"classes":[]},{"id":9415,"url":"https:\/\/uscatletica.ch\/wp\/?p=9415","url_meta":{"origin":8540,"position":5},"title":"CROSS DONGIO E FESTE ATLETI FTAL E ASTI","author":"Leonida Stampanoni","date":"7 Novembre 2019","format":false,"excerpt":"Sar\u00e0 un fine settimana intenso parte la stagione stagione dei cross da Dongio sempre una cinquantina gli USCini al via domenica mattina lungo sui prati bleniesi Roby invece garegger\u00e0 a Regensdorf \u00a0nella prima prova di selezione in vista dei campionati europei di cross del 7 dicembre a Lisbona. In programma\u2026","rel":"","context":"In &quot;Cross&quot;","block_context":{"text":"Cross","link":"https:\/\/uscatletica.ch\/wp\/?cat=7"},"img":{"alt_text":"","src":"https:\/\/i0.wp.com\/uscatletica.ch\/wp\/wp-content\/uploads\/2019\/08\/caratschlausc190815.jpg?fit=432%2C324&ssl=1&resize=350%2C200","width":350,"height":200},"classes":[]}],"_links":{"self":[{"href":"https:\/\/uscatletica.ch\/wp\/index.php?rest_route=\/wp\/v2\/posts\/8540","targetHints":{"allow":["GET"]}}],"collection":[{"href":"https:\/\/uscatletica.ch\/wp\/index.php?rest_route=\/wp\/v2\/posts"}],"about":[{"href":"https:\/\/uscatletica.ch\/wp\/index.php?rest_route=\/wp\/v2\/types\/post"}],"author":[{"embeddable":true,"href":"https:\/\/uscatletica.ch\/wp\/index.php?rest_route=\/wp\/v2\/users\/4"}],"replies":[{"embeddable":true,"href":"https:\/\/uscatletica.ch\/wp\/index.php?rest_route=%2Fwp%2Fv2%2Fcomments&post=8540"}],"version-history":[{"count":9,"href":"https:\/\/uscatletica.ch\/wp\/index.php?rest_route=\/wp\/v2\/posts\/8540\/revisions"}],"predecessor-version":[{"id":8656,"href":"https:\/\/uscatletica.ch\/wp\/index.php?rest_route=\/wp\/v2\/posts\/8540\/revisions\/8656"}],"wp:featuredmedia":[{"embeddable":true,"href":"https:\/\/uscatletica.ch\/wp\/index.php?rest_route=\/wp\/v2\/media\/7390"}],"wp:attachment":[{"href":"https:\/\/uscatletica.ch\/wp\/index.php?rest_route=%2Fwp%2Fv2%2Fmedia&parent=8540"}],"wp:term":[{"taxonomy":"category","embeddable":true,"href":"https:\/\/uscatletica.ch\/wp\/index.php?rest_route=%2Fwp%2Fv2%2Fcategories&post=8540"},{"taxonomy":"post_tag","embeddable":true,"href":"https:\/\/uscatletica.ch\/wp\/index.php?rest_route=%2Fwp%2Fv2%2Ftags&post=8540"}],"curies":[{"name":"wp","href":"https:\/\/api.w.org\/{rel}","templated":true}]}}