{"id":8673,"date":"2019-06-27T15:29:40","date_gmt":"2019-06-27T13:29:40","guid":{"rendered":"http:\/\/uscatletica.ch\/wp\/?p=8673"},"modified":"2019-06-28T16:39:02","modified_gmt":"2019-06-28T14:39:02","slug":"da-gordevio-a-minsk","status":"publish","type":"post","link":"https:\/\/uscatletica.ch\/wp\/?p=8673","title":{"rendered":"DA GORDEVIO A GRODNO Manuele Ren  settimo"},"content":{"rendered":"\n<p>Nei fine settimana la Coppa ASTi salita montagna e vertical far\u00e0 tappa in Val Maggia. La You Run to You parte domani e l&#8217;ulitma tappa la Gordevio Brunescio vertical di 4km. sar\u00e0 la tappa finale e sar\u00e0 valida per la Coppa. Manuele invece sar\u00e0 impegnato a Grodno Bielorussia per gli Eyoc  campionati europei giovanili<\/p>\n\n\n\n<p><a rel=\"noreferrer noopener\" aria-label=\"VALLEMAGGIA TRAIL LA PAGINA (opens in a new tab)\" href=\"http:\/\/www.vallemaggiatrail.com\/\" target=\"_blank\">VALLEMAGGIA TRAIL LA PAGINA<\/a>  <a rel=\"noreferrer noopener\" aria-label=\"LE CLASSIFICHE DELLA VAL MAGGIA (opens in a new tab)\" href=\"https:\/\/www.performancesport.ch\/vallemaggitrail-2019\" target=\"_blank\">LE CLASSIFICHE DELLA VAL MAGGIA<\/a><\/p>\n\n\n\n<p><a rel=\"noreferrer noopener\" aria-label=\"EYOC I CAMPIONATI EUROPEI GIOVANILI IN BILEORUSSIA  (opens in a new tab)\" href=\"https:\/\/eyoc2019.by\/en\/\" target=\"_blank\">EYOC I CAMPIONATI EUROPEI GIOVANILI IN BIELORUSSIA <\/a><br><\/p>\n","protected":false},"excerpt":{"rendered":"<p>Nei fine settimana la Coppa ASTi salita montagna e vertical far\u00e0 tappa in Val Maggia. La You Run to You parte domani e l&#8217;ulitma tappa la Gordevio Brunescio vertical di 4km. sar\u00e0 la tappa finale e sar\u00e0 valida per la Coppa. Manuele invece sar\u00e0 impegnato a Grodno Bielorussia per gli Eyoc campionati europei giovanili VALLEMAGGIA TRAIL LA PAGINA LE CLASSIFICHE DELLA VAL MAGGIA EYOC I CAMPIONATI EUROPEI GIOVANILI IN BIELORUSSIA<\/p>\n","protected":false},"author":4,"featured_media":8500,"comment_status":"closed","ping_status":"closed","sticky":false,"template":"","format":"standard","meta":{"jetpack_post_was_ever_published":false,"_jetpack_newsletter_access":"","_jetpack_dont_email_post_to_subs":false,"_jetpack_newsletter_tier_id":0,"_jetpack_memberships_contains_paywalled_content":false,"_jetpack_memberships_contains_paid_content":false,"footnotes":"","jetpack_publicize_message":"","jetpack_publicize_feature_enabled":true,"jetpack_social_post_already_shared":true,"jetpack_social_options":{"image_generator_settings":{"template":"highway","default_image_id":0,"font":"","enabled":false},"version":2}},"categories":[30,16,9],"tags":[],"class_list":["post-8673","post","type-post","status-publish","format-standard","has-post-thumbnail","hentry","category-diversi","category-montagna","category-sport"],"jetpack_publicize_connections":[],"jetpack_featured_media_url":"https:\/\/i0.wp.com\/uscatletica.ch\/wp\/wp-content\/uploads\/2019\/06\/Motto-Croce.jpg?fit=1166%2C875&ssl=1","jetpack_sharing_enabled":true,"jetpack_shortlink":"https:\/\/wp.me\/p6V7Ck-2fT","jetpack-related-posts":[{"id":8694,"url":"https:\/\/uscatletica.ch\/wp\/?p=8694","url_meta":{"origin":8673,"position":0},"title":"USC BRILLANTE A SANBERUN LUGLIO USC","author":"Leonida Stampanoni","date":"14 Luglio 2019","format":false,"excerpt":"Il sito torna attivo dopo una breve pausa domenica 14 luglio al debutto della SanBeRun in coppa Asti l'USC \u00e8 grande protagonista piazzando 3 atleti nei primi 4 della 10 km . I nostri atleti erano stati protagonisti anche la a fine giugno alla Gordevio Brunescio. Roby vincitore a Sanbernardino\u2026","rel":"","context":"In &quot;CO&quot;","block_context":{"text":"CO","link":"https:\/\/uscatletica.ch\/wp\/?cat=19"},"img":{"alt_text":"","src":"https:\/\/i0.wp.com\/uscatletica.ch\/wp\/wp-content\/uploads\/2019\/06\/ARFOTOCRONO201905.jpg?fit=480%2C360&ssl=1&resize=350%2C200","width":350,"height":200},"classes":[]},{"id":6289,"url":"https:\/\/uscatletica.ch\/wp\/?p=6289","url_meta":{"origin":8673,"position":1},"title":"I run to you Trail USCini dominano in Valmaggia doppietta di Hassan","author":"Leonida Stampanoni","date":"29 Giugno 2018","format":false,"excerpt":"La prima tappa dell'I run to you trail, da Maggia a Coglio, ha inaugurato il trittico valmaggese dedicato al Trail.\u00a0 Domenica n la Gordevio Brunescio\u00a0 Vertical valido per la coppa ASTi salita montagna e vertical chiuder\u00e0 la prova a tappa.\u00a0 Nella prima tappa, 23 km 2419 m di dislivello, gli\u2026","rel":"","context":"In &quot;Montagna&quot;","block_context":{"text":"Montagna","link":"https:\/\/uscatletica.ch\/wp\/?cat=16"},"img":{"alt_text":"","src":"https:\/\/i0.wp.com\/uscatletica.ch\/wp\/wp-content\/uploads\/2018\/04\/bct2018rdee.jpg?fit=532%2C354&ssl=1&resize=350%2C200","width":350,"height":200,"srcset":"https:\/\/i0.wp.com\/uscatletica.ch\/wp\/wp-content\/uploads\/2018\/04\/bct2018rdee.jpg?fit=532%2C354&ssl=1&resize=350%2C200 1x, https:\/\/i0.wp.com\/uscatletica.ch\/wp\/wp-content\/uploads\/2018\/04\/bct2018rdee.jpg?fit=532%2C354&ssl=1&resize=525%2C300 1.5x"},"classes":[]},{"id":7488,"url":"https:\/\/uscatletica.ch\/wp\/?p=7488","url_meta":{"origin":8673,"position":2},"title":"La Stagione ASTi parte con il trofeo Quadri e la Sementina San Defendente","author":"Leonida Stampanoni","date":"29 Marzo 2019","format":false,"excerpt":"L'ora Legale SABATO NOTTERICORDATEVI DI SPOSTARE I VOSTRI MARCATEMPO AVANTI \u00a0DI UN'ORA Con il salto nell'ora Legale parte anche la Stagione ASTi delle gare fuori pista. Il Trofeo ASTi Staffette parte con la Staffetta Capriaschese che assegner\u00e0 il Trofeo impresa costruzioni Giovanni Quadri. Siamo pronti ad accogliere sule strade di\u2026","rel":"","context":"In &quot;I nostri appuntamenti&quot;","block_context":{"text":"I nostri appuntamenti","link":"https:\/\/uscatletica.ch\/wp\/?cat=12"},"img":{"alt_text":"","src":"https:\/\/i0.wp.com\/uscatletica.ch\/wp\/wp-content\/uploads\/2018\/04\/tgq18U0810-1.jpg?fit=562%2C273&ssl=1&resize=350%2C200","width":350,"height":200,"srcset":"https:\/\/i0.wp.com\/uscatletica.ch\/wp\/wp-content\/uploads\/2018\/04\/tgq18U0810-1.jpg?fit=562%2C273&ssl=1&resize=350%2C200 1x, https:\/\/i0.wp.com\/uscatletica.ch\/wp\/wp-content\/uploads\/2018\/04\/tgq18U0810-1.jpg?fit=562%2C273&ssl=1&resize=525%2C300 1.5x"},"classes":[]},{"id":4553,"url":"https:\/\/uscatletica.ch\/wp\/?p=4553","url_meta":{"origin":8673,"position":3},"title":"Cronoascesa al Bigorio la seconda tappa di un tour de force di coppa 5 gare in 21 giorni","author":"Leonida Stampanoni","date":"16 Giugno 2017","format":false,"excerpt":"15 giugno 2017 Coppa ASTi, dal podismo alla montagna con 5 gare in 21 giorni La Coppa ASTi ha appena vissuto un fine settimana intenso che ha segnato il passaggio di consegne tra il podismo e le gare in montagna, le quali vivranno ora la fase cruciale della stagione con\u2026","rel":"","context":"In &quot;I nostri appuntamenti&quot;","block_context":{"text":"I nostri appuntamenti","link":"https:\/\/uscatletica.ch\/wp\/?cat=12"},"img":{"alt_text":"","src":"https:\/\/i0.wp.com\/uscatletica.ch\/wp\/wp-content\/uploads\/2016\/06\/P1420595.jpg?fit=563%2C422&ssl=1&resize=350%2C200","width":350,"height":200,"srcset":"https:\/\/i0.wp.com\/uscatletica.ch\/wp\/wp-content\/uploads\/2016\/06\/P1420595.jpg?fit=563%2C422&ssl=1&resize=350%2C200 1x, https:\/\/i0.wp.com\/uscatletica.ch\/wp\/wp-content\/uploads\/2016\/06\/P1420595.jpg?fit=563%2C422&ssl=1&resize=525%2C300 1.5x"},"classes":[]},{"id":2308,"url":"https:\/\/uscatletica.ch\/wp\/?p=2308","url_meta":{"origin":8673,"position":4},"title":"TRIS EUROPEO PER I GIOVANI USCini","author":"Leonida Stampanoni","date":"25 Giugno 2016","format":false,"excerpt":"06\/25\/2016\u00a007:57:45 la settimana dal 30 giugno al 5 luglio sar\u00e0 un momento importante per la giovane carriera sportiva di 3 giovani USCini. \u00a0Roberto, Rachele e Sofia saranno tutti impegnati nei campionati Europei tra Italia, Ungheria e Polonia i nostri ragazzi gareggeranno nella corsa in montagna, triathlon e corsa d'orientamento. Campionato\u2026","rel":"","context":"In &quot;CO&quot;","block_context":{"text":"CO","link":"https:\/\/uscatletica.ch\/wp\/?cat=19"},"img":{"alt_text":"","src":"https:\/\/i0.wp.com\/uscatletica.ch\/wp\/wp-content\/uploads\/2016\/06\/trisCEUSC.jpg?fit=563%2C353&ssl=1&resize=350%2C200","width":350,"height":200,"srcset":"https:\/\/i0.wp.com\/uscatletica.ch\/wp\/wp-content\/uploads\/2016\/06\/trisCEUSC.jpg?fit=563%2C353&ssl=1&resize=350%2C200 1x, https:\/\/i0.wp.com\/uscatletica.ch\/wp\/wp-content\/uploads\/2016\/06\/trisCEUSC.jpg?fit=563%2C353&ssl=1&resize=525%2C300 1.5x"},"classes":[]},{"id":10539,"url":"https:\/\/uscatletica.ch\/wp\/?p=10539","url_meta":{"origin":8673,"position":5},"title":"COPPE ASTi si RIPARTE  DA SAN BERNARDINO","author":"Leonida Stampanoni","date":"30 Giugno 2020","format":false,"excerpt":"Le coppe ASTi \u00a0ripartiranno domenica dalla SanBeRun\u00a0 Ecco \u00a0tutte le nuove disposizione Regolamento coppa ASTI Regolamento coppa ASTI Giovanile\u00a0 Disposizione speciali \u00a0e \u00a0concetto dii protezione\u00a0 calendario asti 20200630 ASTi \u2013 Podismo Comunicato 30.6.2020 Coppa ASTi 2020 COPPA GIOVANILE ASTI 2020 #correndovinciamo LE COPPE ASTI 2020 E IL PODISMO TICINESE RIPARTONO\u2026","rel":"","context":"In &quot;Montagna&quot;","block_context":{"text":"Montagna","link":"https:\/\/uscatletica.ch\/wp\/?cat=16"},"img":{"alt_text":"","src":"https:\/\/i0.wp.com\/uscatletica.ch\/wp\/wp-content\/uploads\/2019\/09\/Caslano-2019.jpg?fit=475%2C467&ssl=1&resize=350%2C200","width":350,"height":200},"classes":[]}],"_links":{"self":[{"href":"https:\/\/uscatletica.ch\/wp\/index.php?rest_route=\/wp\/v2\/posts\/8673","targetHints":{"allow":["GET"]}}],"collection":[{"href":"https:\/\/uscatletica.ch\/wp\/index.php?rest_route=\/wp\/v2\/posts"}],"about":[{"href":"https:\/\/uscatletica.ch\/wp\/index.php?rest_route=\/wp\/v2\/types\/post"}],"author":[{"embeddable":true,"href":"https:\/\/uscatletica.ch\/wp\/index.php?rest_route=\/wp\/v2\/users\/4"}],"replies":[{"embeddable":true,"href":"https:\/\/uscatletica.ch\/wp\/index.php?rest_route=%2Fwp%2Fv2%2Fcomments&post=8673"}],"version-history":[{"count":4,"href":"https:\/\/uscatletica.ch\/wp\/index.php?rest_route=\/wp\/v2\/posts\/8673\/revisions"}],"predecessor-version":[{"id":8677,"href":"https:\/\/uscatletica.ch\/wp\/index.php?rest_route=\/wp\/v2\/posts\/8673\/revisions\/8677"}],"wp:featuredmedia":[{"embeddable":true,"href":"https:\/\/uscatletica.ch\/wp\/index.php?rest_route=\/wp\/v2\/media\/8500"}],"wp:attachment":[{"href":"https:\/\/uscatletica.ch\/wp\/index.php?rest_route=%2Fwp%2Fv2%2Fmedia&parent=8673"}],"wp:term":[{"taxonomy":"category","embeddable":true,"href":"https:\/\/uscatletica.ch\/wp\/index.php?rest_route=%2Fwp%2Fv2%2Fcategories&post=8673"},{"taxonomy":"post_tag","embeddable":true,"href":"https:\/\/uscatletica.ch\/wp\/index.php?rest_route=%2Fwp%2Fv2%2Ftags&post=8673"}],"curies":[{"name":"wp","href":"https:\/\/api.w.org\/{rel}","templated":true}]}}