{"id":8728,"date":"2019-07-30T14:56:11","date_gmt":"2019-07-30T12:56:11","guid":{"rendered":"http:\/\/uscatletica.ch\/wp\/?p=8728"},"modified":"2019-08-02T10:12:53","modified_gmt":"2019-08-02T08:12:53","slug":"al-nara-altre-vittorie-usc","status":"publish","type":"post","link":"https:\/\/uscatletica.ch\/wp\/?p=8728","title":{"rendered":"Al Nara altre vittorie USC (risultati)"},"content":{"rendered":"\n<p> Domenica mattina si \u00e8 corsa la 24ima edizione della Cronometro del Nara,  organizzata molto bene dal locale SC Negrentino. I nostri atleti hanno  saputo ottenere altre prestazioni di spessore, con un\u2019altra doppietta e due vittorie di categoria. <br>Dopo le fatiche del sabato Roberto Delorenzi \u00e8 salito ad Add\u00ec in 33\u201913\u2019\u2019  vincendo la gara davanti al fratello Marco (35\u201917\u2019\u2019) e all\u2019italiano Bonardi. Il tempo di <strong>3<\/strong>6\u201942\u2019\u2019 ottenuto da Elia, sempre pi\u00f9 a suo agio in salita, \u00e8 stato il quarto di giornata. Elia ha cos\u00ec vinto tra gli M40 davanti a Proserpio, mentre tra gli U20 vittoria per Tommaso in 40\u201904\u2019\u2019. Bravi e felici all\u2019arrivo, dopo 5.5 km e 750 metri di dislivello sul suggestivo percorso con il passaggio presso la chiesa di Negrentino (foto), anche Mauro, Matteo e Romano.  <br>Le classifiche ufficiali sono disponibili <a href=\"http:\/\/sciclubnegrentino.ch\/cronometro-del-nara\"><strong>qui.<\/strong><\/a><\/p>\n\n\n\n<p><br><br><\/p>\n\n\n\n<p><br><\/p>\n","protected":false},"excerpt":{"rendered":"<p>Domenica mattina si \u00e8 corsa la 24ima edizione della Cronometro del Nara, organizzata molto bene dal locale SC Negrentino. I nostri atleti hanno saputo ottenere altre prestazioni di spessore, con un\u2019altra doppietta e due vittorie di categoria. Dopo le fatiche del sabato Roberto Delorenzi \u00e8 salito ad Add\u00ec in 33\u201913\u2019\u2019 vincendo la gara davanti al fratello Marco (35\u201917\u2019\u2019) e all\u2019italiano Bonardi. Il tempo di 36\u201942\u2019\u2019 ottenuto da Elia, sempre pi\u00f9 a suo agio in salita,&#8230;<\/p>\n","protected":false},"author":3,"featured_media":8729,"comment_status":"closed","ping_status":"closed","sticky":false,"template":"","format":"standard","meta":{"jetpack_post_was_ever_published":false,"_jetpack_newsletter_access":"","_jetpack_dont_email_post_to_subs":false,"_jetpack_newsletter_tier_id":0,"_jetpack_memberships_contains_paywalled_content":false,"_jetpack_memberships_contains_paid_content":false,"footnotes":"","jetpack_publicize_message":"","jetpack_publicize_feature_enabled":true,"jetpack_social_post_already_shared":true,"jetpack_social_options":{"image_generator_settings":{"template":"highway","default_image_id":0,"font":"","enabled":false},"version":2}},"categories":[10,16,9],"tags":[],"class_list":["post-8728","post","type-post","status-publish","format-standard","has-post-thumbnail","hentry","category-info","category-montagna","category-sport"],"jetpack_publicize_connections":[],"jetpack_featured_media_url":"https:\/\/i0.wp.com\/uscatletica.ch\/wp\/wp-content\/uploads\/2019\/07\/Negrentino-foto-ES.jpg?fit=961%2C851&ssl=1","jetpack_sharing_enabled":true,"jetpack_shortlink":"https:\/\/wp.me\/p6V7Ck-2gM","jetpack-related-posts":[{"id":21069,"url":"https:\/\/uscatletica.ch\/wp\/?p=21069","url_meta":{"origin":8728,"position":0},"title":"Elia e Alex \u201csul podio\u201d al Nara","author":"Stampa E","date":"28 Luglio 2025","format":false,"excerpt":"Domenica al Nara s\u2019\u00e8 svolta la 28\u00b0 edizione della Cronometro del Nara, da Prugiasco ad Add\u00ec, lungo una ripida salita di 5,75 chilometri con 960 metri di dislivello. La prova ha assegnato pure i titoli ASTi di montagna con un argento per Elia e un bronzo per Alex tra gli\u2026","rel":"","context":"In &quot;Montagna&quot;","block_context":{"text":"Montagna","link":"https:\/\/uscatletica.ch\/wp\/?cat=16"},"img":{"alt_text":"","src":"https:\/\/i0.wp.com\/uscatletica.ch\/wp\/wp-content\/uploads\/2025\/07\/CronoNara2025-Foto-Andreazzi-3.jpg?fit=1200%2C800&ssl=1&resize=350%2C200","width":350,"height":200,"srcset":"https:\/\/i0.wp.com\/uscatletica.ch\/wp\/wp-content\/uploads\/2025\/07\/CronoNara2025-Foto-Andreazzi-3.jpg?fit=1200%2C800&ssl=1&resize=350%2C200 1x, https:\/\/i0.wp.com\/uscatletica.ch\/wp\/wp-content\/uploads\/2025\/07\/CronoNara2025-Foto-Andreazzi-3.jpg?fit=1200%2C800&ssl=1&resize=525%2C300 1.5x, https:\/\/i0.wp.com\/uscatletica.ch\/wp\/wp-content\/uploads\/2025\/07\/CronoNara2025-Foto-Andreazzi-3.jpg?fit=1200%2C800&ssl=1&resize=700%2C400 2x, https:\/\/i0.wp.com\/uscatletica.ch\/wp\/wp-content\/uploads\/2025\/07\/CronoNara2025-Foto-Andreazzi-3.jpg?fit=1200%2C800&ssl=1&resize=1050%2C600 3x"},"classes":[]},{"id":19673,"url":"https:\/\/uscatletica.ch\/wp\/?p=19673","url_meta":{"origin":8728,"position":1},"title":"Cronometro del Nara","author":"Stampa E","date":"28 Luglio 2024","format":false,"excerpt":"In una torrida mattinata s\u2019\u00e8 corsa domenica la Cronometro del Nara, con partenza individuale da Prugiasco e arrivo a Add\u00ec. Sul ripido percorso di 5.8 km con 960 metri di salita, miglior tempo maschile per Elia che ha cos\u00ec incamerato altri 30 punti per la Coppa montagna, dove consolida il\u2026","rel":"","context":"In &quot;Montagna&quot;","block_context":{"text":"Montagna","link":"https:\/\/uscatletica.ch\/wp\/?cat=16"},"img":{"alt_text":"","src":"https:\/\/i0.wp.com\/uscatletica.ch\/wp\/wp-content\/uploads\/2024\/07\/EliaPaolaNara2024.png?fit=707%2C708&ssl=1&resize=350%2C200","width":350,"height":200,"srcset":"https:\/\/i0.wp.com\/uscatletica.ch\/wp\/wp-content\/uploads\/2024\/07\/EliaPaolaNara2024.png?fit=707%2C708&ssl=1&resize=350%2C200 1x, https:\/\/i0.wp.com\/uscatletica.ch\/wp\/wp-content\/uploads\/2024\/07\/EliaPaolaNara2024.png?fit=707%2C708&ssl=1&resize=525%2C300 1.5x, https:\/\/i0.wp.com\/uscatletica.ch\/wp\/wp-content\/uploads\/2024\/07\/EliaPaolaNara2024.png?fit=707%2C708&ssl=1&resize=700%2C400 2x"},"classes":[]},{"id":17815,"url":"https:\/\/uscatletica.ch\/wp\/?p=17815","url_meta":{"origin":8728,"position":2},"title":"Tre podi USC al NARA","author":"Stampa E","date":"30 Luglio 2023","format":false,"excerpt":"Domenica 30 luglio s\u2019\u00e8 corsa la 26esima Cronometro del Nara, sul percorso da Prugiasco a Add\u00ec (5.75 km, + 985 m). Terzo tempo di giornata per Elia S., che in 45\u201945\u2019\u2019 s\u2019\u00e8 cos\u00ec imposto tra gli M40, dove ha preceduto Alex D. che ha chiuso la fatica in 50\u201933\u2019\u2019 (9\u00b0\u2026","rel":"","context":"In &quot;Montagna&quot;","block_context":{"text":"Montagna","link":"https:\/\/uscatletica.ch\/wp\/?cat=16"},"img":{"alt_text":"","src":"https:\/\/i0.wp.com\/uscatletica.ch\/wp\/wp-content\/uploads\/2023\/07\/0c835845-e52e-4abb-bd18-52d999e34229-e1690745204395.jpg?fit=732%2C716&ssl=1&resize=350%2C200","width":350,"height":200,"srcset":"https:\/\/i0.wp.com\/uscatletica.ch\/wp\/wp-content\/uploads\/2023\/07\/0c835845-e52e-4abb-bd18-52d999e34229-e1690745204395.jpg?fit=732%2C716&ssl=1&resize=350%2C200 1x, https:\/\/i0.wp.com\/uscatletica.ch\/wp\/wp-content\/uploads\/2023\/07\/0c835845-e52e-4abb-bd18-52d999e34229-e1690745204395.jpg?fit=732%2C716&ssl=1&resize=525%2C300 1.5x, https:\/\/i0.wp.com\/uscatletica.ch\/wp\/wp-content\/uploads\/2023\/07\/0c835845-e52e-4abb-bd18-52d999e34229-e1690745204395.jpg?fit=732%2C716&ssl=1&resize=700%2C400 2x"},"classes":[]},{"id":4731,"url":"https:\/\/uscatletica.ch\/wp\/?p=4731","url_meta":{"origin":8728,"position":3},"title":"COPPA ASTi Il podismo raccoglie il testimone","author":"Leonida Stampanoni","date":"4 Agosto 2017","format":false,"excerpt":"L'estate avanza ed i podisti dalle corse in vetta passano alle corse podistiche \u00a0comunque sempre in cima al valli del alto Ticino e del Moesano, domenica si correva la penultima prova della coppa Asti salita montagna e \u00a0vertical \u00a0al Nara con tre USCini al via \u00a0il primo d'agosto impegno di\u2026","rel":"","context":"In &quot;Diversi&quot;","block_context":{"text":"Diversi","link":"https:\/\/uscatletica.ch\/wp\/?cat=30"},"img":{"alt_text":"","src":"https:\/\/i0.wp.com\/uscatletica.ch\/wp\/wp-content\/uploads\/2016\/08\/valerioeliaselma14.jpg?fit=563%2C374&ssl=1&resize=350%2C200","width":350,"height":200,"srcset":"https:\/\/i0.wp.com\/uscatletica.ch\/wp\/wp-content\/uploads\/2016\/08\/valerioeliaselma14.jpg?fit=563%2C374&ssl=1&resize=350%2C200 1x, https:\/\/i0.wp.com\/uscatletica.ch\/wp\/wp-content\/uploads\/2016\/08\/valerioeliaselma14.jpg?fit=563%2C374&ssl=1&resize=525%2C300 1.5x"},"classes":[]},{"id":15658,"url":"https:\/\/uscatletica.ch\/wp\/?p=15658","url_meta":{"origin":8728,"position":4},"title":"Due podi USC al Nara: Elia e Giancarlo","author":"Stampa E","date":"1 Agosto 2022","format":false,"excerpt":"La 25a edizione della CRONOMETRO DEL NARA, valida per la COPPA ASTI di montagna, s\u2019\u00e8 corsa domenica su un nuovo tracciato molto impegnativo di 5.3 km circa: partenza da Prugiasco (607 m\/sm), arrivo a Add\u00ec (1568 m\/sm), con un dislivello di 961 m racchiusi in circa 4.5 km, dato che\u2026","rel":"","context":"In &quot;Montagna&quot;","block_context":{"text":"Montagna","link":"https:\/\/uscatletica.ch\/wp\/?cat=16"},"img":{"alt_text":"","src":"https:\/\/i0.wp.com\/uscatletica.ch\/wp\/wp-content\/uploads\/2022\/08\/Nara-2022-premiazione-trattore-2-Foto-PS.jpg?fit=480%2C640&ssl=1&resize=350%2C200","width":350,"height":200},"classes":[]},{"id":19660,"url":"https:\/\/uscatletica.ch\/wp\/?p=19660","url_meta":{"origin":8728,"position":5},"title":"30 punti per Elia al Tremorgio","author":"Stampa E","date":"21 Luglio 2024","format":false,"excerpt":"Domenica 21 luglio s\u2019\u00e8 corsa la 23a edizione della corsa in salita Rodi-Tremorgio, valida per la Coppa ASTi di montagna. La gara \u00e8 stata vinta dall\u2019urano N\u00e4pflin che in 39'31'' ha preceduto l'italiano Luca Albini, primo M40. Terzo rango assoluto e secondo M40 per Elia, che quale primo ticinese ha\u2026","rel":"","context":"In &quot;Montagna&quot;","block_context":{"text":"Montagna","link":"https:\/\/uscatletica.ch\/wp\/?cat=16"},"img":{"alt_text":"","src":"https:\/\/i0.wp.com\/uscatletica.ch\/wp\/wp-content\/uploads\/2022\/07\/Rodi-Tremorgio-4-scaled.jpg?fit=900%2C1200&ssl=1&resize=350%2C200","width":350,"height":200,"srcset":"https:\/\/i0.wp.com\/uscatletica.ch\/wp\/wp-content\/uploads\/2022\/07\/Rodi-Tremorgio-4-scaled.jpg?fit=900%2C1200&ssl=1&resize=350%2C200 1x, https:\/\/i0.wp.com\/uscatletica.ch\/wp\/wp-content\/uploads\/2022\/07\/Rodi-Tremorgio-4-scaled.jpg?fit=900%2C1200&ssl=1&resize=525%2C300 1.5x, https:\/\/i0.wp.com\/uscatletica.ch\/wp\/wp-content\/uploads\/2022\/07\/Rodi-Tremorgio-4-scaled.jpg?fit=900%2C1200&ssl=1&resize=700%2C400 2x"},"classes":[]}],"_links":{"self":[{"href":"https:\/\/uscatletica.ch\/wp\/index.php?rest_route=\/wp\/v2\/posts\/8728","targetHints":{"allow":["GET"]}}],"collection":[{"href":"https:\/\/uscatletica.ch\/wp\/index.php?rest_route=\/wp\/v2\/posts"}],"about":[{"href":"https:\/\/uscatletica.ch\/wp\/index.php?rest_route=\/wp\/v2\/types\/post"}],"author":[{"embeddable":true,"href":"https:\/\/uscatletica.ch\/wp\/index.php?rest_route=\/wp\/v2\/users\/3"}],"replies":[{"embeddable":true,"href":"https:\/\/uscatletica.ch\/wp\/index.php?rest_route=%2Fwp%2Fv2%2Fcomments&post=8728"}],"version-history":[{"count":7,"href":"https:\/\/uscatletica.ch\/wp\/index.php?rest_route=\/wp\/v2\/posts\/8728\/revisions"}],"predecessor-version":[{"id":8737,"href":"https:\/\/uscatletica.ch\/wp\/index.php?rest_route=\/wp\/v2\/posts\/8728\/revisions\/8737"}],"wp:featuredmedia":[{"embeddable":true,"href":"https:\/\/uscatletica.ch\/wp\/index.php?rest_route=\/wp\/v2\/media\/8729"}],"wp:attachment":[{"href":"https:\/\/uscatletica.ch\/wp\/index.php?rest_route=%2Fwp%2Fv2%2Fmedia&parent=8728"}],"wp:term":[{"taxonomy":"category","embeddable":true,"href":"https:\/\/uscatletica.ch\/wp\/index.php?rest_route=%2Fwp%2Fv2%2Fcategories&post=8728"},{"taxonomy":"post_tag","embeddable":true,"href":"https:\/\/uscatletica.ch\/wp\/index.php?rest_route=%2Fwp%2Fv2%2Ftags&post=8728"}],"curies":[{"name":"wp","href":"https:\/\/api.w.org\/{rel}","templated":true}]}}