{"id":8738,"date":"2019-08-01T14:57:35","date_gmt":"2019-08-01T12:57:35","guid":{"rendered":"http:\/\/uscatletica.ch\/wp\/?p=8738"},"modified":"2019-08-11T09:15:53","modified_gmt":"2019-08-11T07:15:53","slug":"dalla-calanca-al-gran-sasso","status":"publish","type":"post","link":"https:\/\/uscatletica.ch\/wp\/?p=8738","title":{"rendered":"Dalla Calanca al Gran Sasso"},"content":{"rendered":"\n<p>Dopo i brillanti risultati dello scorso fine settimana in Val Susa, Davos e Nara, altre interessanti prove interesseranno l\u2019USC e i suoi atleti nei prossimi giorni. Dal 2 al 4 agosto, sul Gran Sasso d&#8217;Italia (L&#8217;Aquila), si svolger\u00e0 la quarta edizione del <a href=\"http:\/\/www.gransassoskyrace.it\/\"><strong>Campionato Mondiale giovanile<\/strong><\/a> (U18, U20 e U23) di Skyrunning: venerd\u00ec la specialit\u00e0 del Km verticale (+1000m su 3,5 km, partenza a cronometro), domenica la Skyrace (+2226m su 21.6 km). Al via i nostri specialisti Roberto e Marco. <strong>Forza!<\/strong><\/p>\n\n\n\n<p>Nella Svizzera italiana si corre invece in Valle Calanca per la <a href=\"http:\/\/www.asti-ticino.ch\/podismo\/_downloads\/Rossa2019Prog.pdf\">Selma-Rossa<\/a>, che porta gli atleti al traguardo del suggestivo percorso dopo 10 km e +271 metri di dislivello. Partenza ore 16.00, iscrizioni sul posto entro le 15.30. <strong>Buona gara a tutti!<\/strong><\/p>\n\n\n\n<figure class=\"wp-block-image\"><img data-recalc-dims=\"1\" loading=\"lazy\" decoding=\"async\" width=\"640\" height=\"905\" data-attachment-id=\"8744\" data-permalink=\"https:\/\/uscatletica.ch\/wp\/?attachment_id=8744\" data-orig-file=\"https:\/\/i0.wp.com\/uscatletica.ch\/wp\/wp-content\/uploads\/2019\/08\/lrt190802delwmgrab.jpg?fit=1240%2C1753&amp;ssl=1\" data-orig-size=\"1240,1753\" data-comments-opened=\"0\" data-image-meta=\"{&quot;aperture&quot;:&quot;0&quot;,&quot;credit&quot;:&quot;&quot;,&quot;camera&quot;:&quot;&quot;,&quot;caption&quot;:&quot;&quot;,&quot;created_timestamp&quot;:&quot;0&quot;,&quot;copyright&quot;:&quot;&quot;,&quot;focal_length&quot;:&quot;0&quot;,&quot;iso&quot;:&quot;0&quot;,&quot;shutter_speed&quot;:&quot;0&quot;,&quot;title&quot;:&quot;&quot;,&quot;orientation&quot;:&quot;0&quot;}\" data-image-title=\"lrt190802delwmgrab\" data-image-description=\"\" data-image-caption=\"\" data-large-file=\"https:\/\/i0.wp.com\/uscatletica.ch\/wp\/wp-content\/uploads\/2019\/08\/lrt190802delwmgrab.jpg?fit=640%2C905&amp;ssl=1\" src=\"https:\/\/i0.wp.com\/uscatletica.ch\/wp\/wp-content\/uploads\/2019\/08\/lrt190802delwmgrab.jpg?resize=640%2C905&#038;ssl=1\" alt=\"\" class=\"wp-image-8744\" srcset=\"https:\/\/i0.wp.com\/uscatletica.ch\/wp\/wp-content\/uploads\/2019\/08\/lrt190802delwmgrab.jpg?resize=724%2C1024&amp;ssl=1 724w, https:\/\/i0.wp.com\/uscatletica.ch\/wp\/wp-content\/uploads\/2019\/08\/lrt190802delwmgrab.jpg?resize=212%2C300&amp;ssl=1 212w, https:\/\/i0.wp.com\/uscatletica.ch\/wp\/wp-content\/uploads\/2019\/08\/lrt190802delwmgrab.jpg?resize=768%2C1086&amp;ssl=1 768w, https:\/\/i0.wp.com\/uscatletica.ch\/wp\/wp-content\/uploads\/2019\/08\/lrt190802delwmgrab.jpg?w=1240&amp;ssl=1 1240w\" sizes=\"auto, (max-width: 640px) 100vw, 640px\" \/><figcaption>I nostri due atleti mondiali interivistati da La Regione <br><br><\/figcaption><\/figure>\n","protected":false},"excerpt":{"rendered":"<p>Dopo i brillanti risultati dello scorso fine settimana in Val Susa, Davos e Nara, altre interessanti prove interesseranno l\u2019USC e i suoi atleti nei prossimi giorni. Dal 2 al 4 agosto, sul Gran Sasso d&#8217;Italia (L&#8217;Aquila), si svolger\u00e0 la quarta edizione del Campionato Mondiale giovanile (U18, U20 e U23) di Skyrunning: venerd\u00ec la specialit\u00e0 del Km verticale (+1000m su 3,5 km, partenza a cronometro), domenica la Skyrace (+2226m su 21.6 km). Al via i nostri&#8230;<\/p>\n","protected":false},"author":3,"featured_media":8739,"comment_status":"closed","ping_status":"closed","sticky":false,"template":"","format":"standard","meta":{"jetpack_post_was_ever_published":false,"_jetpack_newsletter_access":"","_jetpack_dont_email_post_to_subs":false,"_jetpack_newsletter_tier_id":0,"_jetpack_memberships_contains_paywalled_content":false,"_jetpack_memberships_contains_paid_content":false,"footnotes":"","jetpack_publicize_message":"","jetpack_publicize_feature_enabled":true,"jetpack_social_post_already_shared":true,"jetpack_social_options":{"image_generator_settings":{"template":"highway","default_image_id":0,"font":"","enabled":false},"version":2}},"categories":[16,5],"tags":[],"class_list":["post-8738","post","type-post","status-publish","format-standard","has-post-thumbnail","hentry","category-montagna","category-podismo"],"jetpack_publicize_connections":[],"jetpack_featured_media_url":"https:\/\/i0.wp.com\/uscatletica.ch\/wp\/wp-content\/uploads\/2019\/08\/Selma-Rossa.jpg?fit=624%2C259&ssl=1","jetpack_sharing_enabled":true,"jetpack_shortlink":"https:\/\/wp.me\/p6V7Ck-2gW","jetpack-related-posts":[{"id":17760,"url":"https:\/\/uscatletica.ch\/wp\/?p=17760","url_meta":{"origin":8738,"position":0},"title":"4 USC e 1 podio in VAL CALANCA","author":"Stampa E","date":"3 Luglio 2023","format":false,"excerpt":"Domenica 2 luglio l'appuntamento nella suggestiva cornice del Parco Regionale Calanca, ha visto 4 atleti USC al via. Nel Gran Premio Rossa, lungo lo spettacolare percorso su fondo misto (sterrato, asfalto, sentiero) di 10 km e 271 metri di dislivello positivi da Selma a Rossa, ottimo quinto rango assouto (e\u2026","rel":"","context":"In &quot;Podismo&quot;","block_context":{"text":"Podismo","link":"https:\/\/uscatletica.ch\/wp\/?cat=5"},"img":{"alt_text":"","src":"https:\/\/i0.wp.com\/uscatletica.ch\/wp\/wp-content\/uploads\/2023\/07\/Rossa-2023-Foto-Scarlioni-13.jpg?fit=768%2C1024&ssl=1&resize=350%2C200","width":350,"height":200,"srcset":"https:\/\/i0.wp.com\/uscatletica.ch\/wp\/wp-content\/uploads\/2023\/07\/Rossa-2023-Foto-Scarlioni-13.jpg?fit=768%2C1024&ssl=1&resize=350%2C200 1x, https:\/\/i0.wp.com\/uscatletica.ch\/wp\/wp-content\/uploads\/2023\/07\/Rossa-2023-Foto-Scarlioni-13.jpg?fit=768%2C1024&ssl=1&resize=525%2C300 1.5x, https:\/\/i0.wp.com\/uscatletica.ch\/wp\/wp-content\/uploads\/2023\/07\/Rossa-2023-Foto-Scarlioni-13.jpg?fit=768%2C1024&ssl=1&resize=700%2C400 2x"},"classes":[]},{"id":13848,"url":"https:\/\/uscatletica.ch\/wp\/?p=13848","url_meta":{"origin":8738,"position":1},"title":"Vittoria a Landarenca (+commento)!","author":"Stampa E","date":"7 Novembre 2021","format":false,"excerpt":"Si \u00e8 corsa domenica mattina la prima edizione della Selma-Landarenca, corsa in salita con partenza individuale ogni minuto. Sul suggestivo percorso di 2.2 km con 378 metri di dislivello gli atleti hanno raggiunto il suggestivo borgo della valle Calanca, raggiungibile solo via sentieri o funivia. Con il tempo di 15'31''\u2026","rel":"","context":"In &quot;Montagna&quot;","block_context":{"text":"Montagna","link":"https:\/\/uscatletica.ch\/wp\/?cat=16"},"img":{"alt_text":"","src":"https:\/\/i0.wp.com\/uscatletica.ch\/wp\/wp-content\/uploads\/2021\/11\/Landarenca.jpg?fit=795%2C686&ssl=1&resize=350%2C200","width":350,"height":200,"srcset":"https:\/\/i0.wp.com\/uscatletica.ch\/wp\/wp-content\/uploads\/2021\/11\/Landarenca.jpg?fit=795%2C686&ssl=1&resize=350%2C200 1x, https:\/\/i0.wp.com\/uscatletica.ch\/wp\/wp-content\/uploads\/2021\/11\/Landarenca.jpg?fit=795%2C686&ssl=1&resize=525%2C300 1.5x, https:\/\/i0.wp.com\/uscatletica.ch\/wp\/wp-content\/uploads\/2021\/11\/Landarenca.jpg?fit=795%2C686&ssl=1&resize=700%2C400 2x"},"classes":[]},{"id":15613,"url":"https:\/\/uscatletica.ch\/wp\/?p=15613","url_meta":{"origin":8738,"position":2},"title":"Il fine settimana USC in pista a Biasca di corsa in Morobbia e Calanca","author":"Leonida Stampanoni","date":"2 Luglio 2022","format":false,"excerpt":"Il fine settimana si prospetta intenso con tre appuntamenti su suolo ticinesi per atlete ed atleti USC oggi ci sar\u00e0 il Magnus Swiss Jump Tour a Biasca al via Mattia, Matilda, Marco e Federica. Riparte la stagione ASTi sabato si corre il BancaStato Morobbia Trail mentre domenica in Val Calanca\u2026","rel":"","context":"In &quot;Pista&quot;","block_context":{"text":"Pista","link":"https:\/\/uscatletica.ch\/wp\/?cat=4"},"img":{"alt_text":"","src":"https:\/\/i0.wp.com\/uscatletica.ch\/wp\/wp-content\/uploads\/2022\/06\/P1190998.jpeg?fit=324%2C432&ssl=1&resize=350%2C200","width":350,"height":200},"classes":[]},{"id":2473,"url":"https:\/\/uscatletica.ch\/wp\/?p=2473","url_meta":{"origin":8738,"position":3},"title":"fine settimana dai mondiali alla Coppa Ticino.","author":"Leonida Stampanoni","date":"29 Luglio 2016","format":false,"excerpt":"Fine settimana intenso quello che aspetta gli USCini per il primo d'agosto, Roberto e Marco saranno al Gran Sasso \u00a0per i campionati del mondo di Skyrace, mentre al Nara si chiuder\u00e0 la coppa Ticino di corsa in montagna. Il primo di agosto invece in strada si correr\u00e0 in Valmaggia \u00a0la\u2026","rel":"","context":"In &quot;Montagna&quot;","block_context":{"text":"Montagna","link":"https:\/\/uscatletica.ch\/wp\/?cat=16"},"img":{"alt_text":"","src":"https:\/\/i0.wp.com\/uscatletica.ch\/wp\/wp-content\/uploads\/2016\/07\/cearco2016start.jpg?fit=563%2C373&ssl=1&resize=350%2C200","width":350,"height":200,"srcset":"https:\/\/i0.wp.com\/uscatletica.ch\/wp\/wp-content\/uploads\/2016\/07\/cearco2016start.jpg?fit=563%2C373&ssl=1&resize=350%2C200 1x, https:\/\/i0.wp.com\/uscatletica.ch\/wp\/wp-content\/uploads\/2016\/07\/cearco2016start.jpg?fit=563%2C373&ssl=1&resize=525%2C300 1.5x"},"classes":[]},{"id":13035,"url":"https:\/\/uscatletica.ch\/wp\/?p=13035","url_meta":{"origin":8738,"position":4},"title":"Marco in Abruzzo per i mondiali","author":"Leonida Stampanoni","date":"30 Luglio 2021","format":false,"excerpt":"Marco Delorenzi affronta ancora una volta la trasferta per i campionati del mondo giovanili di Verticale e Skyrace sul classico percorso del\u00a0l Gran Sasso d\u2019Italia (L\u2019Aquila), si svolger\u00e0 la quinta edizione del Campionato Mondiale giovanile (U18, U20 e U23) di Skyrunning: venerd\u00ec la specialit\u00e0 del Km verticale (+1000m su 3,5\u2026","rel":"","context":"In &quot;Montagna&quot;","block_context":{"text":"Montagna","link":"https:\/\/uscatletica.ch\/wp\/?cat=16"},"img":{"alt_text":"","src":"https:\/\/i0.wp.com\/uscatletica.ch\/wp\/wp-content\/uploads\/2017\/07\/podiorobiandorra17vert-e1501255566499.jpg?fit=540%2C495&ssl=1&resize=350%2C200","width":350,"height":200,"srcset":"https:\/\/i0.wp.com\/uscatletica.ch\/wp\/wp-content\/uploads\/2017\/07\/podiorobiandorra17vert-e1501255566499.jpg?fit=540%2C495&ssl=1&resize=350%2C200 1x, https:\/\/i0.wp.com\/uscatletica.ch\/wp\/wp-content\/uploads\/2017\/07\/podiorobiandorra17vert-e1501255566499.jpg?fit=540%2C495&ssl=1&resize=525%2C300 1.5x"},"classes":[]},{"id":12968,"url":"https:\/\/uscatletica.ch\/wp\/?p=12968","url_meta":{"origin":8738,"position":5},"title":"TRE PODI IN VAL CALANCA","author":"Stampa E","date":"4 Luglio 2021","format":false,"excerpt":"Si \u00e8 corsa oggi in Valle Calanca la nona edizione del Gran premio Rossa, affascinante prova che ha aperto la Coppa Podismo ASTi 2021. Sul suggestivo percorso di 10 km (+271 metri di dislivello) da Selma a Rossa ricco di saliscendi su sterrati e sentieri, ha vinto Lukas Oehen tra\u2026","rel":"","context":"In &quot;Podismo&quot;","block_context":{"text":"Podismo","link":"https:\/\/uscatletica.ch\/wp\/?cat=5"},"img":{"alt_text":"","src":"","width":0,"height":0},"classes":[]}],"_links":{"self":[{"href":"https:\/\/uscatletica.ch\/wp\/index.php?rest_route=\/wp\/v2\/posts\/8738","targetHints":{"allow":["GET"]}}],"collection":[{"href":"https:\/\/uscatletica.ch\/wp\/index.php?rest_route=\/wp\/v2\/posts"}],"about":[{"href":"https:\/\/uscatletica.ch\/wp\/index.php?rest_route=\/wp\/v2\/types\/post"}],"author":[{"embeddable":true,"href":"https:\/\/uscatletica.ch\/wp\/index.php?rest_route=\/wp\/v2\/users\/3"}],"replies":[{"embeddable":true,"href":"https:\/\/uscatletica.ch\/wp\/index.php?rest_route=%2Fwp%2Fv2%2Fcomments&post=8738"}],"version-history":[{"count":6,"href":"https:\/\/uscatletica.ch\/wp\/index.php?rest_route=\/wp\/v2\/posts\/8738\/revisions"}],"predecessor-version":[{"id":8747,"href":"https:\/\/uscatletica.ch\/wp\/index.php?rest_route=\/wp\/v2\/posts\/8738\/revisions\/8747"}],"wp:featuredmedia":[{"embeddable":true,"href":"https:\/\/uscatletica.ch\/wp\/index.php?rest_route=\/wp\/v2\/media\/8739"}],"wp:attachment":[{"href":"https:\/\/uscatletica.ch\/wp\/index.php?rest_route=%2Fwp%2Fv2%2Fmedia&parent=8738"}],"wp:term":[{"taxonomy":"category","embeddable":true,"href":"https:\/\/uscatletica.ch\/wp\/index.php?rest_route=%2Fwp%2Fv2%2Fcategories&post=8738"},{"taxonomy":"post_tag","embeddable":true,"href":"https:\/\/uscatletica.ch\/wp\/index.php?rest_route=%2Fwp%2Fv2%2Ftags&post=8738"}],"curies":[{"name":"wp","href":"https:\/\/api.w.org\/{rel}","templated":true}]}}