{"id":8749,"date":"2019-08-03T08:32:10","date_gmt":"2019-08-03T06:32:10","guid":{"rendered":"http:\/\/uscatletica.ch\/wp\/?p=8749"},"modified":"2019-08-06T08:11:49","modified_gmt":"2019-08-06T06:11:49","slug":"doppia-medaglia-mondiale-per-i-fratelli-delorenzi","status":"publish","type":"post","link":"https:\/\/uscatletica.ch\/wp\/?p=8749","title":{"rendered":"ROBY CAMPIONE DEL MONDO DI SKYRACE MARCO ARGENTO NEL VERTICAL"},"content":{"rendered":"\n<p>Nel vertical dei campionati mondiali giovanili di Sky race doppia medaglia per i fratelli Delorenzi . Marco nella categoria youth B si merita la prima medaglia individuale della carriera e i permette pure di precedere Roby che  arriva terzo nella categoria U23. Domenica nella Skyrace Roberto vince il titolo mondiali U23 mentre Marco chiude settimo <\/p>\n\n\n\n<h2 class=\"wp-block-heading\"><a rel=\"noreferrer noopener\" aria-label=\"classifica (opens in a new tab)\" href=\"http:\/\/enduro.ficr.it\/enduroplus\/indexweb.asp?g=766&amp;d=1&amp;fbclid=IwAR2Vi9dRwnPKt2GQB39mbywcxiYwgTUsw6EEcy5XEJqFaT1hKoqK0bUgaJk\" target=\"_blank\">classifica vertical<\/a>  <a href=\"http:\/\/enduro.ficr.it\/enduroplus\/indexweb.asp?g=766&amp;d=2&amp;a=2019&amp;ce=39&amp;m=29\" target=\"_blank\" rel=\"noreferrer noopener\" aria-label=\"classifica skyrace (opens in a new tab)\">classifica skyrace<\/a><\/h2>\n\n\n\n<h2 class=\"wp-block-heading\">ROBY CAMPIONE DEL MONDO<\/h2>\n\n\n\n<p>Domenica si chiude con i 22 km della Skyrace Robi taglia il traguardo vincendo il titolo mondiale negli U23 in 2h25&#8217;22. Nella gara Youth B titolo per l&#8217;italiano Molina Augustin 2h26&#8217;13 Marco chiude settimo in 2h38&#8217;00<br><\/p>\n\n\n\n<figure class=\"wp-block-embed-facebook wp-block-embed is-type-rich is-provider-facebook\"><div class=\"wp-block-embed__wrapper\">\n<div class=\"fb-post\" data-href=\"https:\/\/www.facebook.com\/roberto.delorenzi97\/posts\/2134905960141915\" data-width=\"552\" style=\"background-color: #fff; display: inline-block;\"><\/div>\n<\/div><\/figure>\n\n\n\n<figure class=\"wp-block-embed-facebook wp-block-embed is-type-rich is-provider-facebook\"><div class=\"wp-block-embed__wrapper\">\n<div class=\"fb-post\" data-href=\"https:\/\/www.facebook.com\/permalink.php?story_fbid=2505098786385903&#038;id=100006574189031\" data-width=\"552\" style=\"background-color: #fff; display: inline-block;\"><\/div>\n<\/div><\/figure>\n\n\n\n<h2 class=\"wp-block-heading\">DOPPIA MEDAGLIA NEL VERTICAL<\/h2>\n\n\n\n<p>Il miglior tempo assoluto \u00e8 per lo spagnolo Daniel Labord in 34&#8217;52 che vince anche il titolo U23. Marco in 38&#8217;11 nella categoria si inchina al norvegese Fareovik  mentre Robi, dopo un ottimo avvio che gli permette di raggiungere il futuro vincitore, soffre per alcuni problemi fisici. Robi in 38&#8217;15 finisce terzo tra gli U23. completando cos\u00ec il set id medaglie mondiali . <br><\/p>\n","protected":false},"excerpt":{"rendered":"<p>Nel vertical dei campionati mondiali giovanili di Sky race doppia medaglia per i fratelli Delorenzi . Marco nella categoria youth B si merita la prima medaglia individuale della carriera e i permette pure di precedere Roby che arriva terzo nella categoria U23. Domenica nella Skyrace Roberto vince il titolo mondiali U23 mentre Marco chiude settimo classifica vertical classifica skyrace ROBY CAMPIONE DEL MONDO Domenica si chiude con i 22 km della Skyrace Robi taglia il&#8230;<\/p>\n","protected":false},"author":4,"featured_media":6381,"comment_status":"closed","ping_status":"closed","sticky":false,"template":"","format":"standard","meta":{"jetpack_post_was_ever_published":false,"_jetpack_newsletter_access":"","_jetpack_dont_email_post_to_subs":false,"_jetpack_newsletter_tier_id":0,"_jetpack_memberships_contains_paywalled_content":false,"_jetpack_memberships_contains_paid_content":false,"footnotes":"","jetpack_publicize_message":"","jetpack_publicize_feature_enabled":true,"jetpack_social_post_already_shared":true,"jetpack_social_options":{"image_generator_settings":{"template":"highway","default_image_id":0,"font":"","enabled":false},"version":2}},"categories":[16,9],"tags":[],"class_list":["post-8749","post","type-post","status-publish","format-standard","has-post-thumbnail","hentry","category-montagna","category-sport"],"jetpack_publicize_connections":[],"jetpack_featured_media_url":"https:\/\/i0.wp.com\/uscatletica.ch\/wp\/wp-content\/uploads\/2018\/08\/rdelcm2018.jpg?fit=504%2C302&ssl=1","jetpack_sharing_enabled":true,"jetpack_shortlink":"https:\/\/wp.me\/p6V7Ck-2h7","jetpack-related-posts":[{"id":6380,"url":"https:\/\/uscatletica.ch\/wp\/?p=6380","url_meta":{"origin":8749,"position":0},"title":"Mondiale Skyrace primo titolo per Roby nel Vertical (Livetracking)","author":"Leonida Stampanoni","date":"3 Agosto 2018","format":false,"excerpt":"Si comincia alla grande ai campionati del mondiali\u00a0 giovanili di Skyrace. Robi vince il titolo U23\u00a0 battendo un altro atleta svizzero Pascal Buchs. Tra gli U20 Marco accarezza il bronzo . qui seguite la gara Skyrace in diretta Forza Delorenzi Partenza alle 7.50 le classifiche Robi campione del mondo, altre\u2026","rel":"","context":"In &quot;Montagna&quot;","block_context":{"text":"Montagna","link":"https:\/\/uscatletica.ch\/wp\/?cat=16"},"img":{"alt_text":"","src":"https:\/\/i0.wp.com\/uscatletica.ch\/wp\/wp-content\/uploads\/2018\/08\/rdelcm2018.jpg?fit=504%2C302&ssl=1&resize=350%2C200","width":350,"height":200},"classes":[]},{"id":4718,"url":"https:\/\/uscatletica.ch\/wp\/?p=4718","url_meta":{"origin":8749,"position":1},"title":"Andorra mondiali Giovanili Skyrace Robi Doppio campione del Mondo","author":"Leonida Stampanoni","date":"28 Luglio 2017","format":false,"excerpt":"Campionati del mondo giovanili Sky Race Il sito della manifestazione in Andorra Seconda esperienza ai mondiali giovanili di Skyrace per i nostri fratelli Delorenzi impegnati ad Andorra. L'edizione 2016 dei campionati mondiali giovanili SKYRACE 15 km +-1415. Roby CAMPIONE DEL MONDO Domenica storica ad Andorra nella Arinsal Skyrace. Roby lungo\u2026","rel":"","context":"In &quot;Montagna&quot;","block_context":{"text":"Montagna","link":"https:\/\/uscatletica.ch\/wp\/?cat=16"},"img":{"alt_text":"","src":"https:\/\/i0.wp.com\/uscatletica.ch\/wp\/wp-content\/uploads\/2017\/07\/podiorobiandorra17vert-e1501255566499.jpg?fit=540%2C495&ssl=1&resize=350%2C200","width":350,"height":200,"srcset":"https:\/\/i0.wp.com\/uscatletica.ch\/wp\/wp-content\/uploads\/2017\/07\/podiorobiandorra17vert-e1501255566499.jpg?fit=540%2C495&ssl=1&resize=350%2C200 1x, https:\/\/i0.wp.com\/uscatletica.ch\/wp\/wp-content\/uploads\/2017\/07\/podiorobiandorra17vert-e1501255566499.jpg?fit=540%2C495&ssl=1&resize=525%2C300 1.5x"},"classes":[]},{"id":13039,"url":"https:\/\/uscatletica.ch\/wp\/?p=13039","url_meta":{"origin":8749,"position":2},"title":"Marco 2 top ten  ai Mondiali","author":"Leonida Stampanoni","date":"30 Luglio 2021","format":false,"excerpt":"Nella prima giornata dei campionati del mondo giovanile di Skyrace il programma prevedeva la gara Vertical il titolo \u00e8 andato allo Spagnolo Daniel Labord Osanz \u00a0per la svizzera medaglia tra gli U23 con Daniele Fontana mentre Marco ha chiuso al 21 rango assoluto . Roby ha vinto la gara aperta\u2026","rel":"","context":"In &quot;Montagna&quot;","block_context":{"text":"Montagna","link":"https:\/\/uscatletica.ch\/wp\/?cat=16"},"img":{"alt_text":"","src":"https:\/\/i0.wp.com\/uscatletica.ch\/wp\/wp-content\/uploads\/2020\/09\/P1040494.jpeg?fit=420%2C315&ssl=1&resize=350%2C200","width":350,"height":200},"classes":[]},{"id":8940,"url":"https:\/\/uscatletica.ch\/wp\/?p=8940","url_meta":{"origin":8749,"position":3},"title":"Roby vicecampione europeo di Skyrace (triathlon CO","author":"Leonida Stampanoni","date":"5 Settembre 2019","format":false,"excerpt":"La VeiaSkyrace in Val Bognanco \u00fc il teatro dei campionati europei di Skyrace Gioved\u00ec il programma prevede il Vertical Terme di Bognanco Bognanco 3.4 km per 1100 m di dislivello sabato sar\u00e0 il turno della Skyrace. Nella prima giornata dei campionati sul Vertical vittoria per l'italian Nadir Mguet i n\u2026","rel":"","context":"In &quot;Montagna&quot;","block_context":{"text":"Montagna","link":"https:\/\/uscatletica.ch\/wp\/?cat=16"},"img":{"alt_text":"","src":"https:\/\/i0.wp.com\/uscatletica.ch\/wp\/wp-content\/uploads\/2019\/09\/ROBICESKYRACE2019.jpg?fit=1024%2C768&ssl=1&resize=350%2C200","width":350,"height":200,"srcset":"https:\/\/i0.wp.com\/uscatletica.ch\/wp\/wp-content\/uploads\/2019\/09\/ROBICESKYRACE2019.jpg?fit=1024%2C768&ssl=1&resize=350%2C200 1x, https:\/\/i0.wp.com\/uscatletica.ch\/wp\/wp-content\/uploads\/2019\/09\/ROBICESKYRACE2019.jpg?fit=1024%2C768&ssl=1&resize=525%2C300 1.5x, https:\/\/i0.wp.com\/uscatletica.ch\/wp\/wp-content\/uploads\/2019\/09\/ROBICESKYRACE2019.jpg?fit=1024%2C768&ssl=1&resize=700%2C400 2x"},"classes":[]},{"id":2478,"url":"https:\/\/uscatletica.ch\/wp\/?p=2478","url_meta":{"origin":8749,"position":4},"title":"Mondiali di Skyrace Doppio argento per Roberto (Rassegna Stampa video partenza)","author":"Leonida Stampanoni","date":"31 Luglio 2016","format":false,"excerpt":"Domenica mattina era in programma la prova di Skyrace ai mondiali giovanili. Ottima gara per i fratelli Delorenzi che hanno ulteriormente migliorato la prestazione di venerd\u00ec. Rassegna Stampa\u00a0La Regione Ticino\u00a0CDT GDP Sui 21.6 \u00a0Roberto ha ottenuto la medaglia d'argento nella categoria Youth B correndo i 22 km \u00a0con 2223 m\u2026","rel":"","context":"In &quot;Informazioni&quot;","block_context":{"text":"Informazioni","link":"https:\/\/uscatletica.ch\/wp\/?cat=10"},"img":{"alt_text":"","src":"https:\/\/i0.wp.com\/uscatletica.ch\/wp\/wp-content\/uploads\/2016\/07\/vkmu20robigmpodio.jpg?fit=569%2C359&ssl=1&resize=350%2C200","width":350,"height":200,"srcset":"https:\/\/i0.wp.com\/uscatletica.ch\/wp\/wp-content\/uploads\/2016\/07\/vkmu20robigmpodio.jpg?fit=569%2C359&ssl=1&resize=350%2C200 1x, https:\/\/i0.wp.com\/uscatletica.ch\/wp\/wp-content\/uploads\/2016\/07\/vkmu20robigmpodio.jpg?fit=569%2C359&ssl=1&resize=525%2C300 1.5x"},"classes":[]},{"id":13035,"url":"https:\/\/uscatletica.ch\/wp\/?p=13035","url_meta":{"origin":8749,"position":5},"title":"Marco in Abruzzo per i mondiali","author":"Leonida Stampanoni","date":"30 Luglio 2021","format":false,"excerpt":"Marco Delorenzi affronta ancora una volta la trasferta per i campionati del mondo giovanili di Verticale e Skyrace sul classico percorso del\u00a0l Gran Sasso d\u2019Italia (L\u2019Aquila), si svolger\u00e0 la quinta edizione del Campionato Mondiale giovanile (U18, U20 e U23) di Skyrunning: venerd\u00ec la specialit\u00e0 del Km verticale (+1000m su 3,5\u2026","rel":"","context":"In &quot;Montagna&quot;","block_context":{"text":"Montagna","link":"https:\/\/uscatletica.ch\/wp\/?cat=16"},"img":{"alt_text":"","src":"https:\/\/i0.wp.com\/uscatletica.ch\/wp\/wp-content\/uploads\/2017\/07\/podiorobiandorra17vert-e1501255566499.jpg?fit=540%2C495&ssl=1&resize=350%2C200","width":350,"height":200,"srcset":"https:\/\/i0.wp.com\/uscatletica.ch\/wp\/wp-content\/uploads\/2017\/07\/podiorobiandorra17vert-e1501255566499.jpg?fit=540%2C495&ssl=1&resize=350%2C200 1x, https:\/\/i0.wp.com\/uscatletica.ch\/wp\/wp-content\/uploads\/2017\/07\/podiorobiandorra17vert-e1501255566499.jpg?fit=540%2C495&ssl=1&resize=525%2C300 1.5x"},"classes":[]}],"_links":{"self":[{"href":"https:\/\/uscatletica.ch\/wp\/index.php?rest_route=\/wp\/v2\/posts\/8749","targetHints":{"allow":["GET"]}}],"collection":[{"href":"https:\/\/uscatletica.ch\/wp\/index.php?rest_route=\/wp\/v2\/posts"}],"about":[{"href":"https:\/\/uscatletica.ch\/wp\/index.php?rest_route=\/wp\/v2\/types\/post"}],"author":[{"embeddable":true,"href":"https:\/\/uscatletica.ch\/wp\/index.php?rest_route=\/wp\/v2\/users\/4"}],"replies":[{"embeddable":true,"href":"https:\/\/uscatletica.ch\/wp\/index.php?rest_route=%2Fwp%2Fv2%2Fcomments&post=8749"}],"version-history":[{"count":8,"href":"https:\/\/uscatletica.ch\/wp\/index.php?rest_route=\/wp\/v2\/posts\/8749\/revisions"}],"predecessor-version":[{"id":20361,"href":"https:\/\/uscatletica.ch\/wp\/index.php?rest_route=\/wp\/v2\/posts\/8749\/revisions\/20361"}],"wp:featuredmedia":[{"embeddable":true,"href":"https:\/\/uscatletica.ch\/wp\/index.php?rest_route=\/wp\/v2\/media\/6381"}],"wp:attachment":[{"href":"https:\/\/uscatletica.ch\/wp\/index.php?rest_route=%2Fwp%2Fv2%2Fmedia&parent=8749"}],"wp:term":[{"taxonomy":"category","embeddable":true,"href":"https:\/\/uscatletica.ch\/wp\/index.php?rest_route=%2Fwp%2Fv2%2Fcategories&post=8749"},{"taxonomy":"post_tag","embeddable":true,"href":"https:\/\/uscatletica.ch\/wp\/index.php?rest_route=%2Fwp%2Fv2%2Ftags&post=8749"}],"curies":[{"name":"wp","href":"https:\/\/api.w.org\/{rel}","templated":true}]}}