{"id":8767,"date":"2019-08-11T07:50:34","date_gmt":"2019-08-11T05:50:34","guid":{"rendered":"http:\/\/uscatletica.ch\/wp\/?p=8767"},"modified":"2019-08-13T18:56:31","modified_gmt":"2019-08-13T16:56:31","slug":"vertical-sanbe-doppietta-delorenzi-cs-triathlon-nyon","status":"publish","type":"post","link":"https:\/\/uscatletica.ch\/wp\/?p=8767","title":{"rendered":"Vertical Sanbe doppietta Delorenzi  CS Triathlon Rachele Bronzo"},"content":{"rendered":"\n<p>190 parteciapnti festeggiano il grandissimo successo della prima edizione del<a href=\"http:\/\/verticalsanbe.ch\/\"> Vertical Sambe <\/a>che vede l&#8217;USC  trionfare grazie ai nostri magici fratelli Delorenzi che dominano la gara con Robi ad imporsi davanti a Marco. Domenica a Nyon ai campionati svizzeri di Triathlon Rachele ha raccolto una preziosa medaglia di bronzo dopo un&#8217;avvio di stagione molto problematico Letizia ha chiuso 4 quarta .  Risultati <a rel=\"noreferrer noopener\" aria-label=\"Live Da nyon (opens in a new tab)\" href=\"https:\/\/www.datasport.com\/live\/startlist\/?racenr=21505\" target=\"_blank\">Live Da nyon<\/a> <\/p>\n\n\n\n<p><a rel=\"noreferrer noopener\" aria-label=\"Le  classifiche su Endu  (opens in a new tab)\" href=\"https:\/\/www.endu.net\/it\/events\/vertical-sanbe\/results\" target=\"_blank\">Le  classifiche su Endu <\/a><\/p>\n\n\n\n<h2 class=\"wp-block-heading\">CS Triathlon Rachele di Bronzo <\/h2>\n\n\n\n<p>Le nostr due ragazze in gara con le elite si sono difese alla grande in una gara che vedeva al via anche le elite. Rachele ha chiuso con il sesto tempo assoluto e la medaglia di bronzo U20 Letizia tredicesima assoluta ha chiuso quarta tra le U18. Le nostre escono quasi assieme dal nuoto si aiutano in un folto gruppo nella tratta in bici. A corsa Rachele brilla chiudendo con il quinto tempo assoluto che le permette di vincere la battaglia per il podio . Letizia, invece pagando una piccola influenza negli ultimi giorni si batte e chiude comunque con un ottimo quarto rango. Tra i ragazzi il titolo U20 va al ticinese Sasha Caterina.<\/p>\n\n\n\n<h2 class=\"wp-block-heading\">Vertical Sanbe doppietta Delorenzi<br><\/h2>\n\n\n\n<p>6 km da San Bernardino al pizzo Ucello 2707 m superando 1100 di dislivello questa la sfida posta dal Vertical Sanbe. Grande gara per Robi che vince in solitaria in 46&#8217;24 davanti a Marco 48&#8217;03 buona la prova anche per Alessandro Bader in 1h03<\/p>\n\n\n\n<figure class=\"wp-block-embed-facebook wp-block-embed is-type-video is-provider-facebook\"><div class=\"wp-block-embed__wrapper\">\n<div class=\"fb-video\" data-allowfullscreen=\"true\" data-href=\"https:\/\/www.facebook.com\/verticalSanbe\/videos\/2384464311811426\/\" style=\"background-color: #fff; display: inline-block;\"><\/div>\n<\/div><\/figure>\n\n\n\n<pre class=\"wp-block-preformatted\"><br><\/pre>\n\n\n\n<figure class=\"wp-block-embed-facebook wp-block-embed is-type-video is-provider-facebook\"><div class=\"wp-block-embed__wrapper\">\n<div class=\"fb-video\" data-allowfullscreen=\"true\" data-href=\"https:\/\/www.facebook.com\/AndreaFurgerPhotography\/videos\/893258704366502\/\" style=\"background-color: #fff; display: inline-block;\"><\/div>\n<\/div><\/figure>\n","protected":false},"excerpt":{"rendered":"<p>190 parteciapnti festeggiano il grandissimo successo della prima edizione del Vertical Sambe che vede l&#8217;USC trionfare grazie ai nostri magici fratelli Delorenzi che dominano la gara con Robi ad imporsi davanti a Marco. Domenica a Nyon ai campionati svizzeri di Triathlon Rachele ha raccolto una preziosa medaglia di bronzo dopo un&#8217;avvio di stagione molto problematico Letizia ha chiuso 4 quarta . Risultati Live Da nyon Le classifiche su Endu CS Triathlon Rachele di Bronzo Le&#8230;<\/p>\n","protected":false},"author":4,"featured_media":7264,"comment_status":"closed","ping_status":"closed","sticky":false,"template":"","format":"standard","meta":{"jetpack_post_was_ever_published":false,"_jetpack_newsletter_access":"","_jetpack_dont_email_post_to_subs":false,"_jetpack_newsletter_tier_id":0,"_jetpack_memberships_contains_paywalled_content":false,"_jetpack_memberships_contains_paid_content":false,"footnotes":"","jetpack_publicize_message":"","jetpack_publicize_feature_enabled":true,"jetpack_social_post_already_shared":true,"jetpack_social_options":{"image_generator_settings":{"template":"highway","default_image_id":0,"font":"","enabled":false},"version":2}},"categories":[16,5,9],"tags":[],"class_list":["post-8767","post","type-post","status-publish","format-standard","has-post-thumbnail","hentry","category-montagna","category-podismo","category-sport"],"jetpack_publicize_connections":[],"jetpack_featured_media_url":"https:\/\/i0.wp.com\/uscatletica.ch\/wp\/wp-content\/uploads\/2019\/02\/P1010390.jpg?fit=1024%2C768&ssl=1","jetpack_sharing_enabled":true,"jetpack_shortlink":"https:\/\/wp.me\/p6V7Ck-2hp","jetpack-related-posts":[{"id":6157,"url":"https:\/\/uscatletica.ch\/wp\/?p=6157","url_meta":{"origin":8767,"position":0},"title":"Massagno CO e podismo Triathlon a Sion Maria argento a Kreuzegg","author":"Leonida Stampanoni","date":"2 Giugno 2018","format":false,"excerpt":"Fine settimana intenso fuori dalle piste\u00a0 in programma due gare a Massagno i campionati svizzeri di Salita ed il triathlon a Sion CS SALITA ARGENTO PER MARIA Jonathan sabato ha chiuso i campionati svizzeri di Salita al 6 rango di categoria lungo i 13.1 k della Kreuzegg Classic ha corso\u2026","rel":"","context":"In &quot;CO&quot;","block_context":{"text":"CO","link":"https:\/\/uscatletica.ch\/wp\/?cat=19"},"img":{"alt_text":"","src":"https:\/\/i0.wp.com\/uscatletica.ch\/wp\/wp-content\/uploads\/2018\/05\/barengp2018usc.jpg?fit=532%2C400&ssl=1&resize=350%2C200","width":350,"height":200,"srcset":"https:\/\/i0.wp.com\/uscatletica.ch\/wp\/wp-content\/uploads\/2018\/05\/barengp2018usc.jpg?fit=532%2C400&ssl=1&resize=350%2C200 1x, https:\/\/i0.wp.com\/uscatletica.ch\/wp\/wp-content\/uploads\/2018\/05\/barengp2018usc.jpg?fit=532%2C400&ssl=1&resize=525%2C300 1.5x"},"classes":[]},{"id":2658,"url":"https:\/\/uscatletica.ch\/wp\/?p=2658","url_meta":{"origin":8767,"position":1},"title":"Fine settimana tra Bognanco Engadina e San Bernardino Sarnen CS Triathlon","author":"Leonida Stampanoni","date":"22 Agosto 2016","format":false,"excerpt":"La Veia Skyrace\u00a0ha salutato per il secondo\u00a0consecutivo una vittoria dei fratelli Delorenzi, la grossa sorpresa dell'edizione 2016 \u00e8 arrivata da Marco capace di vincere il giro piccolo 22 km in 2h27'30. Nella gara principale sui 31 km Roberto ha chiuso al settimo posto in 3h24'52 vittoria per Bert Paolo in\u2026","rel":"","context":"In &quot;Montagna&quot;","block_context":{"text":"Montagna","link":"https:\/\/uscatletica.ch\/wp\/?cat=16"},"img":{"alt_text":"","src":"https:\/\/i0.wp.com\/uscatletica.ch\/wp\/wp-content\/uploads\/2016\/06\/trisCE.jpg?fit=563%2C353&ssl=1&resize=350%2C200","width":350,"height":200,"srcset":"https:\/\/i0.wp.com\/uscatletica.ch\/wp\/wp-content\/uploads\/2016\/06\/trisCE.jpg?fit=563%2C353&ssl=1&resize=350%2C200 1x, https:\/\/i0.wp.com\/uscatletica.ch\/wp\/wp-content\/uploads\/2016\/06\/trisCE.jpg?fit=563%2C353&ssl=1&resize=525%2C300 1.5x"},"classes":[]},{"id":10679,"url":"https:\/\/uscatletica.ch\/wp\/?p=10679","url_meta":{"origin":8767,"position":2},"title":"Doppietta Delorenzi tra la Greina e la rampigada","author":"Leonida Stampanoni","date":"24 Agosto 2020","format":false,"excerpt":"Altro doppio impegno in montagna per i fratelli Delorenzi che sabato erano alla Rampigada di San Domenico in Varzo mente Domenica a campo Belnio hanno firmato la doppietta al Greina Trail\u00a0 sabato si correva anche la prima edizione della MonteBaro Run con per l'USC una doppietta nei veterani e nelle\u2026","rel":"","context":"In &quot;Pista&quot;","block_context":{"text":"Pista","link":"https:\/\/uscatletica.ch\/wp\/?cat=4"},"img":{"alt_text":"","src":"https:\/\/i0.wp.com\/uscatletica.ch\/wp\/wp-content\/uploads\/2019\/12\/moschwra191226.jpg?fit=432%2C324&ssl=1&resize=350%2C200","width":350,"height":200},"classes":[]},{"id":4735,"url":"https:\/\/uscatletica.ch\/wp\/?p=4735","url_meta":{"origin":8767,"position":3},"title":"USCini tra monti e valli","author":"Leonida Stampanoni","date":"6 Agosto 2017","format":false,"excerpt":"Nel fine settimana riprendeva la coppa Ticino podismo mentre a Premana c'erano i campionati del mondo di corsa in salita su lunga distanza al Giir di Mont , gara che piace molto al nostro Robi. Ai campionati svizzeri di Triathlon brillante prestazione per Rachele che ha chiuso al secondo rango.\u2026","rel":"","context":"In &quot;Diversi&quot;","block_context":{"text":"Diversi","link":"https:\/\/uscatletica.ch\/wp\/?cat=30"},"img":{"alt_text":"","src":"https:\/\/i0.wp.com\/uscatletica.ch\/wp\/wp-content\/uploads\/2017\/05\/P1460174.jpg?fit=563%2C422&ssl=1&resize=350%2C200","width":350,"height":200,"srcset":"https:\/\/i0.wp.com\/uscatletica.ch\/wp\/wp-content\/uploads\/2017\/05\/P1460174.jpg?fit=563%2C422&ssl=1&resize=350%2C200 1x, https:\/\/i0.wp.com\/uscatletica.ch\/wp\/wp-content\/uploads\/2017\/05\/P1460174.jpg?fit=563%2C422&ssl=1&resize=525%2C300 1.5x"},"classes":[]},{"id":8940,"url":"https:\/\/uscatletica.ch\/wp\/?p=8940","url_meta":{"origin":8767,"position":4},"title":"Roby vicecampione europeo di Skyrace (triathlon CO","author":"Leonida Stampanoni","date":"5 Settembre 2019","format":false,"excerpt":"La VeiaSkyrace in Val Bognanco \u00fc il teatro dei campionati europei di Skyrace Gioved\u00ec il programma prevede il Vertical Terme di Bognanco Bognanco 3.4 km per 1100 m di dislivello sabato sar\u00e0 il turno della Skyrace. Nella prima giornata dei campionati sul Vertical vittoria per l'italian Nadir Mguet i n\u2026","rel":"","context":"In &quot;Montagna&quot;","block_context":{"text":"Montagna","link":"https:\/\/uscatletica.ch\/wp\/?cat=16"},"img":{"alt_text":"","src":"https:\/\/i0.wp.com\/uscatletica.ch\/wp\/wp-content\/uploads\/2019\/09\/ROBICESKYRACE2019.jpg?fit=1024%2C768&ssl=1&resize=350%2C200","width":350,"height":200,"srcset":"https:\/\/i0.wp.com\/uscatletica.ch\/wp\/wp-content\/uploads\/2019\/09\/ROBICESKYRACE2019.jpg?fit=1024%2C768&ssl=1&resize=350%2C200 1x, https:\/\/i0.wp.com\/uscatletica.ch\/wp\/wp-content\/uploads\/2019\/09\/ROBICESKYRACE2019.jpg?fit=1024%2C768&ssl=1&resize=525%2C300 1.5x, https:\/\/i0.wp.com\/uscatletica.ch\/wp\/wp-content\/uploads\/2019\/09\/ROBICESKYRACE2019.jpg?fit=1024%2C768&ssl=1&resize=700%2C400 2x"},"classes":[]},{"id":3473,"url":"https:\/\/uscatletica.ch\/wp\/?p=3473","url_meta":{"origin":8767,"position":5},"title":"Adriano Engelhardt domina sui prati della Capriasca (Classifiche e CT 2013))","author":"Stampa E","date":"5 Febbraio 2017","format":false,"excerpt":"Adriano Engelhardt domina sui prati della Capriasca davanti agli USCini Roberto e Emanuele, secondo e terzo di questi campionati ticinesi. Per l\u2019USC titoli a Jonathan tra gli M40, e Ralf tra gli M50 e Rachele tra le U18. Secondo rango anche per Patrizia (W45) e Florian (U14). Terze Matilde (U16),\u2026","rel":"","context":"In &quot;Cross&quot;","block_context":{"text":"Cross","link":"https:\/\/uscatletica.ch\/wp\/?cat=7"},"img":{"alt_text":"","src":"https:\/\/i0.wp.com\/uscatletica.ch\/wp\/wp-content\/uploads\/2017\/02\/Cross-USC-2017-Engelhardt-foto-ES.jpg?fit=1200%2C800&ssl=1&resize=350%2C200","width":350,"height":200,"srcset":"https:\/\/i0.wp.com\/uscatletica.ch\/wp\/wp-content\/uploads\/2017\/02\/Cross-USC-2017-Engelhardt-foto-ES.jpg?fit=1200%2C800&ssl=1&resize=350%2C200 1x, https:\/\/i0.wp.com\/uscatletica.ch\/wp\/wp-content\/uploads\/2017\/02\/Cross-USC-2017-Engelhardt-foto-ES.jpg?fit=1200%2C800&ssl=1&resize=525%2C300 1.5x, https:\/\/i0.wp.com\/uscatletica.ch\/wp\/wp-content\/uploads\/2017\/02\/Cross-USC-2017-Engelhardt-foto-ES.jpg?fit=1200%2C800&ssl=1&resize=700%2C400 2x, https:\/\/i0.wp.com\/uscatletica.ch\/wp\/wp-content\/uploads\/2017\/02\/Cross-USC-2017-Engelhardt-foto-ES.jpg?fit=1200%2C800&ssl=1&resize=1050%2C600 3x"},"classes":[]}],"_links":{"self":[{"href":"https:\/\/uscatletica.ch\/wp\/index.php?rest_route=\/wp\/v2\/posts\/8767","targetHints":{"allow":["GET"]}}],"collection":[{"href":"https:\/\/uscatletica.ch\/wp\/index.php?rest_route=\/wp\/v2\/posts"}],"about":[{"href":"https:\/\/uscatletica.ch\/wp\/index.php?rest_route=\/wp\/v2\/types\/post"}],"author":[{"embeddable":true,"href":"https:\/\/uscatletica.ch\/wp\/index.php?rest_route=\/wp\/v2\/users\/4"}],"replies":[{"embeddable":true,"href":"https:\/\/uscatletica.ch\/wp\/index.php?rest_route=%2Fwp%2Fv2%2Fcomments&post=8767"}],"version-history":[{"count":4,"href":"https:\/\/uscatletica.ch\/wp\/index.php?rest_route=\/wp\/v2\/posts\/8767\/revisions"}],"predecessor-version":[{"id":8776,"href":"https:\/\/uscatletica.ch\/wp\/index.php?rest_route=\/wp\/v2\/posts\/8767\/revisions\/8776"}],"wp:featuredmedia":[{"embeddable":true,"href":"https:\/\/uscatletica.ch\/wp\/index.php?rest_route=\/wp\/v2\/media\/7264"}],"wp:attachment":[{"href":"https:\/\/uscatletica.ch\/wp\/index.php?rest_route=%2Fwp%2Fv2%2Fmedia&parent=8767"}],"wp:term":[{"taxonomy":"category","embeddable":true,"href":"https:\/\/uscatletica.ch\/wp\/index.php?rest_route=%2Fwp%2Fv2%2Fcategories&post=8767"},{"taxonomy":"post_tag","embeddable":true,"href":"https:\/\/uscatletica.ch\/wp\/index.php?rest_route=%2Fwp%2Fv2%2Ftags&post=8767"}],"curies":[{"name":"wp","href":"https:\/\/api.w.org\/{rel}","templated":true}]}}