{"id":8852,"date":"2019-09-05T08:45:04","date_gmt":"2019-09-05T06:45:04","guid":{"rendered":"http:\/\/uscatletica.ch\/wp\/?p=8852"},"modified":"2019-09-24T16:08:31","modified_gmt":"2019-09-24T14:08:31","slug":"corsa-dorientamento-sociale","status":"publish","type":"post","link":"https:\/\/uscatletica.ch\/wp\/?p=8852","title":{"rendered":"Corsa d\u2019orientamento sociale (ultime info)"},"content":{"rendered":"\n<p><strong>Corsa d\u2019orientamento sociale \u2013 quarta edizione<\/strong> <\/p>\n\n\n\n<p><em>Possibilit\u00e0 di partecipare a coppie, famiglie o gruppi<\/em><\/p>\n\n\n\n<p><strong>Data<\/strong>: venerd\u00ec <strong>27 settembre<\/strong>, serata<br>(partenze dalle ore 18.00)<\/p>\n\n\n\n<p><strong>Percorsi<\/strong>: <\/p>\n\n\n\n<ul class=\"wp-block-list\"><li>percorso A (individuale, difficolt\u00e0 HB\/DAK)<\/li><li>percorsi B (facile, anche a coppie, difficolt\u00e0 DB)<\/li><li>percorso C (per tutti, anche a gruppi\/coppie, difficolt\u00e0 OK)<\/li><\/ul>\n\n\n\n<p><strong>Cartina<\/strong>: terreno misto bosco e paese<\/p>\n\n\n\n<p><strong>Iscrizioni<\/strong>: entro sabato 21 settembre 2019, ore 23.59, a <em>info@uscatletica.ch<\/em> <\/p>\n\n\n\n<p><strong><span style=\"color:#cf2e2e\" class=\"tadv-color\">Ultime informazioni alla pagina della CO sociale: <\/span><\/strong><a href=\"https:\/\/uscatletica.ch\/wp\/?page_id=8890\"><em><strong><span style=\"color:#cf2e2e\" class=\"tadv-color\">qui<\/span><\/strong><\/em><\/a><\/p>\n\n\n\n<figure class=\"wp-block-image\"><img data-recalc-dims=\"1\" loading=\"lazy\" decoding=\"async\" width=\"399\" height=\"282\" data-attachment-id=\"8853\" data-permalink=\"https:\/\/uscatletica.ch\/wp\/?attachment_id=8853\" data-orig-file=\"https:\/\/i0.wp.com\/uscatletica.ch\/wp\/wp-content\/uploads\/2019\/08\/Logo-gara-CO.jpg?fit=399%2C282&amp;ssl=1\" data-orig-size=\"399,282\" data-comments-opened=\"0\" data-image-meta=\"{&quot;aperture&quot;:&quot;0&quot;,&quot;credit&quot;:&quot;&quot;,&quot;camera&quot;:&quot;&quot;,&quot;caption&quot;:&quot;&quot;,&quot;created_timestamp&quot;:&quot;0&quot;,&quot;copyright&quot;:&quot;&quot;,&quot;focal_length&quot;:&quot;0&quot;,&quot;iso&quot;:&quot;0&quot;,&quot;shutter_speed&quot;:&quot;0&quot;,&quot;title&quot;:&quot;&quot;,&quot;orientation&quot;:&quot;0&quot;}\" data-image-title=\"CO sociale USC\" data-image-description=\"\" data-image-caption=\"\" data-large-file=\"https:\/\/i0.wp.com\/uscatletica.ch\/wp\/wp-content\/uploads\/2019\/08\/Logo-gara-CO.jpg?fit=399%2C282&amp;ssl=1\" src=\"https:\/\/i0.wp.com\/uscatletica.ch\/wp\/wp-content\/uploads\/2019\/08\/Logo-gara-CO.jpg?resize=399%2C282&#038;ssl=1\" alt=\"\" class=\"wp-image-8853\" srcset=\"https:\/\/i0.wp.com\/uscatletica.ch\/wp\/wp-content\/uploads\/2019\/08\/Logo-gara-CO.jpg?w=399&amp;ssl=1 399w, https:\/\/i0.wp.com\/uscatletica.ch\/wp\/wp-content\/uploads\/2019\/08\/Logo-gara-CO.jpg?resize=300%2C212&amp;ssl=1 300w, https:\/\/i0.wp.com\/uscatletica.ch\/wp\/wp-content\/uploads\/2019\/08\/Logo-gara-CO.jpg?resize=200%2C140&amp;ssl=1 200w\" sizes=\"auto, (max-width: 399px) 100vw, 399px\" \/><\/figure>\n","protected":false},"excerpt":{"rendered":"<p>Corsa d\u2019orientamento sociale \u2013 quarta edizione Possibilit\u00e0 di partecipare a coppie, famiglie o gruppi Data: venerd\u00ec 27 settembre, serata(partenze dalle ore 18.00) Percorsi: percorso A (individuale, difficolt\u00e0 HB\/DAK) percorsi B (facile, anche a coppie, difficolt\u00e0 DB) percorso C (per tutti, anche a gruppi\/coppie, difficolt\u00e0 OK) Cartina: terreno misto bosco e paese Iscrizioni: entro sabato 21 settembre 2019, ore 23.59, a info@uscatletica.ch Ultime informazioni alla pagina della CO sociale: qui<\/p>\n","protected":false},"author":3,"featured_media":8853,"comment_status":"closed","ping_status":"closed","sticky":false,"template":"","format":"standard","meta":{"jetpack_post_was_ever_published":false,"_jetpack_newsletter_access":"","_jetpack_dont_email_post_to_subs":false,"_jetpack_newsletter_tier_id":0,"_jetpack_memberships_contains_paywalled_content":false,"_jetpack_memberships_contains_paid_content":false,"footnotes":"","jetpack_publicize_message":"","jetpack_publicize_feature_enabled":true,"jetpack_social_post_already_shared":true,"jetpack_social_options":{"image_generator_settings":{"template":"highway","default_image_id":0,"font":"","enabled":false},"version":2}},"categories":[19,12,10,9],"tags":[],"class_list":["post-8852","post","type-post","status-publish","format-standard","has-post-thumbnail","hentry","category-corsa-dorientamento","category-nostregare","category-info","category-sport"],"jetpack_publicize_connections":[],"jetpack_featured_media_url":"https:\/\/i0.wp.com\/uscatletica.ch\/wp\/wp-content\/uploads\/2019\/08\/Logo-gara-CO.jpg?fit=399%2C282&ssl=1","jetpack_sharing_enabled":true,"jetpack_shortlink":"https:\/\/wp.me\/p6V7Ck-2iM","jetpack-related-posts":[{"id":6784,"url":"https:\/\/uscatletica.ch\/wp\/?p=6784","url_meta":{"origin":8852,"position":0},"title":"Corsa d\u2019orientamento sociale \u2013 ultime info e partenze","author":"Stampa E","date":"7 Novembre 2018","format":false,"excerpt":"sabato 10 novembre 2018 Corsa d\u2019orientamento sociale \u2013 terza edizione ULTIME INFORMAZIONI e PARTENZE -> CO USC-ultime info Ritrovo e centro gara: dalle 14:00 a Tesserete, Arena Sportiva, spogliatoi a disposizione Partenza: dalle 14:30, vedi lista Ritrovo-Partenza: 5\u2019 al passo Percorsi: percorso lungo (individuale): cartina 1:10'000, 4.6 km, 14 punti\u2026","rel":"","context":"In &quot;CO&quot;","block_context":{"text":"CO","link":"https:\/\/uscatletica.ch\/wp\/?cat=19"},"img":{"alt_text":"","src":"https:\/\/i0.wp.com\/uscatletica.ch\/wp\/wp-content\/uploads\/2017\/09\/Logo-gara-CO.jpg?fit=399%2C282&ssl=1&resize=350%2C200","width":350,"height":200},"classes":[]},{"id":6739,"url":"https:\/\/uscatletica.ch\/wp\/?p=6739","url_meta":{"origin":8852,"position":1},"title":"Corsa d\u2019orientamento USC \u2013 iscrizioni aperte","author":"Stampa E","date":"17 Ottobre 2018","format":false,"excerpt":"Corsa d\u2019orientamento sociale \u2013 terza edizione - iscrizioni aperte Possibilit\u00e0 di partecipare a coppie, famiglie o gruppi nel percorso facile - Nuovo: percorso per bambini (piccolo) Data: sabato 10 novembre 2018 Ritrovo: dalle 14:00 a Tesserete, Arena Sportiva, spogliatoi a disposizione Partenze: dalle 14.30 Percorsi: percorso lungo (individuale): cartina 1:10'000,\u2026","rel":"","context":"In &quot;CO&quot;","block_context":{"text":"CO","link":"https:\/\/uscatletica.ch\/wp\/?cat=19"},"img":{"alt_text":"","src":"https:\/\/i0.wp.com\/uscatletica.ch\/wp\/wp-content\/uploads\/2017\/09\/Logo-gara-CO.jpg?fit=399%2C282&ssl=1&resize=350%2C200","width":350,"height":200},"classes":[]},{"id":6815,"url":"https:\/\/uscatletica.ch\/wp\/?p=6815","url_meta":{"origin":8852,"position":2},"title":"Corsa d\u2019orientamento sociale \u2013 aggiornamento ULTIME INFORMAZIONI e PARTENZE","author":"Stampa E","date":"13 Novembre 2018","format":false,"excerpt":"ULTIME INFORMAZIONI e aggiornamento PARTENZE Corsa d\u2019orientamento sociale \u2013 terza edizione DOMENICA 18 novembre 2018 Ritrovo e centro gara: dalle 10:00 a Tesserete, Arena Sportiva Istruzioni dell'ultimo minuto: 10.25 alla partenza Partenza: dalle 10:30, vedi lista Ritrovo-Partenza: 5\u2019 al passo Arrivo: non lontano dal centro gara Cartina: Tesserete, viene mostrata\u2026","rel":"","context":"In &quot;CO&quot;","block_context":{"text":"CO","link":"https:\/\/uscatletica.ch\/wp\/?cat=19"},"img":{"alt_text":"","src":"https:\/\/i0.wp.com\/uscatletica.ch\/wp\/wp-content\/uploads\/2018\/11\/A1-Logo.jpg?fit=536%2C386&ssl=1&resize=350%2C200","width":350,"height":200,"srcset":"https:\/\/i0.wp.com\/uscatletica.ch\/wp\/wp-content\/uploads\/2018\/11\/A1-Logo.jpg?fit=536%2C386&ssl=1&resize=350%2C200 1x, https:\/\/i0.wp.com\/uscatletica.ch\/wp\/wp-content\/uploads\/2018\/11\/A1-Logo.jpg?fit=536%2C386&ssl=1&resize=525%2C300 1.5x"},"classes":[]},{"id":3157,"url":"https:\/\/uscatletica.ch\/wp\/?p=3157","url_meta":{"origin":8852,"position":3},"title":"Corsa d\u2019orientamento sociale \u2013 Ultime info e partenze (3.12.2016)","author":"Stampa E","date":"30 Novembre 2016","format":false,"excerpt":"Corsa d\u2019orientamento sociale \u2013 prima edizione Campionato sociale di CO, facile e adatto a tutti, anche a chi volesse provare una volta la disciplina Data: sabato 3 dicembre 2016 Ritrovo e ritiro numeri: dalle 14:00 alle 14:15 a Tesserete, Arena sportiva Tesserete, magazzino USC Partenza: dalle 14:30, vedi lista aggiornata\u2026","rel":"","context":"In &quot;CO&quot;","block_context":{"text":"CO","link":"https:\/\/uscatletica.ch\/wp\/?cat=19"},"img":{"alt_text":"","src":"https:\/\/i0.wp.com\/uscatletica.ch\/wp\/wp-content\/uploads\/2016\/11\/A-Logo.jpg?fit=540%2C780&ssl=1&resize=350%2C200","width":350,"height":200,"srcset":"https:\/\/i0.wp.com\/uscatletica.ch\/wp\/wp-content\/uploads\/2016\/11\/A-Logo.jpg?fit=540%2C780&ssl=1&resize=350%2C200 1x, https:\/\/i0.wp.com\/uscatletica.ch\/wp\/wp-content\/uploads\/2016\/11\/A-Logo.jpg?fit=540%2C780&ssl=1&resize=525%2C300 1.5x"},"classes":[]},{"id":6401,"url":"https:\/\/uscatletica.ch\/wp\/?p=6401","url_meta":{"origin":8852,"position":4},"title":"Corsa d\u2019orientamento sociale \u2013 terza edizione","author":"Stampa E","date":"15 Agosto 2018","format":false,"excerpt":"Corsa d\u2019orientamento sociale \u2013 terza edizione Data: sabato 10 novembre 2018 Riservate la data, a breve le prime informazioni! Come sempre sar\u00e0 possibile\u00a0partecipare a coppie, famiglie o gruppi nel percorso facile (B) \u00a0","rel":"","context":"In &quot;CO&quot;","block_context":{"text":"CO","link":"https:\/\/uscatletica.ch\/wp\/?cat=19"},"img":{"alt_text":"","src":"https:\/\/i0.wp.com\/uscatletica.ch\/wp\/wp-content\/uploads\/2016\/12\/Campionati-sociali-CO-1.jpg?fit=972%2C1021&ssl=1&resize=350%2C200","width":350,"height":200,"srcset":"https:\/\/i0.wp.com\/uscatletica.ch\/wp\/wp-content\/uploads\/2016\/12\/Campionati-sociali-CO-1.jpg?fit=972%2C1021&ssl=1&resize=350%2C200 1x, https:\/\/i0.wp.com\/uscatletica.ch\/wp\/wp-content\/uploads\/2016\/12\/Campionati-sociali-CO-1.jpg?fit=972%2C1021&ssl=1&resize=525%2C300 1.5x, https:\/\/i0.wp.com\/uscatletica.ch\/wp\/wp-content\/uploads\/2016\/12\/Campionati-sociali-CO-1.jpg?fit=972%2C1021&ssl=1&resize=700%2C400 2x"},"classes":[]},{"id":3174,"url":"https:\/\/uscatletica.ch\/wp\/?p=3174","url_meta":{"origin":8852,"position":5},"title":"Corsa d\u2019orientamento sociale \u2013 risultati","author":"Stampa E","date":"3 Dicembre 2016","format":false,"excerpt":"Corsa d\u2019orientamento sociale \u2013 prima edizione Ottimo successo per la prima edizione della Corsa d\u2019orientamento sociale dell\u2019USC Capriaschese sezione atletica, organizzata da Elia sabato 3 dicembre nei boschi della Capriasca. Su un percorso filante ma impegnativo, gli atleti hanno potuto approfittare del bel bosco di Tesserete per una bella giornata\u2026","rel":"","context":"In &quot;CO&quot;","block_context":{"text":"CO","link":"https:\/\/uscatletica.ch\/wp\/?cat=19"},"img":{"alt_text":"","src":"https:\/\/i0.wp.com\/uscatletica.ch\/wp\/wp-content\/uploads\/2016\/12\/Campionati-sociali-CO-2.jpg?fit=900%2C1200&ssl=1&resize=350%2C200","width":350,"height":200,"srcset":"https:\/\/i0.wp.com\/uscatletica.ch\/wp\/wp-content\/uploads\/2016\/12\/Campionati-sociali-CO-2.jpg?fit=900%2C1200&ssl=1&resize=350%2C200 1x, https:\/\/i0.wp.com\/uscatletica.ch\/wp\/wp-content\/uploads\/2016\/12\/Campionati-sociali-CO-2.jpg?fit=900%2C1200&ssl=1&resize=525%2C300 1.5x, https:\/\/i0.wp.com\/uscatletica.ch\/wp\/wp-content\/uploads\/2016\/12\/Campionati-sociali-CO-2.jpg?fit=900%2C1200&ssl=1&resize=700%2C400 2x"},"classes":[]}],"_links":{"self":[{"href":"https:\/\/uscatletica.ch\/wp\/index.php?rest_route=\/wp\/v2\/posts\/8852","targetHints":{"allow":["GET"]}}],"collection":[{"href":"https:\/\/uscatletica.ch\/wp\/index.php?rest_route=\/wp\/v2\/posts"}],"about":[{"href":"https:\/\/uscatletica.ch\/wp\/index.php?rest_route=\/wp\/v2\/types\/post"}],"author":[{"embeddable":true,"href":"https:\/\/uscatletica.ch\/wp\/index.php?rest_route=\/wp\/v2\/users\/3"}],"replies":[{"embeddable":true,"href":"https:\/\/uscatletica.ch\/wp\/index.php?rest_route=%2Fwp%2Fv2%2Fcomments&post=8852"}],"version-history":[{"count":11,"href":"https:\/\/uscatletica.ch\/wp\/index.php?rest_route=\/wp\/v2\/posts\/8852\/revisions"}],"predecessor-version":[{"id":9158,"href":"https:\/\/uscatletica.ch\/wp\/index.php?rest_route=\/wp\/v2\/posts\/8852\/revisions\/9158"}],"wp:featuredmedia":[{"embeddable":true,"href":"https:\/\/uscatletica.ch\/wp\/index.php?rest_route=\/wp\/v2\/media\/8853"}],"wp:attachment":[{"href":"https:\/\/uscatletica.ch\/wp\/index.php?rest_route=%2Fwp%2Fv2%2Fmedia&parent=8852"}],"wp:term":[{"taxonomy":"category","embeddable":true,"href":"https:\/\/uscatletica.ch\/wp\/index.php?rest_route=%2Fwp%2Fv2%2Fcategories&post=8852"},{"taxonomy":"post_tag","embeddable":true,"href":"https:\/\/uscatletica.ch\/wp\/index.php?rest_route=%2Fwp%2Fv2%2Ftags&post=8852"}],"curies":[{"name":"wp","href":"https:\/\/api.w.org\/{rel}","templated":true}]}}