{"id":8865,"date":"2019-08-31T09:25:48","date_gmt":"2019-08-31T07:25:48","guid":{"rendered":"http:\/\/uscatletica.ch\/wp\/?p=8865"},"modified":"2019-09-03T01:58:30","modified_gmt":"2019-09-02T23:58:30","slug":"gli-uscini-dalla-kids-cup-al-gala-dei-castelli","status":"publish","type":"post","link":"https:\/\/uscatletica.ch\/wp\/?p=8865","title":{"rendered":"Gli USCini dalla KIDS CUP al Gal\u00e0 dei Castelli"},"content":{"rendered":"\n<p>l&#8217;ultimo fine settimana di Vacanza \u00e8 sinonimo di grande atletica giovedi sera il Weltklasse ha portato in svizzera il meglio dell&#8217;atletica mondiale, sabato alcuni dei protagonisti saranno con Chiara alla sue ultima finale della UBS KIDS CUP. Domenica la grande atletica sbarcher\u00e0 in Ticino con l&#8217;inaugurazione del nuovo comunale in occasione del Gal\u00e0 dei Castelli. Tra i primi a gareggiare sul nuovo tartan ci saranno anche Louis sui 600 m e Alessia sui 100 m e Chiara sugli 80 m . Al comunale ci saranno poi tutti i migliori ticinesi Ricky Petrucciani , Filippo Moggi, Ajla Del Ponte, Mattia Tajana , Emma Piffaretti. Sabato si correr\u00e0 anche la penultima prova di coppa ASTi podismo il giro del monte di Caslano<\/p>\n<h2>GALA DEI CASTELLI Alessia e Louis bravi Chiara vince<\/h2>\n<p>Al Gal\u00e0 dei Castelli i nostri due atleti hanno inaugurato la nuova pista del comunale sui 600 m Louis chiuso in 1&#8217;46&#8243;34\u00a0 il 600 m vinto in 1&#8217;30&#8243;84 da Giulian Guidon\u00a0 tra le donne vittorie per Ssra Salvad\u00e9 1&#8217;43&#8243;93 . Sui 100 m nella scia di Emma Piffaretti prima in 12&#8243;09 Alessia la sua fatica in 13&#8243;57.<\/p>\n<p>Tra gli uomini ha vinto Mattia Schenk in 11&#8243;25 sull&#8217;atleta di casa\u00a0 Nathan Oberti 11&#8243;29.<\/p>\n<p>Chiara ha vinto la sua batteria sugli 80 m in un ottimo 13&#8243;18\u00a0<\/p>\n<p><span class=\"embed-youtube\" style=\"text-align:center; display: block;\"><iframe loading=\"lazy\" class=\"youtube-player\" width=\"640\" height=\"360\" src=\"https:\/\/www.youtube.com\/embed\/QPQ3zyea1ao?version=3&#038;rel=1&#038;showsearch=0&#038;showinfo=1&#038;iv_load_policy=1&#038;fs=1&#038;hl=it-IT&#038;autohide=2&#038;wmode=transparent\" allowfullscreen=\"true\" style=\"border:0;\" sandbox=\"allow-scripts allow-same-origin allow-popups allow-presentation allow-popups-to-escape-sandbox\"><\/iframe><\/span><\/p>\n<p>\u00a0<\/p>\n<div data-carousel-extra='{&quot;blog_id&quot;:1,&quot;permalink&quot;:&quot;https:\/\/uscatletica.ch\/wp\/?p=8865&quot;}' id='gallery-1' class='gallery galleryid-8865 gallery-columns-3 gallery-size-thumbnail'><figure class='gallery-item'>\n\t\t\t<div class='gallery-icon landscape'>\n\t\t\t\t<a href='https:\/\/uscatletica.ch\/wp\/?attachment_id=8909'><img loading=\"lazy\" decoding=\"async\" width=\"150\" height=\"150\" src=\"https:\/\/i0.wp.com\/uscatletica.ch\/wp\/wp-content\/uploads\/2019\/08\/IMG_0907.jpg?resize=150%2C150&amp;ssl=1\" class=\"attachment-thumbnail size-thumbnail\" alt=\"\" srcset=\"https:\/\/i0.wp.com\/uscatletica.ch\/wp\/wp-content\/uploads\/2019\/08\/IMG_0907.jpg?resize=150%2C150&amp;ssl=1 150w, https:\/\/i0.wp.com\/uscatletica.ch\/wp\/wp-content\/uploads\/2019\/08\/IMG_0907.jpg?resize=83%2C83&amp;ssl=1 83w, https:\/\/i0.wp.com\/uscatletica.ch\/wp\/wp-content\/uploads\/2019\/08\/IMG_0907.jpg?zoom=2&amp;resize=150%2C150&amp;ssl=1 300w, https:\/\/i0.wp.com\/uscatletica.ch\/wp\/wp-content\/uploads\/2019\/08\/IMG_0907.jpg?zoom=3&amp;resize=150%2C150&amp;ssl=1 450w\" sizes=\"auto, (max-width: 150px) 100vw, 150px\" data-attachment-id=\"8909\" data-permalink=\"https:\/\/uscatletica.ch\/wp\/?attachment_id=8909\" data-orig-file=\"https:\/\/i0.wp.com\/uscatletica.ch\/wp\/wp-content\/uploads\/2019\/08\/IMG_0907.jpg?fit=640%2C480&amp;ssl=1\" data-orig-size=\"640,480\" data-comments-opened=\"0\" data-image-meta=\"{&quot;aperture&quot;:&quot;1.8&quot;,&quot;credit&quot;:&quot;&quot;,&quot;camera&quot;:&quot;iPhone 7&quot;,&quot;caption&quot;:&quot;&quot;,&quot;created_timestamp&quot;:&quot;1567360115&quot;,&quot;copyright&quot;:&quot;&quot;,&quot;focal_length&quot;:&quot;3.99&quot;,&quot;iso&quot;:&quot;20&quot;,&quot;shutter_speed&quot;:&quot;0.00059488399762046&quot;,&quot;title&quot;:&quot;&quot;,&quot;orientation&quot;:&quot;1&quot;}\" data-image-title=\"IMG_0907\" data-image-description=\"\" data-image-caption=\"\" data-large-file=\"https:\/\/i0.wp.com\/uscatletica.ch\/wp\/wp-content\/uploads\/2019\/08\/IMG_0907.jpg?fit=640%2C480&amp;ssl=1\" \/><\/a>\n\t\t\t<\/div><\/figure><figure class='gallery-item'>\n\t\t\t<div class='gallery-icon landscape'>\n\t\t\t\t<a href='https:\/\/uscatletica.ch\/wp\/?attachment_id=8908'><img loading=\"lazy\" decoding=\"async\" width=\"150\" height=\"150\" src=\"https:\/\/i0.wp.com\/uscatletica.ch\/wp\/wp-content\/uploads\/2019\/08\/IMG_0908.jpg?resize=150%2C150&amp;ssl=1\" class=\"attachment-thumbnail size-thumbnail\" alt=\"\" srcset=\"https:\/\/i0.wp.com\/uscatletica.ch\/wp\/wp-content\/uploads\/2019\/08\/IMG_0908.jpg?resize=150%2C150&amp;ssl=1 150w, https:\/\/i0.wp.com\/uscatletica.ch\/wp\/wp-content\/uploads\/2019\/08\/IMG_0908.jpg?resize=83%2C83&amp;ssl=1 83w, https:\/\/i0.wp.com\/uscatletica.ch\/wp\/wp-content\/uploads\/2019\/08\/IMG_0908.jpg?zoom=2&amp;resize=150%2C150&amp;ssl=1 300w, https:\/\/i0.wp.com\/uscatletica.ch\/wp\/wp-content\/uploads\/2019\/08\/IMG_0908.jpg?zoom=3&amp;resize=150%2C150&amp;ssl=1 450w\" sizes=\"auto, (max-width: 150px) 100vw, 150px\" data-attachment-id=\"8908\" data-permalink=\"https:\/\/uscatletica.ch\/wp\/?attachment_id=8908\" data-orig-file=\"https:\/\/i0.wp.com\/uscatletica.ch\/wp\/wp-content\/uploads\/2019\/08\/IMG_0908.jpg?fit=640%2C480&amp;ssl=1\" data-orig-size=\"640,480\" data-comments-opened=\"0\" data-image-meta=\"{&quot;aperture&quot;:&quot;1.8&quot;,&quot;credit&quot;:&quot;&quot;,&quot;camera&quot;:&quot;iPhone 7&quot;,&quot;caption&quot;:&quot;&quot;,&quot;created_timestamp&quot;:&quot;1567360134&quot;,&quot;copyright&quot;:&quot;&quot;,&quot;focal_length&quot;:&quot;3.99&quot;,&quot;iso&quot;:&quot;20&quot;,&quot;shutter_speed&quot;:&quot;0.00063694267515924&quot;,&quot;title&quot;:&quot;&quot;,&quot;orientation&quot;:&quot;1&quot;}\" data-image-title=\"IMG_0908\" data-image-description=\"\" data-image-caption=\"\" data-large-file=\"https:\/\/i0.wp.com\/uscatletica.ch\/wp\/wp-content\/uploads\/2019\/08\/IMG_0908.jpg?fit=640%2C480&amp;ssl=1\" \/><\/a>\n\t\t\t<\/div><\/figure><figure class='gallery-item'>\n\t\t\t<div class='gallery-icon landscape'>\n\t\t\t\t<a href='https:\/\/uscatletica.ch\/wp\/?attachment_id=8907'><img loading=\"lazy\" decoding=\"async\" width=\"150\" height=\"150\" src=\"https:\/\/i0.wp.com\/uscatletica.ch\/wp\/wp-content\/uploads\/2019\/08\/IMG_0909.jpg?resize=150%2C150&amp;ssl=1\" class=\"attachment-thumbnail size-thumbnail\" alt=\"\" srcset=\"https:\/\/i0.wp.com\/uscatletica.ch\/wp\/wp-content\/uploads\/2019\/08\/IMG_0909.jpg?resize=150%2C150&amp;ssl=1 150w, https:\/\/i0.wp.com\/uscatletica.ch\/wp\/wp-content\/uploads\/2019\/08\/IMG_0909.jpg?resize=83%2C83&amp;ssl=1 83w, https:\/\/i0.wp.com\/uscatletica.ch\/wp\/wp-content\/uploads\/2019\/08\/IMG_0909.jpg?zoom=2&amp;resize=150%2C150&amp;ssl=1 300w, https:\/\/i0.wp.com\/uscatletica.ch\/wp\/wp-content\/uploads\/2019\/08\/IMG_0909.jpg?zoom=3&amp;resize=150%2C150&amp;ssl=1 450w\" sizes=\"auto, (max-width: 150px) 100vw, 150px\" data-attachment-id=\"8907\" data-permalink=\"https:\/\/uscatletica.ch\/wp\/?attachment_id=8907\" data-orig-file=\"https:\/\/i0.wp.com\/uscatletica.ch\/wp\/wp-content\/uploads\/2019\/08\/IMG_0909.jpg?fit=640%2C480&amp;ssl=1\" data-orig-size=\"640,480\" data-comments-opened=\"0\" data-image-meta=\"{&quot;aperture&quot;:&quot;1.8&quot;,&quot;credit&quot;:&quot;&quot;,&quot;camera&quot;:&quot;iPhone 7&quot;,&quot;caption&quot;:&quot;&quot;,&quot;created_timestamp&quot;:&quot;1567361204&quot;,&quot;copyright&quot;:&quot;&quot;,&quot;focal_length&quot;:&quot;3.99&quot;,&quot;iso&quot;:&quot;20&quot;,&quot;shutter_speed&quot;:&quot;0.0013054830287206&quot;,&quot;title&quot;:&quot;&quot;,&quot;orientation&quot;:&quot;1&quot;}\" data-image-title=\"IMG_0909\" data-image-description=\"\" data-image-caption=\"\" data-large-file=\"https:\/\/i0.wp.com\/uscatletica.ch\/wp\/wp-content\/uploads\/2019\/08\/IMG_0909.jpg?fit=640%2C480&amp;ssl=1\" \/><\/a>\n\t\t\t<\/div><\/figure><figure class='gallery-item'>\n\t\t\t<div class='gallery-icon landscape'>\n\t\t\t\t<a href='https:\/\/uscatletica.ch\/wp\/?attachment_id=8905'><img loading=\"lazy\" decoding=\"async\" width=\"150\" height=\"150\" src=\"https:\/\/i0.wp.com\/uscatletica.ch\/wp\/wp-content\/uploads\/2019\/08\/IMG_0910.jpg?resize=150%2C150&amp;ssl=1\" class=\"attachment-thumbnail size-thumbnail\" alt=\"\" srcset=\"https:\/\/i0.wp.com\/uscatletica.ch\/wp\/wp-content\/uploads\/2019\/08\/IMG_0910.jpg?resize=150%2C150&amp;ssl=1 150w, https:\/\/i0.wp.com\/uscatletica.ch\/wp\/wp-content\/uploads\/2019\/08\/IMG_0910.jpg?resize=83%2C83&amp;ssl=1 83w, https:\/\/i0.wp.com\/uscatletica.ch\/wp\/wp-content\/uploads\/2019\/08\/IMG_0910.jpg?zoom=2&amp;resize=150%2C150&amp;ssl=1 300w, https:\/\/i0.wp.com\/uscatletica.ch\/wp\/wp-content\/uploads\/2019\/08\/IMG_0910.jpg?zoom=3&amp;resize=150%2C150&amp;ssl=1 450w\" sizes=\"auto, (max-width: 150px) 100vw, 150px\" data-attachment-id=\"8905\" data-permalink=\"https:\/\/uscatletica.ch\/wp\/?attachment_id=8905\" data-orig-file=\"https:\/\/i0.wp.com\/uscatletica.ch\/wp\/wp-content\/uploads\/2019\/08\/IMG_0910.jpg?fit=640%2C480&amp;ssl=1\" data-orig-size=\"640,480\" data-comments-opened=\"0\" data-image-meta=\"{&quot;aperture&quot;:&quot;1.8&quot;,&quot;credit&quot;:&quot;&quot;,&quot;camera&quot;:&quot;iPhone 7&quot;,&quot;caption&quot;:&quot;&quot;,&quot;created_timestamp&quot;:&quot;1567361206&quot;,&quot;copyright&quot;:&quot;&quot;,&quot;focal_length&quot;:&quot;3.99&quot;,&quot;iso&quot;:&quot;20&quot;,&quot;shutter_speed&quot;:&quot;0.0013054830287206&quot;,&quot;title&quot;:&quot;&quot;,&quot;orientation&quot;:&quot;1&quot;}\" data-image-title=\"IMG_0910\" data-image-description=\"\" data-image-caption=\"\" data-large-file=\"https:\/\/i0.wp.com\/uscatletica.ch\/wp\/wp-content\/uploads\/2019\/08\/IMG_0910.jpg?fit=640%2C480&amp;ssl=1\" \/><\/a>\n\t\t\t<\/div><\/figure>\n\t\t<\/div>\n\n<h2>CHIARA TERZA AL LETZIGRUND<\/h2>\n<p>Ottima prova per Chiara che ha raggiunto il terzo nella finale della UBS KIDS\u00a0 ottima nel salto un lungo con un balzo di 3.30 m nuovo primato personale 10&#8243;23. sui 60 m e 26.34 m nella Pallina per un totale di 1802 punti\u00a0 al soli 16 dal secondo rango. Chiara \u00e8 stata comunque la miglior concorrente femminile della categoria Special Olympics <a href=\"https:\/\/i0.wp.com\/uscatletica.ch\/wp\/wp-content\/uploads\/2019\/08\/P1520266.jpg?ssl=1\"><img data-recalc-dims=\"1\" loading=\"lazy\" decoding=\"async\" data-attachment-id=\"8867\" data-permalink=\"https:\/\/uscatletica.ch\/wp\/?attachment_id=8867\" data-orig-file=\"https:\/\/i0.wp.com\/uscatletica.ch\/wp\/wp-content\/uploads\/2019\/08\/P1520266.jpg?fit=2560%2C1920&amp;ssl=1\" data-orig-size=\"2560,1920\" data-comments-opened=\"0\" data-image-meta=\"{&quot;aperture&quot;:&quot;4.9&quot;,&quot;credit&quot;:&quot;&quot;,&quot;camera&quot;:&quot;DMC-TZ31&quot;,&quot;caption&quot;:&quot;&quot;,&quot;created_timestamp&quot;:&quot;1567264933&quot;,&quot;copyright&quot;:&quot;&quot;,&quot;focal_length&quot;:&quot;11.7&quot;,&quot;iso&quot;:&quot;100&quot;,&quot;shutter_speed&quot;:&quot;0.0015625&quot;,&quot;title&quot;:&quot;&quot;,&quot;orientation&quot;:&quot;1&quot;}\" data-image-title=\"P1520266\" data-image-description=\"\" data-image-caption=\"\" data-large-file=\"https:\/\/i0.wp.com\/uscatletica.ch\/wp\/wp-content\/uploads\/2019\/08\/P1520266.jpg?fit=640%2C480&amp;ssl=1\" class=\"aligncenter size-large wp-image-8867\" src=\"https:\/\/i0.wp.com\/uscatletica.ch\/wp\/wp-content\/uploads\/2019\/08\/P1520266.jpg?resize=640%2C480&#038;ssl=1\" alt=\"\" width=\"640\" height=\"480\" srcset=\"https:\/\/i0.wp.com\/uscatletica.ch\/wp\/wp-content\/uploads\/2019\/08\/P1520266.jpg?resize=1024%2C768&amp;ssl=1 1024w, https:\/\/i0.wp.com\/uscatletica.ch\/wp\/wp-content\/uploads\/2019\/08\/P1520266.jpg?resize=300%2C225&amp;ssl=1 300w, https:\/\/i0.wp.com\/uscatletica.ch\/wp\/wp-content\/uploads\/2019\/08\/P1520266.jpg?resize=768%2C576&amp;ssl=1 768w, https:\/\/i0.wp.com\/uscatletica.ch\/wp\/wp-content\/uploads\/2019\/08\/P1520266.jpg?w=1280&amp;ssl=1 1280w, https:\/\/i0.wp.com\/uscatletica.ch\/wp\/wp-content\/uploads\/2019\/08\/P1520266.jpg?w=1920&amp;ssl=1 1920w\" sizes=\"auto, (max-width: 640px) 100vw, 640px\" \/><\/a><\/p>\n<h2 class=\"western\">Comunicato FTAL 29.08.2019 FINALE UBS KIDS CUP LETZIGRUND31. 08..2019<\/h2>\n<h2 class=\"western\">Atletica leggera: finale Svizzera UBS Kids Cup Zurich del31.08.2019<\/h2>\n<p style=\"text-align: left;\">UBS<span style=\"font-family: Calibri Light, serif;\"><span style=\"font-size: xx-large;\"><b> Kids Cup LA GRANDE FESTA DEL LETZIGRUND PER CHIUDERE LA UBS KIDS CUP<\/b><\/span><\/span><\/p>\n<p class=\"western\" align=\"justify\"><br \/><br \/><\/p>\n<p class=\"western\" align=\"justify\"><span style=\"color: #00000a;\"><span style=\"font-family: Arial, serif;\"><span style=\"font-size: small;\">Sabato a partire dalle 9.00 la Finale della UBS Kids Cup al Letzigrund chiuder\u00e0 l&#8217;intensa settimana del Weltklasse Zurich uno degli appuntamenti sportivi pi\u00f9 importanti della svizzera. Dopo aver dato spettacolo giovedi sera nella prima finale della Diamond League tre campione olimpici e tre dei quattro medagliati svizzeri di Berlino saranno allo stadio per accompagnare i 540 finalisti che si sfideranno nel triathlon composto da 60m salto in lungo e getto del peso. Gli organizzatori del Weltklasse sono fieri di supportare la pi\u00f9 grande progetto giovanile della svizzera che a giugno ha potuto festeggiare il milionesimo partecipante .. che ha avuto diritto ad un premio speciale ,nel 2019 oltre 160000 ragazzi hanno lottato nelle oltre 480 eliminatorie locali e nelle 26 finale cantonali per ottenere uno dei 600 posti per la magica finale in programma sabato.<\/span><\/span><\/span><\/p>\n<p class=\"western\" align=\"justify\"><span style=\"color: #00000a;\"><span style=\"font-family: Arial, serif;\"><span style=\"font-size: small;\">Tra i 20 ticinesi che prenderanno il via spicca il trio maschile del 2005 con Nicolas Cerutti ed i due Lucky loser Joao Sepulveda e Nathan Codiroli. Tra le ragazze completer\u00e0 la squadra Sara Broggini . All<\/span><\/span><\/span><span style=\"color: #00000a;\"><span style=\"font-family: Calibri, serif;\"><span style=\"font-size: small;\">\u2019ultima finale sono Claudine Albisetti ed il campione svizzero indoor di salto in lungo Andre Da Cruz. Il resto della sqaudra si completa <\/span><\/span><\/span><span style=\"color: #00000a;\"><span style=\"font-family: Arial, serif;\"><span style=\"font-size: small;\">cos\u00ec Alessia Asmus (W7, Bedigliora); Andr\u00e9 De Jesus Sousa Da Cruz (M15, Genestrerio); Caroline Haag (W9, Cademario); C\u00e8dric M\u00fcller (M12, Isone); Claudine Albisetti (W15, Losone); Elisa Tricarico (W11, Origlio); Gianmarco Bielli (M11, Breganzona); Ivana Pirolli (W13, Locarno); Joao Sepulveda (M14, Riva San Vitale); Marianna Bettega (W12, Caneggio); Matteo De Biasio (M13, Sonvico); Mattia Genini (M10, Mezzovico); Nathan Codiroli (M14, ST. <\/span><\/span><\/span><span style=\"color: #00000a;\"><span style=\"font-family: Arial, serif;\"><span style=\"font-size: small;\"><span lang=\"en-US\">Antonio); Nicolas Cerutti (M14, Golino); Raphael Pontarolo (M8, Claro); Sara Broggini (W14, Muzzano); Sara Gorza (W10, Campione d&#8217;Italia); Sebastian Maghella (M7, Riva San Vitale); Selina Gianetti (W8, Balerna); Tiziano Orlando (M9, Massagno).<\/span><\/span><\/span><\/span><\/p>\n<p class=\"western\" align=\"justify\"><span style=\"color: #00000a;\"> <span style=\"font-family: Arial, serif;\"><span style=\"font-size: small;\">La quindicenne <\/span><\/span><\/span><span style=\"color: #000000;\"><span style=\"font-family: Arial, serif;\"><span style=\"font-size: small;\">Chiara Zeni (USC), fresca vincitrice sui 100 m al palio della Quercia di Rovereto in 16.41, concluder\u00e0 la sua avventura nella categoria Special Olympics. La pluricampionessa e primatista europea seconda lo scorso anno cercher\u00e0 la terza vittoria in quattro partecipazioni<\/span><\/span><\/span><\/p>\n<p class=\"western\" align=\"justify\"><span style=\"color: #000000;\"><span style=\"font-family: Arial, serif;\"><span style=\"font-size: small;\">I partecipanti alla finale durante la magica giornata potranno incontrare i protagonisti del Weltklasse disputatosi gioved\u00ec gli ambasciatori svizzeri della UBS KIDS CUP con Selina B\u00fcchel L\u00e8a Sprunger Mujinga Kambundji Noemi Zb\u00e4ren L\u00e9a Sprunger affiancati dalle star Emma Coburn , Ekaterini Stefanidi Sifan Hassan Sam Kendricks e Andreas Hoffman. Campioni che nel corso della giornata saranno a disposizione per firmare gli autografi.<\/span><\/span><\/span><\/p>\n<p class=\"western\" align=\"justify\"><span style=\"color: #000000;\"><span style=\"font-family: Arial, serif;\"><span style=\"font-size: small;\">La gara si svolger\u00e0 con la stessa enfasi e della finale della Diamond League ed entreranno in pista accompagnati dagli Swiss Starters.<\/span><\/span><\/span><\/p>\n<ol>\n<li style=\"list-style-type: none;\">\n<ol>\n<li style=\"list-style-type: none;\">\n<ol>\n<li>\n<h3 class=\"western\">Weltklasse Z\u00fcrich Sprint Club il premio per i pi\u00f9 veloci<\/h3>\n<\/li>\n<\/ol>\n<\/li>\n<\/ol>\n<\/li>\n<\/ol>\n<p class=\"western\">Il Weltklasse sprint club raggruppa gli atleti pi\u00f9 veloci sui 60 m della UBS Kids Cup. I detentori dei migliori tempi al 18 agosto riceveranno il premio direttamente dalle mani di Alex Wilson un<span style=\"font-family: Calibri, serif;\"><span style=\"font-size: small;\">\u2019onore che toccher\u00e0 anche al ticinese Giona Pasteris che tra l\u2019altro ha segnato il miglior tempo assoluto dell\u2019anno<\/span><\/span><\/p>\n<p class=\"western\" align=\"justify\"><br \/><br \/><\/p>\n<p class=\"western\"><span style=\"color: #000000;\"><span style=\"font-family: Arial, serif;\"><span style=\"font-size: small;\">I risultati dei Ticinesi e il piazzamento nelle liste svizzere<\/span><\/span><\/span><\/p>\n<p class=\"western\"><span style=\"color: #000000;\"><span style=\"font-family: Arial, serif;\"><span style=\"font-size: small;\">2012 CH 5 Alessia Asmus FGM CH 22 Sebastian Maghella ASSPO <\/span><\/span><\/span><\/p>\n<p class=\"western\"><span style=\"color: #000000;\"><span style=\"font-family: Arial, serif;\"><span style=\"font-size: small;\">2011 CH 89 Selina Gianetti SFGBa CH 20 Raphael Pontarolo KA <\/span><\/span><\/span><\/p>\n<p class=\"western\"><span style=\"color: #000000;\"><span style=\"font-family: Arial, serif;\"><span style=\"font-size: small;\">2010 CH 72 Caroline Haag SAM CH 50 Tiziano Orlando SAM <\/span><\/span><\/span><\/p>\n<p class=\"western\"><span style=\"color: #000000;\"><span style=\"font-family: Arial, serif;\"><span style=\"font-size: small;\">2009 CH 8 Sara Gorza ASSPO CH 21 Mattia Genini SAM <\/span><\/span><\/span><\/p>\n<p class=\"western\"><span style=\"color: #000000;\"><span style=\"font-family: Arial, serif;\"><span style=\"font-size: small;\">2008 CH 13 Elisa Tricarico SAM CH 17 Gianmarco Bielli SAM <\/span><\/span><\/span><\/p>\n<p class=\"western\"><span style=\"color: #000000;\"><span style=\"font-family: Arial, serif;\"><span style=\"font-size: small;\">2007 CH 40 Marianna Bettega SVAM CH 51 C\u00e9dric M\u00fcller ASM <\/span><\/span><\/span><\/p>\n<p class=\"western\"><span style=\"color: #000000;\"><span style=\"font-family: Arial, serif;\"><span style=\"font-size: small;\">2006 CH 54 Ivana Pirolli USA CH 21 Matteo DeBiasio SAM <\/span><\/span><\/span><\/p>\n<p class=\"western\"><span style=\"color: #000000;\"><span style=\"font-family: Arial, serif;\"><span style=\"font-size: small;\">2005 CH 25 Sara Broggini SAM CH 15 Nicolas Cerutti USA 11 Joao Sepulveda ASSPO 21 Nathan Codiroli SAB<\/span><\/span><\/span><\/p>\n<p class=\"western\"><span style=\"color: #000000;\"><span style=\"font-family: Arial, serif;\"><span style=\"font-size: small;\">2004 CH 21 Claudine Albisetti USA CH 9 Andr\u00e9 DaCruz Vigor <\/span><\/span><\/span><\/p>\n<p class=\"western\"><span style=\"color: #000000;\"><span style=\"font-family: Arial, serif;\"><span style=\"font-size: small;\">Special Olympics Chiara Zeni USC <\/span><\/span><\/span><\/p>\n<p class=\"western\" align=\"justify\"><br \/><br \/><\/p>\n<p class=\"western\" align=\"justify\"><br \/><br \/><\/p>\n<p class=\"western\" align=\"justify\"><br \/><br \/><\/p>\n<p class=\"western\"><span style=\"color: #000000;\"><span style=\"font-family: Arial, serif;\"><i><b>Internet:<\/b><\/i><\/span><\/span><i> <\/i><span style=\"color: #0563c1;\"><u><a href=\"http:\/\/www.ubs-kidscup.ch\/it\/startmoeglichkeiten-2016.html\"><span style=\"color: #000000;\"><span style=\"font-family: Arial, serif;\">http:\/\/www.ubs-kidscup.ch\/it\/<\/span><\/span><\/a><\/u><\/span><\/p>\n<p class=\"western\" align=\"justify\"><span style=\"color: #0563c1;\"><u><span style=\"color: #000000;\"><span style=\"font-family: Arial, serif;\"><span lang=\"it-CH\"><i><b>Foto stampa e altre informazioni per i media:<\/b><\/i><\/span><\/span><\/span><\/u><\/span><u><i> <\/i><\/u><span style=\"color: #0563c1;\"><u><span style=\"color: #000000;\"><span lang=\"it-IT\"><i>http:\/\/www.ubs-kidscup.ch\/files\/veranstalter_download\/medien\/Auswahl_Medienbilder.zip<\/i><\/span><\/span><\/u><\/span><\/p>\n<p class=\"western\"><span style=\"color: #000000;\">\u00a0<\/span><\/p>\n<p><span style=\"color: #0563c1;\"><u><a href=\"http:\/\/www.ubs-kidscup.ch\/it\/startmoeglichkeiten-2016.html\"><span style=\"color: #000000;\"><span style=\"font-family: Arial, serif;\">.ch\/it\/<\/span><\/span><\/a><\/u><\/span><\/p>\n<p class=\"western\" align=\"justify\"><span style=\"color: #0563c1;\"><u><span style=\"color: #000000;\"><span style=\"font-family: Arial, serif;\"><span lang=\"it-CH\"><i><b>Foto stampa e altre informazioni per i media:<\/b><\/i><\/span><\/span><\/span><\/u><\/span><u><i> <\/i><\/u><span style=\"color: #0563c1;\"><u><span style=\"color: #000000;\"><span lang=\"it-IT\"><i>http:\/\/www.ubs-kidscup.ch\/files\/veranstalter_download\/medien\/Auswahl_Medienbilder.zip<\/i><\/span><\/span><\/u><\/span><\/p>\n<p class=\"western\"><span style=\"color: #000000;\">\u2018<\/span><\/p>\n","protected":false},"excerpt":{"rendered":"<p>l&#8217;ultimo fine settimana di Vacanza \u00e8 sinonimo di grande atletica giovedi sera il Weltklasse ha portato in svizzera il meglio dell&#8217;atletica mondiale, sabato alcuni dei protagonisti saranno con Chiara alla sue ultima finale della UBS KIDS CUP. Domenica la grande atletica sbarcher\u00e0 in Ticino con l&#8217;inaugurazione del nuovo comunale in occasione del Gal\u00e0 dei Castelli. Tra i primi a gareggiare sul nuovo tartan ci saranno anche Louis sui 600 m e Alessia sui 100 m&#8230;<\/p>\n","protected":false},"author":4,"featured_media":6467,"comment_status":"closed","ping_status":"closed","sticky":false,"template":"","format":"standard","meta":{"jetpack_post_was_ever_published":false,"_jetpack_newsletter_access":"","_jetpack_dont_email_post_to_subs":false,"_jetpack_newsletter_tier_id":0,"_jetpack_memberships_contains_paywalled_content":false,"_jetpack_memberships_contains_paid_content":false,"footnotes":"","jetpack_publicize_message":"","jetpack_publicize_feature_enabled":true,"jetpack_social_post_already_shared":true,"jetpack_social_options":{"image_generator_settings":{"template":"highway","default_image_id":0,"font":"","enabled":false},"version":2}},"categories":[16,4,5,9],"tags":[],"class_list":["post-8865","post","type-post","status-publish","format-standard","has-post-thumbnail","hentry","category-montagna","category-pista","category-podismo","category-sport"],"jetpack_publicize_connections":[],"jetpack_featured_media_url":"https:\/\/i0.wp.com\/uscatletica.ch\/wp\/wp-content\/uploads\/2018\/08\/chiarakidscup.jpg?fit=423%2C297&ssl=1","jetpack_sharing_enabled":true,"jetpack_shortlink":"https:\/\/wp.me\/p6V7Ck-2iZ","jetpack-related-posts":[{"id":15854,"url":"https:\/\/uscatletica.ch\/wp\/?p=15854","url_meta":{"origin":8865,"position":0},"title":"DA Zurigo a Bellinzona passando per Lugano il fine settimana USC","author":"Leonida Stampanoni","date":"9 Settembre 2022","format":false,"excerpt":"Quattro appuntamenti agonistici per l'USC nel fine settimana \u00a0si parte sabato Mattina con la finale UBS Kids Cup \u00a0sulla mitica pista del Letzigrund fresca della finale della Diamond League con Alice, che raccoglie il testimone di Flavie, C\u00e9line, Giada, Morena \u00a0e Chiara capace anche di vincere. \u00a0Sabato a Lugano ci\u2026","rel":"","context":"In &quot;Pista&quot;","block_context":{"text":"Pista","link":"https:\/\/uscatletica.ch\/wp\/?cat=4"},"img":{"alt_text":"","src":"https:\/\/i0.wp.com\/uscatletica.ch\/wp\/wp-content\/uploads\/2021\/09\/210914U118eajla.jpg?fit=432%2C324&ssl=1&resize=350%2C200","width":350,"height":200},"classes":[]},{"id":17964,"url":"https:\/\/uscatletica.ch\/wp\/?p=17964","url_meta":{"origin":8865,"position":1},"title":"Dai CS di Staffette al Gal\u00e0 dei Castelli passando dalla Stramassagno","author":"Leonida Stampanoni","date":"2 Settembre 2023","format":false,"excerpt":"Fine settimana intenso per l'USC pur senza nessun presente alla finale nazionale del UBS Kids Cup al Letzigrund le maglie USC avranno diverse occasioni di brillare domenica la prima uscita in grande stile della comunit\u00e0 atletica sottoceneri che porter\u00e0 ben cinque squadre ai campionati svizzeri di staffetta l'USC sar\u00e0 al\u2026","rel":"","context":"In &quot;Pista&quot;","block_context":{"text":"Pista","link":"https:\/\/uscatletica.ch\/wp\/?cat=4"},"img":{"alt_text":"","src":"https:\/\/i0.wp.com\/uscatletica.ch\/wp\/wp-content\/uploads\/2021\/08\/4x100210821.jpeg?fit=432%2C324&ssl=1&resize=350%2C200","width":350,"height":200},"classes":[]},{"id":8826,"url":"https:\/\/uscatletica.ch\/wp\/?p=8826","url_meta":{"origin":8865,"position":2},"title":"Chiara vince al Palio del Quercia di Rovereto","author":"Leonida Stampanoni","date":"27 Agosto 2019","format":false,"excerpt":"L'intensa settimana della nostra Chiara parte con una vittoria al Palio della Quercia di Rovereto sui i 100 m su di un palcoscenico internazionale in uno dei meeting pi\u00f9 importanti d'Italia. Sulla Pista Blu di Rovereto Chiara si tester\u00e0 in vista della finale del UBS KIDS CUP sulla mitica pista\u2026","rel":"","context":"In &quot;Pista&quot;","block_context":{"text":"Pista","link":"https:\/\/uscatletica.ch\/wp\/?cat=4"},"img":{"alt_text":"","src":"https:\/\/i0.wp.com\/uscatletica.ch\/wp\/wp-content\/uploads\/2019\/07\/chiaratamperemini4x419.jpg?fit=432%2C300&ssl=1&resize=350%2C200","width":350,"height":200},"classes":[]},{"id":4701,"url":"https:\/\/uscatletica.ch\/wp\/?p=4701","url_meta":{"origin":8865,"position":3},"title":"Alessia e Giorgia al Gala dei Castelli","author":"Leonida Stampanoni","date":"17 Luglio 2017","format":false,"excerpt":"Il Gal\u00e0 dei Castelli ha le carte in regolare per essere la pi\u00f9 prestigiosa tra le manifestazioni sportive su suolo ticinese al via ci saranno i due campioni olimpici nel disco che scenderanno in pedana in contemporanea per una dei grandi concorsi in porgramma al comunale. Fresca di medaglia di\u2026","rel":"","context":"In &quot;Pista&quot;","block_context":{"text":"Pista","link":"https:\/\/uscatletica.ch\/wp\/?cat=4"},"img":{"alt_text":"","src":"https:\/\/i0.wp.com\/uscatletica.ch\/wp\/wp-content\/uploads\/2017\/06\/P1470475.jpg?fit=563%2C422&ssl=1&resize=350%2C200","width":350,"height":200,"srcset":"https:\/\/i0.wp.com\/uscatletica.ch\/wp\/wp-content\/uploads\/2017\/06\/P1470475.jpg?fit=563%2C422&ssl=1&resize=350%2C200 1x, https:\/\/i0.wp.com\/uscatletica.ch\/wp\/wp-content\/uploads\/2017\/06\/P1470475.jpg?fit=563%2C422&ssl=1&resize=525%2C300 1.5x"},"classes":[]},{"id":4631,"url":"https:\/\/uscatletica.ch\/wp\/?p=4631","url_meta":{"origin":8865,"position":4},"title":"Poker di USCine convocate per il Gal\u00e0 dei Castelli (Elisa agli Eyoc)","author":"Leonida Stampanoni","date":"28 Giugno 2017","format":false,"excerpt":"Il mese di luglio sar\u00e0 un mese di grande atletica in Ticino ed in svizzera si partir\u00e0 giovedi con Athletissima a Lausanne dove al via ci sar\u00e0 Rachele nei 1500 m della Cross Cup, seguir\u00e0 la prova dello Spitzenleichtatletik Luzern martedi 11 . In Ticino l'appuntamento con Asafa Powell e\u2026","rel":"","context":"In &quot;CO&quot;","block_context":{"text":"CO","link":"https:\/\/uscatletica.ch\/wp\/?cat=19"},"img":{"alt_text":"","src":"https:\/\/i0.wp.com\/uscatletica.ch\/wp\/wp-content\/uploads\/2017\/05\/P1470011.jpg?fit=563%2C422&ssl=1&resize=350%2C200","width":350,"height":200,"srcset":"https:\/\/i0.wp.com\/uscatletica.ch\/wp\/wp-content\/uploads\/2017\/05\/P1470011.jpg?fit=563%2C422&ssl=1&resize=350%2C200 1x, https:\/\/i0.wp.com\/uscatletica.ch\/wp\/wp-content\/uploads\/2017\/05\/P1470011.jpg?fit=563%2C422&ssl=1&resize=525%2C300 1.5x"},"classes":[]},{"id":6350,"url":"https:\/\/uscatletica.ch\/wp\/?p=6350","url_meta":{"origin":8865,"position":5},"title":"Gaia e Chiara al Gal\u00e0 dei Castelli","author":"Leonida Stampanoni","date":"17 Luglio 2018","format":false,"excerpt":"L'atletica svizzera, nel mese dei mondiali di Calcio, \u00e8 riuscita ha rapire il cuore degli appassionati a suon di prestazioni mirabolanti. l'ultima ciliegina sulla torta sar\u00e0 il Gal\u00e0 dei Castelli che porter\u00e0 al comunale il meglio nel atletica nazionale e mondiale specialmente sui 100 m. Nel mezzo di tanta aristocrazia\u2026","rel":"","context":"In &quot;Altro&quot;","block_context":{"text":"Altro","link":"https:\/\/uscatletica.ch\/wp\/?cat=11"},"img":{"alt_text":"","src":"https:\/\/i0.wp.com\/uscatletica.ch\/wp\/wp-content\/uploads\/2017\/05\/P1460253.jpg?fit=563%2C422&ssl=1&resize=350%2C200","width":350,"height":200,"srcset":"https:\/\/i0.wp.com\/uscatletica.ch\/wp\/wp-content\/uploads\/2017\/05\/P1460253.jpg?fit=563%2C422&ssl=1&resize=350%2C200 1x, https:\/\/i0.wp.com\/uscatletica.ch\/wp\/wp-content\/uploads\/2017\/05\/P1460253.jpg?fit=563%2C422&ssl=1&resize=525%2C300 1.5x"},"classes":[]}],"_links":{"self":[{"href":"https:\/\/uscatletica.ch\/wp\/index.php?rest_route=\/wp\/v2\/posts\/8865","targetHints":{"allow":["GET"]}}],"collection":[{"href":"https:\/\/uscatletica.ch\/wp\/index.php?rest_route=\/wp\/v2\/posts"}],"about":[{"href":"https:\/\/uscatletica.ch\/wp\/index.php?rest_route=\/wp\/v2\/types\/post"}],"author":[{"embeddable":true,"href":"https:\/\/uscatletica.ch\/wp\/index.php?rest_route=\/wp\/v2\/users\/4"}],"replies":[{"embeddable":true,"href":"https:\/\/uscatletica.ch\/wp\/index.php?rest_route=%2Fwp%2Fv2%2Fcomments&post=8865"}],"version-history":[{"count":8,"href":"https:\/\/uscatletica.ch\/wp\/index.php?rest_route=\/wp\/v2\/posts\/8865\/revisions"}],"predecessor-version":[{"id":8920,"href":"https:\/\/uscatletica.ch\/wp\/index.php?rest_route=\/wp\/v2\/posts\/8865\/revisions\/8920"}],"wp:featuredmedia":[{"embeddable":true,"href":"https:\/\/uscatletica.ch\/wp\/index.php?rest_route=\/wp\/v2\/media\/6467"}],"wp:attachment":[{"href":"https:\/\/uscatletica.ch\/wp\/index.php?rest_route=%2Fwp%2Fv2%2Fmedia&parent=8865"}],"wp:term":[{"taxonomy":"category","embeddable":true,"href":"https:\/\/uscatletica.ch\/wp\/index.php?rest_route=%2Fwp%2Fv2%2Fcategories&post=8865"},{"taxonomy":"post_tag","embeddable":true,"href":"https:\/\/uscatletica.ch\/wp\/index.php?rest_route=%2Fwp%2Fv2%2Ftags&post=8865"}],"curies":[{"name":"wp","href":"https:\/\/api.w.org\/{rel}","templated":true}]}}