{"id":8969,"date":"2019-09-07T01:06:25","date_gmt":"2019-09-06T23:06:25","guid":{"rendered":"http:\/\/uscatletica.ch\/wp\/?p=8969"},"modified":"2019-09-07T22:35:54","modified_gmt":"2019-09-07T20:35:54","slug":"giada-e-simone-in-gara-ai-campionati-svizzeri-giovanili","status":"publish","type":"post","link":"https:\/\/uscatletica.ch\/wp\/?p=8969","title":{"rendered":"Giada e Simone in gara ai campionati svizzeri giovanili"},"content":{"rendered":"\n<p>Nel fine settimana ai campionati svizzeri giovanili due le presenze dell&#8217;USC\u00a0 A Dudingen\u00a0 ci sar\u00e0 la nostra lanciatrice Giada che sar\u00e0 impegnata sia nel peso che nel disco tra gli U18 . Mentre a Winterthur impegnato tra gli U23\u00a0 nel giro di pista ci sar\u00e0\u00a0 Simone . Domenica ad Yverdon ultima taap della National League di Triathlon di Rachele e Letizia<\/p>\n<h3><a href=\"http:\/\/tsvd.ch\/Leichtathletik\/Wettk%C3%A4mpfe\/SM19\">risultati live da Dudingen<\/a><\/h3>\n<p><a href=\"http:\/\/resultate.bplaced.net\/live\/timetable1.php\">Risultatit in diretta da Winterthur\u00a0 <\/a><a href=\"https:\/\/www.ubs-athletics.fans\/\" target=\"_blank\" rel=\"noopener noreferrer\">streaming da Winterthur<\/a><\/p>\n<h2 class=\"western\"><span style=\"font-family: Calibri, sans-serif;\">Comunicato FTAL 04.09.2019 CAMPIONATI SVIZZERI U16\/U18 DUDINGEN LANCIO<\/span><\/h2>\n<h2 class=\"western\">\u00a0<\/h2>\n<p class=\"western\"><br \/><br \/><\/p>\n<h2 class=\"western\"><span style=\"color: #00000a;\"><span style=\"font-family: Calibri, sans-serif;\"><span style=\"font-size: large;\">Campionati svizzeri U16\/U18 A Dudingen i Nazionali Christian Reboldi ed Emma Piffaretti guidano il Ticino<\/span><\/span><\/span><\/h2>\n<p class=\"western\" align=\"justify\"><span style=\"color: #00000a;\"><span style=\"font-family: Calibri, sans-serif;\"><span style=\"font-size: large;\">Leonida Stampanoni<\/span><\/span><\/span><\/p>\n<p class=\"western\" align=\"justify\"><br \/><br \/><\/p>\n<p class=\"western\" align=\"justify\"><span style=\"color: #00000a;\"><span style=\"font-family: Arial, sans-serif;\"><span style=\"font-size: small;\">Il doppio impegno Weltklasse Gal\u00e0 dei Castelli ha lanciato un finale di stagione sempre ricco di impegni a livello giovanile l&#8217;apice si toccher\u00e0 nel fine settimana con i campionati svizzeri giovanili che vedranno quasi 600 atleti delle categorie U16 e U18 al via a Dudingen. Nel Canton Friborgo le societ\u00e0 ticinesi che si presenteranno con un cinquantina di atleti potranno arricchire il loro palmares tra le punte dell&#8217;ambiziosa spedizione i due nazionali Emma Piffaretti e Christian Reboldi .Le gare di U20 e U23 si terranno ad Winterthur. <\/span><\/span><\/span><\/p>\n<p class=\"western\" align=\"justify\"><span style=\"color: #00000a;\"><span style=\"font-family: Arial, sans-serif;\"><span style=\"font-size: small;\">Allo Stadio Leimacker la Virtus Locarno sar\u00e0 presente con ben 15 atleti presenza forte anche per le bellinzonesi GAB (9) e SAB (7) dal sottoceneri la Vigor Ligornetto avr\u00e0 ben cinque atleti al via, SAM Massagno ed AS Monteceneri avranno tre atleti ciascuno al via. <\/span><\/span><\/span><\/p>\n<p class=\"western\" align=\"justify\"><span style=\"color: #00000a;\"><span style=\"font-family: Arial, sans-serif;\"><span style=\"font-size: small;\">Tra le 11 atlete della categoria U18 spiccano diverse candidate al podio ed ogni settore potrebbe portate il suo contributo. Emma Piffaretti (USA) chiara favorita nel lungo, dove ha stabilito il primato svizzero U20M detiene anche il miglior tempo sui 100 m ed il secondo sui 100 m ostacolI. Nel mezzofondo settore, che nella scia di Delia Sclabas \u00e8 letteralmente esploso, Zoe Ranzoni (Virtus), iscritta su 800 e 1500 ha i mezzi per un exploit da podio. Nel getto del Peso Giada Battaini stabilmente vicino ai 14 m parte in seconda posizione. Nei salti in estensione la SAB ha tre ragazze da presentare, nell<\/span><\/span><\/span><span style=\"color: #00000a;\"><span style=\"font-family: Arial, sans-serif;\"><span style=\"font-size: small;\">&#8216;alto Ulla Rossi detiene al quarta prestazione mentre nel lungo assieme a Maeva Tahou sar\u00e0 tra le possibili outsider. Bernadette Gervasoni sar\u00e0 in lizza nel triplo. SuI 400 m ostacoli Nina Altoni (SFG Airolo) sar\u00e0 tra le favorite. Tra i ragazzi U18 il nome di grido \u00e8 certamente Christian Reboldi che si presenta con il miglior tempo sui 110 m ostacoli sul podio potrebbe fargli compagnia Nicola Fumagalli (GAB) Reboldi vanta pure la terza misura nel lungo. Nella velocit\u00e0 un quartetto cerca un posto in finale Gioele Pasteris (SAB) Nathan Oberti (GAB) e Mattia Schenk (FGM) che sa esprimersi bene anche sui 200 m. Daniel Barta (SAM) cerca spazio sui 400 m e nel salto in alto. La Virtus presenta Leo Pedrioli nell<\/span><\/span><\/span><span style=\"color: #00000a;\"><span style=\"font-family: Arial, sans-serif;\"><span style=\"font-size: small;\"><i>&#8216;asta ed i lanciatori<\/i><\/span><\/span><\/span><span style=\"color: #00000a;\"><span style=\"font-family: Arial, sans-serif;\"><span style=\"font-size: small;\"> Giona Erdmann e Anthony De La Paz . Tra i nove atletI U16, Elias Hadu (Virtus) nel disco vanta nettamente la miglior prestazione svizzera. Tra i suoi rivali spicca lo zurighese Joel Temeng candidato a raccogliere una messe di titoli. Sugli 80 m Giona Pasteris sembra avere i numeri per rivaleggiare con Temeng, Joao Sepulveda(ASSPO) e Nathan Codiroli(SAB) puntano alla finale. Giulian Guidon (GAB) reduce dal convincente 600 m al Gal\u00e0 dei Castelli trover\u00e0 il contesto ideale per migliorarsi ancora. Tra le 13 ragazze U16 le due virtussine Claudia Gilgen e Mia Schaufelberger sono tra le favorite nel martello mentre Desir\u00e9e Regazzoni (FGM) e Sara Broggini (SAM) cercano un posto in finale sugli 80 m come Petra Crescini (ASM) e Giulia Salvad\u00e9 (Vigor) nel mezzofondo .<\/span><\/span><\/span><\/p>\n<p class=\"western\" align=\"justify\"><br \/><br \/><\/p>\n<p class=\"western\" align=\"justify\"><span style=\"color: #00000a;\"><span style=\"font-family: Arial, sans-serif;\"><span style=\"font-size: small;\">Questi gli oltre 50 atleti ticinesi al via sulle piste di Frauenfeld nel fine settimana <\/span><\/span><\/span><\/p>\n<p class=\"western\" align=\"justify\"><span style=\"font-family: Arial, sans-serif;\"><span style=\"font-size: small;\">ulteriori info e risultati http:\/\/www.tsvd.ch\/Leichtathletik\/Wettk\u00e4mpfe\/SM19<\/span><\/span><\/p>\n<p class=\"western\" align=\"left\"><span style=\"font-family: Calibri, sans-serif;\">Crescini Petra ASM 2004 U16 W<\/span><\/p>\n<p class=\"western\" align=\"left\"><span style=\"font-family: Calibri, sans-serif;\">Bettosini Vincent ASM 2004 U16 M<\/span><\/p>\n<p class=\"western\" align=\"left\"><span style=\"font-family: Calibri, sans-serif;\">Ventura Marco ASM 2004 U16 M<\/span><\/p>\n<p class=\"western\" align=\"left\"><span style=\"font-family: Calibri, sans-serif;\">Sepulveda Moreira Joao ASSPO 2005 U16 M<\/span><\/p>\n<p class=\"western\" align=\"left\"><span style=\"font-family: Calibri, sans-serif;\">Lazzaroni Alina ATM 2004 U16 W<\/span><\/p>\n<p class=\"western\" align=\"left\"><span style=\"font-family: Calibri, sans-serif;\">Matteo Romano ATM 2002 U18 M<\/span><\/p>\n<p class=\"western\" align=\"left\"><span style=\"font-family: Calibri, sans-serif;\">Favarel Viktor FGM 2002 U18 M<\/span><\/p>\n<p class=\"western\" align=\"left\"><span style=\"font-family: Calibri, sans-serif;\">Regazzoni Desir\u00e9e FGM 2004 U16 W<\/span><\/p>\n<p class=\"western\" align=\"left\"><span style=\"font-family: Calibri, sans-serif;\">Schenk Mattia FGM 2003 U18 M<\/span><\/p>\n<p class=\"western\" align=\"left\"><span style=\"font-family: Calibri, sans-serif;\">Balestra Filippo GAB 2003 U18 M<\/span><\/p>\n<p class=\"western\" align=\"left\"><span style=\"font-family: Calibri, sans-serif;\">Cariboni Siria GAB 2003 U18 W<\/span><\/p>\n<p class=\"western\" align=\"left\"><span style=\"font-family: Calibri, sans-serif;\">Fumagalli Nicola GAB 2002 U18 M<\/span><\/p>\n<p class=\"western\" align=\"left\"><span style=\"font-family: Calibri, sans-serif;\">Gentlini Siro GAB 2003 U18 M<\/span><\/p>\n<p class=\"western\" align=\"left\"><span style=\"font-family: Calibri, sans-serif;\">Gianinazzi Ilaria GAB 2003 U18 W<\/span><\/p>\n<p class=\"western\" align=\"left\"><span style=\"font-family: Calibri, sans-serif;\">Guidon Giulian GAB 2004 U16 M<\/span><\/p>\n<p class=\"western\" align=\"left\"><span style=\"font-family: Calibri, sans-serif;\">Innocenti Luca GAB 2002 U16 M<\/span><\/p>\n<p class=\"western\" align=\"left\"><span style=\"font-family: Calibri, sans-serif;\">Oberti Nathan GAB 2002 U16 M<\/span><\/p>\n<p class=\"western\" align=\"left\"><span style=\"font-family: Calibri, sans-serif;\">Tagliabue Marta GAB 2003 U16 W<\/span><\/p>\n<p class=\"western\" align=\"left\"><span style=\"font-family: Calibri, sans-serif;\">Codiroli Nathan SAB 2005 U16 M<\/span><\/p>\n<p class=\"western\" align=\"left\"><span style=\"font-family: Calibri, sans-serif;\">Gervasoni Bernadette SAB 2003 U18 W<\/span><\/p>\n<p class=\"western\" align=\"left\"><span style=\"font-family: Calibri, sans-serif;\">Pasteris Gioele SAB 2002 U18 M<\/span><\/p>\n<p class=\"western\" align=\"left\"><span style=\"font-family: Calibri, sans-serif;\">Pasteris Giona SAB 2005 U16 M<\/span><\/p>\n<p class=\"western\" align=\"left\"><span style=\"font-family: Calibri, sans-serif;\">Reboldi Christian SAB 2002 U18 M<\/span><\/p>\n<p class=\"western\" align=\"left\"><span style=\"font-family: Calibri, sans-serif;\">Rossi Ulla SAB 2003 U16 W<\/span><\/p>\n<p class=\"western\" align=\"left\"><span style=\"font-family: Calibri, sans-serif;\">Tahou Maeva SAB 2003 U16 W<\/span><\/p>\n<p class=\"western\" align=\"left\"><span style=\"font-family: Calibri, sans-serif;\">Barta Daniel SAM 2002 U18 M<\/span><\/p>\n<p class=\"western\" align=\"left\"><span style=\"font-family: Calibri, sans-serif;\">Broggini Sara SAM 2005 U16 W<\/span><\/p>\n<p class=\"western\" align=\"left\"><span style=\"font-family: Calibri, sans-serif;\">Orlando Sofia SAM 2002 U18 W<\/span><\/p>\n<p class=\"western\" align=\"left\"><span style=\"font-family: Calibri, sans-serif;\">Albisetti Claudine USA 2004 U16 W<\/span><\/p>\n<p class=\"western\" align=\"left\"><span style=\"font-family: Calibri, sans-serif;\">Piffaretti Emma USA 2002 U18 W<\/span><\/p>\n<p class=\"western\" align=\"left\"><span style=\"font-family: Calibri, sans-serif;\">Battaini Giada USC 2002 U18 W<\/span><\/p>\n<p class=\"western\" align=\"left\"><span style=\"font-family: Calibri, sans-serif;\">Oberli Melina VIGOR 2003 U18 W<\/span><\/p>\n<p class=\"western\" align=\"left\"><span style=\"font-family: Calibri, sans-serif;\">Romelli Daniele VIGOR 2002 U18 M<\/span><\/p>\n<p class=\"western\" align=\"left\"><span style=\"font-family: Calibri, sans-serif;\">Salvad\u00e9 Giulia VIGOR 2004 U16 W<\/span><\/p>\n<p class=\"western\" align=\"left\"><span style=\"font-family: Calibri, sans-serif;\">Salvad\u00e9 Sara VIGOR 2004 U16 W<\/span><\/p>\n<p class=\"western\" align=\"left\"><span style=\"font-family: Calibri, sans-serif;\">Senese Giulia VIGOR 2004 U16 W<\/span><\/p>\n<p class=\"western\" align=\"left\"><span style=\"font-family: Calibri, sans-serif;\">Bondolfi Non VIRTUS L 2002 U18 M<\/span><\/p>\n<p class=\"western\" align=\"left\"><span style=\"font-family: Calibri, sans-serif;\">Dazio Seo VIRTUS L 2005 U16 M<\/span><\/p>\n<p class=\"western\" align=\"left\"><span style=\"font-family: Calibri, sans-serif;\">Del La Paz Anthony VIRTUS L 2002 U18 M<\/span><\/p>\n<p class=\"western\" align=\"left\"><span style=\"font-family: Calibri, sans-serif;\">Erdmann Giona VIRTUS L 2003 U18 M<\/span><\/p>\n<p class=\"western\" align=\"left\"><span style=\"font-family: Calibri, sans-serif;\">Ferrazzini Cecilia VIRTUS L 2002 U16 W<\/span><\/p>\n<p class=\"western\" align=\"left\"><span style=\"font-family: Calibri, sans-serif;\">Gilgen Claudia VIRTUS L 2004 U16 W<\/span><\/p>\n<p class=\"western\" align=\"left\"><span style=\"font-family: Calibri, sans-serif;\">Hadu Elias VIRTUS L 2004 U16 M<\/span><\/p>\n<p class=\"western\" align=\"left\"><span style=\"font-family: Calibri, sans-serif;\">Hartmeier Joanna VIRTUS L 2004 U16 W<\/span><\/p>\n<p class=\"western\" align=\"left\"><span style=\"font-family: Calibri, sans-serif;\">Luka Djordjevic VIRTUS L 2002 U18 M<\/span><\/p>\n<p class=\"western\" align=\"left\"><span style=\"font-family: Calibri, sans-serif;\">Martinoni Isaia VIRTUS L 2002 U18 M<\/span><\/p>\n<p class=\"western\" align=\"left\"><span style=\"font-family: Calibri, sans-serif;\">Patocchi Lisa VIRTUS L 2002 U16 W<\/span><\/p>\n<p class=\"western\" align=\"left\"><span style=\"font-family: Calibri, sans-serif;\">Pedrioli Leo VIRTUS L 2003 U18 M<\/span><\/p>\n<p class=\"western\" align=\"left\"><span style=\"font-family: Calibri, sans-serif;\">Ranzoni Zoe VIRTUS L 2002 U18 W<\/span><\/p>\n<p class=\"western\" align=\"left\"><span style=\"font-family: Calibri, sans-serif;\">Schaufelberger Mia VIRTUS L 2004 U16 W<\/span><\/p>\n<p class=\"western\" align=\"left\"><span style=\"font-family: Calibri, sans-serif;\">Vigani Simone VIRTUS L 2004 U16 M<\/span><\/p>\n<p class=\"western\" align=\"left\"><span style=\"font-family: Calibri, sans-serif;\">Nina Altoni SFG Airolo 2002 U18 W<\/span><\/p>\n<p class=\"western\" align=\"left\"><span style=\"font-family: Calibri, sans-serif;\">Fabio Domin\u00e9 SFG Biasca 2002 U18 M<\/span><\/p>\n","protected":false},"excerpt":{"rendered":"<p>Nel fine settimana ai campionati svizzeri giovanili due le presenze dell&#8217;USC\u00a0 A Dudingen\u00a0 ci sar\u00e0 la nostra lanciatrice Giada che sar\u00e0 impegnata sia nel peso che nel disco tra gli U18 . Mentre a Winterthur impegnato tra gli U23\u00a0 nel giro di pista ci sar\u00e0\u00a0 Simone . Domenica ad Yverdon ultima taap della National League di Triathlon di Rachele e Letizia risultati live da Dudingen Risultatit in diretta da Winterthur\u00a0 streaming da Winterthur Comunicato FTAL&#8230;<\/p>\n","protected":false},"author":4,"featured_media":7321,"comment_status":"closed","ping_status":"closed","sticky":false,"template":"","format":"standard","meta":{"jetpack_post_was_ever_published":false,"_jetpack_newsletter_access":"","_jetpack_dont_email_post_to_subs":false,"_jetpack_newsletter_tier_id":0,"_jetpack_memberships_contains_paywalled_content":false,"_jetpack_memberships_contains_paid_content":false,"footnotes":"","jetpack_publicize_message":"","jetpack_publicize_feature_enabled":true,"jetpack_social_post_already_shared":true,"jetpack_social_options":{"image_generator_settings":{"template":"highway","default_image_id":0,"font":"","enabled":false},"version":2}},"categories":[4],"tags":[],"class_list":["post-8969","post","type-post","status-publish","format-standard","has-post-thumbnail","hentry","category-pista"],"jetpack_publicize_connections":[],"jetpack_featured_media_url":"https:\/\/i0.wp.com\/uscatletica.ch\/wp\/wp-content\/uploads\/2019\/02\/giadaargentoamcolin2019.jpg?fit=640%2C480&ssl=1","jetpack_sharing_enabled":true,"jetpack_shortlink":"https:\/\/wp.me\/p6V7Ck-2kF","jetpack-related-posts":[{"id":8976,"url":"https:\/\/uscatletica.ch\/wp\/?p=8976","url_meta":{"origin":8969,"position":0},"title":"Giada vicecampionessa svizzera di getto del peso","author":"Leonida Stampanoni","date":"7 Settembre 2019","format":false,"excerpt":"Giada seconda nel peso Simone in finale\u00a0 Il sabato dei campionati svizzeri giovanili ha regalato ottime soddsfazioni agli atleti USC a Dudingen Giada si \u00e8 messa al collo la seconda medaglia svizzera della stagione mentre Simone si \u00e8 guadagnato una notte a Winterthur qualificandosi per la finale dei 400 m\u2026","rel":"","context":"In &quot;Pista&quot;","block_context":{"text":"Pista","link":"https:\/\/uscatletica.ch\/wp\/?cat=4"},"img":{"alt_text":"","src":"https:\/\/i0.wp.com\/uscatletica.ch\/wp\/wp-content\/uploads\/2019\/09\/CS2019GB.jpg?fit=640%2C480&ssl=1&resize=350%2C200","width":350,"height":200,"srcset":"https:\/\/i0.wp.com\/uscatletica.ch\/wp\/wp-content\/uploads\/2019\/09\/CS2019GB.jpg?fit=640%2C480&ssl=1&resize=350%2C200 1x, https:\/\/i0.wp.com\/uscatletica.ch\/wp\/wp-content\/uploads\/2019\/09\/CS2019GB.jpg?fit=640%2C480&ssl=1&resize=525%2C300 1.5x"},"classes":[]},{"id":13188,"url":"https:\/\/uscatletica.ch\/wp\/?p=13188","url_meta":{"origin":8969,"position":1},"title":"Fine settimana da Massagno ai campionati svizzeri giovanili","author":"Leonida Stampanoni","date":"2 Settembre 2021","format":false,"excerpt":"Fine settimana intenso per l'USC \u00a0che sar\u00e0 impegnata su pi\u00f9 fronti \u00a0Venerd\u00ec sera alla Stramassagno in palio ci saranno i primi titoli di campione ASTi, mentre nel fine settimana ci saranno i campionati svizzeri giovanili \u00a0tra Winterthur e Nottwil sei atlete ed atleti USC saranno in pista con ambizioni di\u2026","rel":"","context":"In &quot;Non catalogato&quot;","block_context":{"text":"Non catalogato","link":"https:\/\/uscatletica.ch\/wp\/?cat=6"},"img":{"alt_text":"","src":"https:\/\/i0.wp.com\/uscatletica.ch\/wp\/wp-content\/uploads\/2021\/06\/GIADAPODIOCS21.jpg?fit=640%2C480&ssl=1&resize=350%2C200","width":350,"height":200,"srcset":"https:\/\/i0.wp.com\/uscatletica.ch\/wp\/wp-content\/uploads\/2021\/06\/GIADAPODIOCS21.jpg?fit=640%2C480&ssl=1&resize=350%2C200 1x, https:\/\/i0.wp.com\/uscatletica.ch\/wp\/wp-content\/uploads\/2021\/06\/GIADAPODIOCS21.jpg?fit=640%2C480&ssl=1&resize=525%2C300 1.5x"},"classes":[]},{"id":13214,"url":"https:\/\/uscatletica.ch\/wp\/?p=13214","url_meta":{"origin":8969,"position":2},"title":"CS GIOVANILI GIADA DOPPIO ARGENTO NEI LANCI FEDERICA IN FINALE SUI 1500 m","author":"Leonida Stampanoni","date":"4 Settembre 2021","format":false,"excerpt":"La prima giornata dei campionati svizzeri giovanili ha regalato all'USC ben due medaglie grazie a Giada (peso e disco) \u00a0ed una finale grazie a Federica \u00a0sui 1500. A Nottwil c'erano i campionati U20 con Giada e Sofia in pista mentre a Winterthur erano 4 le gare da seguire per l'USC\u2026","rel":"","context":"In &quot;Pista&quot;","block_context":{"text":"Pista","link":"https:\/\/uscatletica.ch\/wp\/?cat=4"},"img":{"alt_text":"","src":"https:\/\/i0.wp.com\/uscatletica.ch\/wp\/wp-content\/uploads\/2021\/06\/GIADAPODIOCS21BC.jpg?fit=480%2C640&ssl=1&resize=350%2C200","width":350,"height":200},"classes":[]},{"id":15730,"url":"https:\/\/uscatletica.ch\/wp\/?p=15730","url_meta":{"origin":8969,"position":3},"title":"ATHLETISSIMA AI CAMPIONATI SVIZZERI GIOVANILI MATILDA E FEDERICA IN GARA","author":"Leonida Stampanoni","date":"25 Agosto 2022","format":false,"excerpt":"Nel fine settimana ci saranno i campionati svizzeri U16\/U18 che dopo una storica edizione \u00a0nel 2015 tornano a Riehen. Nell'ultima edizione nella periferia Basilese emersero i nomi di Simon Ehammer ed Annik Kalin. Per l'USC al via ci furono le partecipazioni di Simone e C\u00e9line. \u00a0A Riehen scenderanno in pista\u2026","rel":"","context":"In &quot;Pista&quot;","block_context":{"text":"Pista","link":"https:\/\/uscatletica.ch\/wp\/?cat=4"},"img":{"alt_text":"","src":"https:\/\/i0.wp.com\/uscatletica.ch\/wp\/wp-content\/uploads\/2022\/08\/tiehen2022.png?fit=432%2C206&ssl=1&resize=350%2C200","width":350,"height":200},"classes":[]},{"id":19694,"url":"https:\/\/uscatletica.ch\/wp\/?p=19694","url_meta":{"origin":8969,"position":4},"title":"Giada e Lea ai campionati svizzeri U23\/20 a Langenthal","author":"Leonida Stampanoni","date":"16 Agosto 2024","format":false,"excerpt":"Nel fine settimana riparte a spron battuto la stagione dopo l'abbuffata internazionale con Europei ed Olimpiadi. Diversi dei protagonisti saranno a Langenthal per i campionati svizzeri giovanili U20\/U23. Nella delegazione ticinese spiccano le nostre due atlete L'esperta Giada Battaini gi\u00e0 in grado di conquistare alcune medaglie nel settore lanci, e\u2026","rel":"","context":"In &quot;Pista&quot;","block_context":{"text":"Pista","link":"https:\/\/uscatletica.ch\/wp\/?cat=4"},"img":{"alt_text":"","src":"https:\/\/i0.wp.com\/uscatletica.ch\/wp\/wp-content\/uploads\/2024\/05\/5erchi.jpg?fit=474%2C315&ssl=1&resize=350%2C200","width":350,"height":200},"classes":[]},{"id":4268,"url":"https:\/\/uscatletica.ch\/wp\/?p=4268","url_meta":{"origin":8969,"position":5},"title":"Meeting SAM Giada in gran forma in pedana (Chiara brilla a Zurich)","author":"Leonida Stampanoni","date":"14 Maggio 2017","format":false,"excerpt":"Giornata ventosa per il meeting SAM allo stadio di Cornaredo ma la seconda uscita stagionale dei nostri atleti in gare individuali ha portato a risultati promettenti ed in qualche caso pure gi\u00e0 limiti per i campionati svizzeri giovanili alla Deutweg di Winterthur. Giada ha staccato il biglietto sia nel peso\u2026","rel":"","context":"In &quot;Pista&quot;","block_context":{"text":"Pista","link":"https:\/\/uscatletica.ch\/wp\/?cat=4"},"img":{"alt_text":"","src":"https:\/\/i0.wp.com\/uscatletica.ch\/wp\/wp-content\/uploads\/2017\/02\/uckbuttikon17mini007.jpg?fit=503%2C625&ssl=1&resize=350%2C200","width":350,"height":200},"classes":[]}],"_links":{"self":[{"href":"https:\/\/uscatletica.ch\/wp\/index.php?rest_route=\/wp\/v2\/posts\/8969","targetHints":{"allow":["GET"]}}],"collection":[{"href":"https:\/\/uscatletica.ch\/wp\/index.php?rest_route=\/wp\/v2\/posts"}],"about":[{"href":"https:\/\/uscatletica.ch\/wp\/index.php?rest_route=\/wp\/v2\/types\/post"}],"author":[{"embeddable":true,"href":"https:\/\/uscatletica.ch\/wp\/index.php?rest_route=\/wp\/v2\/users\/4"}],"replies":[{"embeddable":true,"href":"https:\/\/uscatletica.ch\/wp\/index.php?rest_route=%2Fwp%2Fv2%2Fcomments&post=8969"}],"version-history":[{"count":2,"href":"https:\/\/uscatletica.ch\/wp\/index.php?rest_route=\/wp\/v2\/posts\/8969\/revisions"}],"predecessor-version":[{"id":8977,"href":"https:\/\/uscatletica.ch\/wp\/index.php?rest_route=\/wp\/v2\/posts\/8969\/revisions\/8977"}],"wp:featuredmedia":[{"embeddable":true,"href":"https:\/\/uscatletica.ch\/wp\/index.php?rest_route=\/wp\/v2\/media\/7321"}],"wp:attachment":[{"href":"https:\/\/uscatletica.ch\/wp\/index.php?rest_route=%2Fwp%2Fv2%2Fmedia&parent=8969"}],"wp:term":[{"taxonomy":"category","embeddable":true,"href":"https:\/\/uscatletica.ch\/wp\/index.php?rest_route=%2Fwp%2Fv2%2Fcategories&post=8969"},{"taxonomy":"post_tag","embeddable":true,"href":"https:\/\/uscatletica.ch\/wp\/index.php?rest_route=%2Fwp%2Fv2%2Ftags&post=8969"}],"curies":[{"name":"wp","href":"https:\/\/api.w.org\/{rel}","templated":true}]}}