{"id":9001,"date":"2019-09-11T05:40:21","date_gmt":"2019-09-11T03:40:21","guid":{"rendered":"http:\/\/uscatletica.ch\/wp\/?p=9001"},"modified":"2019-09-12T05:46:35","modified_gmt":"2019-09-12T03:46:35","slug":"meeting-capriaschese-ct-staffetta-olimpionica","status":"publish","type":"post","link":"https:\/\/uscatletica.ch\/wp\/?p=9001","title":{"rendered":"Meeting Capriaschese CT Staffetta Olimpionica"},"content":{"rendered":"\n<p>La 13 edizione del meeting Capriachese \u00e8 pronta siamo lieti di accogliere in Capriasca \u00a0le dodici squadre che si contenderanno i i titoli di campione ticinese. Benvenuti anche tutti gli atleti che gareggeranno nelle gare individuali\u00a0<\/p>\n<p><a href=\"https:\/\/uscatletica.ch\/wp\/?p=6527\" target=\"_blank\" rel=\"noopener noreferrer\">SAM E GAB Trionfano nella staffetta olimpionica echi dell&#8217;edizione 2018<\/a><\/p>\n<p><a href=\"https:\/\/uscatletica.ch\/wp\/wp-content\/uploads\/2019\/09\/Iscritti.pdf\">Iscritti<\/a><\/p>\n<p>\u00a0<\/p>\n\n\n\n<p><a href=\"https:\/\/i0.wp.com\/uscatletica.ch\/wp\/wp-content\/uploads\/2019\/09\/CTOLIMPIONICA2019.jpg?ssl=1\"><img data-recalc-dims=\"1\" loading=\"lazy\" decoding=\"async\" data-attachment-id=\"8933\" data-permalink=\"https:\/\/uscatletica.ch\/wp\/?attachment_id=8933\" data-orig-file=\"https:\/\/i0.wp.com\/uscatletica.ch\/wp\/wp-content\/uploads\/2019\/09\/CTOLIMPIONICA2019.jpg?fit=1753%2C1240&amp;ssl=1\" data-orig-size=\"1753,1240\" data-comments-opened=\"0\" data-image-meta=\"{&quot;aperture&quot;:&quot;0&quot;,&quot;credit&quot;:&quot;&quot;,&quot;camera&quot;:&quot;&quot;,&quot;caption&quot;:&quot;&quot;,&quot;created_timestamp&quot;:&quot;0&quot;,&quot;copyright&quot;:&quot;&quot;,&quot;focal_length&quot;:&quot;0&quot;,&quot;iso&quot;:&quot;0&quot;,&quot;shutter_speed&quot;:&quot;0&quot;,&quot;title&quot;:&quot;&quot;,&quot;orientation&quot;:&quot;0&quot;}\" data-image-title=\"CTOLIMPIONICA2019\" data-image-description=\"\" data-image-caption=\"\" data-large-file=\"https:\/\/i0.wp.com\/uscatletica.ch\/wp\/wp-content\/uploads\/2019\/09\/CTOLIMPIONICA2019.jpg?fit=640%2C453&amp;ssl=1\" class=\"aligncenter size-large wp-image-8933\" src=\"https:\/\/i0.wp.com\/uscatletica.ch\/wp\/wp-content\/uploads\/2019\/09\/CTOLIMPIONICA2019.jpg?resize=640%2C453&#038;ssl=1\" alt=\"\" width=\"640\" height=\"453\" srcset=\"https:\/\/i0.wp.com\/uscatletica.ch\/wp\/wp-content\/uploads\/2019\/09\/CTOLIMPIONICA2019.jpg?resize=1024%2C724&amp;ssl=1 1024w, https:\/\/i0.wp.com\/uscatletica.ch\/wp\/wp-content\/uploads\/2019\/09\/CTOLIMPIONICA2019.jpg?resize=300%2C212&amp;ssl=1 300w, https:\/\/i0.wp.com\/uscatletica.ch\/wp\/wp-content\/uploads\/2019\/09\/CTOLIMPIONICA2019.jpg?resize=768%2C543&amp;ssl=1 768w, https:\/\/i0.wp.com\/uscatletica.ch\/wp\/wp-content\/uploads\/2019\/09\/CTOLIMPIONICA2019.jpg?w=1753&amp;ssl=1 1753w, https:\/\/i0.wp.com\/uscatletica.ch\/wp\/wp-content\/uploads\/2019\/09\/CTOLIMPIONICA2019.jpg?w=1280&amp;ssl=1 1280w\" sizes=\"auto, (max-width: 640px) 100vw, 640px\" \/><\/a><a href=\"https:\/\/i0.wp.com\/uscatletica.ch\/wp\/wp-content\/uploads\/2019\/08\/meetingcapri2019.jpg?ssl=1\"><img data-recalc-dims=\"1\" loading=\"lazy\" decoding=\"async\" data-attachment-id=\"8830\" data-permalink=\"https:\/\/uscatletica.ch\/wp\/?attachment_id=8830\" data-orig-file=\"https:\/\/i0.wp.com\/uscatletica.ch\/wp\/wp-content\/uploads\/2019\/08\/meetingcapri2019.jpg?fit=1240%2C1753&amp;ssl=1\" data-orig-size=\"1240,1753\" data-comments-opened=\"0\" data-image-meta=\"{&quot;aperture&quot;:&quot;0&quot;,&quot;credit&quot;:&quot;&quot;,&quot;camera&quot;:&quot;&quot;,&quot;caption&quot;:&quot;&quot;,&quot;created_timestamp&quot;:&quot;0&quot;,&quot;copyright&quot;:&quot;&quot;,&quot;focal_length&quot;:&quot;0&quot;,&quot;iso&quot;:&quot;0&quot;,&quot;shutter_speed&quot;:&quot;0&quot;,&quot;title&quot;:&quot;&quot;,&quot;orientation&quot;:&quot;0&quot;}\" data-image-title=\"meetingcapri2019\" data-image-description=\"\" data-image-caption=\"\" data-large-file=\"https:\/\/i0.wp.com\/uscatletica.ch\/wp\/wp-content\/uploads\/2019\/08\/meetingcapri2019.jpg?fit=640%2C905&amp;ssl=1\" class=\"aligncenter size-large wp-image-8830\" src=\"https:\/\/i0.wp.com\/uscatletica.ch\/wp\/wp-content\/uploads\/2019\/08\/meetingcapri2019.jpg?resize=640%2C905&#038;ssl=1\" alt=\"\" width=\"640\" height=\"905\" srcset=\"https:\/\/i0.wp.com\/uscatletica.ch\/wp\/wp-content\/uploads\/2019\/08\/meetingcapri2019.jpg?resize=724%2C1024&amp;ssl=1 724w, https:\/\/i0.wp.com\/uscatletica.ch\/wp\/wp-content\/uploads\/2019\/08\/meetingcapri2019.jpg?resize=212%2C300&amp;ssl=1 212w, https:\/\/i0.wp.com\/uscatletica.ch\/wp\/wp-content\/uploads\/2019\/08\/meetingcapri2019.jpg?resize=768%2C1086&amp;ssl=1 768w, https:\/\/i0.wp.com\/uscatletica.ch\/wp\/wp-content\/uploads\/2019\/08\/meetingcapri2019.jpg?w=1240&amp;ssl=1 1240w\" sizes=\"auto, (max-width: 640px) 100vw, 640px\" \/><\/a><\/p>\n\n\n\n<p><span style=\"font-family: Calibri Light, serif;\"><span style=\"font-size: xx-large;\"><span style=\"color: #2e74b5;\"><span style=\"font-size: small;\">Comunicato FTAL, 10 settembre 2019 &#8211; CT Olimpionica e meeting USC 2019-lancio.docx<\/span><\/span><\/span><\/span><\/p>\n<p><span style=\"font-family: Calibri Light, serif;\"><span style=\"font-size: xx-large;\">Tutti in pista a Tesserete per i titoli di Olimpionica<\/span><\/span><\/p>\n<p><span style=\"color: #5a5a5a;\"><span style=\"font-size: medium;\">Meeting serale mercoled\u00ec in Capriasca con gare di corsa, salti e lanci ma anche le staffette olimpioniche valide quale Campionato ticinese<\/span><\/span><\/p>\n<p><span lang=\"it-IT\"><b>FTAL\/elista<\/b><\/span>\u2013A sette giorni di distanza dal meeting di Bellinzona, che nel rinnovato Comunale aveva assegnato i titoli cantonali delle staffette 4&#215;100 metri alle ragazze della SAB Bellinzona e ai ragazzi dell\u2019Atletica Mendrisiotto, mercoled\u00ec prossimo in Capriasca si attribuiranno le medaglie delle staffette olimpioniche. La locale USC Capriaschese propone l\u2019ormai tradizionale appuntamento di inizio settembre che, oltre alle staffette sulla distanza di 800-400-200 e 100 metri, propone anche gare di corsa e concorsi di salto e lanci.<\/p>\n<p>Per la 13ima volta sar\u00e0 quindi sulla pista di Tesserete che si sfideranno i quartetti della spettacolare staffetta olimpionica che lo scorso anno vide imporsi il GAB Bellinzona tra le donne la SAM Massagno tra gli uomini. Quest\u2019anno i pronostici sono di nuovo molto aperti e tra le squadre iscritte nel settore maschile troviamo l\u2019Atletica Mendrisiotto con due squadre maschili, il GAB Bellinzona con tre squadre, la SAL Lugano, l\u2019USC e la Virtus Locarno, ciascuna con una squadra. Otto quindi gli ottocentometristi che daranno il l\u00e0 alle olimpioniche alle 20.10. Pi\u00f9 contenuta la partecipazione femminile con quattro squadre al via: le due squadre del GAB Bellinzona, la SAB Bellinzona e le ragazze di casa dell\u2019USC.<\/p>\n<p>Oltre alle staffette, il meeting sostenuto da Develed Sagl propone pure un fitto programma di prove individuali che inizieranno alle 18.40 con gli 80 metri U16 seguiti dai 600 metri, sempre per le categorie U16. Alle 18.45, per la prima volta in un meeting capriaschese, ci sar\u00e0 anche il salto in alto al maschile, con misura d\u2019entrata a 1.35 metri, mentre nella pedana del peso inizier\u00e0 il getto del peso al femminile (W20 e U20 4 Kg, U18 e U16 3 Kg). Alle 19.20 spazio alle serie sui 100 metri, dove alcuni staffettisti scalderanno i muscoli, mentre alle 19.30 inizieranno pure i concorsi del salto in lungo femminile e del peso maschile (M20 7.26 kg, U20 6 kg, U18 5 kg, U16 4 kg). Alle 20 le gare sui 1&#8217;500 metri maschili e femminili, che precederanno le staffette olimpioniche, previste dalle 20.10.<\/p>\n<p><a name=\"_GoBack\"><\/a>Se per le staffette le iscrizioni sono gi\u00e0 chiuse, per le gare individuali si possono ancora effettuare sul posto entro le 17.30 (U16) o entro le 18.00 (altre gare). Ricordiamo che alle gare, organizzate conformemente ai regolamenti FTAL e Swiss athletics possono partecipare atlete ed atleti in regola con il tesseramento elvetico oppure atleti dall\u2019estero con tessera valida della propria federazione. La serata si chiuder\u00e0 con le premiazioni del Campionato ticinese di staffetta olimpionica. Programma e informazioni su<span style=\"color: #0563c1;\"><u><a href=\"http:\/\/www.ftal.ch\/\">www.ftal.ch<\/a><\/u><\/span>o <span style=\"color: #0563c1;\"><u>www.uscatletica.ch<\/u><\/span><\/p>\n<p><span lang=\"it-IT\"><b>FTAL\/elista<\/b><\/span><\/p>\n\n\n\n<div class=\"wp-block-file\"><a href=\"https:\/\/uscatletica.ch\/wp\/wp-content\/uploads\/2019\/09\/Iscritti.pdf\">Iscritti<\/a><a href=\"https:\/\/uscatletica.ch\/wp\/wp-content\/uploads\/2019\/09\/Iscritti.pdf\" class=\"wp-block-file__button\" download>Download<\/a><\/div>\n\n\n\n<div class=\"wp-block-file\"><a href=\"blob:http:\/\/uscatletica.ch\/93ad9c13-82a9-414a-adbd-b78a9ef14907\" class=\"wp-block-file__button\" download>Download<\/a><\/div>\n","protected":false},"excerpt":{"rendered":"<p>La 13 edizione del meeting Capriachese \u00e8 pronta siamo lieti di accogliere in Capriasca \u00a0le dodici squadre che si contenderanno i i titoli di campione ticinese. Benvenuti anche tutti gli atleti che gareggeranno nelle gare individuali\u00a0 SAM E GAB Trionfano nella staffetta olimpionica echi dell&#8217;edizione 2018 Iscritti \u00a0 Comunicato FTAL, 10 settembre 2019 &#8211; CT Olimpionica e meeting USC 2019-lancio.docx Tutti in pista a Tesserete per i titoli di Olimpionica Meeting serale mercoled\u00ec in Capriasca&#8230;<\/p>\n","protected":false},"author":4,"featured_media":740,"comment_status":"closed","ping_status":"closed","sticky":false,"template":"","format":"standard","meta":{"jetpack_post_was_ever_published":false,"_jetpack_newsletter_access":"","_jetpack_dont_email_post_to_subs":false,"_jetpack_newsletter_tier_id":0,"_jetpack_memberships_contains_paywalled_content":false,"_jetpack_memberships_contains_paid_content":false,"footnotes":"","jetpack_publicize_message":"","jetpack_publicize_feature_enabled":true,"jetpack_social_post_already_shared":true,"jetpack_social_options":{"image_generator_settings":{"template":"highway","default_image_id":0,"font":"","enabled":false},"version":2}},"categories":[6,4],"tags":[],"class_list":["post-9001","post","type-post","status-publish","format-standard","has-post-thumbnail","hentry","category-non-catalogato","category-pista"],"jetpack_publicize_connections":[],"jetpack_featured_media_url":"https:\/\/i0.wp.com\/uscatletica.ch\/wp\/wp-content\/uploads\/2016\/01\/LOGOUSC2015.jpg?fit=1233%2C643&ssl=1","jetpack_sharing_enabled":true,"jetpack_shortlink":"https:\/\/wp.me\/p6V7Ck-2lb","jetpack-related-posts":[{"id":4877,"url":"https:\/\/uscatletica.ch\/wp\/?p=4877","url_meta":{"origin":9001,"position":0},"title":"Campionati Ticinesi di Staffetta Olimpionica e Meeting Capriaschese","author":"Leonida Stampanoni","date":"5 Settembre 2017","format":false,"excerpt":"Manca una settimana ai campionati ticinesi di staffetta olimpionica e al 11\u00b0 Meeting Capriaschese . La prima edizione che potr\u00e0 beneficiare della nuova elegante e funzionale torretta di cronometraggio.Per la prima volta in Capriasca si correranno i 100 m in programma anche i 600 m u14 1000 m U16 ed\u2026","rel":"","context":"In &quot;I nostri appuntamenti&quot;","block_context":{"text":"I nostri appuntamenti","link":"https:\/\/uscatletica.ch\/wp\/?cat=12"},"img":{"alt_text":"meeting","src":"https:\/\/i0.wp.com\/uscatletica.ch\/wp\/wp-content\/uploads\/2015\/11\/meeting.png?resize=350%2C200&ssl=1","width":350,"height":200},"classes":[]},{"id":4935,"url":"https:\/\/uscatletica.ch\/wp\/?p=4935","url_meta":{"origin":9001,"position":1},"title":"CT OLIMPIONICA E MEETING CAPRIASCHESE TUTTI AI BLOCCHI DI  (Nuova lista iscritta  rassegna stampa)","author":"Leonida Stampanoni","date":"12 Settembre 2017","format":false,"excerpt":"11 edizione Meeting Capriaschese \u00a0Campionati Ticinesi Olimpionica 13 settembre 2017 Nuova lista iscritti CT Olimpionica 13.09 6.45 \u00a0 Formulario da riempire ed inviare\u00a0 Importante indicare il numero di licenza Swiss Athletics Campionato ticinese di Staffetta Olimpionica Termine per le iscrizioni nominali complete di numero di licenza Swiss Athletics \u00a0mercoledi 13.09\u2026","rel":"","context":"In &quot;I nostri appuntamenti&quot;","block_context":{"text":"I nostri appuntamenti","link":"https:\/\/uscatletica.ch\/wp\/?cat=12"},"img":{"alt_text":"","src":"https:\/\/i0.wp.com\/uscatletica.ch\/wp\/wp-content\/uploads\/2016\/09\/CTOLI16F.jpg?fit=562%2C347&ssl=1&resize=350%2C200","width":350,"height":200,"srcset":"https:\/\/i0.wp.com\/uscatletica.ch\/wp\/wp-content\/uploads\/2016\/09\/CTOLI16F.jpg?fit=562%2C347&ssl=1&resize=350%2C200 1x, https:\/\/i0.wp.com\/uscatletica.ch\/wp\/wp-content\/uploads\/2016\/09\/CTOLI16F.jpg?fit=562%2C347&ssl=1&resize=525%2C300 1.5x"},"classes":[]},{"id":6516,"url":"https:\/\/uscatletica.ch\/wp\/?p=6516","url_meta":{"origin":9001,"position":2},"title":"Campionati Ticinesi di olimpionica 12 Meeting Capriaschese tutto pronto stampa","author":"Leonida Stampanoni","date":"11 Settembre 2018","format":false,"excerpt":"Staffette olimpioniche in Capriasca Meeting serale mercoled\u00ec a Tesserete con anche i Campionati ticinesi di staffetta olimpionica, dove Virtus Locarno e SAL Lugano cercheranno di difendere il titolo conquistato nel 2017 liste di partenza 2018 \ufeff 12 edizione Meeting Capriaschese \u00a0Campionati Ticinesi Olimpionica 12 settembre 2018 PrCToli18 il programma 2018\u2026","rel":"","context":"In &quot;Pista&quot;","block_context":{"text":"Pista","link":"https:\/\/uscatletica.ch\/wp\/?cat=4"},"img":{"alt_text":"","src":"https:\/\/i0.wp.com\/uscatletica.ch\/wp\/wp-content\/uploads\/2018\/08\/berlinstmoritz2018.jpg?fit=432%2C293&ssl=1&resize=350%2C200","width":350,"height":200},"classes":[]},{"id":6444,"url":"https:\/\/uscatletica.ch\/wp\/?p=6444","url_meta":{"origin":9001,"position":3},"title":"Campionati Ticinesi di Staffetta olimpionica Iscrizioni aperte orari meeting Capriaschese","author":"Leonida Stampanoni","date":"27 Agosto 2018","format":false,"excerpt":"Mercoled\u00ec 12 Settembre in palio ci saranno i titoli cantonali di Staffetta\u00a0olimpionica l'USC \u00e8 lieta di annunciare che le iscrizioni sono aperte\u00a0 si cercano i successori della Virtus Locarno tra gli uomini e della SA Lugano tra le donne \ufeff 12 edizione Meeting Capriaschese \u00a0Campionati Ticinesi Olimpionica 12 settembre 2018\u2026","rel":"","context":"In &quot;I nostri appuntamenti&quot;","block_context":{"text":"I nostri appuntamenti","link":"https:\/\/uscatletica.ch\/wp\/?cat=12"},"img":{"alt_text":"","src":"https:\/\/i0.wp.com\/uscatletica.ch\/wp\/wp-content\/uploads\/2018\/08\/meetingcapriasca2018.jpg?resize=350%2C200&ssl=1","width":350,"height":200,"srcset":"https:\/\/i0.wp.com\/uscatletica.ch\/wp\/wp-content\/uploads\/2018\/08\/meetingcapriasca2018.jpg?resize=350%2C200&ssl=1 1x, https:\/\/i0.wp.com\/uscatletica.ch\/wp\/wp-content\/uploads\/2018\/08\/meetingcapriasca2018.jpg?resize=525%2C300&ssl=1 1.5x"},"classes":[]},{"id":2680,"url":"https:\/\/uscatletica.ch\/wp\/?p=2680","url_meta":{"origin":9001,"position":4},"title":"10 Meeting Capriaschese Campionato ticinese di Staffetta Olimpionica","author":"Leonida Stampanoni","date":"25 Agosto 2016","format":false,"excerpt":"\u00a0 10 edizione Meeting Capriaschese \u00a0Campionati Ticinesi Olimpionica 3 settembre 2016 Termine d'iscrizione \u00a0per i CT Olimpionica 29.08.2016 Lista di partenza provvisoria \u00a0 Il programma della gara PRIMATI DELL'ARENA SPORTIVA primatiarena20160128 \u00a0","rel":"","context":"In &quot;I nostri appuntamenti&quot;","block_context":{"text":"I nostri appuntamenti","link":"https:\/\/uscatletica.ch\/wp\/?cat=12"},"img":{"alt_text":"meeting","src":"https:\/\/i0.wp.com\/uscatletica.ch\/wp\/wp-content\/uploads\/2015\/11\/meeting.png?resize=350%2C200&ssl=1","width":350,"height":200},"classes":[]},{"id":4898,"url":"https:\/\/uscatletica.ch\/wp\/?p=4898","url_meta":{"origin":9001,"position":5},"title":"11 Meeting Capriaschese 13.09.2017 Campionati ticinesi Olimpionica 18 squadre iscritte","author":"Leonida Stampanoni","date":"9 Settembre 2017","format":false,"excerpt":"Mercoled\u00ec, archiviati i campionati svizzeri giovanili, si torner\u00e0 a gareggiare in Ticino ,l'USC \u00e8 felice di accogliere \u00a010 squadre maschili e 8 squadre femminili ai campionati ticinesi di staffetta olimpionica. Tutto \u00e8 pronto per l'undicesima edizione del Meeting Capriaschese la prima con la nuova torretta di cronometraggio che dar\u00e0 agli\u2026","rel":"","context":"In &quot;I nostri appuntamenti&quot;","block_context":{"text":"I nostri appuntamenti","link":"https:\/\/uscatletica.ch\/wp\/?cat=12"},"img":{"alt_text":"","src":"https:\/\/i0.wp.com\/uscatletica.ch\/wp\/wp-content\/uploads\/2017\/09\/CTOLIMPIONICA2017.jpg?resize=350%2C200&ssl=1","width":350,"height":200,"srcset":"https:\/\/i0.wp.com\/uscatletica.ch\/wp\/wp-content\/uploads\/2017\/09\/CTOLIMPIONICA2017.jpg?resize=350%2C200&ssl=1 1x, https:\/\/i0.wp.com\/uscatletica.ch\/wp\/wp-content\/uploads\/2017\/09\/CTOLIMPIONICA2017.jpg?resize=525%2C300&ssl=1 1.5x, https:\/\/i0.wp.com\/uscatletica.ch\/wp\/wp-content\/uploads\/2017\/09\/CTOLIMPIONICA2017.jpg?resize=700%2C400&ssl=1 2x"},"classes":[]}],"_links":{"self":[{"href":"https:\/\/uscatletica.ch\/wp\/index.php?rest_route=\/wp\/v2\/posts\/9001","targetHints":{"allow":["GET"]}}],"collection":[{"href":"https:\/\/uscatletica.ch\/wp\/index.php?rest_route=\/wp\/v2\/posts"}],"about":[{"href":"https:\/\/uscatletica.ch\/wp\/index.php?rest_route=\/wp\/v2\/types\/post"}],"author":[{"embeddable":true,"href":"https:\/\/uscatletica.ch\/wp\/index.php?rest_route=\/wp\/v2\/users\/4"}],"replies":[{"embeddable":true,"href":"https:\/\/uscatletica.ch\/wp\/index.php?rest_route=%2Fwp%2Fv2%2Fcomments&post=9001"}],"version-history":[{"count":2,"href":"https:\/\/uscatletica.ch\/wp\/index.php?rest_route=\/wp\/v2\/posts\/9001\/revisions"}],"predecessor-version":[{"id":9009,"href":"https:\/\/uscatletica.ch\/wp\/index.php?rest_route=\/wp\/v2\/posts\/9001\/revisions\/9009"}],"wp:featuredmedia":[{"embeddable":true,"href":"https:\/\/uscatletica.ch\/wp\/index.php?rest_route=\/wp\/v2\/media\/740"}],"wp:attachment":[{"href":"https:\/\/uscatletica.ch\/wp\/index.php?rest_route=%2Fwp%2Fv2%2Fmedia&parent=9001"}],"wp:term":[{"taxonomy":"category","embeddable":true,"href":"https:\/\/uscatletica.ch\/wp\/index.php?rest_route=%2Fwp%2Fv2%2Fcategories&post=9001"},{"taxonomy":"post_tag","embeddable":true,"href":"https:\/\/uscatletica.ch\/wp\/index.php?rest_route=%2Fwp%2Fv2%2Ftags&post=9001"}],"curies":[{"name":"wp","href":"https:\/\/api.w.org\/{rel}","templated":true}]}}