{"id":9131,"date":"2019-09-22T20:00:26","date_gmt":"2019-09-22T18:00:26","guid":{"rendered":"http:\/\/uscatletica.ch\/wp\/?p=9131"},"modified":"2019-10-02T13:23:17","modified_gmt":"2019-10-02T11:23:17","slug":"tas-isone-si-riparte-col-piede-giusto-noe-bravo-a-locarno","status":"publish","type":"post","link":"https:\/\/uscatletica.ch\/wp\/?p=9131","title":{"rendered":"TAS ISONE SI RIPARTE COL PIEDE GIUSTO NOE BRAVO A LOCARNO"},"content":{"rendered":"\n<p>Intensa domenica per i nostri scolari che erano impegnati ad Isone con la ripresa del TAS con No\u00e9 invece che al Lido di Locarno ha corso la sua prima finale del MilLe Gruyere mostrando un gran bel miglioramento. Ad Isone tantissime ragazze che ha trascinato il gruppo tre podi per gli USCini con le U14 nella staffetta e Giosue e Viola nella gara individuale\u00a0<\/p>\n<h2>MilLe Gruyere bravissimo No\u00e9 (<a href=\"http:\/\/www.mille-gruyere.ch\/files\/Risultati_Finale_CH_2019_Mille_Gruy\u00e8re.pdf\" target=\"_blank\" rel=\"noopener noreferrer\">classifica<\/a>)<\/h2>\n<p>Erano quasi 400 i giovani presenti alla prima finale svizzera MilLe Gruyere in Ticino. Grande ambiente allo stadio del Lido dove tra gli speaker c&#8217;era anche Daniele Angelella. No\u00e9 alla sua prima finale ha chiuso la splendida esperienza con il abbattendo la barriera die 3&#8217;30&#8221;. Al termine di un bel duello con l&#8217;amico Gabriele Berini ha chiuso in 3&#8217;29&#8243;82 al diciannovesimo \u00a0rango. Un solo podio per il Ticino con Tosca Del Siro.\u00a0<\/p>\n<h2>TAS TRE PODI PER GLI USCINI AD ISONE (<a href=\"http:\/\/www.saim.ch\/wp-content\/uploads\/Classifiche-PROVVISORIE.pdf\" target=\"_blank\" rel=\"noopener noreferrer\">Classifica<\/a>)<\/h2>\n<p>La prima staffetta ha lanciato bene l&#8217;autunno del TAS con una trentina di giovanissimi USC \u00a0presenti tra i 200 partecipanti alla Sagra della Staffetta. Tra le strade di Isone le U14 \u00a0hanno posto una buona base per salvare il posto sul podio TAS. a fine stagione. Kora, Alessia e Lara S. hanno chiuso terze nella gara vinta dalle imbattibili SVAM brave anche Lara G., Caterina, e Selina. Tra le U12 vittoria per la SAM, le nostre Alice Linda ed Elsa si meritano il quinto rango mentre Olivia O, Olivia S e la piccola Dalia chiudono decime . Tra i ragazzi Pablo, Eliott e Giona corrono verso il settimo rango nella gara vinta dalla Vigor che raddoppia poi tra gli U14.\u00a0<\/p>\n<p>Nelle gare individuali sono due giovanissimi scoiattoli a chiudere \u00a0al terzo rango Giosue tra i bimbi e Viola tra le bimbe. bravi anche Martino (6) Jacopo (8) e Thiago (11). Nella gara delle U10 Anais chiude quinta seguita dal terzetto Camilla (7), Amelie, Asia (9). \u00a0e dal duo Leonie (13), Lara D. (14). Tra i ragazzi Ismael \u00e8 sesto Pietro (11) Maxime (15)<\/p>\n<p>prossima tappa domenica 6 ottobre a Sagno \u00a0<\/p>\n<p>\u00a0<\/p>\n","protected":false},"excerpt":{"rendered":"<p>Intensa domenica per i nostri scolari che erano impegnati ad Isone con la ripresa del TAS con No\u00e9 invece che al Lido di Locarno ha corso la sua prima finale del MilLe Gruyere mostrando un gran bel miglioramento. Ad Isone tantissime ragazze che ha trascinato il gruppo tre podi per gli USCini con le U14 nella staffetta e Giosue e Viola nella gara individuale\u00a0 MilLe Gruyere bravissimo No\u00e9 (classifica) Erano quasi 400 i giovani presenti&#8230;<\/p>\n","protected":false},"author":4,"featured_media":5908,"comment_status":"closed","ping_status":"closed","sticky":false,"template":"","format":"standard","meta":{"jetpack_post_was_ever_published":false,"_jetpack_newsletter_access":"","_jetpack_dont_email_post_to_subs":false,"_jetpack_newsletter_tier_id":0,"_jetpack_memberships_contains_paywalled_content":false,"_jetpack_memberships_contains_paid_content":false,"footnotes":"","jetpack_publicize_message":"","jetpack_publicize_feature_enabled":true,"jetpack_social_post_already_shared":true,"jetpack_social_options":{"image_generator_settings":{"template":"highway","default_image_id":0,"font":"","enabled":false},"version":2}},"categories":[4,9,8],"tags":[],"class_list":["post-9131","post","type-post","status-publish","format-standard","has-post-thumbnail","hentry","category-pista","category-sport","category-staffette"],"jetpack_publicize_connections":[],"jetpack_featured_media_url":"https:\/\/i0.wp.com\/uscatletica.ch\/wp\/wp-content\/uploads\/2018\/04\/TGQUSC18U14-1.jpg?fit=532%2C259&ssl=1","jetpack_sharing_enabled":true,"jetpack_shortlink":"https:\/\/wp.me\/p6V7Ck-2nh","jetpack-related-posts":[{"id":9109,"url":"https:\/\/uscatletica.ch\/wp\/?p=9109","url_meta":{"origin":9131,"position":0},"title":"Bellinzona Isone Basodino Locarno Uster USC a 360 gradi","author":"Leonida Stampanoni","date":"20 Settembre 2019","format":false,"excerpt":"Il primo fine settimana autunnale sar\u00e0 veramente ricco di impegni per gli atleti USC. In pista si chiude il Gran Prix FTAL al comunale di Bellinzona con i palio pure i titoli suo 5000 m e 3000 m prima di ospitare il classico meeting Masters giunto alla 19 edizioni. Locarno\u2026","rel":"","context":"In &quot;Montagna&quot;","block_context":{"text":"Montagna","link":"https:\/\/uscatletica.ch\/wp\/?cat=16"},"img":{"alt_text":"","src":"https:\/\/i0.wp.com\/uscatletica.ch\/wp\/wp-content\/uploads\/2019\/08\/caratschlausc190815.jpg?fit=432%2C324&ssl=1&resize=350%2C200","width":350,"height":200},"classes":[]},{"id":16240,"url":"https:\/\/uscatletica.ch\/wp\/?p=16240","url_meta":{"origin":9131,"position":1},"title":"A Isone una vittoria per le U12 USCini Davide vince i 5km a Locarno","author":"Leonida Stampanoni","date":"17 Ottobre 2022","format":false,"excerpt":"Nel fine settimana due impegni per l'USC sabato alla Ascona Locarno Run erano in 6 gli atleti USC presenti con la vittoria di categoria per Davide e Gionata . mentre domenica alla chiusura del TAS un bel gruppo di giovani entusiasti erano alla Sagra della staffetta di Isone dove \u00a0le\u2026","rel":"","context":"In &quot;Podismo&quot;","block_context":{"text":"Podismo","link":"https:\/\/uscatletica.ch\/wp\/?cat=5"},"img":{"alt_text":"","src":"https:\/\/i0.wp.com\/uscatletica.ch\/wp\/wp-content\/uploads\/2022\/10\/221992sagnoU14W.jpg?fit=480%2C640&ssl=1&resize=350%2C200","width":350,"height":200},"classes":[]},{"id":8927,"url":"https:\/\/uscatletica.ch\/wp\/?p=8927","url_meta":{"origin":9131,"position":2},"title":"Argento per le ragazze della 4&#215;100 finale svizzera per No\u00e9","author":"Leonida Stampanoni","date":"4 Settembre 2019","format":false,"excerpt":"La serata sulla nuova pista del comunale ha regalato buone soddisfazioni ai colori dell'USC. Tra i bravissimi partecipanti al milLe Gruyere la soddisfazione \u00e8 arrivata gi\u00e0 seconda prova con \u00a0No\u00e9 ha conquistato la finale svizzera di Locarno, obiettivo sfiorato da Lea \u00a0mentre ai campionati ticinesi di 4x100 m le ragazze\u2026","rel":"","context":"In &quot;Pista&quot;","block_context":{"text":"Pista","link":"https:\/\/uscatletica.ch\/wp\/?cat=4"},"img":{"alt_text":"","src":"https:\/\/i0.wp.com\/uscatletica.ch\/wp\/wp-content\/uploads\/2016\/08\/ct4x100.jpg?fit=561%2C371&ssl=1&resize=350%2C200","width":350,"height":200,"srcset":"https:\/\/i0.wp.com\/uscatletica.ch\/wp\/wp-content\/uploads\/2016\/08\/ct4x100.jpg?fit=561%2C371&ssl=1&resize=350%2C200 1x, https:\/\/i0.wp.com\/uscatletica.ch\/wp\/wp-content\/uploads\/2016\/08\/ct4x100.jpg?fit=561%2C371&ssl=1&resize=525%2C300 1.5x"},"classes":[]},{"id":11112,"url":"https:\/\/uscatletica.ch\/wp\/?p=11112","url_meta":{"origin":9131,"position":3},"title":"Monthey Bellinzona Tesserete Lugano si chiude la stagione con i giovanili","author":"Leonida Stampanoni","date":"25 Settembre 2020","format":false,"excerpt":"Intenso fine settimana per gli atleti USC ,sabato No\u00e9, Jennis, e Federica saranno a Monthey per la finale del MilLe Gruyere Kariem Hussein far\u00e0 tappa ai campionati svizzeri Masters dove Elia chiuder\u00e0 la sua stagione. Domenica dopo la seconda edizione del Gir dal Diavol a Lugano ci saranno i Campionati\u2026","rel":"","context":"In &quot;Pista&quot;","block_context":{"text":"Pista","link":"https:\/\/uscatletica.ch\/wp\/?cat=4"},"img":{"alt_text":"","src":"https:\/\/i0.wp.com\/uscatletica.ch\/wp\/wp-content\/uploads\/2020\/09\/1.jpeg?fit=420%2C315&ssl=1&resize=350%2C200","width":350,"height":200},"classes":[]},{"id":16067,"url":"https:\/\/uscatletica.ch\/wp\/?p=16067","url_meta":{"origin":9131,"position":4},"title":"Da Salzburg a Ginevra in pista passando dal Trail San Giorgio","author":"Leonida Stampanoni","date":"23 Settembre 2022","format":false,"excerpt":"Fine settimana intenso per l'USC tre le presenze USC con la selezione Ticino FTAL che sar\u00e0 a Salzburg per l'incontro Arge Alp. Il nostro No\u00e9 sar\u00e0 alla quarta finale MilLe Gruy\u00e8re consecutiva la trasferta lo porter\u00e0 fino al bout du monde a Ginevra. In Ticino ci sar\u00e0 il Trail San\u2026","rel":"","context":"In &quot;Montagna&quot;","block_context":{"text":"Montagna","link":"https:\/\/uscatletica.ch\/wp\/?cat=16"},"img":{"alt_text":"","src":"https:\/\/i0.wp.com\/uscatletica.ch\/wp\/wp-content\/uploads\/2021\/09\/210914U14post.jpg?fit=324%2C432&ssl=1&resize=350%2C200","width":350,"height":200},"classes":[]},{"id":13668,"url":"https:\/\/uscatletica.ch\/wp\/?p=13668","url_meta":{"origin":9131,"position":5},"title":"Isone il TAS chiude con il botto","author":"Leonida Stampanoni","date":"17 Ottobre 2021","format":false,"excerpt":"Isone ha ospitato la tappa finale del TAS sotto gli occhi attenti di Brighela erano una trentina di giovani leve hanno difeso i colori USC. Due le vittorie nelle staffette per U14W (Olivia, Jennis, Melissa)(Mattia, Ismael,Michele) ed un podio(Amelie, Camilla, Dalia) e quattro podi nelle gare individuali Julia,Aubree Martino, Ilan.\u2026","rel":"","context":"In &quot;Sport&quot;","block_context":{"text":"Sport","link":"https:\/\/uscatletica.ch\/wp\/?cat=9"},"img":{"alt_text":"","src":"https:\/\/i0.wp.com\/uscatletica.ch\/wp\/wp-content\/uploads\/2021\/10\/P1150209.jpeg?fit=432%2C324&ssl=1&resize=350%2C200","width":350,"height":200},"classes":[]}],"_links":{"self":[{"href":"https:\/\/uscatletica.ch\/wp\/index.php?rest_route=\/wp\/v2\/posts\/9131","targetHints":{"allow":["GET"]}}],"collection":[{"href":"https:\/\/uscatletica.ch\/wp\/index.php?rest_route=\/wp\/v2\/posts"}],"about":[{"href":"https:\/\/uscatletica.ch\/wp\/index.php?rest_route=\/wp\/v2\/types\/post"}],"author":[{"embeddable":true,"href":"https:\/\/uscatletica.ch\/wp\/index.php?rest_route=\/wp\/v2\/users\/4"}],"replies":[{"embeddable":true,"href":"https:\/\/uscatletica.ch\/wp\/index.php?rest_route=%2Fwp%2Fv2%2Fcomments&post=9131"}],"version-history":[{"count":2,"href":"https:\/\/uscatletica.ch\/wp\/index.php?rest_route=\/wp\/v2\/posts\/9131\/revisions"}],"predecessor-version":[{"id":9233,"href":"https:\/\/uscatletica.ch\/wp\/index.php?rest_route=\/wp\/v2\/posts\/9131\/revisions\/9233"}],"wp:featuredmedia":[{"embeddable":true,"href":"https:\/\/uscatletica.ch\/wp\/index.php?rest_route=\/wp\/v2\/media\/5908"}],"wp:attachment":[{"href":"https:\/\/uscatletica.ch\/wp\/index.php?rest_route=%2Fwp%2Fv2%2Fmedia&parent=9131"}],"wp:term":[{"taxonomy":"category","embeddable":true,"href":"https:\/\/uscatletica.ch\/wp\/index.php?rest_route=%2Fwp%2Fv2%2Fcategories&post=9131"},{"taxonomy":"post_tag","embeddable":true,"href":"https:\/\/uscatletica.ch\/wp\/index.php?rest_route=%2Fwp%2Fv2%2Ftags&post=9131"}],"curies":[{"name":"wp","href":"https:\/\/api.w.org\/{rel}","templated":true}]}}