{"id":9165,"date":"2019-09-27T09:45:48","date_gmt":"2019-09-27T07:45:48","guid":{"rendered":"http:\/\/uscatletica.ch\/wp\/?p=9165"},"modified":"2019-09-27T09:51:01","modified_gmt":"2019-09-27T07:51:01","slug":"scampionati-ticinesi-u16-u18-23-uscini-alla-carica","status":"publish","type":"post","link":"https:\/\/uscatletica.ch\/wp\/?p=9165","title":{"rendered":"CAMPIONATI TICINESI U16 U18 23 USCINI ALLA CARICA"},"content":{"rendered":"\n<h2>l<\/h2>\n<p>Domenica il nuovo stadio comunale di Bellinzona accoglier\u00e0 i campionati ticinesi U16-U18, sotto la direzione del GAB \u00a0ci saranno quasi 200 adolescenti a lottare per i 34 titoli. L&#8217;USC con 23 atleti al via sar\u00e0 la seconda societ\u00e0 pi\u00f9 numerosa al via. I nostri atleti Capitanati dalla vice campionessa svizzera del peso Giada sono pronti a brillare dai lanci a salti dallo sprint al mezzofondo.\u00a0<\/p>\n<h1 style=\"text-align: center;\"><a href=\"https:\/\/gab-bellinzona.ch\/ctg2019\/live\/timetable1.php\" target=\"_blank\" rel=\"noopener noreferrer\">RISULTATI LIVE<\/a><\/h1>\n<p>Saranno ben undici le ragazze U16 \u00a0al via grazie alla folta presenza delle nate del 2006 che saranno alla prima esperienza ai campionati cantonali. Sei atlete al via dei \u00a0600 m. 5 sugli 80 m con Carolina e Federica impegnate sui due fronti e Matilda \u00a0tra le migliori nella velocit\u00e0. Nei salti Gaia, Pauline, Elody doppiano l&#8217;impegno tra lungo ed alto . Nei lancio Morena avr\u00e0 il doppio impegno tra peso e giavellotto.\u00a0<\/p>\n<p>Tra le U18 Giada sar\u00e0 impegnata nella tripletta dei lanci. Nella velocit\u00e0 Alessia sar\u00e0 accompagnata \u00a0dal trio Gea, Lia Nicole. Sugli 800 m Giorgia sar\u00e0 accompagnata da Matilde che poi sar\u00e0 al via nell&#8217;alto .\u00a0<\/p>\n<p>Tra i ragazzi ci saranno solo gli U16 Florian avr\u00e0 alto e giavellotto nei lanci ci sar\u00e0 anche Tommaso \u00a0che nei 600 sar\u00e0 affiancato da Louis. Sugli 80 m ci saranno Theo e Marco che poi garegger\u00e0 anche nel salto in lungo.\u00a0<\/p>\n<p>Tutti gli orari USC<\/p>\n<table border=\"0\" cellspacing=\"0\"><colgroup width=\"115\"><\/colgroup><colgroup width=\"38\"><\/colgroup><colgroup width=\"140\"><\/colgroup><colgroup width=\"54\"><\/colgroup><colgroup width=\"155\"><\/colgroup><colgroup width=\"176\"><\/colgroup><colgroup width=\"128\"><\/colgroup><colgroup span=\"2\" width=\"115\"><\/colgroup><colgroup width=\"146\"><\/colgroup>\n<tbody>\n<tr>\n<td align=\"right\" valign=\"bottom\" height=\"23\">12:00<\/td>\n<td align=\"left\" valign=\"top\"><span style=\"font-family: Verdana; font-size: xx-small;\">1<\/span><\/td>\n<td align=\"left\" valign=\"top\"><span style=\"font-family: Verdana; font-size: xx-small;\">Alto<\/span><\/td>\n<td align=\"left\" valign=\"top\"><span style=\"font-family: Verdana; font-size: xx-small;\">U16M<\/span><\/td>\n<td align=\"left\" valign=\"top\"><span style=\"font-family: Verdana; font-size: xx-small;\">Sasselli Florian<\/span><\/td>\n<td align=\"left\" valign=\"top\"><span style=\"font-family: Verdana; font-size: xx-small;\">\u00a0<\/span><\/td>\n<td align=\"left\" valign=\"bottom\">\u00a0<\/td>\n<td align=\"left\" valign=\"bottom\">\u00a0<\/td>\n<td align=\"left\" valign=\"bottom\">\u00a0<\/td>\n<td align=\"left\" valign=\"bottom\">\u00a0<\/td>\n<\/tr>\n<tr>\n<td align=\"right\" valign=\"bottom\" height=\"23\">12:00<\/td>\n<td align=\"left\" valign=\"top\"><span style=\"font-family: Verdana; font-size: xx-small;\">2<\/span><\/td>\n<td align=\"left\" valign=\"top\"><span style=\"font-family: Verdana; font-size: xx-small;\">Giavellotto 400 gr<\/span><\/td>\n<td align=\"left\" valign=\"top\"><span style=\"font-family: Verdana; font-size: xx-small;\">U16F<\/span><\/td>\n<td align=\"left\" valign=\"top\"><span style=\"font-family: Verdana; font-size: xx-small;\">Hutter Morena<\/span><\/td>\n<td align=\"left\" valign=\"top\"><span style=\"font-family: Verdana; font-size: xx-small;\">Sasselli Lara<\/span><\/td>\n<td align=\"left\" valign=\"bottom\">\u00a0<\/td>\n<td align=\"left\" valign=\"bottom\">\u00a0<\/td>\n<td align=\"left\" valign=\"bottom\">\u00a0<\/td>\n<td align=\"left\" valign=\"bottom\">\u00a0<\/td>\n<\/tr>\n<tr>\n<td align=\"right\" valign=\"bottom\" height=\"23\">12:00<\/td>\n<td align=\"left\" valign=\"top\"><span style=\"font-family: Verdana; font-size: xx-small;\">1<\/span><\/td>\n<td align=\"left\" valign=\"top\"><span style=\"font-family: Verdana; font-size: xx-small;\">Giavellotto 500 gr<\/span><\/td>\n<td align=\"left\" valign=\"top\"><span style=\"font-family: Verdana; font-size: xx-small;\">U18F<\/span><\/td>\n<td align=\"left\" valign=\"top\"><span style=\"font-family: Verdana; font-size: xx-small;\">Battaini Giada<\/span><\/td>\n<td align=\"left\" valign=\"top\"><span style=\"font-family: Verdana; font-size: xx-small;\">\u00a0<\/span><\/td>\n<td align=\"left\" valign=\"bottom\">\u00a0<\/td>\n<td align=\"left\" valign=\"bottom\">\u00a0<\/td>\n<td align=\"left\" valign=\"bottom\">\u00a0<\/td>\n<td align=\"left\" valign=\"bottom\">\u00a0<\/td>\n<\/tr>\n<tr>\n<td align=\"right\" valign=\"bottom\" height=\"23\">12:00<\/td>\n<td align=\"left\" valign=\"top\"><span style=\"font-family: Verdana; font-size: xx-small;\">3<\/span><\/td>\n<td align=\"left\" valign=\"top\"><span style=\"font-family: Verdana; font-size: xx-small;\">Lungo<\/span><\/td>\n<td align=\"left\" valign=\"top\"><span style=\"font-family: Verdana; font-size: xx-small;\">U16F<\/span><\/td>\n<td align=\"left\" valign=\"top\"><span style=\"font-family: Verdana; font-size: xx-small;\">Berger Elody<\/span><\/td>\n<td align=\"left\" valign=\"top\"><span style=\"font-family: Verdana; font-size: xx-small;\">Iten Gaia<\/span><\/td>\n<td align=\"left\" valign=\"top\"><span style=\"font-family: Verdana; font-size: xx-small;\">Magistra Pauline<\/span><\/td>\n<td align=\"left\" valign=\"bottom\">\u00a0<\/td>\n<td align=\"left\" valign=\"bottom\">\u00a0<\/td>\n<td align=\"left\" valign=\"bottom\">\u00a0<\/td>\n<\/tr>\n<tr>\n<td align=\"right\" valign=\"bottom\" height=\"23\">13:15<\/td>\n<td align=\"left\" valign=\"top\"><span style=\"font-family: Verdana; font-size: xx-small;\">2<\/span><\/td>\n<td align=\"left\" valign=\"top\"><span style=\"font-family: Verdana; font-size: xx-small;\">800 m<\/span><\/td>\n<td align=\"left\" valign=\"top\"><span style=\"font-family: Verdana; font-size: xx-small;\">U18F<\/span><\/td>\n<td align=\"left\" valign=\"top\"><span style=\"font-family: Verdana; font-size: xx-small;\">Merlani Giorgia<\/span><\/td>\n<td align=\"left\" valign=\"top\"><span style=\"font-family: Verdana; font-size: xx-small;\">Stampanoni Matilde<\/span><\/td>\n<td align=\"left\" valign=\"bottom\">\u00a0<\/td>\n<td align=\"left\" valign=\"bottom\">\u00a0<\/td>\n<td align=\"left\" valign=\"bottom\">\u00a0<\/td>\n<td align=\"left\" valign=\"bottom\">\u00a0<\/td>\n<\/tr>\n<tr>\n<td align=\"right\" valign=\"bottom\" height=\"23\">13:30<\/td>\n<td align=\"left\" valign=\"top\"><span style=\"font-family: Verdana; font-size: xx-small;\">6<\/span><\/td>\n<td align=\"left\" valign=\"top\"><span style=\"font-family: Verdana; font-size: xx-small;\">600 m<\/span><\/td>\n<td align=\"left\" valign=\"top\"><span style=\"font-family: Verdana; font-size: xx-small;\">U16F<\/span><\/td>\n<td align=\"left\" valign=\"top\"><span style=\"font-family: Verdana; font-size: xx-small;\">Baldi Federica<\/span><\/td>\n<td align=\"left\" valign=\"top\"><span style=\"font-family: Verdana; font-size: xx-small;\">Campana Carolina<\/span><\/td>\n<td align=\"left\" valign=\"top\"><span style=\"font-family: Verdana; font-size: xx-small;\">Cocconi Lea<\/span><\/td>\n<td align=\"left\" valign=\"top\"><span style=\"font-family: Verdana; font-size: xx-small;\">Gioia Lara<\/span><\/td>\n<td align=\"left\" valign=\"top\"><span style=\"font-family: Verdana; font-size: xx-small;\">Sasselli Lara<\/span><\/td>\n<td align=\"left\" valign=\"top\"><span style=\"font-family: Verdana; font-size: xx-small;\">Stampanoni Selina<\/span><\/td>\n<\/tr>\n<tr>\n<td align=\"right\" valign=\"bottom\" height=\"23\">13:40<\/td>\n<td align=\"left\" valign=\"top\"><span style=\"font-family: Verdana; font-size: xx-small;\">2<\/span><\/td>\n<td align=\"left\" valign=\"top\"><span style=\"font-family: Verdana; font-size: xx-small;\">600 m<\/span><\/td>\n<td align=\"left\" valign=\"top\"><span style=\"font-family: Verdana; font-size: xx-small;\">U16M<\/span><\/td>\n<td align=\"left\" valign=\"top\"><span style=\"font-family: Verdana; font-size: xx-small;\">Jermini Tommaso<\/span><\/td>\n<td align=\"left\" valign=\"top\"><span style=\"font-family: Verdana; font-size: xx-small;\">Tamiati Louis<\/span><\/td>\n<td align=\"left\" valign=\"bottom\">\u00a0<\/td>\n<td align=\"left\" valign=\"bottom\">\u00a0<\/td>\n<td align=\"left\" valign=\"bottom\">\u00a0<\/td>\n<td align=\"left\" valign=\"bottom\">\u00a0<\/td>\n<\/tr>\n<tr>\n<td align=\"right\" valign=\"bottom\" height=\"23\">13:40<\/td>\n<td align=\"left\" valign=\"top\"><span style=\"font-family: Verdana; font-size: xx-small;\">1<\/span><\/td>\n<td align=\"left\" valign=\"top\"><span style=\"font-family: Verdana; font-size: xx-small;\">Lungo<\/span><\/td>\n<td align=\"left\" valign=\"top\"><span style=\"font-family: Verdana; font-size: xx-small;\">U16M<\/span><\/td>\n<td align=\"left\" valign=\"top\"><span style=\"font-family: Verdana; font-size: xx-small;\">Gaffuri Marco<\/span><\/td>\n<td align=\"left\" valign=\"top\"><span style=\"font-family: Verdana; font-size: xx-small;\">\u00a0<\/span><\/td>\n<td align=\"left\" valign=\"bottom\">\u00a0<\/td>\n<td align=\"left\" valign=\"bottom\">\u00a0<\/td>\n<td align=\"left\" valign=\"bottom\">\u00a0<\/td>\n<td align=\"left\" valign=\"bottom\">\u00a0<\/td>\n<\/tr>\n<tr>\n<td align=\"right\" valign=\"bottom\" height=\"23\">13:50<\/td>\n<td align=\"left\" valign=\"top\"><span style=\"font-family: Verdana; font-size: xx-small;\">4<\/span><\/td>\n<td align=\"left\" valign=\"top\"><span style=\"font-family: Verdana; font-size: xx-small;\">Peso 3.00 kg<\/span><\/td>\n<td align=\"left\" valign=\"top\"><span style=\"font-family: Verdana; font-size: xx-small;\">U16F<\/span><\/td>\n<td align=\"left\" valign=\"top\"><span style=\"font-family: Verdana; font-size: xx-small;\">Gioia Lara<\/span><\/td>\n<td align=\"left\" valign=\"top\"><span style=\"font-family: Verdana; font-size: xx-small;\">Hutter Morena<\/span><\/td>\n<td align=\"left\" valign=\"top\"><span style=\"font-family: Verdana; font-size: xx-small;\">Sewell Caterina<\/span><\/td>\n<td align=\"left\" valign=\"top\"><span style=\"font-family: Verdana; font-size: xx-small;\">Stampanoni Selina<\/span><\/td>\n<td align=\"left\" valign=\"bottom\">\u00a0<\/td>\n<td align=\"left\" valign=\"bottom\">\u00a0<\/td>\n<\/tr>\n<tr>\n<td align=\"right\" valign=\"bottom\" height=\"23\">13:50<\/td>\n<td align=\"left\" valign=\"top\"><span style=\"font-family: Verdana; font-size: xx-small;\">1<\/span><\/td>\n<td align=\"left\" valign=\"top\"><span style=\"font-family: Verdana; font-size: xx-small;\">Peso 3.00 kg<\/span><\/td>\n<td align=\"left\" valign=\"top\"><span style=\"font-family: Verdana; font-size: xx-small;\">U18F<\/span><\/td>\n<td align=\"left\" valign=\"top\"><span style=\"font-family: Verdana; font-size: xx-small;\">Battaini Giada<\/span><\/td>\n<td align=\"left\" valign=\"top\"><span style=\"font-family: Verdana; font-size: xx-small;\">\u00a0<\/span><\/td>\n<td align=\"left\" valign=\"bottom\">\u00a0<\/td>\n<td align=\"left\" valign=\"bottom\">\u00a0<\/td>\n<td align=\"left\" valign=\"bottom\">\u00a0<\/td>\n<td align=\"left\" valign=\"bottom\">\u00a0<\/td>\n<\/tr>\n<tr>\n<td align=\"right\" valign=\"bottom\" height=\"23\">13:50<\/td>\n<td align=\"left\" valign=\"top\"><span style=\"font-family: Verdana; font-size: xx-small;\">2<\/span><\/td>\n<td align=\"left\" valign=\"top\"><span style=\"font-family: Verdana; font-size: xx-small;\">Giavellotto 600 gr<\/span><\/td>\n<td align=\"left\" valign=\"top\"><span style=\"font-family: Verdana; font-size: xx-small;\">U16M<\/span><\/td>\n<td align=\"left\" valign=\"top\"><span style=\"font-family: Verdana; font-size: xx-small;\">Sasselli Florian<\/span><\/td>\n<td align=\"left\" valign=\"top\">\u00a0<\/td>\n<td align=\"left\" valign=\"bottom\">\u00a0<\/td>\n<td align=\"left\" valign=\"bottom\">\u00a0<\/td>\n<td align=\"left\" valign=\"bottom\">\u00a0<\/td>\n<td align=\"left\" valign=\"bottom\">\u00a0<\/td>\n<\/tr>\n<tr>\n<td align=\"right\" valign=\"bottom\" height=\"23\">14:10<\/td>\n<td align=\"left\" valign=\"top\"><span style=\"font-family: Verdana; font-size: xx-small;\">5<\/span><\/td>\n<td align=\"left\" valign=\"top\"><span style=\"font-family: Verdana; font-size: xx-small;\">80 m<\/span><\/td>\n<td align=\"left\" valign=\"top\"><span style=\"font-family: Verdana; font-size: xx-small;\">U16F<\/span><\/td>\n<td align=\"left\" valign=\"top\"><span style=\"font-family: Verdana; font-size: xx-small;\">Baldi Federica<\/span><\/td>\n<td align=\"left\" valign=\"top\"><span style=\"font-family: Verdana; font-size: xx-small;\">Campana Carolina<\/span><\/td>\n<td align=\"left\" valign=\"top\"><span style=\"font-family: Verdana; font-size: xx-small;\">Hutter Morena<\/span><\/td>\n<td align=\"left\" valign=\"top\"><span style=\"font-family: Verdana; font-size: xx-small;\">Rosa Matilda<\/span><\/td>\n<td align=\"left\" valign=\"top\"><span style=\"font-family: Verdana; font-size: xx-small;\">Sewell Caterina<\/span><\/td>\n<td align=\"left\" valign=\"bottom\">\u00a0<\/td>\n<\/tr>\n<tr>\n<td align=\"right\" valign=\"bottom\" height=\"23\">14:50<\/td>\n<td align=\"left\" valign=\"top\"><span style=\"font-family: Verdana; font-size: xx-small;\">4<\/span><\/td>\n<td align=\"left\" valign=\"top\"><span style=\"font-family: Verdana; font-size: xx-small;\">100 m EL<\/span><\/td>\n<td align=\"left\" valign=\"top\"><span style=\"font-family: Verdana; font-size: xx-small;\">U18F<\/span><\/td>\n<td align=\"left\" valign=\"top\"><span style=\"font-family: Verdana; font-size: xx-small;\">Collura Gea<\/span><\/td>\n<td align=\"left\" valign=\"top\"><span style=\"font-family: Verdana; font-size: xx-small;\">Collura Lia<\/span><\/td>\n<td align=\"left\" valign=\"top\"><span style=\"font-family: Verdana; font-size: xx-small;\">Giannoni Alessia<\/span><\/td>\n<td align=\"left\" valign=\"top\"><span style=\"font-family: Verdana; font-size: xx-small;\">Sciarini Nicole<\/span><\/td>\n<td align=\"left\" valign=\"bottom\">\u00a0<\/td>\n<td align=\"left\" valign=\"bottom\">\u00a0<\/td>\n<\/tr>\n<tr>\n<td align=\"right\" valign=\"bottom\" height=\"23\">14:50<\/td>\n<td align=\"left\" valign=\"top\"><span style=\"font-family: Verdana; font-size: xx-small;\">1<\/span><\/td>\n<td align=\"left\" valign=\"top\"><span style=\"font-family: Verdana; font-size: xx-small;\">Alto<\/span><\/td>\n<td align=\"left\" valign=\"top\"><span style=\"font-family: Verdana; font-size: xx-small;\">U18F<\/span><\/td>\n<td align=\"left\" valign=\"top\"><span style=\"font-family: Verdana; font-size: xx-small;\">Stampanoni Matilde<\/span><\/td>\n<td align=\"left\" valign=\"top\"><span style=\"font-family: Verdana; font-size: xx-small;\">\u00a0<\/span><\/td>\n<td align=\"left\" valign=\"bottom\">\u00a0<\/td>\n<td align=\"left\" valign=\"bottom\">\u00a0<\/td>\n<td align=\"left\" valign=\"bottom\">\u00a0<\/td>\n<td align=\"left\" valign=\"bottom\">\u00a0<\/td>\n<\/tr>\n<tr>\n<td align=\"right\" valign=\"bottom\" height=\"23\">15:30<\/td>\n<td align=\"left\" valign=\"top\"><span style=\"font-family: Verdana; font-size: xx-small;\">5<\/span><\/td>\n<td align=\"left\" valign=\"top\"><span style=\"font-family: Verdana; font-size: xx-small;\">80 m SF<\/span><\/td>\n<td align=\"left\" valign=\"top\"><span style=\"font-family: Verdana; font-size: xx-small;\">U16F<\/span><\/td>\n<td align=\"left\" valign=\"top\"><span style=\"font-family: Verdana; font-size: xx-small;\">Baldi Federica<\/span><\/td>\n<td align=\"left\" valign=\"top\"><span style=\"font-family: Verdana; font-size: xx-small;\">Campana Carolina<\/span><\/td>\n<td align=\"left\" valign=\"top\"><span style=\"font-family: Verdana; font-size: xx-small;\">Hutter Morena<\/span><\/td>\n<td align=\"left\" valign=\"top\"><span style=\"font-family: Verdana; font-size: xx-small;\">Rosa Matilda<\/span><\/td>\n<td align=\"left\" valign=\"top\"><span style=\"font-family: Verdana; font-size: xx-small;\">Sewell Caterina<\/span><\/td>\n<td align=\"left\" valign=\"bottom\">\u00a0<\/td>\n<\/tr>\n<tr>\n<td align=\"right\" valign=\"bottom\" height=\"23\">15:40<\/td>\n<td align=\"left\" valign=\"top\"><span style=\"font-family: Verdana; font-size: xx-small;\">2<\/span><\/td>\n<td align=\"left\" valign=\"top\"><span style=\"font-family: Verdana; font-size: xx-small;\">80 m SF<\/span><\/td>\n<td align=\"left\" valign=\"top\"><span style=\"font-family: Verdana; font-size: xx-small;\">U16M<\/span><\/td>\n<td align=\"left\" valign=\"top\"><span style=\"font-family: Verdana; font-size: xx-small;\">Gaffuri Marco<\/span><\/td>\n<td align=\"left\" valign=\"top\"><span style=\"font-family: Verdana; font-size: xx-small;\">Magistra Th\u00e9o<\/span><\/td>\n<td align=\"left\" valign=\"bottom\">\u00a0<\/td>\n<td align=\"left\" valign=\"bottom\">\u00a0<\/td>\n<td align=\"left\" valign=\"bottom\">\u00a0<\/td>\n<td align=\"left\" valign=\"bottom\">\u00a0<\/td>\n<\/tr>\n<tr>\n<td align=\"right\" valign=\"bottom\" height=\"23\">15:40<\/td>\n<td align=\"left\" valign=\"top\"><span style=\"font-family: Verdana; font-size: xx-small;\">1<\/span><\/td>\n<td align=\"left\" valign=\"top\"><span style=\"font-family: Verdana; font-size: xx-small;\">Disco 1.00 kg<\/span><\/td>\n<td align=\"left\" valign=\"top\"><span style=\"font-family: Verdana; font-size: xx-small;\">U18F<\/span><\/td>\n<td align=\"left\" valign=\"top\"><span style=\"font-family: Verdana; font-size: xx-small;\">Battaini Giada<\/span><\/td>\n<td align=\"left\" valign=\"top\"><span style=\"font-family: Verdana; font-size: xx-small;\">\u00a0<\/span><\/td>\n<td align=\"left\" valign=\"bottom\">\u00a0<\/td>\n<td align=\"left\" valign=\"bottom\">\u00a0<\/td>\n<td align=\"left\" valign=\"bottom\">\u00a0<\/td>\n<td align=\"left\" valign=\"bottom\">\u00a0<\/td>\n<\/tr>\n<tr>\n<td align=\"right\" valign=\"bottom\" height=\"23\">16:10<\/td>\n<td align=\"left\" valign=\"top\"><span style=\"font-family: Verdana; font-size: xx-small;\">4<\/span><\/td>\n<td align=\"left\" valign=\"top\"><span style=\"font-family: Verdana; font-size: xx-small;\">Alto<\/span><\/td>\n<td align=\"left\" valign=\"top\"><span style=\"font-family: Verdana; font-size: xx-small;\">U16F<\/span><\/td>\n<td align=\"left\" valign=\"top\"><span style=\"font-family: Verdana; font-size: xx-small;\">Berger Elody<\/span><\/td>\n<td align=\"left\" valign=\"top\"><span style=\"font-family: Verdana; font-size: xx-small;\">Cocconi Lea<\/span><\/td>\n<td align=\"left\" valign=\"top\"><span style=\"font-family: Verdana; font-size: xx-small;\">Iten Gaia<\/span><\/td>\n<td align=\"left\" valign=\"top\"><span style=\"font-family: Verdana; font-size: xx-small;\">Magistra Pauline<\/span><\/td>\n<td align=\"left\" valign=\"bottom\">\u00a0<\/td>\n<td align=\"left\" valign=\"bottom\">\u00a0<\/td>\n<\/tr>\n<tr>\n<td align=\"right\" valign=\"bottom\" height=\"23\">16:20<\/td>\n<td align=\"left\" valign=\"top\"><span style=\"font-family: Verdana; font-size: xx-small;\">3<\/span><\/td>\n<td align=\"left\" valign=\"top\"><span style=\"font-family: Verdana; font-size: xx-small;\">Lungo<\/span><\/td>\n<td align=\"left\" valign=\"top\"><span style=\"font-family: Verdana; font-size: xx-small;\">U18F<\/span><\/td>\n<td align=\"left\" valign=\"top\"><span style=\"font-family: Verdana; font-size: xx-small;\">Collura Gea<\/span><\/td>\n<td align=\"left\" valign=\"top\"><span style=\"font-family: Verdana; font-size: xx-small;\">Collura Lia<\/span><\/td>\n<td align=\"left\" valign=\"top\"><span style=\"font-family: Verdana; font-size: xx-small;\">Sciarini Nicole<\/span><\/td>\n<td align=\"left\" valign=\"bottom\">\u00a0<\/td>\n<td align=\"left\" valign=\"bottom\">\u00a0<\/td>\n<td align=\"left\" valign=\"bottom\">\u00a0<\/td>\n<\/tr>\n<tr>\n<td align=\"right\" valign=\"bottom\" height=\"23\">16:30<\/td>\n<td align=\"left\" valign=\"top\"><span style=\"font-family: Verdana; font-size: xx-small;\">4<\/span><\/td>\n<td align=\"left\" valign=\"top\"><span style=\"font-family: Verdana; font-size: xx-small;\">100 m<\/span><\/td>\n<td align=\"left\" valign=\"top\"><span style=\"font-family: Verdana; font-size: xx-small;\">U18F<\/span><\/td>\n<td align=\"left\" valign=\"top\"><span style=\"font-family: Verdana; font-size: xx-small;\">Giannoni Alessia<\/span><\/td>\n<td align=\"left\" valign=\"top\"><span style=\"font-family: Verdana; font-size: xx-small;\">Collura Gea<\/span><\/td>\n<td align=\"left\" valign=\"top\"><span style=\"font-family: Verdana; font-size: xx-small;\">Collura Lia<\/span><\/td>\n<td align=\"left\" valign=\"top\"><span style=\"font-family: Verdana; font-size: xx-small;\">Sciarini Nicole<\/span><\/td>\n<td align=\"left\" valign=\"bottom\">\u00a0<\/td>\n<td align=\"left\" valign=\"bottom\">\u00a0<\/td>\n<\/tr>\n<tr>\n<td align=\"right\" valign=\"bottom\" height=\"23\">16:50<\/td>\n<td align=\"left\" valign=\"top\"><span style=\"font-family: Verdana; font-size: xx-small;\">5<\/span><\/td>\n<td align=\"left\" valign=\"top\"><span style=\"font-family: Verdana; font-size: xx-small;\">80 m<\/span><\/td>\n<td align=\"left\" valign=\"top\"><span style=\"font-family: Verdana; font-size: xx-small;\">U16F<\/span><\/td>\n<td align=\"left\" valign=\"top\"><span style=\"font-family: Verdana; font-size: xx-small;\">Baldi Federica<\/span><\/td>\n<td align=\"left\" valign=\"top\"><span style=\"font-family: Verdana; font-size: xx-small;\">Campana Carolina<\/span><\/td>\n<td align=\"left\" valign=\"top\"><span style=\"font-family: Verdana; font-size: xx-small;\">Hutter Morena<\/span><\/td>\n<td align=\"left\" valign=\"top\"><span style=\"font-family: Verdana; font-size: xx-small;\">Rosa Matilda<\/span><\/td>\n<td align=\"left\" valign=\"top\"><span style=\"font-family: Verdana; font-size: xx-small;\">Sewell Caterina<\/span><\/td>\n<td align=\"left\" valign=\"bottom\">\u00a0<\/td>\n<\/tr>\n<\/tbody>\n<\/table>\n<h2 class=\"western\"><span style=\"font-family: Calibri, serif;\">Comunicato FTAL <\/span><span style=\"color: #2e74b5;\"><span style=\"font-family: Calibri, serif;\"><span style=\"font-size: medium;\"><span lang=\"it-CH\">26<\/span><\/span><\/span><\/span><span style=\"font-family: Calibri, serif;\">.09.2019<\/span><span style=\"color: #2e74b5;\"><span style=\"font-family: Calibri, serif;\"><span style=\"font-size: medium;\"><span lang=\"it-CH\"> Campionati Ticinesi Giovanili <\/span><\/span><\/span><\/span><\/h2>\n<p class=\"western\"><span style=\"font-family: Arial, sans-serif;\"><span style=\"font-size: large;\">CAMPIONATI TICINESI GIOVANILI CHIUDONO LA STAGIONE <\/span><\/span><\/p>\n<p class=\"western\" align=\"justify\"><span style=\"font-family: Arial, sans-serif;\"><span style=\"font-size: small;\">Leonida Stampanoni<\/span><\/span><\/p>\n<p class=\"western\"><span style=\"color: #000000;\"><span style=\"font-family: Calibri, serif;\"><span style=\"font-size: small;\"><span lang=\"it-IT\">Domenica al comunale di Bellinzona i campionati ticinesi giovanili organizzati dal GAB chiuderanno la stagione in pista 2019.L\u2019intensa giornata di gare che assegner\u00e0 34 titoli nelle 4 categorie. Virtus Locarno, USC Capriaschese, GAB e SAB Bellinzona ed AS Monteceneri saranno al comunale con una squadra composta da pi\u00f9 di 20 atleti. A livello individuale saranno presenti 9 dei 10 medagliati ai recenti campionati svizzeri di categoria a D\u00fcdingen. Emma Piffaretti reduce dall\u2019argento nell\u2019eptathlon ha invece chiuso la sua stagione. <\/span><\/span><\/span><\/span><span style=\"color: #000000;\"><span style=\"font-family: Calibri, serif;\"><span style=\"font-size: small;\"><span lang=\"it-IT\">Al comunale si potranno quindi vedere diverse gare di livello nazionale e sar\u00e0 inoltre possibile consultare i risutlati in tempo reale all\u2019indirizzo https:\/\/gab-bellinzona.ch\/ctg2019\/live\/timetable1.php<\/span><\/span><\/span><\/span><\/p>\n<p class=\"western\" lang=\"it-IT\"><span style=\"font-family: Calibri, serif;\"><span style=\"font-size: small;\">Tra gli U18, Al via ci sar\u00e0 Christian Reboldi (SAB) che in stagione ha vestito pure la maglia della nazionale e dopo l\u2019argento ai campionati svizzeri avr\u00e0 voglia di rifarsi nei 100 m trover\u00e0 Mattia Schenk (FGM) uscito invece alla grande dalla trasferta friborghese. Reboldi sar\u00e0 tra i favoriti anche nei salti in particolare in lungo ed in alto. Nel Salto con l\u2019asta gli occhi saranno puntati sul vicecampione svizzero Leo Pedrioli (Virtus). Sui 400 Matteo Romano (ATM )e Daniel Barta (SAM) Animeranno un bel duello. Tra le ragazze spicca un terzetto che ha sfiorato la selezione in nazionale Ma\u00ebva Tahou (SAB) sar\u00e0 al via sui 100 m 100 m ostacoli e nel lungo dove trover\u00e0 sulla sua strada anche le compagne di societ\u00e0 Bernadette Gervasoni e Ulla Rossi grande favorita poi nell\u2019alto. La lanciatrice Giada Battaini doppia vice campionessa svizzera nel peso punta ai 14m. Sugli 800 Zoe Ranzoni(Virtus) chiude una grande stagione a livello di tempi, con una selezione nazionale ed una medaglia sfumate di poco. Molto pi\u00f9 equilibrio nei 1500 m maschili dove si prospetta una gara tattica. <\/span><\/span><\/p>\n<p class=\"western\" lang=\"it-IT\"><span style=\"font-family: Calibri, serif;\"><span style=\"font-size: small;\">Tra gli U16 nei lanci il campione svizzero del disco Elias Hadu sar\u00e0 uno dei grandi protagonisti con tutta la Virtus. Sugli 80 m Joao Sepulveda e Giona Pasteris dopo aver sfiorato il podio alla finale Swiss Athletics sprint troveranno anche Leonardo Ambiveri (SAL) sulla loro strada. Tra le ragazze tra le 28 partecipanti spicca Desir\u00e9e Regazzoni . Ottima partecipazione anche sui 600 con una trentina di ragazze al via con Petra Crescini (ASM) che guida le liste stagionali tra i 20 ragazzi il pi\u00f9 veloce dell\u2019anno \u00e8 Giulian Guidon (GAB). Nel salto in lungo Matteo Borri (SAL)\u00e8 l\u2019unico oltre i 6 m Gaia Iten (USC) la sola oltre i 5 m. Nell\u2019alto le gare sembrano un po pi\u00f9 imprevedibili. <\/span><\/span><\/p>\n<p class=\"western\" lang=\"it-IT\"><span style=\"font-family: Calibri, serif;\"><span style=\"font-size: small;\">Le prime tre medaglie saranno assegnate alla 9.30 pedana Novartis di Locarno nel lancio del martello tra i favoriti i tre medagliati svizzeri della Virtus Giona Erdmann Claudia Gilgen e Mia Schaufelberger. <\/span><\/span><\/p>\n<p class=\"western\" lang=\"it-IT\"><span style=\"font-family: Calibri, serif;\"><span style=\"font-size: small;\">I campionati ticinesi saranno decisivi anche nella corsa ai premi del trofeo giovanile che premia gli atleti pi\u00f9 costanti e polivalenti lungo l\u2019arco della stagione. <\/span><\/span><\/p>\n<p class=\"western\" align=\"justify\"><span lang=\"it-IT\">LEST<\/span>&#8211;<\/p>\n<p class=\"western\" lang=\"it-IT\"><br \/><br \/><\/p>\n<p class=\"western\" lang=\"it-IT\"><span style=\"font-family: Lucida Sans Unicode, sans-serif;\"><span style=\"font-size: small;\"><b>Leonida Stampanoni<\/b><\/span><\/span><\/p>\n<p class=\"western\" lang=\"it-IT\"><br \/><br \/><\/p>\n<p class=\"western\" lang=\"it-IT\"><br \/><br \/><\/p>\n<p class=\"western\" align=\"justify\"><br \/><br \/><\/p>\n","protected":false},"excerpt":{"rendered":"<p>l Domenica il nuovo stadio comunale di Bellinzona accoglier\u00e0 i campionati ticinesi U16-U18, sotto la direzione del GAB \u00a0ci saranno quasi 200 adolescenti a lottare per i 34 titoli. L&#8217;USC con 23 atleti al via sar\u00e0 la seconda societ\u00e0 pi\u00f9 numerosa al via. I nostri atleti Capitanati dalla vice campionessa svizzera del peso Giada sono pronti a brillare dai lanci a salti dallo sprint al mezzofondo.\u00a0 RISULTATI LIVE Saranno ben undici le ragazze U16 \u00a0al&#8230;<\/p>\n","protected":false},"author":4,"featured_media":8790,"comment_status":"closed","ping_status":"closed","sticky":false,"template":"","format":"standard","meta":{"jetpack_post_was_ever_published":false,"_jetpack_newsletter_access":"","_jetpack_dont_email_post_to_subs":false,"_jetpack_newsletter_tier_id":0,"_jetpack_memberships_contains_paywalled_content":false,"_jetpack_memberships_contains_paid_content":false,"footnotes":"","jetpack_publicize_message":"","jetpack_publicize_feature_enabled":true,"jetpack_social_post_already_shared":true,"jetpack_social_options":{"image_generator_settings":{"template":"highway","default_image_id":0,"font":"","enabled":false},"version":2}},"categories":[4,9],"tags":[],"class_list":["post-9165","post","type-post","status-publish","format-standard","has-post-thumbnail","hentry","category-pista","category-sport"],"jetpack_publicize_connections":[],"jetpack_featured_media_url":"https:\/\/i0.wp.com\/uscatletica.ch\/wp\/wp-content\/uploads\/2019\/08\/caratschlausc190815.jpg?fit=432%2C324&ssl=1","jetpack_sharing_enabled":true,"jetpack_shortlink":"https:\/\/wp.me\/p6V7Ck-2nP","jetpack-related-posts":[{"id":8969,"url":"https:\/\/uscatletica.ch\/wp\/?p=8969","url_meta":{"origin":9165,"position":0},"title":"Giada e Simone in gara ai campionati svizzeri giovanili","author":"Leonida Stampanoni","date":"7 Settembre 2019","format":false,"excerpt":"Nel fine settimana ai campionati svizzeri giovanili due le presenze dell'USC\u00a0 A Dudingen\u00a0 ci sar\u00e0 la nostra lanciatrice Giada che sar\u00e0 impegnata sia nel peso che nel disco tra gli U18 . Mentre a Winterthur impegnato tra gli U23\u00a0 nel giro di pista ci sar\u00e0\u00a0 Simone . Domenica ad Yverdon\u2026","rel":"","context":"In &quot;Pista&quot;","block_context":{"text":"Pista","link":"https:\/\/uscatletica.ch\/wp\/?cat=4"},"img":{"alt_text":"","src":"https:\/\/i0.wp.com\/uscatletica.ch\/wp\/wp-content\/uploads\/2019\/02\/giadaargentoamcolin2019.jpg?fit=640%2C480&ssl=1&resize=350%2C200","width":350,"height":200,"srcset":"https:\/\/i0.wp.com\/uscatletica.ch\/wp\/wp-content\/uploads\/2019\/02\/giadaargentoamcolin2019.jpg?fit=640%2C480&ssl=1&resize=350%2C200 1x, https:\/\/i0.wp.com\/uscatletica.ch\/wp\/wp-content\/uploads\/2019\/02\/giadaargentoamcolin2019.jpg?fit=640%2C480&ssl=1&resize=525%2C300 1.5x"},"classes":[]},{"id":15730,"url":"https:\/\/uscatletica.ch\/wp\/?p=15730","url_meta":{"origin":9165,"position":1},"title":"ATHLETISSIMA AI CAMPIONATI SVIZZERI GIOVANILI MATILDA E FEDERICA IN GARA","author":"Leonida Stampanoni","date":"25 Agosto 2022","format":false,"excerpt":"Nel fine settimana ci saranno i campionati svizzeri U16\/U18 che dopo una storica edizione \u00a0nel 2015 tornano a Riehen. Nell'ultima edizione nella periferia Basilese emersero i nomi di Simon Ehammer ed Annik Kalin. Per l'USC al via ci furono le partecipazioni di Simone e C\u00e9line. \u00a0A Riehen scenderanno in pista\u2026","rel":"","context":"In &quot;Pista&quot;","block_context":{"text":"Pista","link":"https:\/\/uscatletica.ch\/wp\/?cat=4"},"img":{"alt_text":"","src":"https:\/\/i0.wp.com\/uscatletica.ch\/wp\/wp-content\/uploads\/2022\/08\/tiehen2022.png?fit=432%2C206&ssl=1&resize=350%2C200","width":350,"height":200},"classes":[]},{"id":7315,"url":"https:\/\/uscatletica.ch\/wp\/?p=7315","url_meta":{"origin":9165,"position":2},"title":"Giada al via ai Campionati Svizzeri","author":"Leonida Stampanoni","date":"22 Febbraio 2019","format":false,"excerpt":"La Ende der Welt di Macolin torner\u00e0 ad ospitare i campionati svizzeri giovanili Indoor. 700 gli atleti al via nella due giorni di gare, dal Ticino una settantina i giovani talenti a caccia di medaglie, La nostra Giada sar\u00e0 l'unica a difendere i colori USC scender\u00e0 in pedana nel peso\u2026","rel":"","context":"In &quot;Pista&quot;","block_context":{"text":"Pista","link":"https:\/\/uscatletica.ch\/wp\/?cat=4"},"img":{"alt_text":"","src":"https:\/\/i0.wp.com\/uscatletica.ch\/wp\/wp-content\/uploads\/2019\/01\/giadctu20peso19b.jpg?fit=640%2C480&ssl=1&resize=350%2C200","width":350,"height":200,"srcset":"https:\/\/i0.wp.com\/uscatletica.ch\/wp\/wp-content\/uploads\/2019\/01\/giadctu20peso19b.jpg?fit=640%2C480&ssl=1&resize=350%2C200 1x, https:\/\/i0.wp.com\/uscatletica.ch\/wp\/wp-content\/uploads\/2019\/01\/giadctu20peso19b.jpg?fit=640%2C480&ssl=1&resize=525%2C300 1.5x"},"classes":[]},{"id":5544,"url":"https:\/\/uscatletica.ch\/wp\/?p=5544","url_meta":{"origin":9165,"position":3},"title":"CS Indoor Giada e Alessia ai giovanili di San Gallo","author":"Leonida Stampanoni","date":"9 Febbraio 2018","format":false,"excerpt":"Nel fine settimana nel funzionale Leichtathletik Zentrum di St Gallen si terranno i campionati svizzeri giovanili indoor per le categorie U20, U18, U16 quasi 700 gli atleti in gara di cui una cinquantina provenienti dal Ticino. L'USC sar\u00e0 al via con 2 ragazze U18 Giada ed Alessia. Simone tra i\u2026","rel":"","context":"In &quot;Pista&quot;","block_context":{"text":"Pista","link":"https:\/\/uscatletica.ch\/wp\/?cat=4"},"img":{"alt_text":"","src":"https:\/\/i0.wp.com\/uscatletica.ch\/wp\/wp-content\/uploads\/2017\/01\/ucktchiasso170128.jpg?fit=563%2C317&ssl=1&resize=350%2C200","width":350,"height":200,"srcset":"https:\/\/i0.wp.com\/uscatletica.ch\/wp\/wp-content\/uploads\/2017\/01\/ucktchiasso170128.jpg?fit=563%2C317&ssl=1&resize=350%2C200 1x, https:\/\/i0.wp.com\/uscatletica.ch\/wp\/wp-content\/uploads\/2017\/01\/ucktchiasso170128.jpg?fit=563%2C317&ssl=1&resize=525%2C300 1.5x"},"classes":[]},{"id":6486,"url":"https:\/\/uscatletica.ch\/wp\/?p=6486","url_meta":{"origin":9165,"position":4},"title":"Campionati svizzeri giovanili una mezza dozzina di USCini tra Aarau e Frauenfeld","author":"Leonida Stampanoni","date":"8 Settembre 2018","format":false,"excerpt":"Il primo fine settimana di settembre\u00a0 da tradizione \u00e8 dedicato ai campionati svizzeri giovanili, il 2018 vedr\u00e0 gli u20 u23 impegnati in quel di Aarau e tra diversi campioni mondiali ed europei giovanili\u00a0 e reduci dagli europei di Berlino ci saranno anche Simone con grandi ambizioni sui 400 m\u00a0ostacoli ,\u2026","rel":"","context":"In &quot;Pista&quot;","block_context":{"text":"Pista","link":"https:\/\/uscatletica.ch\/wp\/?cat=4"},"img":{"alt_text":"","src":"https:\/\/i0.wp.com\/uscatletica.ch\/wp\/wp-content\/uploads\/2018\/06\/CTASS2018400mmaschili.jpg?fit=422%2C316&ssl=1&resize=350%2C200","width":350,"height":200},"classes":[]},{"id":13188,"url":"https:\/\/uscatletica.ch\/wp\/?p=13188","url_meta":{"origin":9165,"position":5},"title":"Fine settimana da Massagno ai campionati svizzeri giovanili","author":"Leonida Stampanoni","date":"2 Settembre 2021","format":false,"excerpt":"Fine settimana intenso per l'USC \u00a0che sar\u00e0 impegnata su pi\u00f9 fronti \u00a0Venerd\u00ec sera alla Stramassagno in palio ci saranno i primi titoli di campione ASTi, mentre nel fine settimana ci saranno i campionati svizzeri giovanili \u00a0tra Winterthur e Nottwil sei atlete ed atleti USC saranno in pista con ambizioni di\u2026","rel":"","context":"In &quot;Non catalogato&quot;","block_context":{"text":"Non catalogato","link":"https:\/\/uscatletica.ch\/wp\/?cat=6"},"img":{"alt_text":"","src":"https:\/\/i0.wp.com\/uscatletica.ch\/wp\/wp-content\/uploads\/2021\/06\/GIADAPODIOCS21.jpg?fit=640%2C480&ssl=1&resize=350%2C200","width":350,"height":200,"srcset":"https:\/\/i0.wp.com\/uscatletica.ch\/wp\/wp-content\/uploads\/2021\/06\/GIADAPODIOCS21.jpg?fit=640%2C480&ssl=1&resize=350%2C200 1x, https:\/\/i0.wp.com\/uscatletica.ch\/wp\/wp-content\/uploads\/2021\/06\/GIADAPODIOCS21.jpg?fit=640%2C480&ssl=1&resize=525%2C300 1.5x"},"classes":[]}],"_links":{"self":[{"href":"https:\/\/uscatletica.ch\/wp\/index.php?rest_route=\/wp\/v2\/posts\/9165","targetHints":{"allow":["GET"]}}],"collection":[{"href":"https:\/\/uscatletica.ch\/wp\/index.php?rest_route=\/wp\/v2\/posts"}],"about":[{"href":"https:\/\/uscatletica.ch\/wp\/index.php?rest_route=\/wp\/v2\/types\/post"}],"author":[{"embeddable":true,"href":"https:\/\/uscatletica.ch\/wp\/index.php?rest_route=\/wp\/v2\/users\/4"}],"replies":[{"embeddable":true,"href":"https:\/\/uscatletica.ch\/wp\/index.php?rest_route=%2Fwp%2Fv2%2Fcomments&post=9165"}],"version-history":[{"count":3,"href":"https:\/\/uscatletica.ch\/wp\/index.php?rest_route=\/wp\/v2\/posts\/9165\/revisions"}],"predecessor-version":[{"id":9168,"href":"https:\/\/uscatletica.ch\/wp\/index.php?rest_route=\/wp\/v2\/posts\/9165\/revisions\/9168"}],"wp:featuredmedia":[{"embeddable":true,"href":"https:\/\/uscatletica.ch\/wp\/index.php?rest_route=\/wp\/v2\/media\/8790"}],"wp:attachment":[{"href":"https:\/\/uscatletica.ch\/wp\/index.php?rest_route=%2Fwp%2Fv2%2Fmedia&parent=9165"}],"wp:term":[{"taxonomy":"category","embeddable":true,"href":"https:\/\/uscatletica.ch\/wp\/index.php?rest_route=%2Fwp%2Fv2%2Fcategories&post=9165"},{"taxonomy":"post_tag","embeddable":true,"href":"https:\/\/uscatletica.ch\/wp\/index.php?rest_route=%2Fwp%2Fv2%2Ftags&post=9165"}],"curies":[{"name":"wp","href":"https:\/\/api.w.org\/{rel}","templated":true}]}}