{"id":9415,"date":"2019-11-07T15:15:57","date_gmt":"2019-11-07T14:15:57","guid":{"rendered":"http:\/\/uscatletica.ch\/wp\/?p=9415"},"modified":"2019-11-10T07:25:28","modified_gmt":"2019-11-10T06:25:28","slug":"cross-dongio-e-feste-atleti-ftal-e-asti","status":"publish","type":"post","link":"https:\/\/uscatletica.ch\/wp\/?p=9415","title":{"rendered":"CROSS DONGIO E FESTE ATLETI FTAL E ASTI"},"content":{"rendered":"\n<p>Sar\u00e0 un fine settimana intenso parte la stagione stagione dei cross da Dongio sempre una cinquantina gli USCini al via domenica mattina lungo sui prati bleniesi Roby invece garegger\u00e0 a Regensdorf \u00a0nella prima prova di selezione in vista dei campionati europei di cross del 7 dicembre a Lisbona. In programma anche le feste per gli atleti di FTAL ed ASTi con la premiazione di tutti gli atleti che si sono messi in evidenza durante l&#8217;anno sabato la FTAL domenica l&#8217;ASTI.\u00a0<\/p>\n<h1><a href=\"https:\/\/www.endu.net\/it\/events\/cross-dongio-ctc\/results\" target=\"_blank\" rel=\"noopener noreferrer\">RISULTATI LIVE DA DONGIO<\/a><\/h1>\n<h2>SABATO Tenero festa atleti FTAL<\/h2>\n<p>Nella stagione in pista la grande protagonista \u00e8 stata Giada che ha vinto due medaglie d&#8217;argento ai campionati svizzero nel getto del peso ha vinto il trofeo giovanile e pure il Gran Prix FTAL lanci dove C\u00e9line ha chiuso al terzo rango. Saranno premiati pure anche i crossisti per la vittoria nella classifica per societ\u00e0. Nell&#8217;ambito dei cross ricordiamo anche il titolo svizzero Roberto tra gli U23 e la medaglia di Bronzo per Letizia Giorgia e Matilde nella classifica a squadra tra le U18.\u00a0<\/p>\n<h2>DOMENICA Tenero Festa atleti ASTi<\/h2>\n<p>Domenica sempre a Tenero saranno premiati i protagonisti della stagione ASTi in particolare Roberto con le medaglie internazionali nello Skyrunning.<\/p>\n<p>Nelle varie coppe ASTi a partire dai giovani troviamo Federica e Lea nel podismo Tommaso primo in montagna tra gli U20. Roby e Marco e Kalinka nella categorie attivi e attive \u00a0Elia, Ralf, Patrizia tra i veterani e tutta l&#8217;USC nella classifica per societ\u00e0.\u00a0<\/p>\n<p>Nel TAS per dopo una decina di anni usciamo per la prima volta senza neanche una vittoria con per\u00f2 un secondo rango per le U14 e podi per M15 W.15 e nel supertrofeo.\u00a0<\/p>\n<p>\u00a0<\/p>\n<h2 class=\"western\"><span style=\"font-family: Geneva, sans-serif;\">Comunicato FTAL 06.11.2019-COPPA TICINO CROSS LAUBE GREENKEY. <\/span><\/h2>\n<p align=\"left\"><span style=\"font-family: Geneva, sans-serif;\"><span style=\"font-size: large;\"><b>A DONGIO LA COPPA TICINO DI CROSS LANCIA LA STAGIONE DEL 50 FTAL <\/b><\/span><\/span><\/p>\n<p align=\"left\"><br \/><br \/><\/p>\n<p class=\"western\" lang=\"it-IT\"><span style=\"font-size: medium;\">LEST<\/span><\/p>\n<p class=\"western\"><span style=\"font-size: medium;\"><span lang=\"it-IT\">Il prossimo fine settimana sar\u00e0 intenso per la federazione ticinese di atletica leggera sabato al CST di Tenero la Festa degli Atleti vedr\u00e0 sul palco i protagonisti della stagione 2019. <\/span><\/span><span style=\"color: #000000;\"><span style=\"font-size: medium;\"><span lang=\"it-IT\">Due i personaggi che <\/span><\/span><\/span><span style=\"font-size: medium;\"><span lang=\"it-IT\">certamente emergono: Ricky Petrucciani ,medagliato ai campionai europei U20 , e Ajla Del Ponte capace di vincere due medaglie alle universiadi e di sfiorare il bronzo nella 4&#215;100 ai mondiali. Domenica mattina a Dongio partir\u00e0 invece la coppa Ticino di cross Laube Greenkey che inaugurer\u00e0 la stagione del 50esimo della FTAL. Il 2020 sar\u00e0 un anno importante per l\u2019atletica ticinese che festegger\u00e0 il mezzo secolo della federazione ospitando l\u2019assemblea generale della federazione svizzera a Locarno, i campionati svizzeri assoluti a Bellinzona ed i campionati svizzeri di 10 km a Lugano. <\/span><\/span><\/p>\n<p class=\"western\"><span style=\"font-size: medium;\"><span lang=\"it-IT\">Domenica a partire dalle 10.00 sui prati di Dongio la GAD \u00e8 pronta con quasi 300 crossisti per lanciare la coppa Ticino di cross 2020. <\/span><\/span><span style=\"color: #000000;\"><span style=\"font-size: medium;\"><span lang=\"it-IT\">Due novit\u00e0 per la prossima stagione l\u2019ultima gara del 2019 sar\u00e0 il cross di Moghegno il 14 dicembre organizzato dalla Virtus, la valle Maggia fu gi\u00e0 teatro di due campionati ticinesi di cross. La seconda novit\u00e0 prettamente organizzativa \u00e8 l\u2019abolizione delle iscrizioni sul posto, i partecipanti dovranno iscriversi entro due giorni da ogni singola prova sul sito Endu.net. <\/span><\/span><\/span><\/p>\n<p class=\"western\" lang=\"it-IT\"><span style=\"font-size: medium;\">Il regolamento della coppa, che si chiuder\u00e0 sabato 1 febbraio con i campionati ticinesi a Camignolo, prevede la somma dei tre migliori risultati sulle quattro del 2019 e dei due migliori sulle tre del 2019. Dopo Dongio si correr\u00e0 il 24 novembre aTesserete, il 1 dicembre a Mendrisio ed . Nell&#8217;anno nuovo ,oltre ai ticinesi si correr\u00e0 a Gordola e Vezia. I campionati svizzeri di Farvagny saranno il 7 marzo. <\/span><\/p>\n<p class=\"western\" lang=\"it-IT\"><span style=\"font-size: medium;\">Il campione svizzero U23 di cross Roberto Delorenzi sar\u00e0 tra i protagonisti della stagione ma domenica correr\u00e0 a Regensdorf per cercare un posto tra i selezionati per i campionati europei di cross in programma il 7 dicembre a Lisbona. Nella categoria M20 il campione uscente Lukas Oehen sar\u00e0 ancora il favorito per la terza vittoria consecutiva ad animare le gare ci saranno i debuttanti Sasha Caterina, Ismail Sebghatullah ed Enea Ratti, come pure un brillantissimo Tobia Pezzati. Tra gli U20 Mattia Verzaroli e Daniele Romelli dovranno vedersela con il forte triathleta Andrea Alagona. Tra gli M50 ci sar\u00e0 la sfida tra due grandissimi atleti come Jonathan Stampanoni ed Enrico Cavadini mentre tra i quarantenni la sfida sar\u00e0 un po\u2019 pi\u00f9 aperta con Elia Stampanoni, Giuseppe Gioia e Thomas Domeniconi in testa al gruppo. <\/span><\/p>\n<p class=\"western\" lang=\"it-IT\"><span style=\"font-size: medium;\">Tra le Donne Evelyne Dietschi ha dimostrato di avere una marcia superiore attenzione per\u00f2 alle giovani promettenti come Emma Lucchina, Elena Pezzati, Cecilia Conforto Galli al primo anno in categoria anche Elisa Bertozzi potr\u00e0 dire la sua. Tra le U20 Zoe Ranzoni \u00e8 la chiara favorita dopo la strepitosa stagione appena conclusa.<\/span><\/p>\n<p class=\"western\" lang=\"it-IT\"><span style=\"font-size: medium;\">Nelle categorie giovanili vedremo nella categoria U18 Letizia Martinelli fresca di selezione in nazionale di triathlon.Mentre tra i ragazzi la lotta sar\u00e0 pi\u00f9 aperta che mai. Altri atleti sapranno emergere nelle diverse categorie .Nella classifica per societ\u00e0, dove verranno sommati in ogni cross i due migliori risultati per categoria, apparentemente la striscia di otto vittorie consecutive dell&#8217;USC Capriaschese chiude il pronostico nei confronti di GAB Bellinzona e Vigor Ligornetto e SAM Massagno, ma la stagione sar\u00e0 lunga ed solo il campo decreter\u00e0 il vincitore. <\/span><\/p>\n<p class=\"western\"><span lang=\"it-IT\">LEST<\/span>&#8211;<\/p>\n<p class=\"western\"><br \/><br \/><\/p>\n<p class=\"western\"><br \/><br \/><\/p>\n<p class=\"western\" align=\"left\"><br \/><br \/><\/p>\n<p class=\"western\" lang=\"it-IT\"><span style=\"color: #444444;\"><span style=\"font-family: Lucida Sans Unicode, sans-serif;\"><span style=\"font-size: small;\"><b>Leonida Stampanoni<\/b><\/span><\/span><\/span><\/p>\n","protected":false},"excerpt":{"rendered":"<p>Sar\u00e0 un fine settimana intenso parte la stagione stagione dei cross da Dongio sempre una cinquantina gli USCini al via domenica mattina lungo sui prati bleniesi Roby invece garegger\u00e0 a Regensdorf \u00a0nella prima prova di selezione in vista dei campionati europei di cross del 7 dicembre a Lisbona. In programma anche le feste per gli atleti di FTAL ed ASTi con la premiazione di tutti gli atleti che si sono messi in evidenza durante l&#8217;anno&#8230;<\/p>\n","protected":false},"author":4,"featured_media":8790,"comment_status":"closed","ping_status":"closed","sticky":false,"template":"","format":"standard","meta":{"jetpack_post_was_ever_published":false,"_jetpack_newsletter_access":"","_jetpack_dont_email_post_to_subs":false,"_jetpack_newsletter_tier_id":0,"_jetpack_memberships_contains_paywalled_content":false,"_jetpack_memberships_contains_paid_content":false,"footnotes":"","jetpack_publicize_message":"","jetpack_publicize_feature_enabled":true,"jetpack_social_post_already_shared":true,"jetpack_social_options":{"image_generator_settings":{"template":"highway","default_image_id":0,"font":"","enabled":false},"version":2}},"categories":[7,16,5,9,8],"tags":[],"class_list":["post-9415","post","type-post","status-publish","format-standard","has-post-thumbnail","hentry","category-cross","category-montagna","category-podismo","category-sport","category-staffette"],"jetpack_publicize_connections":[],"jetpack_featured_media_url":"https:\/\/i0.wp.com\/uscatletica.ch\/wp\/wp-content\/uploads\/2019\/08\/caratschlausc190815.jpg?fit=432%2C324&ssl=1","jetpack_sharing_enabled":true,"jetpack_shortlink":"https:\/\/wp.me\/p6V7Ck-2rR","jetpack-related-posts":[{"id":16425,"url":"https:\/\/uscatletica.ch\/wp\/?p=16425","url_meta":{"origin":9415,"position":0},"title":"La stagione dei cross parte da Dongio","author":"Leonida Stampanoni","date":"12 Novembre 2022","format":false,"excerpt":"Domenica saranno una quarantina gli atleti USC al via della prima prova della coppa Ticino di cross FTAL AET che si svolger\u00e0 sui prati di Dongio. Nelle ultime 10 stagione l'USC ha sempre vinto la classifica per societ\u00e0, la sfida si rinnova. L'USC si presenta anche ai nastri di partenza\u2026","rel":"","context":"In &quot;Cross&quot;","block_context":{"text":"Cross","link":"https:\/\/uscatletica.ch\/wp\/?cat=7"},"img":{"alt_text":"","src":"https:\/\/i0.wp.com\/uscatletica.ch\/wp\/wp-content\/uploads\/2022\/10\/Torta-diavol-rotated.jpg?fit=900%2C1200&ssl=1&resize=350%2C200","width":350,"height":200,"srcset":"https:\/\/i0.wp.com\/uscatletica.ch\/wp\/wp-content\/uploads\/2022\/10\/Torta-diavol-rotated.jpg?fit=900%2C1200&ssl=1&resize=350%2C200 1x, https:\/\/i0.wp.com\/uscatletica.ch\/wp\/wp-content\/uploads\/2022\/10\/Torta-diavol-rotated.jpg?fit=900%2C1200&ssl=1&resize=525%2C300 1.5x, https:\/\/i0.wp.com\/uscatletica.ch\/wp\/wp-content\/uploads\/2022\/10\/Torta-diavol-rotated.jpg?fit=900%2C1200&ssl=1&resize=700%2C400 2x"},"classes":[]},{"id":5404,"url":"https:\/\/uscatletica.ch\/wp\/?p=5404","url_meta":{"origin":9415,"position":1},"title":"COPPA TICINO CROSS CLASSIFICA FINALE CAMPIONATI TICINESI DI CROSS Banco","author":"Leonida Stampanoni","date":"6 Gennaio 2018","format":false,"excerpt":"COPPA TICINO CROSS FTAL 2017-2018\u00a0 Laube -Greenkey \u00a0 La coppa Ticino 2017-2018\u00a0 patrocinata dalla FTAL\u00a0 avr\u00e0 iscrizioni e classifiche gestita per la prima volta da Mysdam tramite il portale \u00a0 Endu.net.\u00a0\u00a0 3 Marzo CAMPIONATI SVIZZERI DI CROSS GENEVE CLASSIFICHE FINALI COPPA TICINO CROSS Classifica finale coppa Ticino FTAL CAMPIONATI TICINESI\u2026","rel":"","context":"In &quot;Altro&quot;","block_context":{"text":"Altro","link":"https:\/\/uscatletica.ch\/wp\/?cat=11"},"img":{"alt_text":"","src":"https:\/\/i0.wp.com\/uscatletica.ch\/wp\/wp-content\/uploads\/2017\/12\/podiocrosspom1712m40.jpg?fit=532%2C399&ssl=1&resize=350%2C200","width":350,"height":200,"srcset":"https:\/\/i0.wp.com\/uscatletica.ch\/wp\/wp-content\/uploads\/2017\/12\/podiocrosspom1712m40.jpg?fit=532%2C399&ssl=1&resize=350%2C200 1x, https:\/\/i0.wp.com\/uscatletica.ch\/wp\/wp-content\/uploads\/2017\/12\/podiocrosspom1712m40.jpg?fit=532%2C399&ssl=1&resize=525%2C300 1.5x"},"classes":[]},{"id":13863,"url":"https:\/\/uscatletica.ch\/wp\/?p=13863","url_meta":{"origin":9415,"position":2},"title":"LA STAGIONE DEI CROSS PARTE DAL MONTECENERI","author":"Leonida Stampanoni","date":"12 Novembre 2021","format":false,"excerpt":"La Coppa Ticino di cross partir\u00e0 sabato, dopo un'anno di pausa, con una novit\u00e0 : la prima tappa sar\u00e0 al Monteceneri e non a Dongio. Sul nuovo percorso allo stand del Monteceneri al via ci saranno una cinquantina di atlete ed atleti USC. L'inizio di stagione sar\u00e0 decisamente intenso con\u2026","rel":"","context":"In &quot;Cross&quot;","block_context":{"text":"Cross","link":"https:\/\/uscatletica.ch\/wp\/?cat=7"},"img":{"alt_text":"","src":"https:\/\/i0.wp.com\/uscatletica.ch\/wp\/wp-content\/uploads\/2019\/02\/P1010344.jpg?fit=1024%2C768&ssl=1&resize=350%2C200","width":350,"height":200,"srcset":"https:\/\/i0.wp.com\/uscatletica.ch\/wp\/wp-content\/uploads\/2019\/02\/P1010344.jpg?fit=1024%2C768&ssl=1&resize=350%2C200 1x, https:\/\/i0.wp.com\/uscatletica.ch\/wp\/wp-content\/uploads\/2019\/02\/P1010344.jpg?fit=1024%2C768&ssl=1&resize=525%2C300 1.5x, https:\/\/i0.wp.com\/uscatletica.ch\/wp\/wp-content\/uploads\/2019\/02\/P1010344.jpg?fit=1024%2C768&ssl=1&resize=700%2C400 2x"},"classes":[]},{"id":5163,"url":"https:\/\/uscatletica.ch\/wp\/?p=5163","url_meta":{"origin":9415,"position":3},"title":"COPPA TICINO CROSS le classifiche dopo tre gare prima parte","author":"Leonida Stampanoni","date":"6 Novembre 2017","format":false,"excerpt":"COPPA TICINO CROSS FTAL 2017-2018\u00a0 Laube -Greenkey \u00a0 La coppa Ticino 2017-2018\u00a0 patrocinata dalla FTAL\u00a0 avr\u00e0 iscrizioni e classifiche gestita per la prima volta da Mysdam tramite il portale \u00a0 Endu.net.\u00a0\u00a0 CLASSIFICHE COPPA TICINO DOPO LE PRIME TRE PROVE Classifica individuale Classifica Societa CROSS DI POM CAPRIASCA Domenica 3 Dicembre\u2026","rel":"","context":"In &quot;Cross&quot;","block_context":{"text":"Cross","link":"https:\/\/uscatletica.ch\/wp\/?cat=7"},"img":{"alt_text":"","src":"https:\/\/i0.wp.com\/uscatletica.ch\/wp\/wp-content\/uploads\/2017\/03\/P1450159.jpg?fit=563%2C422&ssl=1&resize=350%2C200","width":350,"height":200,"srcset":"https:\/\/i0.wp.com\/uscatletica.ch\/wp\/wp-content\/uploads\/2017\/03\/P1450159.jpg?fit=563%2C422&ssl=1&resize=350%2C200 1x, https:\/\/i0.wp.com\/uscatletica.ch\/wp\/wp-content\/uploads\/2017\/03\/P1450159.jpg?fit=563%2C422&ssl=1&resize=525%2C300 1.5x"},"classes":[]},{"id":6864,"url":"https:\/\/uscatletica.ch\/wp\/?p=6864","url_meta":{"origin":9415,"position":4},"title":"Cross Camignolo Festa Atleti","author":"Leonida Stampanoni","date":"23 Novembre 2018","format":false,"excerpt":"Sar\u00e0 un sabato intenso per gli USCini si comincia sabato mattina con il cross di Camignolo seconda prova della coppa Ticino con una cinquantina di capriaschesi. In serata a Tenero alla Festa degli atleti agli onori balzeranno i protagonisti della coppa 2018, l'USC intera Jonathan, Ralf, Rachele, Marco, Davide, Elia,\u2026","rel":"","context":"In &quot;Cross&quot;","block_context":{"text":"Cross","link":"https:\/\/uscatletica.ch\/wp\/?cat=7"},"img":{"alt_text":"","src":"https:\/\/i0.wp.com\/uscatletica.ch\/wp\/wp-content\/uploads\/2018\/01\/CRO.jpg?fit=532%2C399&ssl=1&resize=350%2C200","width":350,"height":200,"srcset":"https:\/\/i0.wp.com\/uscatletica.ch\/wp\/wp-content\/uploads\/2018\/01\/CRO.jpg?fit=532%2C399&ssl=1&resize=350%2C200 1x, https:\/\/i0.wp.com\/uscatletica.ch\/wp\/wp-content\/uploads\/2018\/01\/CRO.jpg?fit=532%2C399&ssl=1&resize=525%2C300 1.5x"},"classes":[]},{"id":16441,"url":"https:\/\/uscatletica.ch\/wp\/?p=16441","url_meta":{"origin":9415,"position":5},"title":"Da Massagno a Mendrisio, fine settimana tra premiazioni e cross","author":"Leonida Stampanoni","date":"18 Novembre 2022","format":false,"excerpt":"Nel fine settimana \u00a0due gli appuntamenti per l'USC: sabato sera si terr\u00e0 al cinema Lux di Massagno la premiazione ASTi, mentre domenica al parco Casvegno di Mendrisio si correr\u00e0 la seconda tappa della coppa Ticino di cross FTAL AET.\u00a0 Risultati Live da Mendrisio \u00a0\u00a0 I premiati Podismo\u00a0 Podismo giovanile\u00a0 \u00a0Montagna\u2026","rel":"","context":"In &quot;Montagna&quot;","block_context":{"text":"Montagna","link":"https:\/\/uscatletica.ch\/wp\/?cat=16"},"img":{"alt_text":"","src":"https:\/\/i0.wp.com\/uscatletica.ch\/wp\/wp-content\/uploads\/2022\/10\/Campioni-sociali-USC-2022-podismo.jpg?fit=900%2C1200&ssl=1&resize=350%2C200","width":350,"height":200,"srcset":"https:\/\/i0.wp.com\/uscatletica.ch\/wp\/wp-content\/uploads\/2022\/10\/Campioni-sociali-USC-2022-podismo.jpg?fit=900%2C1200&ssl=1&resize=350%2C200 1x, https:\/\/i0.wp.com\/uscatletica.ch\/wp\/wp-content\/uploads\/2022\/10\/Campioni-sociali-USC-2022-podismo.jpg?fit=900%2C1200&ssl=1&resize=525%2C300 1.5x, https:\/\/i0.wp.com\/uscatletica.ch\/wp\/wp-content\/uploads\/2022\/10\/Campioni-sociali-USC-2022-podismo.jpg?fit=900%2C1200&ssl=1&resize=700%2C400 2x"},"classes":[]}],"_links":{"self":[{"href":"https:\/\/uscatletica.ch\/wp\/index.php?rest_route=\/wp\/v2\/posts\/9415","targetHints":{"allow":["GET"]}}],"collection":[{"href":"https:\/\/uscatletica.ch\/wp\/index.php?rest_route=\/wp\/v2\/posts"}],"about":[{"href":"https:\/\/uscatletica.ch\/wp\/index.php?rest_route=\/wp\/v2\/types\/post"}],"author":[{"embeddable":true,"href":"https:\/\/uscatletica.ch\/wp\/index.php?rest_route=\/wp\/v2\/users\/4"}],"replies":[{"embeddable":true,"href":"https:\/\/uscatletica.ch\/wp\/index.php?rest_route=%2Fwp%2Fv2%2Fcomments&post=9415"}],"version-history":[{"count":3,"href":"https:\/\/uscatletica.ch\/wp\/index.php?rest_route=\/wp\/v2\/posts\/9415\/revisions"}],"predecessor-version":[{"id":9429,"href":"https:\/\/uscatletica.ch\/wp\/index.php?rest_route=\/wp\/v2\/posts\/9415\/revisions\/9429"}],"wp:featuredmedia":[{"embeddable":true,"href":"https:\/\/uscatletica.ch\/wp\/index.php?rest_route=\/wp\/v2\/media\/8790"}],"wp:attachment":[{"href":"https:\/\/uscatletica.ch\/wp\/index.php?rest_route=%2Fwp%2Fv2%2Fmedia&parent=9415"}],"wp:term":[{"taxonomy":"category","embeddable":true,"href":"https:\/\/uscatletica.ch\/wp\/index.php?rest_route=%2Fwp%2Fv2%2Fcategories&post=9415"},{"taxonomy":"post_tag","embeddable":true,"href":"https:\/\/uscatletica.ch\/wp\/index.php?rest_route=%2Fwp%2Fv2%2Ftags&post=9415"}],"curies":[{"name":"wp","href":"https:\/\/api.w.org\/{rel}","templated":true}]}}